{"id":1108,"date":"2015-11-16T10:07:23","date_gmt":"2015-11-16T09:07:23","guid":{"rendered":"https:\/\/www.materdominivolley.it\/home\/2015\/11\/16\/con-ortona-e-sfida-a-mezzogiorno\/"},"modified":"2015-11-16T10:07:23","modified_gmt":"2015-11-16T09:07:23","slug":"con-ortona-e-sfida-a-mezzogiorno","status":"publish","type":"post","link":"https:\/\/www.materdominivolley.it\/home\/2015\/11\/16\/con-ortona-e-sfida-a-mezzogiorno\/","title":{"rendered":"Con Ortona \u00e8 sfida a mezzogiorno"},"content":{"rendered":"\n        <p>\n\tNon \u00e8 un terzo tempo anticipato al pranzo, n\u00e9 una scena da film western, anche se la <strong>Materdominivolley.it Castellana Grotte<\/strong> e la <strong>Sieco Service Ortona <\/strong>si sfideranno a mezzogiorno nella quarta giornata del campionato nazionale serie A2 Unipolsai di pallavolo maschile. Orario assolutamente inedito per una gara di pallavolo al Pala Grotte: <strong>domenica 15 novembre<\/strong> la prima battuta tra la formazione pugliese e la compagine abruzzese \u00e8 prevista per le <strong>ore 12<\/strong>.<\/p>\n<p>\n\tNon c\u2019\u00e8 solo l\u2019orario di inizio, tra le curiosit\u00e0 di una partita che si preannuncia anche particolarmente delicata e importante, soprattutto per il club del presidente Miccolis. Sulle due panchine, infatti, <strong>Vincenzo Fanizza<\/strong> e <strong>Nunzio Lanci<\/strong>, due tra i tecnici pi\u00f9 longevi nella stessa societ\u00e0, e in campo due tra le squadre pi\u00f9 legate al territorio (cinque pugliesi nel Castellana, sei abruzzesi nell\u2019Ortona).<\/p>\n<p>\n\tPoco meno di otto mesi fa l\u2019ultimo precedente in Puglia (ultima giornata di ritorno dello scorso campionato): non ci sono pi\u00f9 Moretti e Michalovic, allora protagonisti di un testa a testa per la classifica realizzatori, entrambe le squadre sono cambiate in maniera significativa. Evidente anche la differenza di classifica con Ortona nelle parti alte (grazie ai due successi nelle due gare interne) e Castellana Grotte al momento ultima. Cancellare lo zero nella casella delle vittorie stagionali \u00e8 la priorit\u00e0 per la Materdominivolley.it, tornare a vincere in casa (non accade dal 22 febbraio) la curiosit\u00e0 statistica da limare.<\/p>\n<p>\n\tIn campo anche un ex: <strong>Matteo Paoletti<\/strong>, nella stagione 2012\/2013 assoluto protagonista con Castellana della promozione dalla serie B1 alle serie A2, oggi opposto e miglior attaccante della Sieco Service. A sfidarlo, dall\u2019altra parte della rete, <strong>Simmaco Tartaglione<\/strong> che occupa il terzo posto nella classifica realizzatori (66 punti contro i 67 di Majdak e Michalovic, primo italiano della graduatoria).<\/p>\n        ","protected":false},"excerpt":{"rendered":"<p><!-- wp:paragraph --><br \/>\n        Orario assolutamente inedito per una gara di pallavolo al Pala Grotte: domenica 15 novembre la prima battuta tra la formazione pugliese e la compagine abruzzese \u00e8 prevista per le ore 12.<br \/>\n        <!-- \/wp:paragraph --><\/p>\n","protected":false},"author":1,"featured_media":1109,"comment_status":"open","ping_status":"closed","sticky":false,"template":"","format":"standard","meta":{"footnotes":""},"categories":[13],"tags":[],"class_list":["post-1108","post","type-post","status-publish","format-standard","has-post-thumbnail","hentry","category-serie-a2"],"yoast_head":"<!-- This site is optimized with the Yoast SEO plugin v27.4 - https:\/\/yoast.com\/product\/yoast-seo-wordpress\/ -->\n<title>Con Ortona \u00e8 sfida a mezzogiorno - materdominivolley<\/title>\n<meta name=\"robots\" content=\"index, follow, max-snippet:-1, max-image-preview:large, max-video-preview:-1\" \/>\n<link rel=\"canonical\" href=\"https:\/\/www.materdominivolley.it\/home\/2015\/11\/16\/con-ortona-e-sfida-a-mezzogiorno\/\" \/>\n<meta property=\"og:locale\" content=\"it_IT\" \/>\n<meta property=\"og:type\" content=\"article\" \/>\n<meta property=\"og:title\" content=\"Con Ortona \u00e8 sfida a mezzogiorno - materdominivolley\" \/>\n<meta property=\"og:description\" content=\"Orario assolutamente inedito per una gara di pallavolo al Pala Grotte: domenica 15 novembre la prima battuta tra la formazione pugliese e la compagine abruzzese \u00e8 prevista per le ore 12.\" \/>\n<meta property=\"og:url\" content=\"https:\/\/www.materdominivolley.it\/home\/2015\/11\/16\/con-ortona-e-sfida-a-mezzogiorno\/\" \/>\n<meta property=\"og:site_name\" content=\"materdominivolley\" \/>\n<meta property=\"article:publisher\" content=\"https:\/\/www.facebook.com\/materdominivolleyit\/\" \/>\n<meta property=\"article:published_time\" content=\"2015-11-16T09:07:23+00:00\" \/>\n<meta property=\"og:image\" content=\"https:\/\/www.materdominivolley.it\/home\/wp-content\/uploads\/2019\/09\/mater_ortona_pre.jpg\" \/>\n\t<meta property=\"og:image:width\" content=\"1300\" \/>\n\t<meta property=\"og:image:height\" content=\"531\" \/>\n\t<meta property=\"og:image:type\" content=\"image\/jpeg\" \/>\n<meta name=\"author\" content=\"admin-mater\" \/>\n<meta name=\"twitter:card\" content=\"summary_large_image\" \/>\n<meta name=\"twitter:label1\" content=\"Scritto da\" \/>\n\t<meta name=\"twitter:data1\" content=\"admin-mater\" \/>\n\t<meta name=\"twitter:label2\" content=\"Tempo di lettura stimato\" \/>\n\t<meta name=\"twitter:data2\" content=\"1 minuto\" \/>\n<script type=\"application\/ld+json\" class=\"yoast-schema-graph\">{\"@context\":\"https:\\\/\\\/schema.org\",\"@graph\":[{\"@type\":\"Article\",\"@id\":\"https:\\\/\\\/www.materdominivolley.it\\\/home\\\/2015\\\/11\\\/16\\\/con-ortona-e-sfida-a-mezzogiorno\\\/#article\",\"isPartOf\":{\"@id\":\"https:\\\/\\\/www.materdominivolley.it\\\/home\\\/2015\\\/11\\\/16\\\/con-ortona-e-sfida-a-mezzogiorno\\\/\"},\"author\":{\"name\":\"admin-mater\",\"@id\":\"https:\\\/\\\/www.materdominivolley.it\\\/home\\\/#\\\/schema\\\/person\\\/86961330b970aecf0b9729df84069339\"},\"headline\":\"Con Ortona \u00e8 sfida a mezzogiorno\",\"datePublished\":\"2015-11-16T09:07:23+00:00\",\"mainEntityOfPage\":{\"@id\":\"https:\\\/\\\/www.materdominivolley.it\\\/home\\\/2015\\\/11\\\/16\\\/con-ortona-e-sfida-a-mezzogiorno\\\/\"},\"wordCount\":293,\"commentCount\":0,\"publisher\":{\"@id\":\"https:\\\/\\\/www.materdominivolley.it\\\/home\\\/#organization\"},\"image\":{\"@id\":\"https:\\\/\\\/www.materdominivolley.it\\\/home\\\/2015\\\/11\\\/16\\\/con-ortona-e-sfida-a-mezzogiorno\\\/#primaryimage\"},\"thumbnailUrl\":\"https:\\\/\\\/www.materdominivolley.it\\\/home\\\/wp-content\\\/uploads\\\/2019\\\/09\\\/mater_ortona_pre.jpg\",\"articleSection\":[\"Serie A2\"],\"inLanguage\":\"it-IT\",\"potentialAction\":[{\"@type\":\"CommentAction\",\"name\":\"Comment\",\"target\":[\"https:\\\/\\\/www.materdominivolley.it\\\/home\\\/2015\\\/11\\\/16\\\/con-ortona-e-sfida-a-mezzogiorno\\\/#respond\"]}]},{\"@type\":\"WebPage\",\"@id\":\"https:\\\/\\\/www.materdominivolley.it\\\/home\\\/2015\\\/11\\\/16\\\/con-ortona-e-sfida-a-mezzogiorno\\\/\",\"url\":\"https:\\\/\\\/www.materdominivolley.it\\\/home\\\/2015\\\/11\\\/16\\\/con-ortona-e-sfida-a-mezzogiorno\\\/\",\"name\":\"Con Ortona \u00e8 sfida a mezzogiorno - materdominivolley\",\"isPartOf\":{\"@id\":\"https:\\\/\\\/www.materdominivolley.it\\\/home\\\/#website\"},\"primaryImageOfPage\":{\"@id\":\"https:\\\/\\\/www.materdominivolley.it\\\/home\\\/2015\\\/11\\\/16\\\/con-ortona-e-sfida-a-mezzogiorno\\\/#primaryimage\"},\"image\":{\"@id\":\"https:\\\/\\\/www.materdominivolley.it\\\/home\\\/2015\\\/11\\\/16\\\/con-ortona-e-sfida-a-mezzogiorno\\\/#primaryimage\"},\"thumbnailUrl\":\"https:\\\/\\\/www.materdominivolley.it\\\/home\\\/wp-content\\\/uploads\\\/2019\\\/09\\\/mater_ortona_pre.jpg\",\"datePublished\":\"2015-11-16T09:07:23+00:00\",\"breadcrumb\":{\"@id\":\"https:\\\/\\\/www.materdominivolley.it\\\/home\\\/2015\\\/11\\\/16\\\/con-ortona-e-sfida-a-mezzogiorno\\\/#breadcrumb\"},\"inLanguage\":\"it-IT\",\"potentialAction\":[{\"@type\":\"ReadAction\",\"target\":[\"https:\\\/\\\/www.materdominivolley.it\\\/home\\\/2015\\\/11\\\/16\\\/con-ortona-e-sfida-a-mezzogiorno\\\/\"]}]},{\"@type\":\"ImageObject\",\"inLanguage\":\"it-IT\",\"@id\":\"https:\\\/\\\/www.materdominivolley.it\\\/home\\\/2015\\\/11\\\/16\\\/con-ortona-e-sfida-a-mezzogiorno\\\/#primaryimage\",\"url\":\"https:\\\/\\\/www.materdominivolley.it\\\/home\\\/wp-content\\\/uploads\\\/2019\\\/09\\\/mater_ortona_pre.jpg\",\"contentUrl\":\"https:\\\/\\\/www.materdominivolley.it\\\/home\\\/wp-content\\\/uploads\\\/2019\\\/09\\\/mater_ortona_pre.jpg\",\"width\":1300,\"height\":531},{\"@type\":\"BreadcrumbList\",\"@id\":\"https:\\\/\\\/www.materdominivolley.it\\\/home\\\/2015\\\/11\\\/16\\\/con-ortona-e-sfida-a-mezzogiorno\\\/#breadcrumb\",\"itemListElement\":[{\"@type\":\"ListItem\",\"position\":1,\"name\":\"Home\",\"item\":\"https:\\\/\\\/www.materdominivolley.it\\\/home\\\/\"},{\"@type\":\"ListItem\",\"position\":2,\"name\":\"Con Ortona \u00e8 sfida a mezzogiorno\"}]},{\"@type\":\"WebSite\",\"@id\":\"https:\\\/\\\/www.materdominivolley.it\\\/home\\\/#website\",\"url\":\"https:\\\/\\\/www.materdominivolley.it\\\/home\\\/\",\"name\":\"materdominivolley\",\"description\":\"\",\"publisher\":{\"@id\":\"https:\\\/\\\/www.materdominivolley.it\\\/home\\\/#organization\"},\"potentialAction\":[{\"@type\":\"SearchAction\",\"target\":{\"@type\":\"EntryPoint\",\"urlTemplate\":\"https:\\\/\\\/www.materdominivolley.it\\\/home\\\/?s={search_term_string}\"},\"query-input\":{\"@type\":\"PropertyValueSpecification\",\"valueRequired\":true,\"valueName\":\"search_term_string\"}}],\"inLanguage\":\"it-IT\"},{\"@type\":\"Organization\",\"@id\":\"https:\\\/\\\/www.materdominivolley.it\\\/home\\\/#organization\",\"name\":\"Materdominivolley.it\",\"url\":\"https:\\\/\\\/www.materdominivolley.it\\\/home\\\/\",\"logo\":{\"@type\":\"ImageObject\",\"inLanguage\":\"it-IT\",\"@id\":\"https:\\\/\\\/www.materdominivolley.it\\\/home\\\/#\\\/schema\\\/logo\\\/image\\\/\",\"url\":\"https:\\\/\\\/www.materdominivolley.it\\\/home\\\/wp-content\\\/uploads\\\/2019\\\/10\\\/Senza-titolo-1-2.png\",\"contentUrl\":\"https:\\\/\\\/www.materdominivolley.it\\\/home\\\/wp-content\\\/uploads\\\/2019\\\/10\\\/Senza-titolo-1-2.png\",\"width\":180,\"height\":250,\"caption\":\"Materdominivolley.it\"},\"image\":{\"@id\":\"https:\\\/\\\/www.materdominivolley.it\\\/home\\\/#\\\/schema\\\/logo\\\/image\\\/\"},\"sameAs\":[\"https:\\\/\\\/www.facebook.com\\\/materdominivolleyit\\\/\"]},{\"@type\":\"Person\",\"@id\":\"https:\\\/\\\/www.materdominivolley.it\\\/home\\\/#\\\/schema\\\/person\\\/86961330b970aecf0b9729df84069339\",\"name\":\"admin-mater\",\"image\":{\"@type\":\"ImageObject\",\"inLanguage\":\"it-IT\",\"@id\":\"https:\\\/\\\/secure.gravatar.com\\\/avatar\\\/71d088b9255aa52813637243630e63af9ffd99251cfb71c8536f2d3794cac08e?s=96&d=mm&r=g\",\"url\":\"https:\\\/\\\/secure.gravatar.com\\\/avatar\\\/71d088b9255aa52813637243630e63af9ffd99251cfb71c8536f2d3794cac08e?s=96&d=mm&r=g\",\"contentUrl\":\"https:\\\/\\\/secure.gravatar.com\\\/avatar\\\/71d088b9255aa52813637243630e63af9ffd99251cfb71c8536f2d3794cac08e?s=96&d=mm&r=g\",\"caption\":\"admin-mater\"},\"url\":\"https:\\\/\\\/www.materdominivolley.it\\\/home\\\/author\\\/admin-mater\\\/\"}]}<\/script>\n<!-- \/ Yoast SEO plugin. -->","yoast_head_json":{"title":"Con Ortona \u00e8 sfida a mezzogiorno - materdominivolley","robots":{"index":"index","follow":"follow","max-snippet":"max-snippet:-1","max-image-preview":"max-image-preview:large","max-video-preview":"max-video-preview:-1"},"canonical":"https:\/\/www.materdominivolley.it\/home\/2015\/11\/16\/con-ortona-e-sfida-a-mezzogiorno\/","og_locale":"it_IT","og_type":"article","og_title":"Con Ortona \u00e8 sfida a mezzogiorno - materdominivolley","og_description":"Orario assolutamente inedito per una gara di pallavolo al Pala Grotte: domenica 15 novembre la prima battuta tra la formazione pugliese e la compagine abruzzese \u00e8 prevista per le ore 12.","og_url":"https:\/\/www.materdominivolley.it\/home\/2015\/11\/16\/con-ortona-e-sfida-a-mezzogiorno\/","og_site_name":"materdominivolley","article_publisher":"https:\/\/www.facebook.com\/materdominivolleyit\/","article_published_time":"2015-11-16T09:07:23+00:00","og_image":[{"width":1300,"height":531,"url":"https:\/\/www.materdominivolley.it\/home\/wp-content\/uploads\/2019\/09\/mater_ortona_pre.jpg","type":"image\/jpeg"}],"author":"admin-mater","twitter_card":"summary_large_image","twitter_misc":{"Scritto da":"admin-mater","Tempo di lettura stimato":"1 minuto"},"schema":{"@context":"https:\/\/schema.org","@graph":[{"@type":"Article","@id":"https:\/\/www.materdominivolley.it\/home\/2015\/11\/16\/con-ortona-e-sfida-a-mezzogiorno\/#article","isPartOf":{"@id":"https:\/\/www.materdominivolley.it\/home\/2015\/11\/16\/con-ortona-e-sfida-a-mezzogiorno\/"},"author":{"name":"admin-mater","@id":"https:\/\/www.materdominivolley.it\/home\/#\/schema\/person\/86961330b970aecf0b9729df84069339"},"headline":"Con Ortona \u00e8 sfida a mezzogiorno","datePublished":"2015-11-16T09:07:23+00:00","mainEntityOfPage":{"@id":"https:\/\/www.materdominivolley.it\/home\/2015\/11\/16\/con-ortona-e-sfida-a-mezzogiorno\/"},"wordCount":293,"commentCount":0,"publisher":{"@id":"https:\/\/www.materdominivolley.it\/home\/#organization"},"image":{"@id":"https:\/\/www.materdominivolley.it\/home\/2015\/11\/16\/con-ortona-e-sfida-a-mezzogiorno\/#primaryimage"},"thumbnailUrl":"https:\/\/www.materdominivolley.it\/home\/wp-content\/uploads\/2019\/09\/mater_ortona_pre.jpg","articleSection":["Serie A2"],"inLanguage":"it-IT","potentialAction":[{"@type":"CommentAction","name":"Comment","target":["https:\/\/www.materdominivolley.it\/home\/2015\/11\/16\/con-ortona-e-sfida-a-mezzogiorno\/#respond"]}]},{"@type":"WebPage","@id":"https:\/\/www.materdominivolley.it\/home\/2015\/11\/16\/con-ortona-e-sfida-a-mezzogiorno\/","url":"https:\/\/www.materdominivolley.it\/home\/2015\/11\/16\/con-ortona-e-sfida-a-mezzogiorno\/","name":"Con Ortona \u00e8 sfida a mezzogiorno - materdominivolley","isPartOf":{"@id":"https:\/\/www.materdominivolley.it\/home\/#website"},"primaryImageOfPage":{"@id":"https:\/\/www.materdominivolley.it\/home\/2015\/11\/16\/con-ortona-e-sfida-a-mezzogiorno\/#primaryimage"},"image":{"@id":"https:\/\/www.materdominivolley.it\/home\/2015\/11\/16\/con-ortona-e-sfida-a-mezzogiorno\/#primaryimage"},"thumbnailUrl":"https:\/\/www.materdominivolley.it\/home\/wp-content\/uploads\/2019\/09\/mater_ortona_pre.jpg","datePublished":"2015-11-16T09:07:23+00:00","breadcrumb":{"@id":"https:\/\/www.materdominivolley.it\/home\/2015\/11\/16\/con-ortona-e-sfida-a-mezzogiorno\/#breadcrumb"},"inLanguage":"it-IT","potentialAction":[{"@type":"ReadAction","target":["https:\/\/www.materdominivolley.it\/home\/2015\/11\/16\/con-ortona-e-sfida-a-mezzogiorno\/"]}]},{"@type":"ImageObject","inLanguage":"it-IT","@id":"https:\/\/www.materdominivolley.it\/home\/2015\/11\/16\/con-ortona-e-sfida-a-mezzogiorno\/#primaryimage","url":"https:\/\/www.materdominivolley.it\/home\/wp-content\/uploads\/2019\/09\/mater_ortona_pre.jpg","contentUrl":"https:\/\/www.materdominivolley.it\/home\/wp-content\/uploads\/2019\/09\/mater_ortona_pre.jpg","width":1300,"height":531},{"@type":"BreadcrumbList","@id":"https:\/\/www.materdominivolley.it\/home\/2015\/11\/16\/con-ortona-e-sfida-a-mezzogiorno\/#breadcrumb","itemListElement":[{"@type":"ListItem","position":1,"name":"Home","item":"https:\/\/www.materdominivolley.it\/home\/"},{"@type":"ListItem","position":2,"name":"Con Ortona \u00e8 sfida a mezzogiorno"}]},{"@type":"WebSite","@id":"https:\/\/www.materdominivolley.it\/home\/#website","url":"https:\/\/www.materdominivolley.it\/home\/","name":"materdominivolley","description":"","publisher":{"@id":"https:\/\/www.materdominivolley.it\/home\/#organization"},"potentialAction":[{"@type":"SearchAction","target":{"@type":"EntryPoint","urlTemplate":"https:\/\/www.materdominivolley.it\/home\/?s={search_term_string}"},"query-input":{"@type":"PropertyValueSpecification","valueRequired":true,"valueName":"search_term_string"}}],"inLanguage":"it-IT"},{"@type":"Organization","@id":"https:\/\/www.materdominivolley.it\/home\/#organization","name":"Materdominivolley.it","url":"https:\/\/www.materdominivolley.it\/home\/","logo":{"@type":"ImageObject","inLanguage":"it-IT","@id":"https:\/\/www.materdominivolley.it\/home\/#\/schema\/logo\/image\/","url":"https:\/\/www.materdominivolley.it\/home\/wp-content\/uploads\/2019\/10\/Senza-titolo-1-2.png","contentUrl":"https:\/\/www.materdominivolley.it\/home\/wp-content\/uploads\/2019\/10\/Senza-titolo-1-2.png","width":180,"height":250,"caption":"Materdominivolley.it"},"image":{"@id":"https:\/\/www.materdominivolley.it\/home\/#\/schema\/logo\/image\/"},"sameAs":["https:\/\/www.facebook.com\/materdominivolleyit\/"]},{"@type":"Person","@id":"https:\/\/www.materdominivolley.it\/home\/#\/schema\/person\/86961330b970aecf0b9729df84069339","name":"admin-mater","image":{"@type":"ImageObject","inLanguage":"it-IT","@id":"https:\/\/secure.gravatar.com\/avatar\/71d088b9255aa52813637243630e63af9ffd99251cfb71c8536f2d3794cac08e?s=96&d=mm&r=g","url":"https:\/\/secure.gravatar.com\/avatar\/71d088b9255aa52813637243630e63af9ffd99251cfb71c8536f2d3794cac08e?s=96&d=mm&r=g","contentUrl":"https:\/\/secure.gravatar.com\/avatar\/71d088b9255aa52813637243630e63af9ffd99251cfb71c8536f2d3794cac08e?s=96&d=mm&r=g","caption":"admin-mater"},"url":"https:\/\/www.materdominivolley.it\/home\/author\/admin-mater\/"}]}},"_links":{"self":[{"href":"https:\/\/www.materdominivolley.it\/home\/wp-json\/wp\/v2\/posts\/1108","targetHints":{"allow":["GET"]}}],"collection":[{"href":"https:\/\/www.materdominivolley.it\/home\/wp-json\/wp\/v2\/posts"}],"about":[{"href":"https:\/\/www.materdominivolley.it\/home\/wp-json\/wp\/v2\/types\/post"}],"author":[{"embeddable":true,"href":"https:\/\/www.materdominivolley.it\/home\/wp-json\/wp\/v2\/users\/1"}],"replies":[{"embeddable":true,"href":"https:\/\/www.materdominivolley.it\/home\/wp-json\/wp\/v2\/comments?post=1108"}],"version-history":[{"count":0,"href":"https:\/\/www.materdominivolley.it\/home\/wp-json\/wp\/v2\/posts\/1108\/revisions"}],"wp:featuredmedia":[{"embeddable":true,"href":"https:\/\/www.materdominivolley.it\/home\/wp-json\/wp\/v2\/media\/1109"}],"wp:attachment":[{"href":"https:\/\/www.materdominivolley.it\/home\/wp-json\/wp\/v2\/media?parent=1108"}],"wp:term":[{"taxonomy":"category","embeddable":true,"href":"https:\/\/www.materdominivolley.it\/home\/wp-json\/wp\/v2\/categories?post=1108"},{"taxonomy":"post_tag","embeddable":true,"href":"https:\/\/www.materdominivolley.it\/home\/wp-json\/wp\/v2\/tags?post=1108"}],"curies":[{"name":"wp","href":"https:\/\/api.w.org\/{rel}","templated":true}]}}