{"id":1124,"date":"2015-10-20T16:09:38","date_gmt":"2015-10-20T14:09:38","guid":{"rendered":"https:\/\/www.materdominivolley.it\/home\/2015\/10\/20\/lunedi-19-ottobre-la-prima-festa-del-volley-giovanile-pugliese\/"},"modified":"2015-10-20T16:09:38","modified_gmt":"2015-10-20T14:09:38","slug":"lunedi-19-ottobre-la-prima-festa-del-volley-giovanile-pugliese","status":"publish","type":"post","link":"https:\/\/www.materdominivolley.it\/home\/2015\/10\/20\/lunedi-19-ottobre-la-prima-festa-del-volley-giovanile-pugliese\/","title":{"rendered":"Luned\u00ec 19 ottobre la prima &#8220;Festa del Volley Giovanile Pugliese&#8221;"},"content":{"rendered":"\n        <p>\n\tE\u2019 in programma luned\u00ec 19 ottobre alle ore 19 presso il Centro Congressi dell\u2019Irccs \u201cde Bellis\u201d a Castellana Grotte la prima edizione della <strong>Festa del Volley Giovanile Pugliese. <\/strong>Ad organizzare l\u2019importante evento di confronto per la pallavolo regionale \u00e8 la <strong>Materdominivolley.it Castellana Grotte<\/strong>.<\/p>\n<p>\n\t\u00a0<\/p>\n<p>\n\tRicco il programma della serata: ai saluti introduttivi del presidente del club castellanese <strong>Michele Miccolis<\/strong> e delle istituzioni invitate (<strong>Angela D\u2019Onghia<\/strong>, sottosegretario di Stato per l\u2019Istruzione, <strong>Raffaele Piemontese<\/strong>, assessore regionale allo Sport per Tutti, <strong>Francesco Tricase<\/strong>, sindaco di Castellana Grotte, <strong>Elio Sannicandro<\/strong>, presidente regionale Coni, <strong>Giuseppe Manfredi<\/strong>, vice presidente nazionale Fipav, e <strong>Luigi Dell\u2019Anna<\/strong>, presidente regionale Fipav), seguir\u00e0 un momento di premiazione delle eccellenze del volley giovanile pugliese.<\/p>\n<p>\n\t\u00a0<\/p>\n<p>\n\t<strong>Michele Totire<\/strong>, tecnico pugliese alla guida delle selezioni azzurre negli ultimi importanti appuntamenti internazionali, <strong>Felice Sette<\/strong>, uno scudetto under 21 nel beach volley, e la <strong>Materdomini Castellana U15<\/strong>, campione d\u2019Italia a giugno scorso, tra i premiati.<\/p>\n<p>\n\t\u00a0<\/p>\n<p>\n\tRiconoscimenti anche per le societ\u00e0 di Superlega e di serie A2 pugliesi, con il giornalista sportivo <strong>Lorenzo Dallari<\/strong> che aprir\u00e0 anche uno spazio di visibilit\u00e0 sui grandi palcoscenici del volley, e per le societ\u00e0 partners del progetto <strong>Accademia Materdomini<\/strong> (Green Volley Francavilla Fontana, Pallavolo Salve, San Vito Progetto Volley, Scuola &#038; Volley Altamura, Volley Club Locorotondo, New Volley Polignano, Nuova Pallavolo Latiano, Pallavolo 1991 Alessano e Volley Alberobello).<\/p>\n<p>\n\t\u00a0<\/p>\n<p>\n\tL\u2019evento sar\u00e0 completato dalla presentazione di tutti gli atleti della Materdominivolley.it (dalla prima squadra iscritta al campionato nazionale serie A2 Unipolsai di pallavolo maschile fino ai piccoli del minivolley, passando per le formazioni di serie B2, serie C e serie D).<\/p>\n<p>\n\t\u00a0<\/p>\n<p>\n\tUlteriori informazioni sul sito <strong><a href=\"http:\/\/www.materdominivolley.it\">www.materdominivolley.it<\/a><\/strong> e sui canali sociali della societ\u00e0 su <strong>facebook<\/strong>, <strong>twitter<\/strong> e <strong>instagram<\/strong>.<\/p>\n        ","protected":false},"excerpt":{"rendered":"<p><!-- wp:paragraph --><br \/>\n        Michele Totire, tecnico pugliese alla guida delle selezioni azzurre negli ultimi importanti appuntamenti internazionali, Felice Sette, scudetto under 21 nel beach volley, e la Materdomini Castellana U15, campione d\u2019Italia a giugno scorso, tra i premiati<br \/>\n        <!-- \/wp:paragraph --><\/p>\n","protected":false},"author":1,"featured_media":1125,"comment_status":"open","ping_status":"closed","sticky":false,"template":"","format":"standard","meta":{"footnotes":""},"categories":[21],"tags":[],"class_list":["post-1124","post","type-post","status-publish","format-standard","has-post-thumbnail","hentry","category-comunicati"],"yoast_head":"<!-- This site is optimized with the Yoast SEO plugin v27.4 - https:\/\/yoast.com\/product\/yoast-seo-wordpress\/ -->\n<title>Luned\u00ec 19 ottobre la prima &quot;Festa del Volley Giovanile Pugliese&quot; - materdominivolley<\/title>\n<meta name=\"robots\" content=\"index, follow, max-snippet:-1, max-image-preview:large, max-video-preview:-1\" \/>\n<link rel=\"canonical\" href=\"https:\/\/www.materdominivolley.it\/home\/2015\/10\/20\/lunedi-19-ottobre-la-prima-festa-del-volley-giovanile-pugliese\/\" \/>\n<meta property=\"og:locale\" content=\"it_IT\" \/>\n<meta property=\"og:type\" content=\"article\" \/>\n<meta property=\"og:title\" content=\"Luned\u00ec 19 ottobre la prima &quot;Festa del Volley Giovanile Pugliese&quot; - materdominivolley\" \/>\n<meta property=\"og:description\" content=\"Michele Totire, tecnico pugliese alla guida delle selezioni azzurre negli ultimi importanti appuntamenti internazionali, Felice Sette, scudetto under 21 nel beach volley, e la Materdomini Castellana U15, campione d\u2019Italia a giugno scorso, tra i premiati\" \/>\n<meta property=\"og:url\" content=\"https:\/\/www.materdominivolley.it\/home\/2015\/10\/20\/lunedi-19-ottobre-la-prima-festa-del-volley-giovanile-pugliese\/\" \/>\n<meta property=\"og:site_name\" content=\"materdominivolley\" \/>\n<meta property=\"article:publisher\" content=\"https:\/\/www.facebook.com\/materdominivolleyit\/\" \/>\n<meta property=\"article:published_time\" content=\"2015-10-20T14:09:38+00:00\" \/>\n<meta property=\"og:image\" content=\"https:\/\/www.materdominivolley.it\/home\/wp-content\/uploads\/2019\/09\/festa_premiati.jpg\" \/>\n\t<meta property=\"og:image:width\" content=\"1300\" \/>\n\t<meta property=\"og:image:height\" content=\"531\" \/>\n\t<meta property=\"og:image:type\" content=\"image\/jpeg\" \/>\n<meta name=\"author\" content=\"admin-mater\" \/>\n<meta name=\"twitter:card\" content=\"summary_large_image\" \/>\n<meta name=\"twitter:label1\" content=\"Scritto da\" \/>\n\t<meta name=\"twitter:data1\" content=\"admin-mater\" \/>\n\t<meta name=\"twitter:label2\" content=\"Tempo di lettura stimato\" \/>\n\t<meta name=\"twitter:data2\" content=\"1 minuto\" \/>\n<script type=\"application\/ld+json\" class=\"yoast-schema-graph\">{\"@context\":\"https:\\\/\\\/schema.org\",\"@graph\":[{\"@type\":\"Article\",\"@id\":\"https:\\\/\\\/www.materdominivolley.it\\\/home\\\/2015\\\/10\\\/20\\\/lunedi-19-ottobre-la-prima-festa-del-volley-giovanile-pugliese\\\/#article\",\"isPartOf\":{\"@id\":\"https:\\\/\\\/www.materdominivolley.it\\\/home\\\/2015\\\/10\\\/20\\\/lunedi-19-ottobre-la-prima-festa-del-volley-giovanile-pugliese\\\/\"},\"author\":{\"name\":\"admin-mater\",\"@id\":\"https:\\\/\\\/www.materdominivolley.it\\\/home\\\/#\\\/schema\\\/person\\\/86961330b970aecf0b9729df84069339\"},\"headline\":\"Luned\u00ec 19 ottobre la prima &#8220;Festa del Volley Giovanile Pugliese&#8221;\",\"datePublished\":\"2015-10-20T14:09:38+00:00\",\"mainEntityOfPage\":{\"@id\":\"https:\\\/\\\/www.materdominivolley.it\\\/home\\\/2015\\\/10\\\/20\\\/lunedi-19-ottobre-la-prima-festa-del-volley-giovanile-pugliese\\\/\"},\"wordCount\":286,\"commentCount\":0,\"publisher\":{\"@id\":\"https:\\\/\\\/www.materdominivolley.it\\\/home\\\/#organization\"},\"image\":{\"@id\":\"https:\\\/\\\/www.materdominivolley.it\\\/home\\\/2015\\\/10\\\/20\\\/lunedi-19-ottobre-la-prima-festa-del-volley-giovanile-pugliese\\\/#primaryimage\"},\"thumbnailUrl\":\"https:\\\/\\\/www.materdominivolley.it\\\/home\\\/wp-content\\\/uploads\\\/2019\\\/09\\\/festa_premiati.jpg\",\"articleSection\":[\"comunicati\"],\"inLanguage\":\"it-IT\",\"potentialAction\":[{\"@type\":\"CommentAction\",\"name\":\"Comment\",\"target\":[\"https:\\\/\\\/www.materdominivolley.it\\\/home\\\/2015\\\/10\\\/20\\\/lunedi-19-ottobre-la-prima-festa-del-volley-giovanile-pugliese\\\/#respond\"]}]},{\"@type\":\"WebPage\",\"@id\":\"https:\\\/\\\/www.materdominivolley.it\\\/home\\\/2015\\\/10\\\/20\\\/lunedi-19-ottobre-la-prima-festa-del-volley-giovanile-pugliese\\\/\",\"url\":\"https:\\\/\\\/www.materdominivolley.it\\\/home\\\/2015\\\/10\\\/20\\\/lunedi-19-ottobre-la-prima-festa-del-volley-giovanile-pugliese\\\/\",\"name\":\"Luned\u00ec 19 ottobre la prima \\\"Festa del Volley Giovanile Pugliese\\\" - materdominivolley\",\"isPartOf\":{\"@id\":\"https:\\\/\\\/www.materdominivolley.it\\\/home\\\/#website\"},\"primaryImageOfPage\":{\"@id\":\"https:\\\/\\\/www.materdominivolley.it\\\/home\\\/2015\\\/10\\\/20\\\/lunedi-19-ottobre-la-prima-festa-del-volley-giovanile-pugliese\\\/#primaryimage\"},\"image\":{\"@id\":\"https:\\\/\\\/www.materdominivolley.it\\\/home\\\/2015\\\/10\\\/20\\\/lunedi-19-ottobre-la-prima-festa-del-volley-giovanile-pugliese\\\/#primaryimage\"},\"thumbnailUrl\":\"https:\\\/\\\/www.materdominivolley.it\\\/home\\\/wp-content\\\/uploads\\\/2019\\\/09\\\/festa_premiati.jpg\",\"datePublished\":\"2015-10-20T14:09:38+00:00\",\"breadcrumb\":{\"@id\":\"https:\\\/\\\/www.materdominivolley.it\\\/home\\\/2015\\\/10\\\/20\\\/lunedi-19-ottobre-la-prima-festa-del-volley-giovanile-pugliese\\\/#breadcrumb\"},\"inLanguage\":\"it-IT\",\"potentialAction\":[{\"@type\":\"ReadAction\",\"target\":[\"https:\\\/\\\/www.materdominivolley.it\\\/home\\\/2015\\\/10\\\/20\\\/lunedi-19-ottobre-la-prima-festa-del-volley-giovanile-pugliese\\\/\"]}]},{\"@type\":\"ImageObject\",\"inLanguage\":\"it-IT\",\"@id\":\"https:\\\/\\\/www.materdominivolley.it\\\/home\\\/2015\\\/10\\\/20\\\/lunedi-19-ottobre-la-prima-festa-del-volley-giovanile-pugliese\\\/#primaryimage\",\"url\":\"https:\\\/\\\/www.materdominivolley.it\\\/home\\\/wp-content\\\/uploads\\\/2019\\\/09\\\/festa_premiati.jpg\",\"contentUrl\":\"https:\\\/\\\/www.materdominivolley.it\\\/home\\\/wp-content\\\/uploads\\\/2019\\\/09\\\/festa_premiati.jpg\",\"width\":1300,\"height\":531},{\"@type\":\"BreadcrumbList\",\"@id\":\"https:\\\/\\\/www.materdominivolley.it\\\/home\\\/2015\\\/10\\\/20\\\/lunedi-19-ottobre-la-prima-festa-del-volley-giovanile-pugliese\\\/#breadcrumb\",\"itemListElement\":[{\"@type\":\"ListItem\",\"position\":1,\"name\":\"Home\",\"item\":\"https:\\\/\\\/www.materdominivolley.it\\\/home\\\/\"},{\"@type\":\"ListItem\",\"position\":2,\"name\":\"Luned\u00ec 19 ottobre la prima &#8220;Festa del Volley Giovanile Pugliese&#8221;\"}]},{\"@type\":\"WebSite\",\"@id\":\"https:\\\/\\\/www.materdominivolley.it\\\/home\\\/#website\",\"url\":\"https:\\\/\\\/www.materdominivolley.it\\\/home\\\/\",\"name\":\"materdominivolley\",\"description\":\"\",\"publisher\":{\"@id\":\"https:\\\/\\\/www.materdominivolley.it\\\/home\\\/#organization\"},\"potentialAction\":[{\"@type\":\"SearchAction\",\"target\":{\"@type\":\"EntryPoint\",\"urlTemplate\":\"https:\\\/\\\/www.materdominivolley.it\\\/home\\\/?s={search_term_string}\"},\"query-input\":{\"@type\":\"PropertyValueSpecification\",\"valueRequired\":true,\"valueName\":\"search_term_string\"}}],\"inLanguage\":\"it-IT\"},{\"@type\":\"Organization\",\"@id\":\"https:\\\/\\\/www.materdominivolley.it\\\/home\\\/#organization\",\"name\":\"Materdominivolley.it\",\"url\":\"https:\\\/\\\/www.materdominivolley.it\\\/home\\\/\",\"logo\":{\"@type\":\"ImageObject\",\"inLanguage\":\"it-IT\",\"@id\":\"https:\\\/\\\/www.materdominivolley.it\\\/home\\\/#\\\/schema\\\/logo\\\/image\\\/\",\"url\":\"https:\\\/\\\/www.materdominivolley.it\\\/home\\\/wp-content\\\/uploads\\\/2019\\\/10\\\/Senza-titolo-1-2.png\",\"contentUrl\":\"https:\\\/\\\/www.materdominivolley.it\\\/home\\\/wp-content\\\/uploads\\\/2019\\\/10\\\/Senza-titolo-1-2.png\",\"width\":180,\"height\":250,\"caption\":\"Materdominivolley.it\"},\"image\":{\"@id\":\"https:\\\/\\\/www.materdominivolley.it\\\/home\\\/#\\\/schema\\\/logo\\\/image\\\/\"},\"sameAs\":[\"https:\\\/\\\/www.facebook.com\\\/materdominivolleyit\\\/\"]},{\"@type\":\"Person\",\"@id\":\"https:\\\/\\\/www.materdominivolley.it\\\/home\\\/#\\\/schema\\\/person\\\/86961330b970aecf0b9729df84069339\",\"name\":\"admin-mater\",\"image\":{\"@type\":\"ImageObject\",\"inLanguage\":\"it-IT\",\"@id\":\"https:\\\/\\\/secure.gravatar.com\\\/avatar\\\/71d088b9255aa52813637243630e63af9ffd99251cfb71c8536f2d3794cac08e?s=96&d=mm&r=g\",\"url\":\"https:\\\/\\\/secure.gravatar.com\\\/avatar\\\/71d088b9255aa52813637243630e63af9ffd99251cfb71c8536f2d3794cac08e?s=96&d=mm&r=g\",\"contentUrl\":\"https:\\\/\\\/secure.gravatar.com\\\/avatar\\\/71d088b9255aa52813637243630e63af9ffd99251cfb71c8536f2d3794cac08e?s=96&d=mm&r=g\",\"caption\":\"admin-mater\"},\"url\":\"https:\\\/\\\/www.materdominivolley.it\\\/home\\\/author\\\/admin-mater\\\/\"}]}<\/script>\n<!-- \/ Yoast SEO plugin. -->","yoast_head_json":{"title":"Luned\u00ec 19 ottobre la prima \"Festa del Volley Giovanile Pugliese\" - materdominivolley","robots":{"index":"index","follow":"follow","max-snippet":"max-snippet:-1","max-image-preview":"max-image-preview:large","max-video-preview":"max-video-preview:-1"},"canonical":"https:\/\/www.materdominivolley.it\/home\/2015\/10\/20\/lunedi-19-ottobre-la-prima-festa-del-volley-giovanile-pugliese\/","og_locale":"it_IT","og_type":"article","og_title":"Luned\u00ec 19 ottobre la prima \"Festa del Volley Giovanile Pugliese\" - materdominivolley","og_description":"Michele Totire, tecnico pugliese alla guida delle selezioni azzurre negli ultimi importanti appuntamenti internazionali, Felice Sette, scudetto under 21 nel beach volley, e la Materdomini Castellana U15, campione d\u2019Italia a giugno scorso, tra i premiati","og_url":"https:\/\/www.materdominivolley.it\/home\/2015\/10\/20\/lunedi-19-ottobre-la-prima-festa-del-volley-giovanile-pugliese\/","og_site_name":"materdominivolley","article_publisher":"https:\/\/www.facebook.com\/materdominivolleyit\/","article_published_time":"2015-10-20T14:09:38+00:00","og_image":[{"width":1300,"height":531,"url":"https:\/\/www.materdominivolley.it\/home\/wp-content\/uploads\/2019\/09\/festa_premiati.jpg","type":"image\/jpeg"}],"author":"admin-mater","twitter_card":"summary_large_image","twitter_misc":{"Scritto da":"admin-mater","Tempo di lettura stimato":"1 minuto"},"schema":{"@context":"https:\/\/schema.org","@graph":[{"@type":"Article","@id":"https:\/\/www.materdominivolley.it\/home\/2015\/10\/20\/lunedi-19-ottobre-la-prima-festa-del-volley-giovanile-pugliese\/#article","isPartOf":{"@id":"https:\/\/www.materdominivolley.it\/home\/2015\/10\/20\/lunedi-19-ottobre-la-prima-festa-del-volley-giovanile-pugliese\/"},"author":{"name":"admin-mater","@id":"https:\/\/www.materdominivolley.it\/home\/#\/schema\/person\/86961330b970aecf0b9729df84069339"},"headline":"Luned\u00ec 19 ottobre la prima &#8220;Festa del Volley Giovanile Pugliese&#8221;","datePublished":"2015-10-20T14:09:38+00:00","mainEntityOfPage":{"@id":"https:\/\/www.materdominivolley.it\/home\/2015\/10\/20\/lunedi-19-ottobre-la-prima-festa-del-volley-giovanile-pugliese\/"},"wordCount":286,"commentCount":0,"publisher":{"@id":"https:\/\/www.materdominivolley.it\/home\/#organization"},"image":{"@id":"https:\/\/www.materdominivolley.it\/home\/2015\/10\/20\/lunedi-19-ottobre-la-prima-festa-del-volley-giovanile-pugliese\/#primaryimage"},"thumbnailUrl":"https:\/\/www.materdominivolley.it\/home\/wp-content\/uploads\/2019\/09\/festa_premiati.jpg","articleSection":["comunicati"],"inLanguage":"it-IT","potentialAction":[{"@type":"CommentAction","name":"Comment","target":["https:\/\/www.materdominivolley.it\/home\/2015\/10\/20\/lunedi-19-ottobre-la-prima-festa-del-volley-giovanile-pugliese\/#respond"]}]},{"@type":"WebPage","@id":"https:\/\/www.materdominivolley.it\/home\/2015\/10\/20\/lunedi-19-ottobre-la-prima-festa-del-volley-giovanile-pugliese\/","url":"https:\/\/www.materdominivolley.it\/home\/2015\/10\/20\/lunedi-19-ottobre-la-prima-festa-del-volley-giovanile-pugliese\/","name":"Luned\u00ec 19 ottobre la prima \"Festa del Volley Giovanile Pugliese\" - materdominivolley","isPartOf":{"@id":"https:\/\/www.materdominivolley.it\/home\/#website"},"primaryImageOfPage":{"@id":"https:\/\/www.materdominivolley.it\/home\/2015\/10\/20\/lunedi-19-ottobre-la-prima-festa-del-volley-giovanile-pugliese\/#primaryimage"},"image":{"@id":"https:\/\/www.materdominivolley.it\/home\/2015\/10\/20\/lunedi-19-ottobre-la-prima-festa-del-volley-giovanile-pugliese\/#primaryimage"},"thumbnailUrl":"https:\/\/www.materdominivolley.it\/home\/wp-content\/uploads\/2019\/09\/festa_premiati.jpg","datePublished":"2015-10-20T14:09:38+00:00","breadcrumb":{"@id":"https:\/\/www.materdominivolley.it\/home\/2015\/10\/20\/lunedi-19-ottobre-la-prima-festa-del-volley-giovanile-pugliese\/#breadcrumb"},"inLanguage":"it-IT","potentialAction":[{"@type":"ReadAction","target":["https:\/\/www.materdominivolley.it\/home\/2015\/10\/20\/lunedi-19-ottobre-la-prima-festa-del-volley-giovanile-pugliese\/"]}]},{"@type":"ImageObject","inLanguage":"it-IT","@id":"https:\/\/www.materdominivolley.it\/home\/2015\/10\/20\/lunedi-19-ottobre-la-prima-festa-del-volley-giovanile-pugliese\/#primaryimage","url":"https:\/\/www.materdominivolley.it\/home\/wp-content\/uploads\/2019\/09\/festa_premiati.jpg","contentUrl":"https:\/\/www.materdominivolley.it\/home\/wp-content\/uploads\/2019\/09\/festa_premiati.jpg","width":1300,"height":531},{"@type":"BreadcrumbList","@id":"https:\/\/www.materdominivolley.it\/home\/2015\/10\/20\/lunedi-19-ottobre-la-prima-festa-del-volley-giovanile-pugliese\/#breadcrumb","itemListElement":[{"@type":"ListItem","position":1,"name":"Home","item":"https:\/\/www.materdominivolley.it\/home\/"},{"@type":"ListItem","position":2,"name":"Luned\u00ec 19 ottobre la prima &#8220;Festa del Volley Giovanile Pugliese&#8221;"}]},{"@type":"WebSite","@id":"https:\/\/www.materdominivolley.it\/home\/#website","url":"https:\/\/www.materdominivolley.it\/home\/","name":"materdominivolley","description":"","publisher":{"@id":"https:\/\/www.materdominivolley.it\/home\/#organization"},"potentialAction":[{"@type":"SearchAction","target":{"@type":"EntryPoint","urlTemplate":"https:\/\/www.materdominivolley.it\/home\/?s={search_term_string}"},"query-input":{"@type":"PropertyValueSpecification","valueRequired":true,"valueName":"search_term_string"}}],"inLanguage":"it-IT"},{"@type":"Organization","@id":"https:\/\/www.materdominivolley.it\/home\/#organization","name":"Materdominivolley.it","url":"https:\/\/www.materdominivolley.it\/home\/","logo":{"@type":"ImageObject","inLanguage":"it-IT","@id":"https:\/\/www.materdominivolley.it\/home\/#\/schema\/logo\/image\/","url":"https:\/\/www.materdominivolley.it\/home\/wp-content\/uploads\/2019\/10\/Senza-titolo-1-2.png","contentUrl":"https:\/\/www.materdominivolley.it\/home\/wp-content\/uploads\/2019\/10\/Senza-titolo-1-2.png","width":180,"height":250,"caption":"Materdominivolley.it"},"image":{"@id":"https:\/\/www.materdominivolley.it\/home\/#\/schema\/logo\/image\/"},"sameAs":["https:\/\/www.facebook.com\/materdominivolleyit\/"]},{"@type":"Person","@id":"https:\/\/www.materdominivolley.it\/home\/#\/schema\/person\/86961330b970aecf0b9729df84069339","name":"admin-mater","image":{"@type":"ImageObject","inLanguage":"it-IT","@id":"https:\/\/secure.gravatar.com\/avatar\/71d088b9255aa52813637243630e63af9ffd99251cfb71c8536f2d3794cac08e?s=96&d=mm&r=g","url":"https:\/\/secure.gravatar.com\/avatar\/71d088b9255aa52813637243630e63af9ffd99251cfb71c8536f2d3794cac08e?s=96&d=mm&r=g","contentUrl":"https:\/\/secure.gravatar.com\/avatar\/71d088b9255aa52813637243630e63af9ffd99251cfb71c8536f2d3794cac08e?s=96&d=mm&r=g","caption":"admin-mater"},"url":"https:\/\/www.materdominivolley.it\/home\/author\/admin-mater\/"}]}},"_links":{"self":[{"href":"https:\/\/www.materdominivolley.it\/home\/wp-json\/wp\/v2\/posts\/1124","targetHints":{"allow":["GET"]}}],"collection":[{"href":"https:\/\/www.materdominivolley.it\/home\/wp-json\/wp\/v2\/posts"}],"about":[{"href":"https:\/\/www.materdominivolley.it\/home\/wp-json\/wp\/v2\/types\/post"}],"author":[{"embeddable":true,"href":"https:\/\/www.materdominivolley.it\/home\/wp-json\/wp\/v2\/users\/1"}],"replies":[{"embeddable":true,"href":"https:\/\/www.materdominivolley.it\/home\/wp-json\/wp\/v2\/comments?post=1124"}],"version-history":[{"count":0,"href":"https:\/\/www.materdominivolley.it\/home\/wp-json\/wp\/v2\/posts\/1124\/revisions"}],"wp:featuredmedia":[{"embeddable":true,"href":"https:\/\/www.materdominivolley.it\/home\/wp-json\/wp\/v2\/media\/1125"}],"wp:attachment":[{"href":"https:\/\/www.materdominivolley.it\/home\/wp-json\/wp\/v2\/media?parent=1124"}],"wp:term":[{"taxonomy":"category","embeddable":true,"href":"https:\/\/www.materdominivolley.it\/home\/wp-json\/wp\/v2\/categories?post=1124"},{"taxonomy":"post_tag","embeddable":true,"href":"https:\/\/www.materdominivolley.it\/home\/wp-json\/wp\/v2\/tags?post=1124"}],"curies":[{"name":"wp","href":"https:\/\/api.w.org\/{rel}","templated":true}]}}