{"id":1144,"date":"2015-09-10T12:49:43","date_gmt":"2015-09-10T10:49:43","guid":{"rendered":"https:\/\/www.materdominivolley.it\/home\/2015\/09\/10\/raduno-per-laccademia-del-volley-giovanile-di-puglia\/"},"modified":"2015-09-10T12:49:43","modified_gmt":"2015-09-10T10:49:43","slug":"raduno-per-laccademia-del-volley-giovanile-di-puglia","status":"publish","type":"post","link":"https:\/\/www.materdominivolley.it\/home\/2015\/09\/10\/raduno-per-laccademia-del-volley-giovanile-di-puglia\/","title":{"rendered":"Raduno per l\u2019Accademia del volley giovanile di Puglia"},"content":{"rendered":"\n        <p>\n\tSi \u00e8 radunata nel tardo pomeriggio di ieri, mercoled\u00ec 9 settembre, l\u2019Accademia del volley giovanile di Puglia della <strong>Materdominivolley.it Castellana Grotte<\/strong>, societ\u00e0 iscritta al campionato nazionale serie A2 Unipolsai di pallavolo maschile, ma da quest\u2019anno anche al campionato nazionale serie B2 (oltre che alle due pi\u00f9 importanti serie regionali e ai diversi campionati giovanili, targati sia Fipav che Lega).<br \/>\n\t<br \/>\n\tOltre 30 ragazzi (tra novit\u00e0 e conferme) hanno raggiunto il PalaGrotte assieme ai propri genitori per il tradizionale incontro con la societ\u00e0, i tecnici e lo staff medico. Presenti per la <strong>Materdominivolley.it<\/strong> il presidente <strong>Michele Miccolis<\/strong>, il direttore tecnico del progetto Accademia <strong>Vincenzo Fanizza<\/strong>, gli allenatori con a capo <strong>Antonello D\u2019Alessandro<\/strong> e il dirigente responsabile <strong>Antonella Impedovo<\/strong>. Genitori e ragazzi hanno avuto cos\u00ec la possibilit\u00e0 di avere un primo impatto conoscitivo con la realt\u00e0 Materdominivolley.it, ma anche di avere un primo approccio con la fisioterapista Angela Amodio e la tutor scolastica.<br \/>\n\t<br \/>\n\t\u201cSentiamo forte il senso della responsabilit\u00e0 di far crescere correttamente i vostri figli dal punto di vista sportivo e non solo- ha detto il presidente Miccolis rivolgendosi ai tanti genitori &#8211; L\u2019aspetto scolastico, l\u2019educazione, le regole sono ambiti che non trascuriamo affatto e che riteniamo addirittura prioritari. La nostra Accademia punta molto sulla scuola prima che sulla pallavolo, sul ragazzo prima che sul giocatore, sulla crescita prima che sul risultato. Perch\u00e9 siamo convinti che solide basi portino poi al raggiungimento di traguardi importanti\u201d.<br \/>\n\t<br \/>\n\tSi riparte, infatti, dallo scudetto under 15 conquistato lo scorso anno, ma anche dalle tre finali nazionali e dai tre titoli regionali.<br \/>\n\t<br \/>\n\tUlteriori informazioni sul sito <strong>www.materdominivolley.it<\/strong> e sui canali sociali della societ\u00e0 su <strong>facebook<\/strong>, <strong>twitter<\/strong> e <strong>instagram<\/strong>.<\/p>\n        ","protected":false},"excerpt":{"rendered":"<p><!-- wp:paragraph --><br \/>\n        Si riparte dallo scudetto under 15. Miccolis e Fanizza accolgono quasi 30 ragazzi, tra nuovi e conferme. Il presidente: \u201cSentiamo forte il senso della responsabilit\u00e0 di far crescere correttamente i vostri figli dal punto di vista sportivo e non solo&#8221;<br \/>\n        <!-- \/wp:paragraph --><\/p>\n","protected":false},"author":1,"featured_media":1145,"comment_status":"open","ping_status":"closed","sticky":false,"template":"","format":"standard","meta":{"footnotes":""},"categories":[12],"tags":[],"class_list":["post-1144","post","type-post","status-publish","format-standard","has-post-thumbnail","hentry","category-accademia"],"yoast_head":"<!-- This site is optimized with the Yoast SEO plugin v27.4 - https:\/\/yoast.com\/product\/yoast-seo-wordpress\/ -->\n<title>Raduno per l\u2019Accademia del volley giovanile di Puglia - materdominivolley<\/title>\n<meta name=\"robots\" content=\"index, follow, max-snippet:-1, max-image-preview:large, max-video-preview:-1\" \/>\n<link rel=\"canonical\" href=\"https:\/\/www.materdominivolley.it\/home\/2015\/09\/10\/raduno-per-laccademia-del-volley-giovanile-di-puglia\/\" \/>\n<meta property=\"og:locale\" content=\"it_IT\" \/>\n<meta property=\"og:type\" content=\"article\" \/>\n<meta property=\"og:title\" content=\"Raduno per l\u2019Accademia del volley giovanile di Puglia - materdominivolley\" \/>\n<meta property=\"og:description\" content=\"Si riparte dallo scudetto under 15. Miccolis e Fanizza accolgono quasi 30 ragazzi, tra nuovi e conferme. Il presidente: \u201cSentiamo forte il senso della responsabilit\u00e0 di far crescere correttamente i vostri figli dal punto di vista sportivo e non solo&quot;\" \/>\n<meta property=\"og:url\" content=\"https:\/\/www.materdominivolley.it\/home\/2015\/09\/10\/raduno-per-laccademia-del-volley-giovanile-di-puglia\/\" \/>\n<meta property=\"og:site_name\" content=\"materdominivolley\" \/>\n<meta property=\"article:publisher\" content=\"https:\/\/www.facebook.com\/materdominivolleyit\/\" \/>\n<meta property=\"article:published_time\" content=\"2015-09-10T10:49:43+00:00\" \/>\n<meta property=\"og:image\" content=\"https:\/\/www.materdominivolley.it\/home\/wp-content\/uploads\/2019\/09\/raduno_accademia_2015.jpg\" \/>\n\t<meta property=\"og:image:width\" content=\"1300\" \/>\n\t<meta property=\"og:image:height\" content=\"531\" \/>\n\t<meta property=\"og:image:type\" content=\"image\/jpeg\" \/>\n<meta name=\"author\" content=\"admin-mater\" \/>\n<meta name=\"twitter:card\" content=\"summary_large_image\" \/>\n<meta name=\"twitter:label1\" content=\"Scritto da\" \/>\n\t<meta name=\"twitter:data1\" content=\"admin-mater\" \/>\n\t<meta name=\"twitter:label2\" content=\"Tempo di lettura stimato\" \/>\n\t<meta name=\"twitter:data2\" content=\"1 minuto\" \/>\n<script type=\"application\/ld+json\" class=\"yoast-schema-graph\">{\"@context\":\"https:\\\/\\\/schema.org\",\"@graph\":[{\"@type\":\"Article\",\"@id\":\"https:\\\/\\\/www.materdominivolley.it\\\/home\\\/2015\\\/09\\\/10\\\/raduno-per-laccademia-del-volley-giovanile-di-puglia\\\/#article\",\"isPartOf\":{\"@id\":\"https:\\\/\\\/www.materdominivolley.it\\\/home\\\/2015\\\/09\\\/10\\\/raduno-per-laccademia-del-volley-giovanile-di-puglia\\\/\"},\"author\":{\"name\":\"admin-mater\",\"@id\":\"https:\\\/\\\/www.materdominivolley.it\\\/home\\\/#\\\/schema\\\/person\\\/86961330b970aecf0b9729df84069339\"},\"headline\":\"Raduno per l\u2019Accademia del volley giovanile di Puglia\",\"datePublished\":\"2015-09-10T10:49:43+00:00\",\"mainEntityOfPage\":{\"@id\":\"https:\\\/\\\/www.materdominivolley.it\\\/home\\\/2015\\\/09\\\/10\\\/raduno-per-laccademia-del-volley-giovanile-di-puglia\\\/\"},\"wordCount\":286,\"commentCount\":0,\"publisher\":{\"@id\":\"https:\\\/\\\/www.materdominivolley.it\\\/home\\\/#organization\"},\"image\":{\"@id\":\"https:\\\/\\\/www.materdominivolley.it\\\/home\\\/2015\\\/09\\\/10\\\/raduno-per-laccademia-del-volley-giovanile-di-puglia\\\/#primaryimage\"},\"thumbnailUrl\":\"https:\\\/\\\/www.materdominivolley.it\\\/home\\\/wp-content\\\/uploads\\\/2019\\\/09\\\/raduno_accademia_2015.jpg\",\"articleSection\":[\"Accademia\"],\"inLanguage\":\"it-IT\",\"potentialAction\":[{\"@type\":\"CommentAction\",\"name\":\"Comment\",\"target\":[\"https:\\\/\\\/www.materdominivolley.it\\\/home\\\/2015\\\/09\\\/10\\\/raduno-per-laccademia-del-volley-giovanile-di-puglia\\\/#respond\"]}]},{\"@type\":\"WebPage\",\"@id\":\"https:\\\/\\\/www.materdominivolley.it\\\/home\\\/2015\\\/09\\\/10\\\/raduno-per-laccademia-del-volley-giovanile-di-puglia\\\/\",\"url\":\"https:\\\/\\\/www.materdominivolley.it\\\/home\\\/2015\\\/09\\\/10\\\/raduno-per-laccademia-del-volley-giovanile-di-puglia\\\/\",\"name\":\"Raduno per l\u2019Accademia del volley giovanile di Puglia - materdominivolley\",\"isPartOf\":{\"@id\":\"https:\\\/\\\/www.materdominivolley.it\\\/home\\\/#website\"},\"primaryImageOfPage\":{\"@id\":\"https:\\\/\\\/www.materdominivolley.it\\\/home\\\/2015\\\/09\\\/10\\\/raduno-per-laccademia-del-volley-giovanile-di-puglia\\\/#primaryimage\"},\"image\":{\"@id\":\"https:\\\/\\\/www.materdominivolley.it\\\/home\\\/2015\\\/09\\\/10\\\/raduno-per-laccademia-del-volley-giovanile-di-puglia\\\/#primaryimage\"},\"thumbnailUrl\":\"https:\\\/\\\/www.materdominivolley.it\\\/home\\\/wp-content\\\/uploads\\\/2019\\\/09\\\/raduno_accademia_2015.jpg\",\"datePublished\":\"2015-09-10T10:49:43+00:00\",\"breadcrumb\":{\"@id\":\"https:\\\/\\\/www.materdominivolley.it\\\/home\\\/2015\\\/09\\\/10\\\/raduno-per-laccademia-del-volley-giovanile-di-puglia\\\/#breadcrumb\"},\"inLanguage\":\"it-IT\",\"potentialAction\":[{\"@type\":\"ReadAction\",\"target\":[\"https:\\\/\\\/www.materdominivolley.it\\\/home\\\/2015\\\/09\\\/10\\\/raduno-per-laccademia-del-volley-giovanile-di-puglia\\\/\"]}]},{\"@type\":\"ImageObject\",\"inLanguage\":\"it-IT\",\"@id\":\"https:\\\/\\\/www.materdominivolley.it\\\/home\\\/2015\\\/09\\\/10\\\/raduno-per-laccademia-del-volley-giovanile-di-puglia\\\/#primaryimage\",\"url\":\"https:\\\/\\\/www.materdominivolley.it\\\/home\\\/wp-content\\\/uploads\\\/2019\\\/09\\\/raduno_accademia_2015.jpg\",\"contentUrl\":\"https:\\\/\\\/www.materdominivolley.it\\\/home\\\/wp-content\\\/uploads\\\/2019\\\/09\\\/raduno_accademia_2015.jpg\",\"width\":1300,\"height\":531},{\"@type\":\"BreadcrumbList\",\"@id\":\"https:\\\/\\\/www.materdominivolley.it\\\/home\\\/2015\\\/09\\\/10\\\/raduno-per-laccademia-del-volley-giovanile-di-puglia\\\/#breadcrumb\",\"itemListElement\":[{\"@type\":\"ListItem\",\"position\":1,\"name\":\"Home\",\"item\":\"https:\\\/\\\/www.materdominivolley.it\\\/home\\\/\"},{\"@type\":\"ListItem\",\"position\":2,\"name\":\"Raduno per l\u2019Accademia del volley giovanile di Puglia\"}]},{\"@type\":\"WebSite\",\"@id\":\"https:\\\/\\\/www.materdominivolley.it\\\/home\\\/#website\",\"url\":\"https:\\\/\\\/www.materdominivolley.it\\\/home\\\/\",\"name\":\"materdominivolley\",\"description\":\"\",\"publisher\":{\"@id\":\"https:\\\/\\\/www.materdominivolley.it\\\/home\\\/#organization\"},\"potentialAction\":[{\"@type\":\"SearchAction\",\"target\":{\"@type\":\"EntryPoint\",\"urlTemplate\":\"https:\\\/\\\/www.materdominivolley.it\\\/home\\\/?s={search_term_string}\"},\"query-input\":{\"@type\":\"PropertyValueSpecification\",\"valueRequired\":true,\"valueName\":\"search_term_string\"}}],\"inLanguage\":\"it-IT\"},{\"@type\":\"Organization\",\"@id\":\"https:\\\/\\\/www.materdominivolley.it\\\/home\\\/#organization\",\"name\":\"Materdominivolley.it\",\"url\":\"https:\\\/\\\/www.materdominivolley.it\\\/home\\\/\",\"logo\":{\"@type\":\"ImageObject\",\"inLanguage\":\"it-IT\",\"@id\":\"https:\\\/\\\/www.materdominivolley.it\\\/home\\\/#\\\/schema\\\/logo\\\/image\\\/\",\"url\":\"https:\\\/\\\/www.materdominivolley.it\\\/home\\\/wp-content\\\/uploads\\\/2019\\\/10\\\/Senza-titolo-1-2.png\",\"contentUrl\":\"https:\\\/\\\/www.materdominivolley.it\\\/home\\\/wp-content\\\/uploads\\\/2019\\\/10\\\/Senza-titolo-1-2.png\",\"width\":180,\"height\":250,\"caption\":\"Materdominivolley.it\"},\"image\":{\"@id\":\"https:\\\/\\\/www.materdominivolley.it\\\/home\\\/#\\\/schema\\\/logo\\\/image\\\/\"},\"sameAs\":[\"https:\\\/\\\/www.facebook.com\\\/materdominivolleyit\\\/\"]},{\"@type\":\"Person\",\"@id\":\"https:\\\/\\\/www.materdominivolley.it\\\/home\\\/#\\\/schema\\\/person\\\/86961330b970aecf0b9729df84069339\",\"name\":\"admin-mater\",\"image\":{\"@type\":\"ImageObject\",\"inLanguage\":\"it-IT\",\"@id\":\"https:\\\/\\\/secure.gravatar.com\\\/avatar\\\/71d088b9255aa52813637243630e63af9ffd99251cfb71c8536f2d3794cac08e?s=96&d=mm&r=g\",\"url\":\"https:\\\/\\\/secure.gravatar.com\\\/avatar\\\/71d088b9255aa52813637243630e63af9ffd99251cfb71c8536f2d3794cac08e?s=96&d=mm&r=g\",\"contentUrl\":\"https:\\\/\\\/secure.gravatar.com\\\/avatar\\\/71d088b9255aa52813637243630e63af9ffd99251cfb71c8536f2d3794cac08e?s=96&d=mm&r=g\",\"caption\":\"admin-mater\"},\"url\":\"https:\\\/\\\/www.materdominivolley.it\\\/home\\\/author\\\/admin-mater\\\/\"}]}<\/script>\n<!-- \/ Yoast SEO plugin. -->","yoast_head_json":{"title":"Raduno per l\u2019Accademia del volley giovanile di Puglia - materdominivolley","robots":{"index":"index","follow":"follow","max-snippet":"max-snippet:-1","max-image-preview":"max-image-preview:large","max-video-preview":"max-video-preview:-1"},"canonical":"https:\/\/www.materdominivolley.it\/home\/2015\/09\/10\/raduno-per-laccademia-del-volley-giovanile-di-puglia\/","og_locale":"it_IT","og_type":"article","og_title":"Raduno per l\u2019Accademia del volley giovanile di Puglia - materdominivolley","og_description":"Si riparte dallo scudetto under 15. Miccolis e Fanizza accolgono quasi 30 ragazzi, tra nuovi e conferme. Il presidente: \u201cSentiamo forte il senso della responsabilit\u00e0 di far crescere correttamente i vostri figli dal punto di vista sportivo e non solo\"","og_url":"https:\/\/www.materdominivolley.it\/home\/2015\/09\/10\/raduno-per-laccademia-del-volley-giovanile-di-puglia\/","og_site_name":"materdominivolley","article_publisher":"https:\/\/www.facebook.com\/materdominivolleyit\/","article_published_time":"2015-09-10T10:49:43+00:00","og_image":[{"width":1300,"height":531,"url":"https:\/\/www.materdominivolley.it\/home\/wp-content\/uploads\/2019\/09\/raduno_accademia_2015.jpg","type":"image\/jpeg"}],"author":"admin-mater","twitter_card":"summary_large_image","twitter_misc":{"Scritto da":"admin-mater","Tempo di lettura stimato":"1 minuto"},"schema":{"@context":"https:\/\/schema.org","@graph":[{"@type":"Article","@id":"https:\/\/www.materdominivolley.it\/home\/2015\/09\/10\/raduno-per-laccademia-del-volley-giovanile-di-puglia\/#article","isPartOf":{"@id":"https:\/\/www.materdominivolley.it\/home\/2015\/09\/10\/raduno-per-laccademia-del-volley-giovanile-di-puglia\/"},"author":{"name":"admin-mater","@id":"https:\/\/www.materdominivolley.it\/home\/#\/schema\/person\/86961330b970aecf0b9729df84069339"},"headline":"Raduno per l\u2019Accademia del volley giovanile di Puglia","datePublished":"2015-09-10T10:49:43+00:00","mainEntityOfPage":{"@id":"https:\/\/www.materdominivolley.it\/home\/2015\/09\/10\/raduno-per-laccademia-del-volley-giovanile-di-puglia\/"},"wordCount":286,"commentCount":0,"publisher":{"@id":"https:\/\/www.materdominivolley.it\/home\/#organization"},"image":{"@id":"https:\/\/www.materdominivolley.it\/home\/2015\/09\/10\/raduno-per-laccademia-del-volley-giovanile-di-puglia\/#primaryimage"},"thumbnailUrl":"https:\/\/www.materdominivolley.it\/home\/wp-content\/uploads\/2019\/09\/raduno_accademia_2015.jpg","articleSection":["Accademia"],"inLanguage":"it-IT","potentialAction":[{"@type":"CommentAction","name":"Comment","target":["https:\/\/www.materdominivolley.it\/home\/2015\/09\/10\/raduno-per-laccademia-del-volley-giovanile-di-puglia\/#respond"]}]},{"@type":"WebPage","@id":"https:\/\/www.materdominivolley.it\/home\/2015\/09\/10\/raduno-per-laccademia-del-volley-giovanile-di-puglia\/","url":"https:\/\/www.materdominivolley.it\/home\/2015\/09\/10\/raduno-per-laccademia-del-volley-giovanile-di-puglia\/","name":"Raduno per l\u2019Accademia del volley giovanile di Puglia - materdominivolley","isPartOf":{"@id":"https:\/\/www.materdominivolley.it\/home\/#website"},"primaryImageOfPage":{"@id":"https:\/\/www.materdominivolley.it\/home\/2015\/09\/10\/raduno-per-laccademia-del-volley-giovanile-di-puglia\/#primaryimage"},"image":{"@id":"https:\/\/www.materdominivolley.it\/home\/2015\/09\/10\/raduno-per-laccademia-del-volley-giovanile-di-puglia\/#primaryimage"},"thumbnailUrl":"https:\/\/www.materdominivolley.it\/home\/wp-content\/uploads\/2019\/09\/raduno_accademia_2015.jpg","datePublished":"2015-09-10T10:49:43+00:00","breadcrumb":{"@id":"https:\/\/www.materdominivolley.it\/home\/2015\/09\/10\/raduno-per-laccademia-del-volley-giovanile-di-puglia\/#breadcrumb"},"inLanguage":"it-IT","potentialAction":[{"@type":"ReadAction","target":["https:\/\/www.materdominivolley.it\/home\/2015\/09\/10\/raduno-per-laccademia-del-volley-giovanile-di-puglia\/"]}]},{"@type":"ImageObject","inLanguage":"it-IT","@id":"https:\/\/www.materdominivolley.it\/home\/2015\/09\/10\/raduno-per-laccademia-del-volley-giovanile-di-puglia\/#primaryimage","url":"https:\/\/www.materdominivolley.it\/home\/wp-content\/uploads\/2019\/09\/raduno_accademia_2015.jpg","contentUrl":"https:\/\/www.materdominivolley.it\/home\/wp-content\/uploads\/2019\/09\/raduno_accademia_2015.jpg","width":1300,"height":531},{"@type":"BreadcrumbList","@id":"https:\/\/www.materdominivolley.it\/home\/2015\/09\/10\/raduno-per-laccademia-del-volley-giovanile-di-puglia\/#breadcrumb","itemListElement":[{"@type":"ListItem","position":1,"name":"Home","item":"https:\/\/www.materdominivolley.it\/home\/"},{"@type":"ListItem","position":2,"name":"Raduno per l\u2019Accademia del volley giovanile di Puglia"}]},{"@type":"WebSite","@id":"https:\/\/www.materdominivolley.it\/home\/#website","url":"https:\/\/www.materdominivolley.it\/home\/","name":"materdominivolley","description":"","publisher":{"@id":"https:\/\/www.materdominivolley.it\/home\/#organization"},"potentialAction":[{"@type":"SearchAction","target":{"@type":"EntryPoint","urlTemplate":"https:\/\/www.materdominivolley.it\/home\/?s={search_term_string}"},"query-input":{"@type":"PropertyValueSpecification","valueRequired":true,"valueName":"search_term_string"}}],"inLanguage":"it-IT"},{"@type":"Organization","@id":"https:\/\/www.materdominivolley.it\/home\/#organization","name":"Materdominivolley.it","url":"https:\/\/www.materdominivolley.it\/home\/","logo":{"@type":"ImageObject","inLanguage":"it-IT","@id":"https:\/\/www.materdominivolley.it\/home\/#\/schema\/logo\/image\/","url":"https:\/\/www.materdominivolley.it\/home\/wp-content\/uploads\/2019\/10\/Senza-titolo-1-2.png","contentUrl":"https:\/\/www.materdominivolley.it\/home\/wp-content\/uploads\/2019\/10\/Senza-titolo-1-2.png","width":180,"height":250,"caption":"Materdominivolley.it"},"image":{"@id":"https:\/\/www.materdominivolley.it\/home\/#\/schema\/logo\/image\/"},"sameAs":["https:\/\/www.facebook.com\/materdominivolleyit\/"]},{"@type":"Person","@id":"https:\/\/www.materdominivolley.it\/home\/#\/schema\/person\/86961330b970aecf0b9729df84069339","name":"admin-mater","image":{"@type":"ImageObject","inLanguage":"it-IT","@id":"https:\/\/secure.gravatar.com\/avatar\/71d088b9255aa52813637243630e63af9ffd99251cfb71c8536f2d3794cac08e?s=96&d=mm&r=g","url":"https:\/\/secure.gravatar.com\/avatar\/71d088b9255aa52813637243630e63af9ffd99251cfb71c8536f2d3794cac08e?s=96&d=mm&r=g","contentUrl":"https:\/\/secure.gravatar.com\/avatar\/71d088b9255aa52813637243630e63af9ffd99251cfb71c8536f2d3794cac08e?s=96&d=mm&r=g","caption":"admin-mater"},"url":"https:\/\/www.materdominivolley.it\/home\/author\/admin-mater\/"}]}},"_links":{"self":[{"href":"https:\/\/www.materdominivolley.it\/home\/wp-json\/wp\/v2\/posts\/1144","targetHints":{"allow":["GET"]}}],"collection":[{"href":"https:\/\/www.materdominivolley.it\/home\/wp-json\/wp\/v2\/posts"}],"about":[{"href":"https:\/\/www.materdominivolley.it\/home\/wp-json\/wp\/v2\/types\/post"}],"author":[{"embeddable":true,"href":"https:\/\/www.materdominivolley.it\/home\/wp-json\/wp\/v2\/users\/1"}],"replies":[{"embeddable":true,"href":"https:\/\/www.materdominivolley.it\/home\/wp-json\/wp\/v2\/comments?post=1144"}],"version-history":[{"count":0,"href":"https:\/\/www.materdominivolley.it\/home\/wp-json\/wp\/v2\/posts\/1144\/revisions"}],"wp:featuredmedia":[{"embeddable":true,"href":"https:\/\/www.materdominivolley.it\/home\/wp-json\/wp\/v2\/media\/1145"}],"wp:attachment":[{"href":"https:\/\/www.materdominivolley.it\/home\/wp-json\/wp\/v2\/media?parent=1144"}],"wp:term":[{"taxonomy":"category","embeddable":true,"href":"https:\/\/www.materdominivolley.it\/home\/wp-json\/wp\/v2\/categories?post=1144"},{"taxonomy":"post_tag","embeddable":true,"href":"https:\/\/www.materdominivolley.it\/home\/wp-json\/wp\/v2\/tags?post=1144"}],"curies":[{"name":"wp","href":"https:\/\/api.w.org\/{rel}","templated":true}]}}