{"id":1148,"date":"2015-09-10T11:38:33","date_gmt":"2015-09-10T09:38:33","guid":{"rendered":"https:\/\/www.materdominivolley.it\/home\/2015\/09\/10\/dal-raduno-ai-primi-test-fisici\/"},"modified":"2015-09-10T11:38:33","modified_gmt":"2015-09-10T09:38:33","slug":"dal-raduno-ai-primi-test-fisici","status":"publish","type":"post","link":"https:\/\/www.materdominivolley.it\/home\/2015\/09\/10\/dal-raduno-ai-primi-test-fisici\/","title":{"rendered":"Dal raduno ai primi test fisici"},"content":{"rendered":"\n        <p>\n\tSono stati il presidente <strong>Michele Miccolis<\/strong> e il direttore sportivo <strong>Vito Primavera<\/strong> ad inaugurare la decima annata di serie A della <strong>Materdominivolley.it Castellana Grotte<\/strong>, radunatasi ieri, luned\u00ec 31 agosto, in apertura della stagione 2015\/2016 e in vista del campionato nazionale serie A2 Unipolsai di pallavolo maschile.<br \/>\n\t<br \/>\n\tE\u2019 partita cos\u00ec con il tradizionale incontro tra societ\u00e0, tecnici e dirigenti nella sede di via Sonnino una nuova avventura giallobl\u00f9: cinque i volti nuovi della prima squadra (Bonetti, Tamburo, Tartaglione, Bulfon e Scopelliti), sei le conferme (Pedron, Latorre, Alessandro Primavera, Nero, Deserio e il neo capitano <strong>Alessandro Giosa<\/strong>), tre i ragazzi promossi dal settore giovanile (Ntotila, Gargiulo e Ratano). Tutti affidati ad un staff tecnico confermato e guidato da <strong>Vincenzo Fanizza<\/strong>, al suo nono anno a Castellana.<br \/>\n\t<br \/>\n\tQuesta mattina, marted\u00ec 1 settembre, primi test fisici nella pancia del PalaGrotte. Ad eseguirli, come di consueto da qualche anno a questa parte, le mani esperte del preparatore atletico <strong>Luigi Ditano<\/strong> e della fisioterapista <strong>Angela Amodio<\/strong>. Nel pomeriggio il via alla preparazione atletica con le prime sedute sul gommato del PalaGrotte e poi altre suddivise tra Piscina Comunale e Palestra Finix.<br \/>\n\t<br \/>\n\tUlteriori informazioni sul sito <strong>www.materdominivolley.it<\/strong> e sui canali sociali della societ\u00e0 su <strong>facebook<\/strong>, <strong>twitter<\/strong> e <strong>instagram<\/strong>.<\/p>\n        ","protected":false},"excerpt":{"rendered":"<p><!-- wp:paragraph --><br \/>\n        Ieri tradizionale incontro in sede tra societ\u00e0, tecnici e atleti. Oggi al lavoro al PalaGrotte con i test del preparatore atletico Luigi Ditano.<br \/>\n        <!-- \/wp:paragraph --><\/p>\n","protected":false},"author":1,"featured_media":1149,"comment_status":"open","ping_status":"closed","sticky":false,"template":"","format":"standard","meta":{"footnotes":""},"categories":[13],"tags":[],"class_list":["post-1148","post","type-post","status-publish","format-standard","has-post-thumbnail","hentry","category-serie-a2"],"yoast_head":"<!-- This site is optimized with the Yoast SEO plugin v27.4 - https:\/\/yoast.com\/product\/yoast-seo-wordpress\/ -->\n<title>Dal raduno ai primi test fisici - materdominivolley<\/title>\n<meta name=\"robots\" content=\"index, follow, max-snippet:-1, max-image-preview:large, max-video-preview:-1\" \/>\n<link rel=\"canonical\" href=\"https:\/\/www.materdominivolley.it\/home\/2015\/09\/10\/dal-raduno-ai-primi-test-fisici\/\" \/>\n<meta property=\"og:locale\" content=\"it_IT\" \/>\n<meta property=\"og:type\" content=\"article\" \/>\n<meta property=\"og:title\" content=\"Dal raduno ai primi test fisici - materdominivolley\" \/>\n<meta property=\"og:description\" content=\"Ieri tradizionale incontro in sede tra societ\u00e0, tecnici e atleti. Oggi al lavoro al PalaGrotte con i test del preparatore atletico Luigi Ditano.\" \/>\n<meta property=\"og:url\" content=\"https:\/\/www.materdominivolley.it\/home\/2015\/09\/10\/dal-raduno-ai-primi-test-fisici\/\" \/>\n<meta property=\"og:site_name\" content=\"materdominivolley\" \/>\n<meta property=\"article:publisher\" content=\"https:\/\/www.facebook.com\/materdominivolleyit\/\" \/>\n<meta property=\"article:published_time\" content=\"2015-09-10T09:38:33+00:00\" \/>\n<meta property=\"og:image\" content=\"https:\/\/www.materdominivolley.it\/home\/wp-content\/uploads\/2019\/09\/mater_testfisici.jpg\" \/>\n\t<meta property=\"og:image:width\" content=\"1300\" \/>\n\t<meta property=\"og:image:height\" content=\"531\" \/>\n\t<meta property=\"og:image:type\" content=\"image\/jpeg\" \/>\n<meta name=\"author\" content=\"admin-mater\" \/>\n<meta name=\"twitter:card\" content=\"summary_large_image\" \/>\n<meta name=\"twitter:label1\" content=\"Scritto da\" \/>\n\t<meta name=\"twitter:data1\" content=\"admin-mater\" \/>\n\t<meta name=\"twitter:label2\" content=\"Tempo di lettura stimato\" \/>\n\t<meta name=\"twitter:data2\" content=\"1 minuto\" \/>\n<script type=\"application\/ld+json\" class=\"yoast-schema-graph\">{\"@context\":\"https:\\\/\\\/schema.org\",\"@graph\":[{\"@type\":\"Article\",\"@id\":\"https:\\\/\\\/www.materdominivolley.it\\\/home\\\/2015\\\/09\\\/10\\\/dal-raduno-ai-primi-test-fisici\\\/#article\",\"isPartOf\":{\"@id\":\"https:\\\/\\\/www.materdominivolley.it\\\/home\\\/2015\\\/09\\\/10\\\/dal-raduno-ai-primi-test-fisici\\\/\"},\"author\":{\"name\":\"admin-mater\",\"@id\":\"https:\\\/\\\/www.materdominivolley.it\\\/home\\\/#\\\/schema\\\/person\\\/86961330b970aecf0b9729df84069339\"},\"headline\":\"Dal raduno ai primi test fisici\",\"datePublished\":\"2015-09-10T09:38:33+00:00\",\"mainEntityOfPage\":{\"@id\":\"https:\\\/\\\/www.materdominivolley.it\\\/home\\\/2015\\\/09\\\/10\\\/dal-raduno-ai-primi-test-fisici\\\/\"},\"wordCount\":207,\"commentCount\":0,\"publisher\":{\"@id\":\"https:\\\/\\\/www.materdominivolley.it\\\/home\\\/#organization\"},\"image\":{\"@id\":\"https:\\\/\\\/www.materdominivolley.it\\\/home\\\/2015\\\/09\\\/10\\\/dal-raduno-ai-primi-test-fisici\\\/#primaryimage\"},\"thumbnailUrl\":\"https:\\\/\\\/www.materdominivolley.it\\\/home\\\/wp-content\\\/uploads\\\/2019\\\/09\\\/mater_testfisici.jpg\",\"articleSection\":[\"Serie A2\"],\"inLanguage\":\"it-IT\",\"potentialAction\":[{\"@type\":\"CommentAction\",\"name\":\"Comment\",\"target\":[\"https:\\\/\\\/www.materdominivolley.it\\\/home\\\/2015\\\/09\\\/10\\\/dal-raduno-ai-primi-test-fisici\\\/#respond\"]}]},{\"@type\":\"WebPage\",\"@id\":\"https:\\\/\\\/www.materdominivolley.it\\\/home\\\/2015\\\/09\\\/10\\\/dal-raduno-ai-primi-test-fisici\\\/\",\"url\":\"https:\\\/\\\/www.materdominivolley.it\\\/home\\\/2015\\\/09\\\/10\\\/dal-raduno-ai-primi-test-fisici\\\/\",\"name\":\"Dal raduno ai primi test fisici - materdominivolley\",\"isPartOf\":{\"@id\":\"https:\\\/\\\/www.materdominivolley.it\\\/home\\\/#website\"},\"primaryImageOfPage\":{\"@id\":\"https:\\\/\\\/www.materdominivolley.it\\\/home\\\/2015\\\/09\\\/10\\\/dal-raduno-ai-primi-test-fisici\\\/#primaryimage\"},\"image\":{\"@id\":\"https:\\\/\\\/www.materdominivolley.it\\\/home\\\/2015\\\/09\\\/10\\\/dal-raduno-ai-primi-test-fisici\\\/#primaryimage\"},\"thumbnailUrl\":\"https:\\\/\\\/www.materdominivolley.it\\\/home\\\/wp-content\\\/uploads\\\/2019\\\/09\\\/mater_testfisici.jpg\",\"datePublished\":\"2015-09-10T09:38:33+00:00\",\"breadcrumb\":{\"@id\":\"https:\\\/\\\/www.materdominivolley.it\\\/home\\\/2015\\\/09\\\/10\\\/dal-raduno-ai-primi-test-fisici\\\/#breadcrumb\"},\"inLanguage\":\"it-IT\",\"potentialAction\":[{\"@type\":\"ReadAction\",\"target\":[\"https:\\\/\\\/www.materdominivolley.it\\\/home\\\/2015\\\/09\\\/10\\\/dal-raduno-ai-primi-test-fisici\\\/\"]}]},{\"@type\":\"ImageObject\",\"inLanguage\":\"it-IT\",\"@id\":\"https:\\\/\\\/www.materdominivolley.it\\\/home\\\/2015\\\/09\\\/10\\\/dal-raduno-ai-primi-test-fisici\\\/#primaryimage\",\"url\":\"https:\\\/\\\/www.materdominivolley.it\\\/home\\\/wp-content\\\/uploads\\\/2019\\\/09\\\/mater_testfisici.jpg\",\"contentUrl\":\"https:\\\/\\\/www.materdominivolley.it\\\/home\\\/wp-content\\\/uploads\\\/2019\\\/09\\\/mater_testfisici.jpg\",\"width\":1300,\"height\":531},{\"@type\":\"BreadcrumbList\",\"@id\":\"https:\\\/\\\/www.materdominivolley.it\\\/home\\\/2015\\\/09\\\/10\\\/dal-raduno-ai-primi-test-fisici\\\/#breadcrumb\",\"itemListElement\":[{\"@type\":\"ListItem\",\"position\":1,\"name\":\"Home\",\"item\":\"https:\\\/\\\/www.materdominivolley.it\\\/home\\\/\"},{\"@type\":\"ListItem\",\"position\":2,\"name\":\"Dal raduno ai primi test fisici\"}]},{\"@type\":\"WebSite\",\"@id\":\"https:\\\/\\\/www.materdominivolley.it\\\/home\\\/#website\",\"url\":\"https:\\\/\\\/www.materdominivolley.it\\\/home\\\/\",\"name\":\"materdominivolley\",\"description\":\"\",\"publisher\":{\"@id\":\"https:\\\/\\\/www.materdominivolley.it\\\/home\\\/#organization\"},\"potentialAction\":[{\"@type\":\"SearchAction\",\"target\":{\"@type\":\"EntryPoint\",\"urlTemplate\":\"https:\\\/\\\/www.materdominivolley.it\\\/home\\\/?s={search_term_string}\"},\"query-input\":{\"@type\":\"PropertyValueSpecification\",\"valueRequired\":true,\"valueName\":\"search_term_string\"}}],\"inLanguage\":\"it-IT\"},{\"@type\":\"Organization\",\"@id\":\"https:\\\/\\\/www.materdominivolley.it\\\/home\\\/#organization\",\"name\":\"Materdominivolley.it\",\"url\":\"https:\\\/\\\/www.materdominivolley.it\\\/home\\\/\",\"logo\":{\"@type\":\"ImageObject\",\"inLanguage\":\"it-IT\",\"@id\":\"https:\\\/\\\/www.materdominivolley.it\\\/home\\\/#\\\/schema\\\/logo\\\/image\\\/\",\"url\":\"https:\\\/\\\/www.materdominivolley.it\\\/home\\\/wp-content\\\/uploads\\\/2019\\\/10\\\/Senza-titolo-1-2.png\",\"contentUrl\":\"https:\\\/\\\/www.materdominivolley.it\\\/home\\\/wp-content\\\/uploads\\\/2019\\\/10\\\/Senza-titolo-1-2.png\",\"width\":180,\"height\":250,\"caption\":\"Materdominivolley.it\"},\"image\":{\"@id\":\"https:\\\/\\\/www.materdominivolley.it\\\/home\\\/#\\\/schema\\\/logo\\\/image\\\/\"},\"sameAs\":[\"https:\\\/\\\/www.facebook.com\\\/materdominivolleyit\\\/\"]},{\"@type\":\"Person\",\"@id\":\"https:\\\/\\\/www.materdominivolley.it\\\/home\\\/#\\\/schema\\\/person\\\/86961330b970aecf0b9729df84069339\",\"name\":\"admin-mater\",\"image\":{\"@type\":\"ImageObject\",\"inLanguage\":\"it-IT\",\"@id\":\"https:\\\/\\\/secure.gravatar.com\\\/avatar\\\/71d088b9255aa52813637243630e63af9ffd99251cfb71c8536f2d3794cac08e?s=96&d=mm&r=g\",\"url\":\"https:\\\/\\\/secure.gravatar.com\\\/avatar\\\/71d088b9255aa52813637243630e63af9ffd99251cfb71c8536f2d3794cac08e?s=96&d=mm&r=g\",\"contentUrl\":\"https:\\\/\\\/secure.gravatar.com\\\/avatar\\\/71d088b9255aa52813637243630e63af9ffd99251cfb71c8536f2d3794cac08e?s=96&d=mm&r=g\",\"caption\":\"admin-mater\"},\"url\":\"https:\\\/\\\/www.materdominivolley.it\\\/home\\\/author\\\/admin-mater\\\/\"}]}<\/script>\n<!-- \/ Yoast SEO plugin. -->","yoast_head_json":{"title":"Dal raduno ai primi test fisici - materdominivolley","robots":{"index":"index","follow":"follow","max-snippet":"max-snippet:-1","max-image-preview":"max-image-preview:large","max-video-preview":"max-video-preview:-1"},"canonical":"https:\/\/www.materdominivolley.it\/home\/2015\/09\/10\/dal-raduno-ai-primi-test-fisici\/","og_locale":"it_IT","og_type":"article","og_title":"Dal raduno ai primi test fisici - materdominivolley","og_description":"Ieri tradizionale incontro in sede tra societ\u00e0, tecnici e atleti. Oggi al lavoro al PalaGrotte con i test del preparatore atletico Luigi Ditano.","og_url":"https:\/\/www.materdominivolley.it\/home\/2015\/09\/10\/dal-raduno-ai-primi-test-fisici\/","og_site_name":"materdominivolley","article_publisher":"https:\/\/www.facebook.com\/materdominivolleyit\/","article_published_time":"2015-09-10T09:38:33+00:00","og_image":[{"width":1300,"height":531,"url":"https:\/\/www.materdominivolley.it\/home\/wp-content\/uploads\/2019\/09\/mater_testfisici.jpg","type":"image\/jpeg"}],"author":"admin-mater","twitter_card":"summary_large_image","twitter_misc":{"Scritto da":"admin-mater","Tempo di lettura stimato":"1 minuto"},"schema":{"@context":"https:\/\/schema.org","@graph":[{"@type":"Article","@id":"https:\/\/www.materdominivolley.it\/home\/2015\/09\/10\/dal-raduno-ai-primi-test-fisici\/#article","isPartOf":{"@id":"https:\/\/www.materdominivolley.it\/home\/2015\/09\/10\/dal-raduno-ai-primi-test-fisici\/"},"author":{"name":"admin-mater","@id":"https:\/\/www.materdominivolley.it\/home\/#\/schema\/person\/86961330b970aecf0b9729df84069339"},"headline":"Dal raduno ai primi test fisici","datePublished":"2015-09-10T09:38:33+00:00","mainEntityOfPage":{"@id":"https:\/\/www.materdominivolley.it\/home\/2015\/09\/10\/dal-raduno-ai-primi-test-fisici\/"},"wordCount":207,"commentCount":0,"publisher":{"@id":"https:\/\/www.materdominivolley.it\/home\/#organization"},"image":{"@id":"https:\/\/www.materdominivolley.it\/home\/2015\/09\/10\/dal-raduno-ai-primi-test-fisici\/#primaryimage"},"thumbnailUrl":"https:\/\/www.materdominivolley.it\/home\/wp-content\/uploads\/2019\/09\/mater_testfisici.jpg","articleSection":["Serie A2"],"inLanguage":"it-IT","potentialAction":[{"@type":"CommentAction","name":"Comment","target":["https:\/\/www.materdominivolley.it\/home\/2015\/09\/10\/dal-raduno-ai-primi-test-fisici\/#respond"]}]},{"@type":"WebPage","@id":"https:\/\/www.materdominivolley.it\/home\/2015\/09\/10\/dal-raduno-ai-primi-test-fisici\/","url":"https:\/\/www.materdominivolley.it\/home\/2015\/09\/10\/dal-raduno-ai-primi-test-fisici\/","name":"Dal raduno ai primi test fisici - materdominivolley","isPartOf":{"@id":"https:\/\/www.materdominivolley.it\/home\/#website"},"primaryImageOfPage":{"@id":"https:\/\/www.materdominivolley.it\/home\/2015\/09\/10\/dal-raduno-ai-primi-test-fisici\/#primaryimage"},"image":{"@id":"https:\/\/www.materdominivolley.it\/home\/2015\/09\/10\/dal-raduno-ai-primi-test-fisici\/#primaryimage"},"thumbnailUrl":"https:\/\/www.materdominivolley.it\/home\/wp-content\/uploads\/2019\/09\/mater_testfisici.jpg","datePublished":"2015-09-10T09:38:33+00:00","breadcrumb":{"@id":"https:\/\/www.materdominivolley.it\/home\/2015\/09\/10\/dal-raduno-ai-primi-test-fisici\/#breadcrumb"},"inLanguage":"it-IT","potentialAction":[{"@type":"ReadAction","target":["https:\/\/www.materdominivolley.it\/home\/2015\/09\/10\/dal-raduno-ai-primi-test-fisici\/"]}]},{"@type":"ImageObject","inLanguage":"it-IT","@id":"https:\/\/www.materdominivolley.it\/home\/2015\/09\/10\/dal-raduno-ai-primi-test-fisici\/#primaryimage","url":"https:\/\/www.materdominivolley.it\/home\/wp-content\/uploads\/2019\/09\/mater_testfisici.jpg","contentUrl":"https:\/\/www.materdominivolley.it\/home\/wp-content\/uploads\/2019\/09\/mater_testfisici.jpg","width":1300,"height":531},{"@type":"BreadcrumbList","@id":"https:\/\/www.materdominivolley.it\/home\/2015\/09\/10\/dal-raduno-ai-primi-test-fisici\/#breadcrumb","itemListElement":[{"@type":"ListItem","position":1,"name":"Home","item":"https:\/\/www.materdominivolley.it\/home\/"},{"@type":"ListItem","position":2,"name":"Dal raduno ai primi test fisici"}]},{"@type":"WebSite","@id":"https:\/\/www.materdominivolley.it\/home\/#website","url":"https:\/\/www.materdominivolley.it\/home\/","name":"materdominivolley","description":"","publisher":{"@id":"https:\/\/www.materdominivolley.it\/home\/#organization"},"potentialAction":[{"@type":"SearchAction","target":{"@type":"EntryPoint","urlTemplate":"https:\/\/www.materdominivolley.it\/home\/?s={search_term_string}"},"query-input":{"@type":"PropertyValueSpecification","valueRequired":true,"valueName":"search_term_string"}}],"inLanguage":"it-IT"},{"@type":"Organization","@id":"https:\/\/www.materdominivolley.it\/home\/#organization","name":"Materdominivolley.it","url":"https:\/\/www.materdominivolley.it\/home\/","logo":{"@type":"ImageObject","inLanguage":"it-IT","@id":"https:\/\/www.materdominivolley.it\/home\/#\/schema\/logo\/image\/","url":"https:\/\/www.materdominivolley.it\/home\/wp-content\/uploads\/2019\/10\/Senza-titolo-1-2.png","contentUrl":"https:\/\/www.materdominivolley.it\/home\/wp-content\/uploads\/2019\/10\/Senza-titolo-1-2.png","width":180,"height":250,"caption":"Materdominivolley.it"},"image":{"@id":"https:\/\/www.materdominivolley.it\/home\/#\/schema\/logo\/image\/"},"sameAs":["https:\/\/www.facebook.com\/materdominivolleyit\/"]},{"@type":"Person","@id":"https:\/\/www.materdominivolley.it\/home\/#\/schema\/person\/86961330b970aecf0b9729df84069339","name":"admin-mater","image":{"@type":"ImageObject","inLanguage":"it-IT","@id":"https:\/\/secure.gravatar.com\/avatar\/71d088b9255aa52813637243630e63af9ffd99251cfb71c8536f2d3794cac08e?s=96&d=mm&r=g","url":"https:\/\/secure.gravatar.com\/avatar\/71d088b9255aa52813637243630e63af9ffd99251cfb71c8536f2d3794cac08e?s=96&d=mm&r=g","contentUrl":"https:\/\/secure.gravatar.com\/avatar\/71d088b9255aa52813637243630e63af9ffd99251cfb71c8536f2d3794cac08e?s=96&d=mm&r=g","caption":"admin-mater"},"url":"https:\/\/www.materdominivolley.it\/home\/author\/admin-mater\/"}]}},"_links":{"self":[{"href":"https:\/\/www.materdominivolley.it\/home\/wp-json\/wp\/v2\/posts\/1148","targetHints":{"allow":["GET"]}}],"collection":[{"href":"https:\/\/www.materdominivolley.it\/home\/wp-json\/wp\/v2\/posts"}],"about":[{"href":"https:\/\/www.materdominivolley.it\/home\/wp-json\/wp\/v2\/types\/post"}],"author":[{"embeddable":true,"href":"https:\/\/www.materdominivolley.it\/home\/wp-json\/wp\/v2\/users\/1"}],"replies":[{"embeddable":true,"href":"https:\/\/www.materdominivolley.it\/home\/wp-json\/wp\/v2\/comments?post=1148"}],"version-history":[{"count":0,"href":"https:\/\/www.materdominivolley.it\/home\/wp-json\/wp\/v2\/posts\/1148\/revisions"}],"wp:featuredmedia":[{"embeddable":true,"href":"https:\/\/www.materdominivolley.it\/home\/wp-json\/wp\/v2\/media\/1149"}],"wp:attachment":[{"href":"https:\/\/www.materdominivolley.it\/home\/wp-json\/wp\/v2\/media?parent=1148"}],"wp:term":[{"taxonomy":"category","embeddable":true,"href":"https:\/\/www.materdominivolley.it\/home\/wp-json\/wp\/v2\/categories?post=1148"},{"taxonomy":"post_tag","embeddable":true,"href":"https:\/\/www.materdominivolley.it\/home\/wp-json\/wp\/v2\/tags?post=1148"}],"curies":[{"name":"wp","href":"https:\/\/api.w.org\/{rel}","templated":true}]}}