{"id":1153,"date":"2015-08-18T16:20:51","date_gmt":"2015-08-18T14:20:51","guid":{"rendered":"https:\/\/www.materdominivolley.it\/home\/2015\/08\/18\/accademia-sempre-piu-grande-ecco-la-serie-b2\/"},"modified":"2015-08-18T16:20:51","modified_gmt":"2015-08-18T14:20:51","slug":"accademia-sempre-piu-grande-ecco-la-serie-b2","status":"publish","type":"post","link":"https:\/\/www.materdominivolley.it\/home\/2015\/08\/18\/accademia-sempre-piu-grande-ecco-la-serie-b2\/","title":{"rendered":"Accademia sempre pi\u00f9 grande: ecco la serie B2"},"content":{"rendered":"\n        <p>\n\tNon solo lo <strong>scudetto under 15<\/strong> conquistato al termine dello scorso campionato, non solo le tre finali nazionali e i tre titoli regionali della passata stagione: continua a crescere l\u2019<strong>Accademia<\/strong> del volley giovanile di Puglia targata <strong>Materdominivolley.it Castellana Grotte<\/strong>.<br \/>\n\t<br \/>\n\tDa questa stagione, infatti, il progetto di settore giovanile del club del presidente <strong>Michele Miccolis<\/strong> raddoppia: oltre all\u2019iscrizione al campionato nazionale serie A2 Unipolsai, infatti, la Materdomini parteciper\u00e0 con una propria formazione anche al campionato nazionale serie B2 girone G.<br \/>\n\t<br \/>\n\tCon la pubblicazione degli organici e dei calendari della quarta serie nazionale, infatti, \u00e8 ufficiale la collaborazione tra Materdominivolley.it Castellana e <strong>Volley Club Locorotondo<\/strong>, societ\u00e0 solida e di tradizione che gi\u00e0 da due anni partecipa alla serie B2 (prima centrando i play off promozione, poi conquistando la salvezza). L\u2019obiettivo \u00e8 quello di sostenere e spingere il progetto Accademia, dando la possibilit\u00e0 ai migliori giovani atleti pugliesi di confrontarsi con un torneo nazionale. Un piano importante e di prospetto, con la Materdomini che ha scelto come partner il Locorotondo dopo averne valutato seriet\u00e0, competenza e capacit\u00e0 tecnico-organizzative.<br \/>\n\t<br \/>\n\tLa Materdomini torna cos\u00ec a partecipare ad un campionato di serie B2: l\u2019ultima volta fu nella stagione 2011\/2012, chiusa al settimo posto, prima della straordinaria cavalcata tra serie B1 e serie A2. Dal 5 maggio 2012 a Frascati al 17 ottobre 2015 in casa contro Marigliano.<br \/>\n\t<br \/>\n\t\u201cOgni stagione ci prefissiamo nuovi obiettivi &#8211; ha commentato Miccolis &#8211; Quest\u2019anno, d\u2019accordo con lo staff dirigenziale e tecnico, abbiamo voluto iscrivere una formazione della nostra Accademia ad una competizione nazionale, oltre che naturalmente alla serie A2. L\u2019occasione e anche l\u2019obiettivo \u00e8 quello di far crescere i tanti nostri tesserati su campi importanti, in partite dal tasso tecnico elevato, cos\u00ec che possano migliorare sempre pi\u00f9 costantemente\u201d.<\/p>\n        ","protected":false},"excerpt":{"rendered":"<p><!-- wp:paragraph --><br \/>\n        Ufficiale la collaborazione con il Volley Club Locorotondo: in serie B2 i migliori talenti del settore giovanile della Materdominivolley.it. Miccolis: &#8220;Li faremo migliorare in una competizione nazionale. L&#8217;Accademia, che gi\u00e0 aveva l&#8217;A2, cresce ancora&#8221;<br \/>\n        <!-- \/wp:paragraph --><\/p>\n","protected":false},"author":1,"featured_media":1154,"comment_status":"open","ping_status":"closed","sticky":false,"template":"","format":"standard","meta":{"footnotes":""},"categories":[26],"tags":[],"class_list":["post-1153","post","type-post","status-publish","format-standard","has-post-thumbnail","hentry","category-serie-b2"],"yoast_head":"<!-- This site is optimized with the Yoast SEO plugin v27.4 - https:\/\/yoast.com\/product\/yoast-seo-wordpress\/ -->\n<title>Accademia sempre pi\u00f9 grande: ecco la serie B2 - materdominivolley<\/title>\n<meta name=\"robots\" content=\"index, follow, max-snippet:-1, max-image-preview:large, max-video-preview:-1\" \/>\n<link rel=\"canonical\" href=\"https:\/\/www.materdominivolley.it\/home\/2015\/08\/18\/accademia-sempre-piu-grande-ecco-la-serie-b2\/\" \/>\n<meta property=\"og:locale\" content=\"it_IT\" \/>\n<meta property=\"og:type\" content=\"article\" \/>\n<meta property=\"og:title\" content=\"Accademia sempre pi\u00f9 grande: ecco la serie B2 - materdominivolley\" \/>\n<meta property=\"og:description\" content=\"Ufficiale la collaborazione con il Volley Club Locorotondo: in serie B2 i migliori talenti del settore giovanile della Materdominivolley.it. Miccolis: &quot;Li faremo migliorare in una competizione nazionale. L&#039;Accademia, che gi\u00e0 aveva l&#039;A2, cresce ancora&quot;\" \/>\n<meta property=\"og:url\" content=\"https:\/\/www.materdominivolley.it\/home\/2015\/08\/18\/accademia-sempre-piu-grande-ecco-la-serie-b2\/\" \/>\n<meta property=\"og:site_name\" content=\"materdominivolley\" \/>\n<meta property=\"article:publisher\" content=\"https:\/\/www.facebook.com\/materdominivolleyit\/\" \/>\n<meta property=\"article:published_time\" content=\"2015-08-18T14:20:51+00:00\" \/>\n<meta property=\"og:image\" content=\"https:\/\/www.materdominivolley.it\/home\/wp-content\/uploads\/2019\/09\/miccolis2.jpg\" \/>\n\t<meta property=\"og:image:width\" content=\"1300\" \/>\n\t<meta property=\"og:image:height\" content=\"531\" \/>\n\t<meta property=\"og:image:type\" content=\"image\/jpeg\" \/>\n<meta name=\"author\" content=\"admin-mater\" \/>\n<meta name=\"twitter:card\" content=\"summary_large_image\" \/>\n<meta name=\"twitter:label1\" content=\"Scritto da\" \/>\n\t<meta name=\"twitter:data1\" content=\"admin-mater\" \/>\n\t<meta name=\"twitter:label2\" content=\"Tempo di lettura stimato\" \/>\n\t<meta name=\"twitter:data2\" content=\"1 minuto\" \/>\n<script type=\"application\/ld+json\" class=\"yoast-schema-graph\">{\"@context\":\"https:\\\/\\\/schema.org\",\"@graph\":[{\"@type\":\"Article\",\"@id\":\"https:\\\/\\\/www.materdominivolley.it\\\/home\\\/2015\\\/08\\\/18\\\/accademia-sempre-piu-grande-ecco-la-serie-b2\\\/#article\",\"isPartOf\":{\"@id\":\"https:\\\/\\\/www.materdominivolley.it\\\/home\\\/2015\\\/08\\\/18\\\/accademia-sempre-piu-grande-ecco-la-serie-b2\\\/\"},\"author\":{\"name\":\"admin-mater\",\"@id\":\"https:\\\/\\\/www.materdominivolley.it\\\/home\\\/#\\\/schema\\\/person\\\/86961330b970aecf0b9729df84069339\"},\"headline\":\"Accademia sempre pi\u00f9 grande: ecco la serie B2\",\"datePublished\":\"2015-08-18T14:20:51+00:00\",\"mainEntityOfPage\":{\"@id\":\"https:\\\/\\\/www.materdominivolley.it\\\/home\\\/2015\\\/08\\\/18\\\/accademia-sempre-piu-grande-ecco-la-serie-b2\\\/\"},\"wordCount\":296,\"commentCount\":0,\"publisher\":{\"@id\":\"https:\\\/\\\/www.materdominivolley.it\\\/home\\\/#organization\"},\"image\":{\"@id\":\"https:\\\/\\\/www.materdominivolley.it\\\/home\\\/2015\\\/08\\\/18\\\/accademia-sempre-piu-grande-ecco-la-serie-b2\\\/#primaryimage\"},\"thumbnailUrl\":\"https:\\\/\\\/www.materdominivolley.it\\\/home\\\/wp-content\\\/uploads\\\/2019\\\/09\\\/miccolis2.jpg\",\"articleSection\":[\"serie B2\"],\"inLanguage\":\"it-IT\",\"potentialAction\":[{\"@type\":\"CommentAction\",\"name\":\"Comment\",\"target\":[\"https:\\\/\\\/www.materdominivolley.it\\\/home\\\/2015\\\/08\\\/18\\\/accademia-sempre-piu-grande-ecco-la-serie-b2\\\/#respond\"]}]},{\"@type\":\"WebPage\",\"@id\":\"https:\\\/\\\/www.materdominivolley.it\\\/home\\\/2015\\\/08\\\/18\\\/accademia-sempre-piu-grande-ecco-la-serie-b2\\\/\",\"url\":\"https:\\\/\\\/www.materdominivolley.it\\\/home\\\/2015\\\/08\\\/18\\\/accademia-sempre-piu-grande-ecco-la-serie-b2\\\/\",\"name\":\"Accademia sempre pi\u00f9 grande: ecco la serie B2 - materdominivolley\",\"isPartOf\":{\"@id\":\"https:\\\/\\\/www.materdominivolley.it\\\/home\\\/#website\"},\"primaryImageOfPage\":{\"@id\":\"https:\\\/\\\/www.materdominivolley.it\\\/home\\\/2015\\\/08\\\/18\\\/accademia-sempre-piu-grande-ecco-la-serie-b2\\\/#primaryimage\"},\"image\":{\"@id\":\"https:\\\/\\\/www.materdominivolley.it\\\/home\\\/2015\\\/08\\\/18\\\/accademia-sempre-piu-grande-ecco-la-serie-b2\\\/#primaryimage\"},\"thumbnailUrl\":\"https:\\\/\\\/www.materdominivolley.it\\\/home\\\/wp-content\\\/uploads\\\/2019\\\/09\\\/miccolis2.jpg\",\"datePublished\":\"2015-08-18T14:20:51+00:00\",\"breadcrumb\":{\"@id\":\"https:\\\/\\\/www.materdominivolley.it\\\/home\\\/2015\\\/08\\\/18\\\/accademia-sempre-piu-grande-ecco-la-serie-b2\\\/#breadcrumb\"},\"inLanguage\":\"it-IT\",\"potentialAction\":[{\"@type\":\"ReadAction\",\"target\":[\"https:\\\/\\\/www.materdominivolley.it\\\/home\\\/2015\\\/08\\\/18\\\/accademia-sempre-piu-grande-ecco-la-serie-b2\\\/\"]}]},{\"@type\":\"ImageObject\",\"inLanguage\":\"it-IT\",\"@id\":\"https:\\\/\\\/www.materdominivolley.it\\\/home\\\/2015\\\/08\\\/18\\\/accademia-sempre-piu-grande-ecco-la-serie-b2\\\/#primaryimage\",\"url\":\"https:\\\/\\\/www.materdominivolley.it\\\/home\\\/wp-content\\\/uploads\\\/2019\\\/09\\\/miccolis2.jpg\",\"contentUrl\":\"https:\\\/\\\/www.materdominivolley.it\\\/home\\\/wp-content\\\/uploads\\\/2019\\\/09\\\/miccolis2.jpg\",\"width\":1300,\"height\":531},{\"@type\":\"BreadcrumbList\",\"@id\":\"https:\\\/\\\/www.materdominivolley.it\\\/home\\\/2015\\\/08\\\/18\\\/accademia-sempre-piu-grande-ecco-la-serie-b2\\\/#breadcrumb\",\"itemListElement\":[{\"@type\":\"ListItem\",\"position\":1,\"name\":\"Home\",\"item\":\"https:\\\/\\\/www.materdominivolley.it\\\/home\\\/\"},{\"@type\":\"ListItem\",\"position\":2,\"name\":\"Accademia sempre pi\u00f9 grande: ecco la serie B2\"}]},{\"@type\":\"WebSite\",\"@id\":\"https:\\\/\\\/www.materdominivolley.it\\\/home\\\/#website\",\"url\":\"https:\\\/\\\/www.materdominivolley.it\\\/home\\\/\",\"name\":\"materdominivolley\",\"description\":\"\",\"publisher\":{\"@id\":\"https:\\\/\\\/www.materdominivolley.it\\\/home\\\/#organization\"},\"potentialAction\":[{\"@type\":\"SearchAction\",\"target\":{\"@type\":\"EntryPoint\",\"urlTemplate\":\"https:\\\/\\\/www.materdominivolley.it\\\/home\\\/?s={search_term_string}\"},\"query-input\":{\"@type\":\"PropertyValueSpecification\",\"valueRequired\":true,\"valueName\":\"search_term_string\"}}],\"inLanguage\":\"it-IT\"},{\"@type\":\"Organization\",\"@id\":\"https:\\\/\\\/www.materdominivolley.it\\\/home\\\/#organization\",\"name\":\"Materdominivolley.it\",\"url\":\"https:\\\/\\\/www.materdominivolley.it\\\/home\\\/\",\"logo\":{\"@type\":\"ImageObject\",\"inLanguage\":\"it-IT\",\"@id\":\"https:\\\/\\\/www.materdominivolley.it\\\/home\\\/#\\\/schema\\\/logo\\\/image\\\/\",\"url\":\"https:\\\/\\\/www.materdominivolley.it\\\/home\\\/wp-content\\\/uploads\\\/2019\\\/10\\\/Senza-titolo-1-2.png\",\"contentUrl\":\"https:\\\/\\\/www.materdominivolley.it\\\/home\\\/wp-content\\\/uploads\\\/2019\\\/10\\\/Senza-titolo-1-2.png\",\"width\":180,\"height\":250,\"caption\":\"Materdominivolley.it\"},\"image\":{\"@id\":\"https:\\\/\\\/www.materdominivolley.it\\\/home\\\/#\\\/schema\\\/logo\\\/image\\\/\"},\"sameAs\":[\"https:\\\/\\\/www.facebook.com\\\/materdominivolleyit\\\/\"]},{\"@type\":\"Person\",\"@id\":\"https:\\\/\\\/www.materdominivolley.it\\\/home\\\/#\\\/schema\\\/person\\\/86961330b970aecf0b9729df84069339\",\"name\":\"admin-mater\",\"image\":{\"@type\":\"ImageObject\",\"inLanguage\":\"it-IT\",\"@id\":\"https:\\\/\\\/secure.gravatar.com\\\/avatar\\\/71d088b9255aa52813637243630e63af9ffd99251cfb71c8536f2d3794cac08e?s=96&d=mm&r=g\",\"url\":\"https:\\\/\\\/secure.gravatar.com\\\/avatar\\\/71d088b9255aa52813637243630e63af9ffd99251cfb71c8536f2d3794cac08e?s=96&d=mm&r=g\",\"contentUrl\":\"https:\\\/\\\/secure.gravatar.com\\\/avatar\\\/71d088b9255aa52813637243630e63af9ffd99251cfb71c8536f2d3794cac08e?s=96&d=mm&r=g\",\"caption\":\"admin-mater\"},\"url\":\"https:\\\/\\\/www.materdominivolley.it\\\/home\\\/author\\\/admin-mater\\\/\"}]}<\/script>\n<!-- \/ Yoast SEO plugin. -->","yoast_head_json":{"title":"Accademia sempre pi\u00f9 grande: ecco la serie B2 - materdominivolley","robots":{"index":"index","follow":"follow","max-snippet":"max-snippet:-1","max-image-preview":"max-image-preview:large","max-video-preview":"max-video-preview:-1"},"canonical":"https:\/\/www.materdominivolley.it\/home\/2015\/08\/18\/accademia-sempre-piu-grande-ecco-la-serie-b2\/","og_locale":"it_IT","og_type":"article","og_title":"Accademia sempre pi\u00f9 grande: ecco la serie B2 - materdominivolley","og_description":"Ufficiale la collaborazione con il Volley Club Locorotondo: in serie B2 i migliori talenti del settore giovanile della Materdominivolley.it. Miccolis: \"Li faremo migliorare in una competizione nazionale. L'Accademia, che gi\u00e0 aveva l'A2, cresce ancora\"","og_url":"https:\/\/www.materdominivolley.it\/home\/2015\/08\/18\/accademia-sempre-piu-grande-ecco-la-serie-b2\/","og_site_name":"materdominivolley","article_publisher":"https:\/\/www.facebook.com\/materdominivolleyit\/","article_published_time":"2015-08-18T14:20:51+00:00","og_image":[{"width":1300,"height":531,"url":"https:\/\/www.materdominivolley.it\/home\/wp-content\/uploads\/2019\/09\/miccolis2.jpg","type":"image\/jpeg"}],"author":"admin-mater","twitter_card":"summary_large_image","twitter_misc":{"Scritto da":"admin-mater","Tempo di lettura stimato":"1 minuto"},"schema":{"@context":"https:\/\/schema.org","@graph":[{"@type":"Article","@id":"https:\/\/www.materdominivolley.it\/home\/2015\/08\/18\/accademia-sempre-piu-grande-ecco-la-serie-b2\/#article","isPartOf":{"@id":"https:\/\/www.materdominivolley.it\/home\/2015\/08\/18\/accademia-sempre-piu-grande-ecco-la-serie-b2\/"},"author":{"name":"admin-mater","@id":"https:\/\/www.materdominivolley.it\/home\/#\/schema\/person\/86961330b970aecf0b9729df84069339"},"headline":"Accademia sempre pi\u00f9 grande: ecco la serie B2","datePublished":"2015-08-18T14:20:51+00:00","mainEntityOfPage":{"@id":"https:\/\/www.materdominivolley.it\/home\/2015\/08\/18\/accademia-sempre-piu-grande-ecco-la-serie-b2\/"},"wordCount":296,"commentCount":0,"publisher":{"@id":"https:\/\/www.materdominivolley.it\/home\/#organization"},"image":{"@id":"https:\/\/www.materdominivolley.it\/home\/2015\/08\/18\/accademia-sempre-piu-grande-ecco-la-serie-b2\/#primaryimage"},"thumbnailUrl":"https:\/\/www.materdominivolley.it\/home\/wp-content\/uploads\/2019\/09\/miccolis2.jpg","articleSection":["serie B2"],"inLanguage":"it-IT","potentialAction":[{"@type":"CommentAction","name":"Comment","target":["https:\/\/www.materdominivolley.it\/home\/2015\/08\/18\/accademia-sempre-piu-grande-ecco-la-serie-b2\/#respond"]}]},{"@type":"WebPage","@id":"https:\/\/www.materdominivolley.it\/home\/2015\/08\/18\/accademia-sempre-piu-grande-ecco-la-serie-b2\/","url":"https:\/\/www.materdominivolley.it\/home\/2015\/08\/18\/accademia-sempre-piu-grande-ecco-la-serie-b2\/","name":"Accademia sempre pi\u00f9 grande: ecco la serie B2 - materdominivolley","isPartOf":{"@id":"https:\/\/www.materdominivolley.it\/home\/#website"},"primaryImageOfPage":{"@id":"https:\/\/www.materdominivolley.it\/home\/2015\/08\/18\/accademia-sempre-piu-grande-ecco-la-serie-b2\/#primaryimage"},"image":{"@id":"https:\/\/www.materdominivolley.it\/home\/2015\/08\/18\/accademia-sempre-piu-grande-ecco-la-serie-b2\/#primaryimage"},"thumbnailUrl":"https:\/\/www.materdominivolley.it\/home\/wp-content\/uploads\/2019\/09\/miccolis2.jpg","datePublished":"2015-08-18T14:20:51+00:00","breadcrumb":{"@id":"https:\/\/www.materdominivolley.it\/home\/2015\/08\/18\/accademia-sempre-piu-grande-ecco-la-serie-b2\/#breadcrumb"},"inLanguage":"it-IT","potentialAction":[{"@type":"ReadAction","target":["https:\/\/www.materdominivolley.it\/home\/2015\/08\/18\/accademia-sempre-piu-grande-ecco-la-serie-b2\/"]}]},{"@type":"ImageObject","inLanguage":"it-IT","@id":"https:\/\/www.materdominivolley.it\/home\/2015\/08\/18\/accademia-sempre-piu-grande-ecco-la-serie-b2\/#primaryimage","url":"https:\/\/www.materdominivolley.it\/home\/wp-content\/uploads\/2019\/09\/miccolis2.jpg","contentUrl":"https:\/\/www.materdominivolley.it\/home\/wp-content\/uploads\/2019\/09\/miccolis2.jpg","width":1300,"height":531},{"@type":"BreadcrumbList","@id":"https:\/\/www.materdominivolley.it\/home\/2015\/08\/18\/accademia-sempre-piu-grande-ecco-la-serie-b2\/#breadcrumb","itemListElement":[{"@type":"ListItem","position":1,"name":"Home","item":"https:\/\/www.materdominivolley.it\/home\/"},{"@type":"ListItem","position":2,"name":"Accademia sempre pi\u00f9 grande: ecco la serie B2"}]},{"@type":"WebSite","@id":"https:\/\/www.materdominivolley.it\/home\/#website","url":"https:\/\/www.materdominivolley.it\/home\/","name":"materdominivolley","description":"","publisher":{"@id":"https:\/\/www.materdominivolley.it\/home\/#organization"},"potentialAction":[{"@type":"SearchAction","target":{"@type":"EntryPoint","urlTemplate":"https:\/\/www.materdominivolley.it\/home\/?s={search_term_string}"},"query-input":{"@type":"PropertyValueSpecification","valueRequired":true,"valueName":"search_term_string"}}],"inLanguage":"it-IT"},{"@type":"Organization","@id":"https:\/\/www.materdominivolley.it\/home\/#organization","name":"Materdominivolley.it","url":"https:\/\/www.materdominivolley.it\/home\/","logo":{"@type":"ImageObject","inLanguage":"it-IT","@id":"https:\/\/www.materdominivolley.it\/home\/#\/schema\/logo\/image\/","url":"https:\/\/www.materdominivolley.it\/home\/wp-content\/uploads\/2019\/10\/Senza-titolo-1-2.png","contentUrl":"https:\/\/www.materdominivolley.it\/home\/wp-content\/uploads\/2019\/10\/Senza-titolo-1-2.png","width":180,"height":250,"caption":"Materdominivolley.it"},"image":{"@id":"https:\/\/www.materdominivolley.it\/home\/#\/schema\/logo\/image\/"},"sameAs":["https:\/\/www.facebook.com\/materdominivolleyit\/"]},{"@type":"Person","@id":"https:\/\/www.materdominivolley.it\/home\/#\/schema\/person\/86961330b970aecf0b9729df84069339","name":"admin-mater","image":{"@type":"ImageObject","inLanguage":"it-IT","@id":"https:\/\/secure.gravatar.com\/avatar\/71d088b9255aa52813637243630e63af9ffd99251cfb71c8536f2d3794cac08e?s=96&d=mm&r=g","url":"https:\/\/secure.gravatar.com\/avatar\/71d088b9255aa52813637243630e63af9ffd99251cfb71c8536f2d3794cac08e?s=96&d=mm&r=g","contentUrl":"https:\/\/secure.gravatar.com\/avatar\/71d088b9255aa52813637243630e63af9ffd99251cfb71c8536f2d3794cac08e?s=96&d=mm&r=g","caption":"admin-mater"},"url":"https:\/\/www.materdominivolley.it\/home\/author\/admin-mater\/"}]}},"_links":{"self":[{"href":"https:\/\/www.materdominivolley.it\/home\/wp-json\/wp\/v2\/posts\/1153","targetHints":{"allow":["GET"]}}],"collection":[{"href":"https:\/\/www.materdominivolley.it\/home\/wp-json\/wp\/v2\/posts"}],"about":[{"href":"https:\/\/www.materdominivolley.it\/home\/wp-json\/wp\/v2\/types\/post"}],"author":[{"embeddable":true,"href":"https:\/\/www.materdominivolley.it\/home\/wp-json\/wp\/v2\/users\/1"}],"replies":[{"embeddable":true,"href":"https:\/\/www.materdominivolley.it\/home\/wp-json\/wp\/v2\/comments?post=1153"}],"version-history":[{"count":0,"href":"https:\/\/www.materdominivolley.it\/home\/wp-json\/wp\/v2\/posts\/1153\/revisions"}],"wp:featuredmedia":[{"embeddable":true,"href":"https:\/\/www.materdominivolley.it\/home\/wp-json\/wp\/v2\/media\/1154"}],"wp:attachment":[{"href":"https:\/\/www.materdominivolley.it\/home\/wp-json\/wp\/v2\/media?parent=1153"}],"wp:term":[{"taxonomy":"category","embeddable":true,"href":"https:\/\/www.materdominivolley.it\/home\/wp-json\/wp\/v2\/categories?post=1153"},{"taxonomy":"post_tag","embeddable":true,"href":"https:\/\/www.materdominivolley.it\/home\/wp-json\/wp\/v2\/tags?post=1153"}],"curies":[{"name":"wp","href":"https:\/\/api.w.org\/{rel}","templated":true}]}}