{"id":1155,"date":"2015-08-04T18:43:47","date_gmt":"2015-08-04T16:43:47","guid":{"rendered":"https:\/\/www.materdominivolley.it\/home\/2015\/08\/04\/deserio-sara-una-mater-di-grandi-giocatori-e-grandi-promesse\/"},"modified":"2015-08-04T18:43:47","modified_gmt":"2015-08-04T16:43:47","slug":"deserio-sara-una-mater-di-grandi-giocatori-e-grandi-promesse","status":"publish","type":"post","link":"https:\/\/www.materdominivolley.it\/home\/2015\/08\/04\/deserio-sara-una-mater-di-grandi-giocatori-e-grandi-promesse\/","title":{"rendered":"Deserio: \u201cSar\u00e0 una Mater di grandi giocatori e grandi promesse\u201d"},"content":{"rendered":"\n        <p>\n\tDalle prime presenze in serie A al diploma di maturit\u00e0 e ai tanti tornei estivi, passando per la conquista di uno straordinario argento nella Boy League 2015. Quella appena andata in archivio \u00e8 stata una annata importante per <strong>Michele Deserio<\/strong>, centrale pugliese di Terlizzi (Ba), che anche nella prossima stagione vestir\u00e0 la maglia della <strong>Materdominivolley.it Castellana Grotte<\/strong>, formazione iscritta al campionato nazionale serie A2 Unipolsai di pallavolo maschile.<br \/>\n\t<br \/>\n\tClasse 1996, 19 anni da compiere il prossimo 30 settembre, 195 centimetri di altezza, prodotto cresciuto nell\u2019accademia del volley giovanile di casa Mater, Deserio si appresta ad avviare la sua quarta stagione in giallobl\u00f9: \u201cSapere di dover ancora indossare e onorare questa maglia \u00e8 stato bellissimo. Il ringraziamento pi\u00f9 grande va al mister Vincenzo Fanizza che ha sempre creduto in me e la dimostrazione \u00e9 la conferma nel roster di A2 della prossima stagione. La mia passione per la pallavolo &#8211; confessa Deserio &#8211; \u00e9 cominciata proprio al PalaGrotte e sar\u00e0 ancora pi\u00f9 bello continuare a sudare in quel palazzetto, con una societ\u00e0 stupenda come la Materdomini che negli ultimi quattro anni mi ha fatto crescere tantissimo, non solo dal punto di vista tecnico, ma anche umano\u201d.<br \/>\n\t<br \/>\n\t\u201cNel corso di questa estate -commenta il centrale barese &#8211; dopo essermi diplomato, sto cercando di ricaricare le batterie per affrontare al meglio la prossima stagione, con l\u2019obiettivo di dare tutto quello che ho dentro. Per il prossimo campionato, infatti, le mie aspettative sono quelle di crescere ancora, sudare in palestra e magari chiss\u00e0, anche giocarmi un posto nel sestetto titolare. Ma come obiettivo primario &#8211; conclude Deserio &#8211; voglio crescere e dare il massimo dal primo all&#39;ultimo allenamento, consapevole e convinto che sar\u00e0 una bellissima esperienza far parte di uno spogliatoio composto da grandi giocatori e grandi promesse\u201d<\/p>\n        ","protected":false},"excerpt":{"rendered":"<p><!-- wp:paragraph --><br \/>\n        Quella appena andata in archivio \u00e8 stata una annata importante per Michele Deserio, centrale pugliese di Terlizzi (Ba), che anche nella prossima stagione vestir\u00e0 la maglia della Materdominivolley.it Castellana Grotte<br \/>\n        <!-- \/wp:paragraph --><\/p>\n","protected":false},"author":1,"featured_media":1156,"comment_status":"open","ping_status":"closed","sticky":false,"template":"","format":"standard","meta":{"footnotes":""},"categories":[13],"tags":[],"class_list":["post-1155","post","type-post","status-publish","format-standard","has-post-thumbnail","hentry","category-serie-a2"],"yoast_head":"<!-- This site is optimized with the Yoast SEO plugin v27.4 - https:\/\/yoast.com\/product\/yoast-seo-wordpress\/ -->\n<title>Deserio: \u201cSar\u00e0 una Mater di grandi giocatori e grandi promesse\u201d - materdominivolley<\/title>\n<meta name=\"robots\" content=\"index, follow, max-snippet:-1, max-image-preview:large, max-video-preview:-1\" \/>\n<link rel=\"canonical\" href=\"https:\/\/www.materdominivolley.it\/home\/2015\/08\/04\/deserio-sara-una-mater-di-grandi-giocatori-e-grandi-promesse\/\" \/>\n<meta property=\"og:locale\" content=\"it_IT\" \/>\n<meta property=\"og:type\" content=\"article\" \/>\n<meta property=\"og:title\" content=\"Deserio: \u201cSar\u00e0 una Mater di grandi giocatori e grandi promesse\u201d - materdominivolley\" \/>\n<meta property=\"og:description\" content=\"Quella appena andata in archivio \u00e8 stata una annata importante per Michele Deserio, centrale pugliese di Terlizzi (Ba), che anche nella prossima stagione vestir\u00e0 la maglia della Materdominivolley.it Castellana Grotte\" \/>\n<meta property=\"og:url\" content=\"https:\/\/www.materdominivolley.it\/home\/2015\/08\/04\/deserio-sara-una-mater-di-grandi-giocatori-e-grandi-promesse\/\" \/>\n<meta property=\"og:site_name\" content=\"materdominivolley\" \/>\n<meta property=\"article:publisher\" content=\"https:\/\/www.facebook.com\/materdominivolleyit\/\" \/>\n<meta property=\"article:published_time\" content=\"2015-08-04T16:43:47+00:00\" \/>\n<meta property=\"og:image\" content=\"https:\/\/www.materdominivolley.it\/home\/wp-content\/uploads\/2019\/09\/deserio_web.jpg\" \/>\n\t<meta property=\"og:image:width\" content=\"1300\" \/>\n\t<meta property=\"og:image:height\" content=\"531\" \/>\n\t<meta property=\"og:image:type\" content=\"image\/jpeg\" \/>\n<meta name=\"author\" content=\"admin-mater\" \/>\n<meta name=\"twitter:card\" content=\"summary_large_image\" \/>\n<meta name=\"twitter:label1\" content=\"Scritto da\" \/>\n\t<meta name=\"twitter:data1\" content=\"admin-mater\" \/>\n\t<meta name=\"twitter:label2\" content=\"Tempo di lettura stimato\" \/>\n\t<meta name=\"twitter:data2\" content=\"1 minuto\" \/>\n<script type=\"application\/ld+json\" class=\"yoast-schema-graph\">{\"@context\":\"https:\\\/\\\/schema.org\",\"@graph\":[{\"@type\":\"Article\",\"@id\":\"https:\\\/\\\/www.materdominivolley.it\\\/home\\\/2015\\\/08\\\/04\\\/deserio-sara-una-mater-di-grandi-giocatori-e-grandi-promesse\\\/#article\",\"isPartOf\":{\"@id\":\"https:\\\/\\\/www.materdominivolley.it\\\/home\\\/2015\\\/08\\\/04\\\/deserio-sara-una-mater-di-grandi-giocatori-e-grandi-promesse\\\/\"},\"author\":{\"name\":\"admin-mater\",\"@id\":\"https:\\\/\\\/www.materdominivolley.it\\\/home\\\/#\\\/schema\\\/person\\\/86961330b970aecf0b9729df84069339\"},\"headline\":\"Deserio: \u201cSar\u00e0 una Mater di grandi giocatori e grandi promesse\u201d\",\"datePublished\":\"2015-08-04T16:43:47+00:00\",\"mainEntityOfPage\":{\"@id\":\"https:\\\/\\\/www.materdominivolley.it\\\/home\\\/2015\\\/08\\\/04\\\/deserio-sara-una-mater-di-grandi-giocatori-e-grandi-promesse\\\/\"},\"wordCount\":299,\"commentCount\":0,\"publisher\":{\"@id\":\"https:\\\/\\\/www.materdominivolley.it\\\/home\\\/#organization\"},\"image\":{\"@id\":\"https:\\\/\\\/www.materdominivolley.it\\\/home\\\/2015\\\/08\\\/04\\\/deserio-sara-una-mater-di-grandi-giocatori-e-grandi-promesse\\\/#primaryimage\"},\"thumbnailUrl\":\"https:\\\/\\\/www.materdominivolley.it\\\/home\\\/wp-content\\\/uploads\\\/2019\\\/09\\\/deserio_web.jpg\",\"articleSection\":[\"Serie A2\"],\"inLanguage\":\"it-IT\",\"potentialAction\":[{\"@type\":\"CommentAction\",\"name\":\"Comment\",\"target\":[\"https:\\\/\\\/www.materdominivolley.it\\\/home\\\/2015\\\/08\\\/04\\\/deserio-sara-una-mater-di-grandi-giocatori-e-grandi-promesse\\\/#respond\"]}]},{\"@type\":\"WebPage\",\"@id\":\"https:\\\/\\\/www.materdominivolley.it\\\/home\\\/2015\\\/08\\\/04\\\/deserio-sara-una-mater-di-grandi-giocatori-e-grandi-promesse\\\/\",\"url\":\"https:\\\/\\\/www.materdominivolley.it\\\/home\\\/2015\\\/08\\\/04\\\/deserio-sara-una-mater-di-grandi-giocatori-e-grandi-promesse\\\/\",\"name\":\"Deserio: \u201cSar\u00e0 una Mater di grandi giocatori e grandi promesse\u201d - materdominivolley\",\"isPartOf\":{\"@id\":\"https:\\\/\\\/www.materdominivolley.it\\\/home\\\/#website\"},\"primaryImageOfPage\":{\"@id\":\"https:\\\/\\\/www.materdominivolley.it\\\/home\\\/2015\\\/08\\\/04\\\/deserio-sara-una-mater-di-grandi-giocatori-e-grandi-promesse\\\/#primaryimage\"},\"image\":{\"@id\":\"https:\\\/\\\/www.materdominivolley.it\\\/home\\\/2015\\\/08\\\/04\\\/deserio-sara-una-mater-di-grandi-giocatori-e-grandi-promesse\\\/#primaryimage\"},\"thumbnailUrl\":\"https:\\\/\\\/www.materdominivolley.it\\\/home\\\/wp-content\\\/uploads\\\/2019\\\/09\\\/deserio_web.jpg\",\"datePublished\":\"2015-08-04T16:43:47+00:00\",\"breadcrumb\":{\"@id\":\"https:\\\/\\\/www.materdominivolley.it\\\/home\\\/2015\\\/08\\\/04\\\/deserio-sara-una-mater-di-grandi-giocatori-e-grandi-promesse\\\/#breadcrumb\"},\"inLanguage\":\"it-IT\",\"potentialAction\":[{\"@type\":\"ReadAction\",\"target\":[\"https:\\\/\\\/www.materdominivolley.it\\\/home\\\/2015\\\/08\\\/04\\\/deserio-sara-una-mater-di-grandi-giocatori-e-grandi-promesse\\\/\"]}]},{\"@type\":\"ImageObject\",\"inLanguage\":\"it-IT\",\"@id\":\"https:\\\/\\\/www.materdominivolley.it\\\/home\\\/2015\\\/08\\\/04\\\/deserio-sara-una-mater-di-grandi-giocatori-e-grandi-promesse\\\/#primaryimage\",\"url\":\"https:\\\/\\\/www.materdominivolley.it\\\/home\\\/wp-content\\\/uploads\\\/2019\\\/09\\\/deserio_web.jpg\",\"contentUrl\":\"https:\\\/\\\/www.materdominivolley.it\\\/home\\\/wp-content\\\/uploads\\\/2019\\\/09\\\/deserio_web.jpg\",\"width\":1300,\"height\":531},{\"@type\":\"BreadcrumbList\",\"@id\":\"https:\\\/\\\/www.materdominivolley.it\\\/home\\\/2015\\\/08\\\/04\\\/deserio-sara-una-mater-di-grandi-giocatori-e-grandi-promesse\\\/#breadcrumb\",\"itemListElement\":[{\"@type\":\"ListItem\",\"position\":1,\"name\":\"Home\",\"item\":\"https:\\\/\\\/www.materdominivolley.it\\\/home\\\/\"},{\"@type\":\"ListItem\",\"position\":2,\"name\":\"Deserio: \u201cSar\u00e0 una Mater di grandi giocatori e grandi promesse\u201d\"}]},{\"@type\":\"WebSite\",\"@id\":\"https:\\\/\\\/www.materdominivolley.it\\\/home\\\/#website\",\"url\":\"https:\\\/\\\/www.materdominivolley.it\\\/home\\\/\",\"name\":\"materdominivolley\",\"description\":\"\",\"publisher\":{\"@id\":\"https:\\\/\\\/www.materdominivolley.it\\\/home\\\/#organization\"},\"potentialAction\":[{\"@type\":\"SearchAction\",\"target\":{\"@type\":\"EntryPoint\",\"urlTemplate\":\"https:\\\/\\\/www.materdominivolley.it\\\/home\\\/?s={search_term_string}\"},\"query-input\":{\"@type\":\"PropertyValueSpecification\",\"valueRequired\":true,\"valueName\":\"search_term_string\"}}],\"inLanguage\":\"it-IT\"},{\"@type\":\"Organization\",\"@id\":\"https:\\\/\\\/www.materdominivolley.it\\\/home\\\/#organization\",\"name\":\"Materdominivolley.it\",\"url\":\"https:\\\/\\\/www.materdominivolley.it\\\/home\\\/\",\"logo\":{\"@type\":\"ImageObject\",\"inLanguage\":\"it-IT\",\"@id\":\"https:\\\/\\\/www.materdominivolley.it\\\/home\\\/#\\\/schema\\\/logo\\\/image\\\/\",\"url\":\"https:\\\/\\\/www.materdominivolley.it\\\/home\\\/wp-content\\\/uploads\\\/2019\\\/10\\\/Senza-titolo-1-2.png\",\"contentUrl\":\"https:\\\/\\\/www.materdominivolley.it\\\/home\\\/wp-content\\\/uploads\\\/2019\\\/10\\\/Senza-titolo-1-2.png\",\"width\":180,\"height\":250,\"caption\":\"Materdominivolley.it\"},\"image\":{\"@id\":\"https:\\\/\\\/www.materdominivolley.it\\\/home\\\/#\\\/schema\\\/logo\\\/image\\\/\"},\"sameAs\":[\"https:\\\/\\\/www.facebook.com\\\/materdominivolleyit\\\/\"]},{\"@type\":\"Person\",\"@id\":\"https:\\\/\\\/www.materdominivolley.it\\\/home\\\/#\\\/schema\\\/person\\\/86961330b970aecf0b9729df84069339\",\"name\":\"admin-mater\",\"image\":{\"@type\":\"ImageObject\",\"inLanguage\":\"it-IT\",\"@id\":\"https:\\\/\\\/secure.gravatar.com\\\/avatar\\\/71d088b9255aa52813637243630e63af9ffd99251cfb71c8536f2d3794cac08e?s=96&d=mm&r=g\",\"url\":\"https:\\\/\\\/secure.gravatar.com\\\/avatar\\\/71d088b9255aa52813637243630e63af9ffd99251cfb71c8536f2d3794cac08e?s=96&d=mm&r=g\",\"contentUrl\":\"https:\\\/\\\/secure.gravatar.com\\\/avatar\\\/71d088b9255aa52813637243630e63af9ffd99251cfb71c8536f2d3794cac08e?s=96&d=mm&r=g\",\"caption\":\"admin-mater\"},\"url\":\"https:\\\/\\\/www.materdominivolley.it\\\/home\\\/author\\\/admin-mater\\\/\"}]}<\/script>\n<!-- \/ Yoast SEO plugin. -->","yoast_head_json":{"title":"Deserio: \u201cSar\u00e0 una Mater di grandi giocatori e grandi promesse\u201d - materdominivolley","robots":{"index":"index","follow":"follow","max-snippet":"max-snippet:-1","max-image-preview":"max-image-preview:large","max-video-preview":"max-video-preview:-1"},"canonical":"https:\/\/www.materdominivolley.it\/home\/2015\/08\/04\/deserio-sara-una-mater-di-grandi-giocatori-e-grandi-promesse\/","og_locale":"it_IT","og_type":"article","og_title":"Deserio: \u201cSar\u00e0 una Mater di grandi giocatori e grandi promesse\u201d - materdominivolley","og_description":"Quella appena andata in archivio \u00e8 stata una annata importante per Michele Deserio, centrale pugliese di Terlizzi (Ba), che anche nella prossima stagione vestir\u00e0 la maglia della Materdominivolley.it Castellana Grotte","og_url":"https:\/\/www.materdominivolley.it\/home\/2015\/08\/04\/deserio-sara-una-mater-di-grandi-giocatori-e-grandi-promesse\/","og_site_name":"materdominivolley","article_publisher":"https:\/\/www.facebook.com\/materdominivolleyit\/","article_published_time":"2015-08-04T16:43:47+00:00","og_image":[{"width":1300,"height":531,"url":"https:\/\/www.materdominivolley.it\/home\/wp-content\/uploads\/2019\/09\/deserio_web.jpg","type":"image\/jpeg"}],"author":"admin-mater","twitter_card":"summary_large_image","twitter_misc":{"Scritto da":"admin-mater","Tempo di lettura stimato":"1 minuto"},"schema":{"@context":"https:\/\/schema.org","@graph":[{"@type":"Article","@id":"https:\/\/www.materdominivolley.it\/home\/2015\/08\/04\/deserio-sara-una-mater-di-grandi-giocatori-e-grandi-promesse\/#article","isPartOf":{"@id":"https:\/\/www.materdominivolley.it\/home\/2015\/08\/04\/deserio-sara-una-mater-di-grandi-giocatori-e-grandi-promesse\/"},"author":{"name":"admin-mater","@id":"https:\/\/www.materdominivolley.it\/home\/#\/schema\/person\/86961330b970aecf0b9729df84069339"},"headline":"Deserio: \u201cSar\u00e0 una Mater di grandi giocatori e grandi promesse\u201d","datePublished":"2015-08-04T16:43:47+00:00","mainEntityOfPage":{"@id":"https:\/\/www.materdominivolley.it\/home\/2015\/08\/04\/deserio-sara-una-mater-di-grandi-giocatori-e-grandi-promesse\/"},"wordCount":299,"commentCount":0,"publisher":{"@id":"https:\/\/www.materdominivolley.it\/home\/#organization"},"image":{"@id":"https:\/\/www.materdominivolley.it\/home\/2015\/08\/04\/deserio-sara-una-mater-di-grandi-giocatori-e-grandi-promesse\/#primaryimage"},"thumbnailUrl":"https:\/\/www.materdominivolley.it\/home\/wp-content\/uploads\/2019\/09\/deserio_web.jpg","articleSection":["Serie A2"],"inLanguage":"it-IT","potentialAction":[{"@type":"CommentAction","name":"Comment","target":["https:\/\/www.materdominivolley.it\/home\/2015\/08\/04\/deserio-sara-una-mater-di-grandi-giocatori-e-grandi-promesse\/#respond"]}]},{"@type":"WebPage","@id":"https:\/\/www.materdominivolley.it\/home\/2015\/08\/04\/deserio-sara-una-mater-di-grandi-giocatori-e-grandi-promesse\/","url":"https:\/\/www.materdominivolley.it\/home\/2015\/08\/04\/deserio-sara-una-mater-di-grandi-giocatori-e-grandi-promesse\/","name":"Deserio: \u201cSar\u00e0 una Mater di grandi giocatori e grandi promesse\u201d - materdominivolley","isPartOf":{"@id":"https:\/\/www.materdominivolley.it\/home\/#website"},"primaryImageOfPage":{"@id":"https:\/\/www.materdominivolley.it\/home\/2015\/08\/04\/deserio-sara-una-mater-di-grandi-giocatori-e-grandi-promesse\/#primaryimage"},"image":{"@id":"https:\/\/www.materdominivolley.it\/home\/2015\/08\/04\/deserio-sara-una-mater-di-grandi-giocatori-e-grandi-promesse\/#primaryimage"},"thumbnailUrl":"https:\/\/www.materdominivolley.it\/home\/wp-content\/uploads\/2019\/09\/deserio_web.jpg","datePublished":"2015-08-04T16:43:47+00:00","breadcrumb":{"@id":"https:\/\/www.materdominivolley.it\/home\/2015\/08\/04\/deserio-sara-una-mater-di-grandi-giocatori-e-grandi-promesse\/#breadcrumb"},"inLanguage":"it-IT","potentialAction":[{"@type":"ReadAction","target":["https:\/\/www.materdominivolley.it\/home\/2015\/08\/04\/deserio-sara-una-mater-di-grandi-giocatori-e-grandi-promesse\/"]}]},{"@type":"ImageObject","inLanguage":"it-IT","@id":"https:\/\/www.materdominivolley.it\/home\/2015\/08\/04\/deserio-sara-una-mater-di-grandi-giocatori-e-grandi-promesse\/#primaryimage","url":"https:\/\/www.materdominivolley.it\/home\/wp-content\/uploads\/2019\/09\/deserio_web.jpg","contentUrl":"https:\/\/www.materdominivolley.it\/home\/wp-content\/uploads\/2019\/09\/deserio_web.jpg","width":1300,"height":531},{"@type":"BreadcrumbList","@id":"https:\/\/www.materdominivolley.it\/home\/2015\/08\/04\/deserio-sara-una-mater-di-grandi-giocatori-e-grandi-promesse\/#breadcrumb","itemListElement":[{"@type":"ListItem","position":1,"name":"Home","item":"https:\/\/www.materdominivolley.it\/home\/"},{"@type":"ListItem","position":2,"name":"Deserio: \u201cSar\u00e0 una Mater di grandi giocatori e grandi promesse\u201d"}]},{"@type":"WebSite","@id":"https:\/\/www.materdominivolley.it\/home\/#website","url":"https:\/\/www.materdominivolley.it\/home\/","name":"materdominivolley","description":"","publisher":{"@id":"https:\/\/www.materdominivolley.it\/home\/#organization"},"potentialAction":[{"@type":"SearchAction","target":{"@type":"EntryPoint","urlTemplate":"https:\/\/www.materdominivolley.it\/home\/?s={search_term_string}"},"query-input":{"@type":"PropertyValueSpecification","valueRequired":true,"valueName":"search_term_string"}}],"inLanguage":"it-IT"},{"@type":"Organization","@id":"https:\/\/www.materdominivolley.it\/home\/#organization","name":"Materdominivolley.it","url":"https:\/\/www.materdominivolley.it\/home\/","logo":{"@type":"ImageObject","inLanguage":"it-IT","@id":"https:\/\/www.materdominivolley.it\/home\/#\/schema\/logo\/image\/","url":"https:\/\/www.materdominivolley.it\/home\/wp-content\/uploads\/2019\/10\/Senza-titolo-1-2.png","contentUrl":"https:\/\/www.materdominivolley.it\/home\/wp-content\/uploads\/2019\/10\/Senza-titolo-1-2.png","width":180,"height":250,"caption":"Materdominivolley.it"},"image":{"@id":"https:\/\/www.materdominivolley.it\/home\/#\/schema\/logo\/image\/"},"sameAs":["https:\/\/www.facebook.com\/materdominivolleyit\/"]},{"@type":"Person","@id":"https:\/\/www.materdominivolley.it\/home\/#\/schema\/person\/86961330b970aecf0b9729df84069339","name":"admin-mater","image":{"@type":"ImageObject","inLanguage":"it-IT","@id":"https:\/\/secure.gravatar.com\/avatar\/71d088b9255aa52813637243630e63af9ffd99251cfb71c8536f2d3794cac08e?s=96&d=mm&r=g","url":"https:\/\/secure.gravatar.com\/avatar\/71d088b9255aa52813637243630e63af9ffd99251cfb71c8536f2d3794cac08e?s=96&d=mm&r=g","contentUrl":"https:\/\/secure.gravatar.com\/avatar\/71d088b9255aa52813637243630e63af9ffd99251cfb71c8536f2d3794cac08e?s=96&d=mm&r=g","caption":"admin-mater"},"url":"https:\/\/www.materdominivolley.it\/home\/author\/admin-mater\/"}]}},"_links":{"self":[{"href":"https:\/\/www.materdominivolley.it\/home\/wp-json\/wp\/v2\/posts\/1155","targetHints":{"allow":["GET"]}}],"collection":[{"href":"https:\/\/www.materdominivolley.it\/home\/wp-json\/wp\/v2\/posts"}],"about":[{"href":"https:\/\/www.materdominivolley.it\/home\/wp-json\/wp\/v2\/types\/post"}],"author":[{"embeddable":true,"href":"https:\/\/www.materdominivolley.it\/home\/wp-json\/wp\/v2\/users\/1"}],"replies":[{"embeddable":true,"href":"https:\/\/www.materdominivolley.it\/home\/wp-json\/wp\/v2\/comments?post=1155"}],"version-history":[{"count":0,"href":"https:\/\/www.materdominivolley.it\/home\/wp-json\/wp\/v2\/posts\/1155\/revisions"}],"wp:featuredmedia":[{"embeddable":true,"href":"https:\/\/www.materdominivolley.it\/home\/wp-json\/wp\/v2\/media\/1156"}],"wp:attachment":[{"href":"https:\/\/www.materdominivolley.it\/home\/wp-json\/wp\/v2\/media?parent=1155"}],"wp:term":[{"taxonomy":"category","embeddable":true,"href":"https:\/\/www.materdominivolley.it\/home\/wp-json\/wp\/v2\/categories?post=1155"},{"taxonomy":"post_tag","embeddable":true,"href":"https:\/\/www.materdominivolley.it\/home\/wp-json\/wp\/v2\/tags?post=1155"}],"curies":[{"name":"wp","href":"https:\/\/api.w.org\/{rel}","templated":true}]}}