{"id":1166,"date":"2015-07-21T17:19:15","date_gmt":"2015-07-21T15:19:15","guid":{"rendered":"https:\/\/www.materdominivolley.it\/home\/2015\/07\/21\/pedron-sara-ancora-in-cabina-di-regia\/"},"modified":"2015-07-21T17:19:15","modified_gmt":"2015-07-21T15:19:15","slug":"pedron-sara-ancora-in-cabina-di-regia","status":"publish","type":"post","link":"https:\/\/www.materdominivolley.it\/home\/2015\/07\/21\/pedron-sara-ancora-in-cabina-di-regia\/","title":{"rendered":"Pedron sar\u00e0 ancora in cabina di regia"},"content":{"rendered":"\n        <p>\n\tAlla vigilia dell\u2019apertura del volley mercato a Bologna (da domani, marted\u00ec 21 a gioved\u00ec 23 luglio a Bologna, presso l\u2019Hotel Centergross, in calendario la tre giorni che richiamer\u00e0 tutti gli addetti ai lavori e i media della Superlega e della Serie A2), la <strong>Materdominivolley.it Castellana Grotte<\/strong> ufficializza un\u2019altra importante pedina in vista del campionato nazionale serie A2 Unipolsai di pallavolo maschile. Dopo gli ingaggi dell\u2019opposto Tamburo, dei martelli Tartaglione, Bonetti e Bulfon e del centrale Scopelliti e dopo la conferma del centrale Giosa e del libero Nero, il sestetto titolare si completa con un\u2019altra conferma: in cabina di regia ci sar\u00e0 ancora <strong>Matteo Pedron<\/strong>.<br \/>\n\t<br \/>\n\tSeconda stagione consecutiva in Puglia per il palleggiatore padovano classe 1992 che la Materdomini ha tesserato lo scorso anno dopo le esperienze, sempre in A2, con Matera, Padova e Club Italia, e dopo i campionati in serie B1 con Carpi e Blu College.<br \/>\n\t<br \/>\n\t\u201cSono molto contento di questa riconferma &#8211; ha commentato Pedron &#8211; L\u2019obiettivo \u00e8 sicuramente quello di far meglio della passata stagione e regalare a tutti i nostri sostenitori delle grandi soddisfazioni. Ritrovare mister Fanizza significher\u00e0 continuare a lavorare con un tecnico molto preparato, che da anni ormai ha a che fare con i giovani e con la loro crescita. La societ\u00e0 poi si \u00e8 attrezzata sul mercato portando qui Tamburo, Tartaglione, Bonetti e altri talenti. Li conosco solo per averci giocato contro &#8211; ha precisato il regista veneto &#8211; ma credo si possa parlare di una squadra competitiva in grado di far bene nel prossimo campionato. La Materdominivolley.it, del resto, \u00e8 una societ\u00e0 solida, una delle migliori in Italia per quanto riguarda il settore giovanile. Lo scudetto della scorsa primavera ne \u00e8 prova: \u00e8 un club in grado di gestirsi con attenzione\u201d.<br \/>\n\t<br \/>\n\tLa conferma di Pedron anticipa anche quelle ufficiali dell\u2019altro palleggiatore, il classe 1994 <strong>Pietro Luca Latorre<\/strong>, dello schiacciatore classe 1995 <strong>Alessandro Primavera<\/strong> e del centrale classe 1996 <strong>Michele Deserio<\/strong>. In pratica, nel corso della settimana, il presidente <strong>Michele Miccolis<\/strong> e il direttore sportivo <strong>Vito Primavera<\/strong>, accompagnati dai responsabili della <strong>Solcom<\/strong>, agenzia che si occupa del marketing, della comunicazione e dell\u2019ufficio stampa del club, saranno a Bologna con il solo obiettivo di ratificare le operazioni di mercato fin qui svolte e ufficializzare il roster per il prossimo torneo di serie A2.<\/p>\n        ","protected":false},"excerpt":{"rendered":"<p><!-- wp:paragraph --><br \/>\n        Alla vigilia del volley mercato a Bologna, la Materdomini ufficializza un&#8217;altra pedina fondamentale: \u00e8 il regista padovano classe 1992. Confermati anche i giovani Latorre, Primavera e Deserio.<br \/>\n        <!-- \/wp:paragraph --><\/p>\n","protected":false},"author":1,"featured_media":1167,"comment_status":"open","ping_status":"closed","sticky":false,"template":"","format":"standard","meta":{"footnotes":""},"categories":[13],"tags":[],"class_list":["post-1166","post","type-post","status-publish","format-standard","has-post-thumbnail","hentry","category-serie-a2"],"yoast_head":"<!-- This site is optimized with the Yoast SEO plugin v27.4 - https:\/\/yoast.com\/product\/yoast-seo-wordpress\/ -->\n<title>Pedron sar\u00e0 ancora in cabina di regia - materdominivolley<\/title>\n<meta name=\"robots\" content=\"index, follow, max-snippet:-1, max-image-preview:large, max-video-preview:-1\" \/>\n<link rel=\"canonical\" href=\"https:\/\/www.materdominivolley.it\/home\/2015\/07\/21\/pedron-sara-ancora-in-cabina-di-regia\/\" \/>\n<meta property=\"og:locale\" content=\"it_IT\" \/>\n<meta property=\"og:type\" content=\"article\" \/>\n<meta property=\"og:title\" content=\"Pedron sar\u00e0 ancora in cabina di regia - materdominivolley\" \/>\n<meta property=\"og:description\" content=\"Alla vigilia del volley mercato a Bologna, la Materdomini ufficializza un&#039;altra pedina fondamentale: \u00e8 il regista padovano classe 1992. Confermati anche i giovani Latorre, Primavera e Deserio.\" \/>\n<meta property=\"og:url\" content=\"https:\/\/www.materdominivolley.it\/home\/2015\/07\/21\/pedron-sara-ancora-in-cabina-di-regia\/\" \/>\n<meta property=\"og:site_name\" content=\"materdominivolley\" \/>\n<meta property=\"article:publisher\" content=\"https:\/\/www.facebook.com\/materdominivolleyit\/\" \/>\n<meta property=\"article:published_time\" content=\"2015-07-21T15:19:15+00:00\" \/>\n<meta property=\"og:image\" content=\"https:\/\/www.materdominivolley.it\/home\/wp-content\/uploads\/2019\/09\/matteo_pedron_web1.jpg\" \/>\n\t<meta property=\"og:image:width\" content=\"1300\" \/>\n\t<meta property=\"og:image:height\" content=\"531\" \/>\n\t<meta property=\"og:image:type\" content=\"image\/jpeg\" \/>\n<meta name=\"author\" content=\"admin-mater\" \/>\n<meta name=\"twitter:card\" content=\"summary_large_image\" \/>\n<meta name=\"twitter:label1\" content=\"Scritto da\" \/>\n\t<meta name=\"twitter:data1\" content=\"admin-mater\" \/>\n\t<meta name=\"twitter:label2\" content=\"Tempo di lettura stimato\" \/>\n\t<meta name=\"twitter:data2\" content=\"2 minuti\" \/>\n<script type=\"application\/ld+json\" class=\"yoast-schema-graph\">{\"@context\":\"https:\\\/\\\/schema.org\",\"@graph\":[{\"@type\":\"Article\",\"@id\":\"https:\\\/\\\/www.materdominivolley.it\\\/home\\\/2015\\\/07\\\/21\\\/pedron-sara-ancora-in-cabina-di-regia\\\/#article\",\"isPartOf\":{\"@id\":\"https:\\\/\\\/www.materdominivolley.it\\\/home\\\/2015\\\/07\\\/21\\\/pedron-sara-ancora-in-cabina-di-regia\\\/\"},\"author\":{\"name\":\"admin-mater\",\"@id\":\"https:\\\/\\\/www.materdominivolley.it\\\/home\\\/#\\\/schema\\\/person\\\/86961330b970aecf0b9729df84069339\"},\"headline\":\"Pedron sar\u00e0 ancora in cabina di regia\",\"datePublished\":\"2015-07-21T15:19:15+00:00\",\"mainEntityOfPage\":{\"@id\":\"https:\\\/\\\/www.materdominivolley.it\\\/home\\\/2015\\\/07\\\/21\\\/pedron-sara-ancora-in-cabina-di-regia\\\/\"},\"wordCount\":385,\"commentCount\":0,\"publisher\":{\"@id\":\"https:\\\/\\\/www.materdominivolley.it\\\/home\\\/#organization\"},\"image\":{\"@id\":\"https:\\\/\\\/www.materdominivolley.it\\\/home\\\/2015\\\/07\\\/21\\\/pedron-sara-ancora-in-cabina-di-regia\\\/#primaryimage\"},\"thumbnailUrl\":\"https:\\\/\\\/www.materdominivolley.it\\\/home\\\/wp-content\\\/uploads\\\/2019\\\/09\\\/matteo_pedron_web1.jpg\",\"articleSection\":[\"Serie A2\"],\"inLanguage\":\"it-IT\",\"potentialAction\":[{\"@type\":\"CommentAction\",\"name\":\"Comment\",\"target\":[\"https:\\\/\\\/www.materdominivolley.it\\\/home\\\/2015\\\/07\\\/21\\\/pedron-sara-ancora-in-cabina-di-regia\\\/#respond\"]}]},{\"@type\":\"WebPage\",\"@id\":\"https:\\\/\\\/www.materdominivolley.it\\\/home\\\/2015\\\/07\\\/21\\\/pedron-sara-ancora-in-cabina-di-regia\\\/\",\"url\":\"https:\\\/\\\/www.materdominivolley.it\\\/home\\\/2015\\\/07\\\/21\\\/pedron-sara-ancora-in-cabina-di-regia\\\/\",\"name\":\"Pedron sar\u00e0 ancora in cabina di regia - materdominivolley\",\"isPartOf\":{\"@id\":\"https:\\\/\\\/www.materdominivolley.it\\\/home\\\/#website\"},\"primaryImageOfPage\":{\"@id\":\"https:\\\/\\\/www.materdominivolley.it\\\/home\\\/2015\\\/07\\\/21\\\/pedron-sara-ancora-in-cabina-di-regia\\\/#primaryimage\"},\"image\":{\"@id\":\"https:\\\/\\\/www.materdominivolley.it\\\/home\\\/2015\\\/07\\\/21\\\/pedron-sara-ancora-in-cabina-di-regia\\\/#primaryimage\"},\"thumbnailUrl\":\"https:\\\/\\\/www.materdominivolley.it\\\/home\\\/wp-content\\\/uploads\\\/2019\\\/09\\\/matteo_pedron_web1.jpg\",\"datePublished\":\"2015-07-21T15:19:15+00:00\",\"breadcrumb\":{\"@id\":\"https:\\\/\\\/www.materdominivolley.it\\\/home\\\/2015\\\/07\\\/21\\\/pedron-sara-ancora-in-cabina-di-regia\\\/#breadcrumb\"},\"inLanguage\":\"it-IT\",\"potentialAction\":[{\"@type\":\"ReadAction\",\"target\":[\"https:\\\/\\\/www.materdominivolley.it\\\/home\\\/2015\\\/07\\\/21\\\/pedron-sara-ancora-in-cabina-di-regia\\\/\"]}]},{\"@type\":\"ImageObject\",\"inLanguage\":\"it-IT\",\"@id\":\"https:\\\/\\\/www.materdominivolley.it\\\/home\\\/2015\\\/07\\\/21\\\/pedron-sara-ancora-in-cabina-di-regia\\\/#primaryimage\",\"url\":\"https:\\\/\\\/www.materdominivolley.it\\\/home\\\/wp-content\\\/uploads\\\/2019\\\/09\\\/matteo_pedron_web1.jpg\",\"contentUrl\":\"https:\\\/\\\/www.materdominivolley.it\\\/home\\\/wp-content\\\/uploads\\\/2019\\\/09\\\/matteo_pedron_web1.jpg\",\"width\":1300,\"height\":531},{\"@type\":\"BreadcrumbList\",\"@id\":\"https:\\\/\\\/www.materdominivolley.it\\\/home\\\/2015\\\/07\\\/21\\\/pedron-sara-ancora-in-cabina-di-regia\\\/#breadcrumb\",\"itemListElement\":[{\"@type\":\"ListItem\",\"position\":1,\"name\":\"Home\",\"item\":\"https:\\\/\\\/www.materdominivolley.it\\\/home\\\/\"},{\"@type\":\"ListItem\",\"position\":2,\"name\":\"Pedron sar\u00e0 ancora in cabina di regia\"}]},{\"@type\":\"WebSite\",\"@id\":\"https:\\\/\\\/www.materdominivolley.it\\\/home\\\/#website\",\"url\":\"https:\\\/\\\/www.materdominivolley.it\\\/home\\\/\",\"name\":\"materdominivolley\",\"description\":\"\",\"publisher\":{\"@id\":\"https:\\\/\\\/www.materdominivolley.it\\\/home\\\/#organization\"},\"potentialAction\":[{\"@type\":\"SearchAction\",\"target\":{\"@type\":\"EntryPoint\",\"urlTemplate\":\"https:\\\/\\\/www.materdominivolley.it\\\/home\\\/?s={search_term_string}\"},\"query-input\":{\"@type\":\"PropertyValueSpecification\",\"valueRequired\":true,\"valueName\":\"search_term_string\"}}],\"inLanguage\":\"it-IT\"},{\"@type\":\"Organization\",\"@id\":\"https:\\\/\\\/www.materdominivolley.it\\\/home\\\/#organization\",\"name\":\"Materdominivolley.it\",\"url\":\"https:\\\/\\\/www.materdominivolley.it\\\/home\\\/\",\"logo\":{\"@type\":\"ImageObject\",\"inLanguage\":\"it-IT\",\"@id\":\"https:\\\/\\\/www.materdominivolley.it\\\/home\\\/#\\\/schema\\\/logo\\\/image\\\/\",\"url\":\"https:\\\/\\\/www.materdominivolley.it\\\/home\\\/wp-content\\\/uploads\\\/2019\\\/10\\\/Senza-titolo-1-2.png\",\"contentUrl\":\"https:\\\/\\\/www.materdominivolley.it\\\/home\\\/wp-content\\\/uploads\\\/2019\\\/10\\\/Senza-titolo-1-2.png\",\"width\":180,\"height\":250,\"caption\":\"Materdominivolley.it\"},\"image\":{\"@id\":\"https:\\\/\\\/www.materdominivolley.it\\\/home\\\/#\\\/schema\\\/logo\\\/image\\\/\"},\"sameAs\":[\"https:\\\/\\\/www.facebook.com\\\/materdominivolleyit\\\/\"]},{\"@type\":\"Person\",\"@id\":\"https:\\\/\\\/www.materdominivolley.it\\\/home\\\/#\\\/schema\\\/person\\\/86961330b970aecf0b9729df84069339\",\"name\":\"admin-mater\",\"image\":{\"@type\":\"ImageObject\",\"inLanguage\":\"it-IT\",\"@id\":\"https:\\\/\\\/secure.gravatar.com\\\/avatar\\\/71d088b9255aa52813637243630e63af9ffd99251cfb71c8536f2d3794cac08e?s=96&d=mm&r=g\",\"url\":\"https:\\\/\\\/secure.gravatar.com\\\/avatar\\\/71d088b9255aa52813637243630e63af9ffd99251cfb71c8536f2d3794cac08e?s=96&d=mm&r=g\",\"contentUrl\":\"https:\\\/\\\/secure.gravatar.com\\\/avatar\\\/71d088b9255aa52813637243630e63af9ffd99251cfb71c8536f2d3794cac08e?s=96&d=mm&r=g\",\"caption\":\"admin-mater\"},\"url\":\"https:\\\/\\\/www.materdominivolley.it\\\/home\\\/author\\\/admin-mater\\\/\"}]}<\/script>\n<!-- \/ Yoast SEO plugin. -->","yoast_head_json":{"title":"Pedron sar\u00e0 ancora in cabina di regia - materdominivolley","robots":{"index":"index","follow":"follow","max-snippet":"max-snippet:-1","max-image-preview":"max-image-preview:large","max-video-preview":"max-video-preview:-1"},"canonical":"https:\/\/www.materdominivolley.it\/home\/2015\/07\/21\/pedron-sara-ancora-in-cabina-di-regia\/","og_locale":"it_IT","og_type":"article","og_title":"Pedron sar\u00e0 ancora in cabina di regia - materdominivolley","og_description":"Alla vigilia del volley mercato a Bologna, la Materdomini ufficializza un'altra pedina fondamentale: \u00e8 il regista padovano classe 1992. Confermati anche i giovani Latorre, Primavera e Deserio.","og_url":"https:\/\/www.materdominivolley.it\/home\/2015\/07\/21\/pedron-sara-ancora-in-cabina-di-regia\/","og_site_name":"materdominivolley","article_publisher":"https:\/\/www.facebook.com\/materdominivolleyit\/","article_published_time":"2015-07-21T15:19:15+00:00","og_image":[{"width":1300,"height":531,"url":"https:\/\/www.materdominivolley.it\/home\/wp-content\/uploads\/2019\/09\/matteo_pedron_web1.jpg","type":"image\/jpeg"}],"author":"admin-mater","twitter_card":"summary_large_image","twitter_misc":{"Scritto da":"admin-mater","Tempo di lettura stimato":"2 minuti"},"schema":{"@context":"https:\/\/schema.org","@graph":[{"@type":"Article","@id":"https:\/\/www.materdominivolley.it\/home\/2015\/07\/21\/pedron-sara-ancora-in-cabina-di-regia\/#article","isPartOf":{"@id":"https:\/\/www.materdominivolley.it\/home\/2015\/07\/21\/pedron-sara-ancora-in-cabina-di-regia\/"},"author":{"name":"admin-mater","@id":"https:\/\/www.materdominivolley.it\/home\/#\/schema\/person\/86961330b970aecf0b9729df84069339"},"headline":"Pedron sar\u00e0 ancora in cabina di regia","datePublished":"2015-07-21T15:19:15+00:00","mainEntityOfPage":{"@id":"https:\/\/www.materdominivolley.it\/home\/2015\/07\/21\/pedron-sara-ancora-in-cabina-di-regia\/"},"wordCount":385,"commentCount":0,"publisher":{"@id":"https:\/\/www.materdominivolley.it\/home\/#organization"},"image":{"@id":"https:\/\/www.materdominivolley.it\/home\/2015\/07\/21\/pedron-sara-ancora-in-cabina-di-regia\/#primaryimage"},"thumbnailUrl":"https:\/\/www.materdominivolley.it\/home\/wp-content\/uploads\/2019\/09\/matteo_pedron_web1.jpg","articleSection":["Serie A2"],"inLanguage":"it-IT","potentialAction":[{"@type":"CommentAction","name":"Comment","target":["https:\/\/www.materdominivolley.it\/home\/2015\/07\/21\/pedron-sara-ancora-in-cabina-di-regia\/#respond"]}]},{"@type":"WebPage","@id":"https:\/\/www.materdominivolley.it\/home\/2015\/07\/21\/pedron-sara-ancora-in-cabina-di-regia\/","url":"https:\/\/www.materdominivolley.it\/home\/2015\/07\/21\/pedron-sara-ancora-in-cabina-di-regia\/","name":"Pedron sar\u00e0 ancora in cabina di regia - materdominivolley","isPartOf":{"@id":"https:\/\/www.materdominivolley.it\/home\/#website"},"primaryImageOfPage":{"@id":"https:\/\/www.materdominivolley.it\/home\/2015\/07\/21\/pedron-sara-ancora-in-cabina-di-regia\/#primaryimage"},"image":{"@id":"https:\/\/www.materdominivolley.it\/home\/2015\/07\/21\/pedron-sara-ancora-in-cabina-di-regia\/#primaryimage"},"thumbnailUrl":"https:\/\/www.materdominivolley.it\/home\/wp-content\/uploads\/2019\/09\/matteo_pedron_web1.jpg","datePublished":"2015-07-21T15:19:15+00:00","breadcrumb":{"@id":"https:\/\/www.materdominivolley.it\/home\/2015\/07\/21\/pedron-sara-ancora-in-cabina-di-regia\/#breadcrumb"},"inLanguage":"it-IT","potentialAction":[{"@type":"ReadAction","target":["https:\/\/www.materdominivolley.it\/home\/2015\/07\/21\/pedron-sara-ancora-in-cabina-di-regia\/"]}]},{"@type":"ImageObject","inLanguage":"it-IT","@id":"https:\/\/www.materdominivolley.it\/home\/2015\/07\/21\/pedron-sara-ancora-in-cabina-di-regia\/#primaryimage","url":"https:\/\/www.materdominivolley.it\/home\/wp-content\/uploads\/2019\/09\/matteo_pedron_web1.jpg","contentUrl":"https:\/\/www.materdominivolley.it\/home\/wp-content\/uploads\/2019\/09\/matteo_pedron_web1.jpg","width":1300,"height":531},{"@type":"BreadcrumbList","@id":"https:\/\/www.materdominivolley.it\/home\/2015\/07\/21\/pedron-sara-ancora-in-cabina-di-regia\/#breadcrumb","itemListElement":[{"@type":"ListItem","position":1,"name":"Home","item":"https:\/\/www.materdominivolley.it\/home\/"},{"@type":"ListItem","position":2,"name":"Pedron sar\u00e0 ancora in cabina di regia"}]},{"@type":"WebSite","@id":"https:\/\/www.materdominivolley.it\/home\/#website","url":"https:\/\/www.materdominivolley.it\/home\/","name":"materdominivolley","description":"","publisher":{"@id":"https:\/\/www.materdominivolley.it\/home\/#organization"},"potentialAction":[{"@type":"SearchAction","target":{"@type":"EntryPoint","urlTemplate":"https:\/\/www.materdominivolley.it\/home\/?s={search_term_string}"},"query-input":{"@type":"PropertyValueSpecification","valueRequired":true,"valueName":"search_term_string"}}],"inLanguage":"it-IT"},{"@type":"Organization","@id":"https:\/\/www.materdominivolley.it\/home\/#organization","name":"Materdominivolley.it","url":"https:\/\/www.materdominivolley.it\/home\/","logo":{"@type":"ImageObject","inLanguage":"it-IT","@id":"https:\/\/www.materdominivolley.it\/home\/#\/schema\/logo\/image\/","url":"https:\/\/www.materdominivolley.it\/home\/wp-content\/uploads\/2019\/10\/Senza-titolo-1-2.png","contentUrl":"https:\/\/www.materdominivolley.it\/home\/wp-content\/uploads\/2019\/10\/Senza-titolo-1-2.png","width":180,"height":250,"caption":"Materdominivolley.it"},"image":{"@id":"https:\/\/www.materdominivolley.it\/home\/#\/schema\/logo\/image\/"},"sameAs":["https:\/\/www.facebook.com\/materdominivolleyit\/"]},{"@type":"Person","@id":"https:\/\/www.materdominivolley.it\/home\/#\/schema\/person\/86961330b970aecf0b9729df84069339","name":"admin-mater","image":{"@type":"ImageObject","inLanguage":"it-IT","@id":"https:\/\/secure.gravatar.com\/avatar\/71d088b9255aa52813637243630e63af9ffd99251cfb71c8536f2d3794cac08e?s=96&d=mm&r=g","url":"https:\/\/secure.gravatar.com\/avatar\/71d088b9255aa52813637243630e63af9ffd99251cfb71c8536f2d3794cac08e?s=96&d=mm&r=g","contentUrl":"https:\/\/secure.gravatar.com\/avatar\/71d088b9255aa52813637243630e63af9ffd99251cfb71c8536f2d3794cac08e?s=96&d=mm&r=g","caption":"admin-mater"},"url":"https:\/\/www.materdominivolley.it\/home\/author\/admin-mater\/"}]}},"_links":{"self":[{"href":"https:\/\/www.materdominivolley.it\/home\/wp-json\/wp\/v2\/posts\/1166","targetHints":{"allow":["GET"]}}],"collection":[{"href":"https:\/\/www.materdominivolley.it\/home\/wp-json\/wp\/v2\/posts"}],"about":[{"href":"https:\/\/www.materdominivolley.it\/home\/wp-json\/wp\/v2\/types\/post"}],"author":[{"embeddable":true,"href":"https:\/\/www.materdominivolley.it\/home\/wp-json\/wp\/v2\/users\/1"}],"replies":[{"embeddable":true,"href":"https:\/\/www.materdominivolley.it\/home\/wp-json\/wp\/v2\/comments?post=1166"}],"version-history":[{"count":0,"href":"https:\/\/www.materdominivolley.it\/home\/wp-json\/wp\/v2\/posts\/1166\/revisions"}],"wp:featuredmedia":[{"embeddable":true,"href":"https:\/\/www.materdominivolley.it\/home\/wp-json\/wp\/v2\/media\/1167"}],"wp:attachment":[{"href":"https:\/\/www.materdominivolley.it\/home\/wp-json\/wp\/v2\/media?parent=1166"}],"wp:term":[{"taxonomy":"category","embeddable":true,"href":"https:\/\/www.materdominivolley.it\/home\/wp-json\/wp\/v2\/categories?post=1166"},{"taxonomy":"post_tag","embeddable":true,"href":"https:\/\/www.materdominivolley.it\/home\/wp-json\/wp\/v2\/tags?post=1166"}],"curies":[{"name":"wp","href":"https:\/\/api.w.org\/{rel}","templated":true}]}}