{"id":1170,"date":"2015-07-16T15:26:36","date_gmt":"2015-07-16T13:26:36","guid":{"rendered":"https:\/\/www.materdominivolley.it\/home\/2015\/07\/16\/arriva-la-prima-conferma-e-alessandro-giosa\/"},"modified":"2015-07-16T15:26:36","modified_gmt":"2015-07-16T13:26:36","slug":"arriva-la-prima-conferma-e-alessandro-giosa","status":"publish","type":"post","link":"https:\/\/www.materdominivolley.it\/home\/2015\/07\/16\/arriva-la-prima-conferma-e-alessandro-giosa\/","title":{"rendered":"Arriva la prima conferma: \u00e8 Alessandro Giosa"},"content":{"rendered":"\n        <p>\n\tDopo cinque nuovi ingaggi (Tartaglione, Tamburo, Bonetti, Scopelliti e Bulfon), arriva anche la prima conferma in casa <strong>Materdominivolley.it Castellana Grotte <\/strong>in vista del prossimo campionato nazionale serie A2 Unipolsai di pallavolo maschile: il presidente <strong>Michele Miccolis<\/strong> e il direttore sportivo <strong>Vito Primavera<\/strong>, infatti, hanno ufficializzato il rinnovo del legame sportivo con <strong>Alessandro Giosa<\/strong>, centrale tarantino classe 1977.<br \/>\n\t<br \/>\n\tVerso la diciannovesima stagione in serie A, verso la sua seconda stagione consecutiva a Castellana (la quarta considerati i due anni sponda New Mater), verso un ruolo di grande responsabilit\u00e0 che lo rende il giocatore pi\u00f9 esperto nel roster: Giosa sar\u00e0 ancora al centro del progetto Mater.<br \/>\n\t<br \/>\n\tA margine della firma \u00e8 arrivato anche il primo commento da parte del giocatore: \u201cIl mio obiettivo \u00e8 quello di continuare ad offrire lo stesso contributo su cui abbiamo lavorato nella passata stagione. Sar\u00f2 al servizio dei tanti giovani, cercando di dare consigli e spunti giusti per la loro migliore crescita possibile\u201d.<br \/>\n\t<br \/>\n\tGioia, Taranto e Latina in A1, ancora Taranto e Gioia, Agnone, Modugno, Taviano, Isernia, Castellana Grotte, Molfetta e Matera in A2: Giosa inizier\u00e0 la sua 19esima stagione sui grandi palcoscenici della pallavolo italiana, la 21esima contando anche le stagioni in B1 con Bari e Gioia. \u201cMa non perdo il mio entusiasmo e la stessa cosa mi aspetto di trovare al primo giorno di raduno in una squadra giovane e di talento &#8211; ha precisato il centrale tarantino, 38 anni tra poco meno di un mese &#8211; Mi aspetto di ritrovarmi in campo e in spogliatoio con giocatori volenterosi, dediti al lavoro, entusiasti di quello che stanno facendo. La Materdomini \u00e8 una societ\u00e0 organizzata come poche in Italia, Castellana \u00e8 un posto ideale per fare pallavolo, Fanizza \u00e8 un tecnico che valorizza i giovani in maniera straordinaria: ci sono tutte le condizioni perch\u00e9 i ragazzi arrivati e quelli cresciuti nel settore giovanile rendano al massimo\u201d.<br \/>\n\t<br \/>\n\t\u201cSono molto contento di ritrovare mister Fanizza- ha continuato Giosa &#8211; Sono in perfetta sintonia con lui, lo scorso anno abbiamo lavorato bene, spero che nella prossima stagione si possa fare anche meglio. Sar\u00e0 un campionato di alto livello, molto competitivo, tutte le squadre si sono rinforzate o lo stanno facendo. Dalla nostra dovremo avere la forza e la voglia dei giovani, il desiderio di raggiungere i risultati attesi, la consapevolezza di veder crescere il progetto Accademia: cos\u00ec potremo toglierci belle soddisfazioni\u201d.<\/p>\n        ","protected":false},"excerpt":{"rendered":"<p><!-- wp:paragraph --><br \/>\n        Ufficializzato il rinnovo del legame sportivo con il centrale tarantino classe 1977: &#8220;Ci sono tutte le condizioni per rendere al meglio possibile&#8221;<br \/>\n        <!-- \/wp:paragraph --><\/p>\n","protected":false},"author":1,"featured_media":1171,"comment_status":"open","ping_status":"closed","sticky":false,"template":"","format":"standard","meta":{"footnotes":""},"categories":[13],"tags":[],"class_list":["post-1170","post","type-post","status-publish","format-standard","has-post-thumbnail","hentry","category-serie-a2"],"yoast_head":"<!-- This site is optimized with the Yoast SEO plugin v27.4 - https:\/\/yoast.com\/product\/yoast-seo-wordpress\/ -->\n<title>Arriva la prima conferma: \u00e8 Alessandro Giosa - materdominivolley<\/title>\n<meta name=\"robots\" content=\"index, follow, max-snippet:-1, max-image-preview:large, max-video-preview:-1\" \/>\n<link rel=\"canonical\" href=\"https:\/\/www.materdominivolley.it\/home\/2015\/07\/16\/arriva-la-prima-conferma-e-alessandro-giosa\/\" \/>\n<meta property=\"og:locale\" content=\"it_IT\" \/>\n<meta property=\"og:type\" content=\"article\" \/>\n<meta property=\"og:title\" content=\"Arriva la prima conferma: \u00e8 Alessandro Giosa - materdominivolley\" \/>\n<meta property=\"og:description\" content=\"Ufficializzato il rinnovo del legame sportivo con il centrale tarantino classe 1977: &quot;Ci sono tutte le condizioni per rendere al meglio possibile&quot;\" \/>\n<meta property=\"og:url\" content=\"https:\/\/www.materdominivolley.it\/home\/2015\/07\/16\/arriva-la-prima-conferma-e-alessandro-giosa\/\" \/>\n<meta property=\"og:site_name\" content=\"materdominivolley\" \/>\n<meta property=\"article:publisher\" content=\"https:\/\/www.facebook.com\/materdominivolleyit\/\" \/>\n<meta property=\"article:published_time\" content=\"2015-07-16T13:26:36+00:00\" \/>\n<meta property=\"og:image\" content=\"https:\/\/www.materdominivolley.it\/home\/wp-content\/uploads\/2019\/09\/giosa_web1.jpg\" \/>\n\t<meta property=\"og:image:width\" content=\"1300\" \/>\n\t<meta property=\"og:image:height\" content=\"531\" \/>\n\t<meta property=\"og:image:type\" content=\"image\/jpeg\" \/>\n<meta name=\"author\" content=\"admin-mater\" \/>\n<meta name=\"twitter:card\" content=\"summary_large_image\" \/>\n<meta name=\"twitter:label1\" content=\"Scritto da\" \/>\n\t<meta name=\"twitter:data1\" content=\"admin-mater\" \/>\n\t<meta name=\"twitter:label2\" content=\"Tempo di lettura stimato\" \/>\n\t<meta name=\"twitter:data2\" content=\"2 minuti\" \/>\n<script type=\"application\/ld+json\" class=\"yoast-schema-graph\">{\"@context\":\"https:\\\/\\\/schema.org\",\"@graph\":[{\"@type\":\"Article\",\"@id\":\"https:\\\/\\\/www.materdominivolley.it\\\/home\\\/2015\\\/07\\\/16\\\/arriva-la-prima-conferma-e-alessandro-giosa\\\/#article\",\"isPartOf\":{\"@id\":\"https:\\\/\\\/www.materdominivolley.it\\\/home\\\/2015\\\/07\\\/16\\\/arriva-la-prima-conferma-e-alessandro-giosa\\\/\"},\"author\":{\"name\":\"admin-mater\",\"@id\":\"https:\\\/\\\/www.materdominivolley.it\\\/home\\\/#\\\/schema\\\/person\\\/86961330b970aecf0b9729df84069339\"},\"headline\":\"Arriva la prima conferma: \u00e8 Alessandro Giosa\",\"datePublished\":\"2015-07-16T13:26:36+00:00\",\"mainEntityOfPage\":{\"@id\":\"https:\\\/\\\/www.materdominivolley.it\\\/home\\\/2015\\\/07\\\/16\\\/arriva-la-prima-conferma-e-alessandro-giosa\\\/\"},\"wordCount\":392,\"commentCount\":0,\"publisher\":{\"@id\":\"https:\\\/\\\/www.materdominivolley.it\\\/home\\\/#organization\"},\"image\":{\"@id\":\"https:\\\/\\\/www.materdominivolley.it\\\/home\\\/2015\\\/07\\\/16\\\/arriva-la-prima-conferma-e-alessandro-giosa\\\/#primaryimage\"},\"thumbnailUrl\":\"https:\\\/\\\/www.materdominivolley.it\\\/home\\\/wp-content\\\/uploads\\\/2019\\\/09\\\/giosa_web1.jpg\",\"articleSection\":[\"Serie A2\"],\"inLanguage\":\"it-IT\",\"potentialAction\":[{\"@type\":\"CommentAction\",\"name\":\"Comment\",\"target\":[\"https:\\\/\\\/www.materdominivolley.it\\\/home\\\/2015\\\/07\\\/16\\\/arriva-la-prima-conferma-e-alessandro-giosa\\\/#respond\"]}]},{\"@type\":\"WebPage\",\"@id\":\"https:\\\/\\\/www.materdominivolley.it\\\/home\\\/2015\\\/07\\\/16\\\/arriva-la-prima-conferma-e-alessandro-giosa\\\/\",\"url\":\"https:\\\/\\\/www.materdominivolley.it\\\/home\\\/2015\\\/07\\\/16\\\/arriva-la-prima-conferma-e-alessandro-giosa\\\/\",\"name\":\"Arriva la prima conferma: \u00e8 Alessandro Giosa - materdominivolley\",\"isPartOf\":{\"@id\":\"https:\\\/\\\/www.materdominivolley.it\\\/home\\\/#website\"},\"primaryImageOfPage\":{\"@id\":\"https:\\\/\\\/www.materdominivolley.it\\\/home\\\/2015\\\/07\\\/16\\\/arriva-la-prima-conferma-e-alessandro-giosa\\\/#primaryimage\"},\"image\":{\"@id\":\"https:\\\/\\\/www.materdominivolley.it\\\/home\\\/2015\\\/07\\\/16\\\/arriva-la-prima-conferma-e-alessandro-giosa\\\/#primaryimage\"},\"thumbnailUrl\":\"https:\\\/\\\/www.materdominivolley.it\\\/home\\\/wp-content\\\/uploads\\\/2019\\\/09\\\/giosa_web1.jpg\",\"datePublished\":\"2015-07-16T13:26:36+00:00\",\"breadcrumb\":{\"@id\":\"https:\\\/\\\/www.materdominivolley.it\\\/home\\\/2015\\\/07\\\/16\\\/arriva-la-prima-conferma-e-alessandro-giosa\\\/#breadcrumb\"},\"inLanguage\":\"it-IT\",\"potentialAction\":[{\"@type\":\"ReadAction\",\"target\":[\"https:\\\/\\\/www.materdominivolley.it\\\/home\\\/2015\\\/07\\\/16\\\/arriva-la-prima-conferma-e-alessandro-giosa\\\/\"]}]},{\"@type\":\"ImageObject\",\"inLanguage\":\"it-IT\",\"@id\":\"https:\\\/\\\/www.materdominivolley.it\\\/home\\\/2015\\\/07\\\/16\\\/arriva-la-prima-conferma-e-alessandro-giosa\\\/#primaryimage\",\"url\":\"https:\\\/\\\/www.materdominivolley.it\\\/home\\\/wp-content\\\/uploads\\\/2019\\\/09\\\/giosa_web1.jpg\",\"contentUrl\":\"https:\\\/\\\/www.materdominivolley.it\\\/home\\\/wp-content\\\/uploads\\\/2019\\\/09\\\/giosa_web1.jpg\",\"width\":1300,\"height\":531},{\"@type\":\"BreadcrumbList\",\"@id\":\"https:\\\/\\\/www.materdominivolley.it\\\/home\\\/2015\\\/07\\\/16\\\/arriva-la-prima-conferma-e-alessandro-giosa\\\/#breadcrumb\",\"itemListElement\":[{\"@type\":\"ListItem\",\"position\":1,\"name\":\"Home\",\"item\":\"https:\\\/\\\/www.materdominivolley.it\\\/home\\\/\"},{\"@type\":\"ListItem\",\"position\":2,\"name\":\"Arriva la prima conferma: \u00e8 Alessandro Giosa\"}]},{\"@type\":\"WebSite\",\"@id\":\"https:\\\/\\\/www.materdominivolley.it\\\/home\\\/#website\",\"url\":\"https:\\\/\\\/www.materdominivolley.it\\\/home\\\/\",\"name\":\"materdominivolley\",\"description\":\"\",\"publisher\":{\"@id\":\"https:\\\/\\\/www.materdominivolley.it\\\/home\\\/#organization\"},\"potentialAction\":[{\"@type\":\"SearchAction\",\"target\":{\"@type\":\"EntryPoint\",\"urlTemplate\":\"https:\\\/\\\/www.materdominivolley.it\\\/home\\\/?s={search_term_string}\"},\"query-input\":{\"@type\":\"PropertyValueSpecification\",\"valueRequired\":true,\"valueName\":\"search_term_string\"}}],\"inLanguage\":\"it-IT\"},{\"@type\":\"Organization\",\"@id\":\"https:\\\/\\\/www.materdominivolley.it\\\/home\\\/#organization\",\"name\":\"Materdominivolley.it\",\"url\":\"https:\\\/\\\/www.materdominivolley.it\\\/home\\\/\",\"logo\":{\"@type\":\"ImageObject\",\"inLanguage\":\"it-IT\",\"@id\":\"https:\\\/\\\/www.materdominivolley.it\\\/home\\\/#\\\/schema\\\/logo\\\/image\\\/\",\"url\":\"https:\\\/\\\/www.materdominivolley.it\\\/home\\\/wp-content\\\/uploads\\\/2019\\\/10\\\/Senza-titolo-1-2.png\",\"contentUrl\":\"https:\\\/\\\/www.materdominivolley.it\\\/home\\\/wp-content\\\/uploads\\\/2019\\\/10\\\/Senza-titolo-1-2.png\",\"width\":180,\"height\":250,\"caption\":\"Materdominivolley.it\"},\"image\":{\"@id\":\"https:\\\/\\\/www.materdominivolley.it\\\/home\\\/#\\\/schema\\\/logo\\\/image\\\/\"},\"sameAs\":[\"https:\\\/\\\/www.facebook.com\\\/materdominivolleyit\\\/\"]},{\"@type\":\"Person\",\"@id\":\"https:\\\/\\\/www.materdominivolley.it\\\/home\\\/#\\\/schema\\\/person\\\/86961330b970aecf0b9729df84069339\",\"name\":\"admin-mater\",\"image\":{\"@type\":\"ImageObject\",\"inLanguage\":\"it-IT\",\"@id\":\"https:\\\/\\\/secure.gravatar.com\\\/avatar\\\/71d088b9255aa52813637243630e63af9ffd99251cfb71c8536f2d3794cac08e?s=96&d=mm&r=g\",\"url\":\"https:\\\/\\\/secure.gravatar.com\\\/avatar\\\/71d088b9255aa52813637243630e63af9ffd99251cfb71c8536f2d3794cac08e?s=96&d=mm&r=g\",\"contentUrl\":\"https:\\\/\\\/secure.gravatar.com\\\/avatar\\\/71d088b9255aa52813637243630e63af9ffd99251cfb71c8536f2d3794cac08e?s=96&d=mm&r=g\",\"caption\":\"admin-mater\"},\"url\":\"https:\\\/\\\/www.materdominivolley.it\\\/home\\\/author\\\/admin-mater\\\/\"}]}<\/script>\n<!-- \/ Yoast SEO plugin. -->","yoast_head_json":{"title":"Arriva la prima conferma: \u00e8 Alessandro Giosa - materdominivolley","robots":{"index":"index","follow":"follow","max-snippet":"max-snippet:-1","max-image-preview":"max-image-preview:large","max-video-preview":"max-video-preview:-1"},"canonical":"https:\/\/www.materdominivolley.it\/home\/2015\/07\/16\/arriva-la-prima-conferma-e-alessandro-giosa\/","og_locale":"it_IT","og_type":"article","og_title":"Arriva la prima conferma: \u00e8 Alessandro Giosa - materdominivolley","og_description":"Ufficializzato il rinnovo del legame sportivo con il centrale tarantino classe 1977: \"Ci sono tutte le condizioni per rendere al meglio possibile\"","og_url":"https:\/\/www.materdominivolley.it\/home\/2015\/07\/16\/arriva-la-prima-conferma-e-alessandro-giosa\/","og_site_name":"materdominivolley","article_publisher":"https:\/\/www.facebook.com\/materdominivolleyit\/","article_published_time":"2015-07-16T13:26:36+00:00","og_image":[{"width":1300,"height":531,"url":"https:\/\/www.materdominivolley.it\/home\/wp-content\/uploads\/2019\/09\/giosa_web1.jpg","type":"image\/jpeg"}],"author":"admin-mater","twitter_card":"summary_large_image","twitter_misc":{"Scritto da":"admin-mater","Tempo di lettura stimato":"2 minuti"},"schema":{"@context":"https:\/\/schema.org","@graph":[{"@type":"Article","@id":"https:\/\/www.materdominivolley.it\/home\/2015\/07\/16\/arriva-la-prima-conferma-e-alessandro-giosa\/#article","isPartOf":{"@id":"https:\/\/www.materdominivolley.it\/home\/2015\/07\/16\/arriva-la-prima-conferma-e-alessandro-giosa\/"},"author":{"name":"admin-mater","@id":"https:\/\/www.materdominivolley.it\/home\/#\/schema\/person\/86961330b970aecf0b9729df84069339"},"headline":"Arriva la prima conferma: \u00e8 Alessandro Giosa","datePublished":"2015-07-16T13:26:36+00:00","mainEntityOfPage":{"@id":"https:\/\/www.materdominivolley.it\/home\/2015\/07\/16\/arriva-la-prima-conferma-e-alessandro-giosa\/"},"wordCount":392,"commentCount":0,"publisher":{"@id":"https:\/\/www.materdominivolley.it\/home\/#organization"},"image":{"@id":"https:\/\/www.materdominivolley.it\/home\/2015\/07\/16\/arriva-la-prima-conferma-e-alessandro-giosa\/#primaryimage"},"thumbnailUrl":"https:\/\/www.materdominivolley.it\/home\/wp-content\/uploads\/2019\/09\/giosa_web1.jpg","articleSection":["Serie A2"],"inLanguage":"it-IT","potentialAction":[{"@type":"CommentAction","name":"Comment","target":["https:\/\/www.materdominivolley.it\/home\/2015\/07\/16\/arriva-la-prima-conferma-e-alessandro-giosa\/#respond"]}]},{"@type":"WebPage","@id":"https:\/\/www.materdominivolley.it\/home\/2015\/07\/16\/arriva-la-prima-conferma-e-alessandro-giosa\/","url":"https:\/\/www.materdominivolley.it\/home\/2015\/07\/16\/arriva-la-prima-conferma-e-alessandro-giosa\/","name":"Arriva la prima conferma: \u00e8 Alessandro Giosa - materdominivolley","isPartOf":{"@id":"https:\/\/www.materdominivolley.it\/home\/#website"},"primaryImageOfPage":{"@id":"https:\/\/www.materdominivolley.it\/home\/2015\/07\/16\/arriva-la-prima-conferma-e-alessandro-giosa\/#primaryimage"},"image":{"@id":"https:\/\/www.materdominivolley.it\/home\/2015\/07\/16\/arriva-la-prima-conferma-e-alessandro-giosa\/#primaryimage"},"thumbnailUrl":"https:\/\/www.materdominivolley.it\/home\/wp-content\/uploads\/2019\/09\/giosa_web1.jpg","datePublished":"2015-07-16T13:26:36+00:00","breadcrumb":{"@id":"https:\/\/www.materdominivolley.it\/home\/2015\/07\/16\/arriva-la-prima-conferma-e-alessandro-giosa\/#breadcrumb"},"inLanguage":"it-IT","potentialAction":[{"@type":"ReadAction","target":["https:\/\/www.materdominivolley.it\/home\/2015\/07\/16\/arriva-la-prima-conferma-e-alessandro-giosa\/"]}]},{"@type":"ImageObject","inLanguage":"it-IT","@id":"https:\/\/www.materdominivolley.it\/home\/2015\/07\/16\/arriva-la-prima-conferma-e-alessandro-giosa\/#primaryimage","url":"https:\/\/www.materdominivolley.it\/home\/wp-content\/uploads\/2019\/09\/giosa_web1.jpg","contentUrl":"https:\/\/www.materdominivolley.it\/home\/wp-content\/uploads\/2019\/09\/giosa_web1.jpg","width":1300,"height":531},{"@type":"BreadcrumbList","@id":"https:\/\/www.materdominivolley.it\/home\/2015\/07\/16\/arriva-la-prima-conferma-e-alessandro-giosa\/#breadcrumb","itemListElement":[{"@type":"ListItem","position":1,"name":"Home","item":"https:\/\/www.materdominivolley.it\/home\/"},{"@type":"ListItem","position":2,"name":"Arriva la prima conferma: \u00e8 Alessandro Giosa"}]},{"@type":"WebSite","@id":"https:\/\/www.materdominivolley.it\/home\/#website","url":"https:\/\/www.materdominivolley.it\/home\/","name":"materdominivolley","description":"","publisher":{"@id":"https:\/\/www.materdominivolley.it\/home\/#organization"},"potentialAction":[{"@type":"SearchAction","target":{"@type":"EntryPoint","urlTemplate":"https:\/\/www.materdominivolley.it\/home\/?s={search_term_string}"},"query-input":{"@type":"PropertyValueSpecification","valueRequired":true,"valueName":"search_term_string"}}],"inLanguage":"it-IT"},{"@type":"Organization","@id":"https:\/\/www.materdominivolley.it\/home\/#organization","name":"Materdominivolley.it","url":"https:\/\/www.materdominivolley.it\/home\/","logo":{"@type":"ImageObject","inLanguage":"it-IT","@id":"https:\/\/www.materdominivolley.it\/home\/#\/schema\/logo\/image\/","url":"https:\/\/www.materdominivolley.it\/home\/wp-content\/uploads\/2019\/10\/Senza-titolo-1-2.png","contentUrl":"https:\/\/www.materdominivolley.it\/home\/wp-content\/uploads\/2019\/10\/Senza-titolo-1-2.png","width":180,"height":250,"caption":"Materdominivolley.it"},"image":{"@id":"https:\/\/www.materdominivolley.it\/home\/#\/schema\/logo\/image\/"},"sameAs":["https:\/\/www.facebook.com\/materdominivolleyit\/"]},{"@type":"Person","@id":"https:\/\/www.materdominivolley.it\/home\/#\/schema\/person\/86961330b970aecf0b9729df84069339","name":"admin-mater","image":{"@type":"ImageObject","inLanguage":"it-IT","@id":"https:\/\/secure.gravatar.com\/avatar\/71d088b9255aa52813637243630e63af9ffd99251cfb71c8536f2d3794cac08e?s=96&d=mm&r=g","url":"https:\/\/secure.gravatar.com\/avatar\/71d088b9255aa52813637243630e63af9ffd99251cfb71c8536f2d3794cac08e?s=96&d=mm&r=g","contentUrl":"https:\/\/secure.gravatar.com\/avatar\/71d088b9255aa52813637243630e63af9ffd99251cfb71c8536f2d3794cac08e?s=96&d=mm&r=g","caption":"admin-mater"},"url":"https:\/\/www.materdominivolley.it\/home\/author\/admin-mater\/"}]}},"_links":{"self":[{"href":"https:\/\/www.materdominivolley.it\/home\/wp-json\/wp\/v2\/posts\/1170","targetHints":{"allow":["GET"]}}],"collection":[{"href":"https:\/\/www.materdominivolley.it\/home\/wp-json\/wp\/v2\/posts"}],"about":[{"href":"https:\/\/www.materdominivolley.it\/home\/wp-json\/wp\/v2\/types\/post"}],"author":[{"embeddable":true,"href":"https:\/\/www.materdominivolley.it\/home\/wp-json\/wp\/v2\/users\/1"}],"replies":[{"embeddable":true,"href":"https:\/\/www.materdominivolley.it\/home\/wp-json\/wp\/v2\/comments?post=1170"}],"version-history":[{"count":0,"href":"https:\/\/www.materdominivolley.it\/home\/wp-json\/wp\/v2\/posts\/1170\/revisions"}],"wp:featuredmedia":[{"embeddable":true,"href":"https:\/\/www.materdominivolley.it\/home\/wp-json\/wp\/v2\/media\/1171"}],"wp:attachment":[{"href":"https:\/\/www.materdominivolley.it\/home\/wp-json\/wp\/v2\/media?parent=1170"}],"wp:term":[{"taxonomy":"category","embeddable":true,"href":"https:\/\/www.materdominivolley.it\/home\/wp-json\/wp\/v2\/categories?post=1170"},{"taxonomy":"post_tag","embeddable":true,"href":"https:\/\/www.materdominivolley.it\/home\/wp-json\/wp\/v2\/tags?post=1170"}],"curies":[{"name":"wp","href":"https:\/\/api.w.org\/{rel}","templated":true}]}}