{"id":1176,"date":"2015-06-30T09:27:35","date_gmt":"2015-06-30T07:27:35","guid":{"rendered":"https:\/\/www.materdominivolley.it\/home\/2015\/06\/30\/ecco-bonetti-arriva-dalla-superlega-il-terzo-rinforzo\/"},"modified":"2015-06-30T09:27:35","modified_gmt":"2015-06-30T07:27:35","slug":"ecco-bonetti-arriva-dalla-superlega-il-terzo-rinforzo","status":"publish","type":"post","link":"https:\/\/www.materdominivolley.it\/home\/2015\/06\/30\/ecco-bonetti-arriva-dalla-superlega-il-terzo-rinforzo\/","title":{"rendered":"Ecco Bonetti, arriva dalla Superlega il terzo rinforzo"},"content":{"rendered":"\n        <p>\n\tNella tarda serata di ieri, luned\u00ec 22 giugno, la <strong>Materdominivolley.it Castellana Grotte<\/strong> ha ufficializzato il suo terzo rinforzo per il campionato nazionale serie A2 Unipolsai di pallavolo maschile stagione 2015\/2016. E\u2019 <strong>Lorenzo Bonetti<\/strong> ed \u00e8 il primo nuovo acquisto ad arrivare da un team di Superlega.<br \/>\n\t<br \/>\n\tBergamasco, classe 1988, 198 cm di altezza, lo scorso anno al Vero Volley Monza, Bonetti \u00e8 il secondo schiacciatore a firmare con il presidente <strong>Michele Miccolis<\/strong> e il direttore sportivo <strong>Vito Primavera<\/strong>, dopo l\u2019ingaggio di Simmaco Tartaglione di qualche settimana fa. Nato e cresciuto nelle giovanili dell\u2019Agnelli Bergamo, formatosi sportivamente nelle squadre juniores della Sisley Treviso (con cui ha vinto anche una Junior League nel 2008), Bonetti ha giocato gli ultimi due anni nel Monza (con una promozione dalla serie A2 alla serie A1 nel 2014).<br \/>\n\t<br \/>\n\tFino alla stagione 2011\/12 giocava da palleggiatore, ma nella stagione 2012\/13 a Cisano Bergamasco (in serie B1) ha cambiato ruolo diventando schiacciatore. Ha fatto parte della selezione nazionale Under 23 di Lega nel 2010. In serie A2 ha vestito anche le maglie di Bassano (dal 2008 al 2010), Reggio Emilia e Cant\u00f9. In serie A1, invece, ha giocato pure con Vibo Valentia.<br \/>\n\t<br \/>\n\t\u201cSono davvero felice di far parte di questa societ\u00e0 che negli anni ha sempre fatto vedere grandi cose &#8211; ha commentato lo stesso Bonetti subito dopo la firma che lo lega a Castellana &#8211; La Materdominivolley.it punta sui giovani e ha un roster con tanti giovani, ma ha anche dei giocatori di assoluto livello che hanno fatto vedere delle ottime cose in questo campionato. Non vedo l&#39;ora di cominciare e spero vivamente di contribuire a portare questa squadra e questa citt\u00e0 in alto\u201d. Sul cambio di ruolo: \u201cOrmai questa sar\u00e0 la terza stagione da schiacciatore. In molti mi chiedono perch\u00e9 io abbia cambiato ruolo: la mia risposta \u00e8 sempre quella, da palleggiatore non mi divertivo pi\u00f9 e ho avuto la fortuna di apprendere subito le nuove tecniche di gioco. Da martello sono riuscito subito ad ottenere una promozione nella massima serie, il mio desiderio \u00e8 quello di incidere e farmi sentire anche a Castellana. Non vedo l&#39;ora di cominciare questa nuova avventura\u201d.<\/p>\n        ","protected":false},"excerpt":{"rendered":"<p><!-- wp:paragraph --><br \/>\n        Nella tarda serata di ieri, luned\u00ec 22 giugno, la Materdominivolley.it Castellana Grotte ha ufficializzato il suo terzo rinforzo per il prossimo campionato: \u00e8 Lorenzo Bonetti ed \u00e8 il primo nuovo acquisto ad arrivare da un team di Superlega.<br \/>\n        <!-- \/wp:paragraph --><\/p>\n","protected":false},"author":1,"featured_media":1177,"comment_status":"open","ping_status":"closed","sticky":false,"template":"","format":"standard","meta":{"footnotes":""},"categories":[13],"tags":[],"class_list":["post-1176","post","type-post","status-publish","format-standard","has-post-thumbnail","hentry","category-serie-a2"],"yoast_head":"<!-- This site is optimized with the Yoast SEO plugin v27.4 - https:\/\/yoast.com\/product\/yoast-seo-wordpress\/ -->\n<title>Ecco Bonetti, arriva dalla Superlega il terzo rinforzo - materdominivolley<\/title>\n<meta name=\"robots\" content=\"index, follow, max-snippet:-1, max-image-preview:large, max-video-preview:-1\" \/>\n<link rel=\"canonical\" href=\"https:\/\/www.materdominivolley.it\/home\/2015\/06\/30\/ecco-bonetti-arriva-dalla-superlega-il-terzo-rinforzo\/\" \/>\n<meta property=\"og:locale\" content=\"it_IT\" \/>\n<meta property=\"og:type\" content=\"article\" \/>\n<meta property=\"og:title\" content=\"Ecco Bonetti, arriva dalla Superlega il terzo rinforzo - materdominivolley\" \/>\n<meta property=\"og:description\" content=\"Nella tarda serata di ieri, luned\u00ec 22 giugno, la Materdominivolley.it Castellana Grotte ha ufficializzato il suo terzo rinforzo per il prossimo campionato: \u00e8 Lorenzo Bonetti ed \u00e8 il primo nuovo acquisto ad arrivare da un team di Superlega.\" \/>\n<meta property=\"og:url\" content=\"https:\/\/www.materdominivolley.it\/home\/2015\/06\/30\/ecco-bonetti-arriva-dalla-superlega-il-terzo-rinforzo\/\" \/>\n<meta property=\"og:site_name\" content=\"materdominivolley\" \/>\n<meta property=\"article:publisher\" content=\"https:\/\/www.facebook.com\/materdominivolleyit\/\" \/>\n<meta property=\"article:published_time\" content=\"2015-06-30T07:27:35+00:00\" \/>\n<meta property=\"og:image\" content=\"https:\/\/www.materdominivolley.it\/home\/wp-content\/uploads\/2019\/09\/bonetti_web.jpg\" \/>\n\t<meta property=\"og:image:width\" content=\"1300\" \/>\n\t<meta property=\"og:image:height\" content=\"531\" \/>\n\t<meta property=\"og:image:type\" content=\"image\/jpeg\" \/>\n<meta name=\"author\" content=\"admin-mater\" \/>\n<meta name=\"twitter:card\" content=\"summary_large_image\" \/>\n<meta name=\"twitter:label1\" content=\"Scritto da\" \/>\n\t<meta name=\"twitter:data1\" content=\"admin-mater\" \/>\n\t<meta name=\"twitter:label2\" content=\"Tempo di lettura stimato\" \/>\n\t<meta name=\"twitter:data2\" content=\"2 minuti\" \/>\n<script type=\"application\/ld+json\" class=\"yoast-schema-graph\">{\"@context\":\"https:\\\/\\\/schema.org\",\"@graph\":[{\"@type\":\"Article\",\"@id\":\"https:\\\/\\\/www.materdominivolley.it\\\/home\\\/2015\\\/06\\\/30\\\/ecco-bonetti-arriva-dalla-superlega-il-terzo-rinforzo\\\/#article\",\"isPartOf\":{\"@id\":\"https:\\\/\\\/www.materdominivolley.it\\\/home\\\/2015\\\/06\\\/30\\\/ecco-bonetti-arriva-dalla-superlega-il-terzo-rinforzo\\\/\"},\"author\":{\"name\":\"admin-mater\",\"@id\":\"https:\\\/\\\/www.materdominivolley.it\\\/home\\\/#\\\/schema\\\/person\\\/86961330b970aecf0b9729df84069339\"},\"headline\":\"Ecco Bonetti, arriva dalla Superlega il terzo rinforzo\",\"datePublished\":\"2015-06-30T07:27:35+00:00\",\"mainEntityOfPage\":{\"@id\":\"https:\\\/\\\/www.materdominivolley.it\\\/home\\\/2015\\\/06\\\/30\\\/ecco-bonetti-arriva-dalla-superlega-il-terzo-rinforzo\\\/\"},\"wordCount\":354,\"commentCount\":0,\"publisher\":{\"@id\":\"https:\\\/\\\/www.materdominivolley.it\\\/home\\\/#organization\"},\"image\":{\"@id\":\"https:\\\/\\\/www.materdominivolley.it\\\/home\\\/2015\\\/06\\\/30\\\/ecco-bonetti-arriva-dalla-superlega-il-terzo-rinforzo\\\/#primaryimage\"},\"thumbnailUrl\":\"https:\\\/\\\/www.materdominivolley.it\\\/home\\\/wp-content\\\/uploads\\\/2019\\\/09\\\/bonetti_web.jpg\",\"articleSection\":[\"Serie A2\"],\"inLanguage\":\"it-IT\",\"potentialAction\":[{\"@type\":\"CommentAction\",\"name\":\"Comment\",\"target\":[\"https:\\\/\\\/www.materdominivolley.it\\\/home\\\/2015\\\/06\\\/30\\\/ecco-bonetti-arriva-dalla-superlega-il-terzo-rinforzo\\\/#respond\"]}]},{\"@type\":\"WebPage\",\"@id\":\"https:\\\/\\\/www.materdominivolley.it\\\/home\\\/2015\\\/06\\\/30\\\/ecco-bonetti-arriva-dalla-superlega-il-terzo-rinforzo\\\/\",\"url\":\"https:\\\/\\\/www.materdominivolley.it\\\/home\\\/2015\\\/06\\\/30\\\/ecco-bonetti-arriva-dalla-superlega-il-terzo-rinforzo\\\/\",\"name\":\"Ecco Bonetti, arriva dalla Superlega il terzo rinforzo - materdominivolley\",\"isPartOf\":{\"@id\":\"https:\\\/\\\/www.materdominivolley.it\\\/home\\\/#website\"},\"primaryImageOfPage\":{\"@id\":\"https:\\\/\\\/www.materdominivolley.it\\\/home\\\/2015\\\/06\\\/30\\\/ecco-bonetti-arriva-dalla-superlega-il-terzo-rinforzo\\\/#primaryimage\"},\"image\":{\"@id\":\"https:\\\/\\\/www.materdominivolley.it\\\/home\\\/2015\\\/06\\\/30\\\/ecco-bonetti-arriva-dalla-superlega-il-terzo-rinforzo\\\/#primaryimage\"},\"thumbnailUrl\":\"https:\\\/\\\/www.materdominivolley.it\\\/home\\\/wp-content\\\/uploads\\\/2019\\\/09\\\/bonetti_web.jpg\",\"datePublished\":\"2015-06-30T07:27:35+00:00\",\"breadcrumb\":{\"@id\":\"https:\\\/\\\/www.materdominivolley.it\\\/home\\\/2015\\\/06\\\/30\\\/ecco-bonetti-arriva-dalla-superlega-il-terzo-rinforzo\\\/#breadcrumb\"},\"inLanguage\":\"it-IT\",\"potentialAction\":[{\"@type\":\"ReadAction\",\"target\":[\"https:\\\/\\\/www.materdominivolley.it\\\/home\\\/2015\\\/06\\\/30\\\/ecco-bonetti-arriva-dalla-superlega-il-terzo-rinforzo\\\/\"]}]},{\"@type\":\"ImageObject\",\"inLanguage\":\"it-IT\",\"@id\":\"https:\\\/\\\/www.materdominivolley.it\\\/home\\\/2015\\\/06\\\/30\\\/ecco-bonetti-arriva-dalla-superlega-il-terzo-rinforzo\\\/#primaryimage\",\"url\":\"https:\\\/\\\/www.materdominivolley.it\\\/home\\\/wp-content\\\/uploads\\\/2019\\\/09\\\/bonetti_web.jpg\",\"contentUrl\":\"https:\\\/\\\/www.materdominivolley.it\\\/home\\\/wp-content\\\/uploads\\\/2019\\\/09\\\/bonetti_web.jpg\",\"width\":1300,\"height\":531},{\"@type\":\"BreadcrumbList\",\"@id\":\"https:\\\/\\\/www.materdominivolley.it\\\/home\\\/2015\\\/06\\\/30\\\/ecco-bonetti-arriva-dalla-superlega-il-terzo-rinforzo\\\/#breadcrumb\",\"itemListElement\":[{\"@type\":\"ListItem\",\"position\":1,\"name\":\"Home\",\"item\":\"https:\\\/\\\/www.materdominivolley.it\\\/home\\\/\"},{\"@type\":\"ListItem\",\"position\":2,\"name\":\"Ecco Bonetti, arriva dalla Superlega il terzo rinforzo\"}]},{\"@type\":\"WebSite\",\"@id\":\"https:\\\/\\\/www.materdominivolley.it\\\/home\\\/#website\",\"url\":\"https:\\\/\\\/www.materdominivolley.it\\\/home\\\/\",\"name\":\"materdominivolley\",\"description\":\"\",\"publisher\":{\"@id\":\"https:\\\/\\\/www.materdominivolley.it\\\/home\\\/#organization\"},\"potentialAction\":[{\"@type\":\"SearchAction\",\"target\":{\"@type\":\"EntryPoint\",\"urlTemplate\":\"https:\\\/\\\/www.materdominivolley.it\\\/home\\\/?s={search_term_string}\"},\"query-input\":{\"@type\":\"PropertyValueSpecification\",\"valueRequired\":true,\"valueName\":\"search_term_string\"}}],\"inLanguage\":\"it-IT\"},{\"@type\":\"Organization\",\"@id\":\"https:\\\/\\\/www.materdominivolley.it\\\/home\\\/#organization\",\"name\":\"Materdominivolley.it\",\"url\":\"https:\\\/\\\/www.materdominivolley.it\\\/home\\\/\",\"logo\":{\"@type\":\"ImageObject\",\"inLanguage\":\"it-IT\",\"@id\":\"https:\\\/\\\/www.materdominivolley.it\\\/home\\\/#\\\/schema\\\/logo\\\/image\\\/\",\"url\":\"https:\\\/\\\/www.materdominivolley.it\\\/home\\\/wp-content\\\/uploads\\\/2019\\\/10\\\/Senza-titolo-1-2.png\",\"contentUrl\":\"https:\\\/\\\/www.materdominivolley.it\\\/home\\\/wp-content\\\/uploads\\\/2019\\\/10\\\/Senza-titolo-1-2.png\",\"width\":180,\"height\":250,\"caption\":\"Materdominivolley.it\"},\"image\":{\"@id\":\"https:\\\/\\\/www.materdominivolley.it\\\/home\\\/#\\\/schema\\\/logo\\\/image\\\/\"},\"sameAs\":[\"https:\\\/\\\/www.facebook.com\\\/materdominivolleyit\\\/\"]},{\"@type\":\"Person\",\"@id\":\"https:\\\/\\\/www.materdominivolley.it\\\/home\\\/#\\\/schema\\\/person\\\/86961330b970aecf0b9729df84069339\",\"name\":\"admin-mater\",\"image\":{\"@type\":\"ImageObject\",\"inLanguage\":\"it-IT\",\"@id\":\"https:\\\/\\\/secure.gravatar.com\\\/avatar\\\/71d088b9255aa52813637243630e63af9ffd99251cfb71c8536f2d3794cac08e?s=96&d=mm&r=g\",\"url\":\"https:\\\/\\\/secure.gravatar.com\\\/avatar\\\/71d088b9255aa52813637243630e63af9ffd99251cfb71c8536f2d3794cac08e?s=96&d=mm&r=g\",\"contentUrl\":\"https:\\\/\\\/secure.gravatar.com\\\/avatar\\\/71d088b9255aa52813637243630e63af9ffd99251cfb71c8536f2d3794cac08e?s=96&d=mm&r=g\",\"caption\":\"admin-mater\"},\"url\":\"https:\\\/\\\/www.materdominivolley.it\\\/home\\\/author\\\/admin-mater\\\/\"}]}<\/script>\n<!-- \/ Yoast SEO plugin. -->","yoast_head_json":{"title":"Ecco Bonetti, arriva dalla Superlega il terzo rinforzo - materdominivolley","robots":{"index":"index","follow":"follow","max-snippet":"max-snippet:-1","max-image-preview":"max-image-preview:large","max-video-preview":"max-video-preview:-1"},"canonical":"https:\/\/www.materdominivolley.it\/home\/2015\/06\/30\/ecco-bonetti-arriva-dalla-superlega-il-terzo-rinforzo\/","og_locale":"it_IT","og_type":"article","og_title":"Ecco Bonetti, arriva dalla Superlega il terzo rinforzo - materdominivolley","og_description":"Nella tarda serata di ieri, luned\u00ec 22 giugno, la Materdominivolley.it Castellana Grotte ha ufficializzato il suo terzo rinforzo per il prossimo campionato: \u00e8 Lorenzo Bonetti ed \u00e8 il primo nuovo acquisto ad arrivare da un team di Superlega.","og_url":"https:\/\/www.materdominivolley.it\/home\/2015\/06\/30\/ecco-bonetti-arriva-dalla-superlega-il-terzo-rinforzo\/","og_site_name":"materdominivolley","article_publisher":"https:\/\/www.facebook.com\/materdominivolleyit\/","article_published_time":"2015-06-30T07:27:35+00:00","og_image":[{"width":1300,"height":531,"url":"https:\/\/www.materdominivolley.it\/home\/wp-content\/uploads\/2019\/09\/bonetti_web.jpg","type":"image\/jpeg"}],"author":"admin-mater","twitter_card":"summary_large_image","twitter_misc":{"Scritto da":"admin-mater","Tempo di lettura stimato":"2 minuti"},"schema":{"@context":"https:\/\/schema.org","@graph":[{"@type":"Article","@id":"https:\/\/www.materdominivolley.it\/home\/2015\/06\/30\/ecco-bonetti-arriva-dalla-superlega-il-terzo-rinforzo\/#article","isPartOf":{"@id":"https:\/\/www.materdominivolley.it\/home\/2015\/06\/30\/ecco-bonetti-arriva-dalla-superlega-il-terzo-rinforzo\/"},"author":{"name":"admin-mater","@id":"https:\/\/www.materdominivolley.it\/home\/#\/schema\/person\/86961330b970aecf0b9729df84069339"},"headline":"Ecco Bonetti, arriva dalla Superlega il terzo rinforzo","datePublished":"2015-06-30T07:27:35+00:00","mainEntityOfPage":{"@id":"https:\/\/www.materdominivolley.it\/home\/2015\/06\/30\/ecco-bonetti-arriva-dalla-superlega-il-terzo-rinforzo\/"},"wordCount":354,"commentCount":0,"publisher":{"@id":"https:\/\/www.materdominivolley.it\/home\/#organization"},"image":{"@id":"https:\/\/www.materdominivolley.it\/home\/2015\/06\/30\/ecco-bonetti-arriva-dalla-superlega-il-terzo-rinforzo\/#primaryimage"},"thumbnailUrl":"https:\/\/www.materdominivolley.it\/home\/wp-content\/uploads\/2019\/09\/bonetti_web.jpg","articleSection":["Serie A2"],"inLanguage":"it-IT","potentialAction":[{"@type":"CommentAction","name":"Comment","target":["https:\/\/www.materdominivolley.it\/home\/2015\/06\/30\/ecco-bonetti-arriva-dalla-superlega-il-terzo-rinforzo\/#respond"]}]},{"@type":"WebPage","@id":"https:\/\/www.materdominivolley.it\/home\/2015\/06\/30\/ecco-bonetti-arriva-dalla-superlega-il-terzo-rinforzo\/","url":"https:\/\/www.materdominivolley.it\/home\/2015\/06\/30\/ecco-bonetti-arriva-dalla-superlega-il-terzo-rinforzo\/","name":"Ecco Bonetti, arriva dalla Superlega il terzo rinforzo - materdominivolley","isPartOf":{"@id":"https:\/\/www.materdominivolley.it\/home\/#website"},"primaryImageOfPage":{"@id":"https:\/\/www.materdominivolley.it\/home\/2015\/06\/30\/ecco-bonetti-arriva-dalla-superlega-il-terzo-rinforzo\/#primaryimage"},"image":{"@id":"https:\/\/www.materdominivolley.it\/home\/2015\/06\/30\/ecco-bonetti-arriva-dalla-superlega-il-terzo-rinforzo\/#primaryimage"},"thumbnailUrl":"https:\/\/www.materdominivolley.it\/home\/wp-content\/uploads\/2019\/09\/bonetti_web.jpg","datePublished":"2015-06-30T07:27:35+00:00","breadcrumb":{"@id":"https:\/\/www.materdominivolley.it\/home\/2015\/06\/30\/ecco-bonetti-arriva-dalla-superlega-il-terzo-rinforzo\/#breadcrumb"},"inLanguage":"it-IT","potentialAction":[{"@type":"ReadAction","target":["https:\/\/www.materdominivolley.it\/home\/2015\/06\/30\/ecco-bonetti-arriva-dalla-superlega-il-terzo-rinforzo\/"]}]},{"@type":"ImageObject","inLanguage":"it-IT","@id":"https:\/\/www.materdominivolley.it\/home\/2015\/06\/30\/ecco-bonetti-arriva-dalla-superlega-il-terzo-rinforzo\/#primaryimage","url":"https:\/\/www.materdominivolley.it\/home\/wp-content\/uploads\/2019\/09\/bonetti_web.jpg","contentUrl":"https:\/\/www.materdominivolley.it\/home\/wp-content\/uploads\/2019\/09\/bonetti_web.jpg","width":1300,"height":531},{"@type":"BreadcrumbList","@id":"https:\/\/www.materdominivolley.it\/home\/2015\/06\/30\/ecco-bonetti-arriva-dalla-superlega-il-terzo-rinforzo\/#breadcrumb","itemListElement":[{"@type":"ListItem","position":1,"name":"Home","item":"https:\/\/www.materdominivolley.it\/home\/"},{"@type":"ListItem","position":2,"name":"Ecco Bonetti, arriva dalla Superlega il terzo rinforzo"}]},{"@type":"WebSite","@id":"https:\/\/www.materdominivolley.it\/home\/#website","url":"https:\/\/www.materdominivolley.it\/home\/","name":"materdominivolley","description":"","publisher":{"@id":"https:\/\/www.materdominivolley.it\/home\/#organization"},"potentialAction":[{"@type":"SearchAction","target":{"@type":"EntryPoint","urlTemplate":"https:\/\/www.materdominivolley.it\/home\/?s={search_term_string}"},"query-input":{"@type":"PropertyValueSpecification","valueRequired":true,"valueName":"search_term_string"}}],"inLanguage":"it-IT"},{"@type":"Organization","@id":"https:\/\/www.materdominivolley.it\/home\/#organization","name":"Materdominivolley.it","url":"https:\/\/www.materdominivolley.it\/home\/","logo":{"@type":"ImageObject","inLanguage":"it-IT","@id":"https:\/\/www.materdominivolley.it\/home\/#\/schema\/logo\/image\/","url":"https:\/\/www.materdominivolley.it\/home\/wp-content\/uploads\/2019\/10\/Senza-titolo-1-2.png","contentUrl":"https:\/\/www.materdominivolley.it\/home\/wp-content\/uploads\/2019\/10\/Senza-titolo-1-2.png","width":180,"height":250,"caption":"Materdominivolley.it"},"image":{"@id":"https:\/\/www.materdominivolley.it\/home\/#\/schema\/logo\/image\/"},"sameAs":["https:\/\/www.facebook.com\/materdominivolleyit\/"]},{"@type":"Person","@id":"https:\/\/www.materdominivolley.it\/home\/#\/schema\/person\/86961330b970aecf0b9729df84069339","name":"admin-mater","image":{"@type":"ImageObject","inLanguage":"it-IT","@id":"https:\/\/secure.gravatar.com\/avatar\/71d088b9255aa52813637243630e63af9ffd99251cfb71c8536f2d3794cac08e?s=96&d=mm&r=g","url":"https:\/\/secure.gravatar.com\/avatar\/71d088b9255aa52813637243630e63af9ffd99251cfb71c8536f2d3794cac08e?s=96&d=mm&r=g","contentUrl":"https:\/\/secure.gravatar.com\/avatar\/71d088b9255aa52813637243630e63af9ffd99251cfb71c8536f2d3794cac08e?s=96&d=mm&r=g","caption":"admin-mater"},"url":"https:\/\/www.materdominivolley.it\/home\/author\/admin-mater\/"}]}},"_links":{"self":[{"href":"https:\/\/www.materdominivolley.it\/home\/wp-json\/wp\/v2\/posts\/1176","targetHints":{"allow":["GET"]}}],"collection":[{"href":"https:\/\/www.materdominivolley.it\/home\/wp-json\/wp\/v2\/posts"}],"about":[{"href":"https:\/\/www.materdominivolley.it\/home\/wp-json\/wp\/v2\/types\/post"}],"author":[{"embeddable":true,"href":"https:\/\/www.materdominivolley.it\/home\/wp-json\/wp\/v2\/users\/1"}],"replies":[{"embeddable":true,"href":"https:\/\/www.materdominivolley.it\/home\/wp-json\/wp\/v2\/comments?post=1176"}],"version-history":[{"count":0,"href":"https:\/\/www.materdominivolley.it\/home\/wp-json\/wp\/v2\/posts\/1176\/revisions"}],"wp:featuredmedia":[{"embeddable":true,"href":"https:\/\/www.materdominivolley.it\/home\/wp-json\/wp\/v2\/media\/1177"}],"wp:attachment":[{"href":"https:\/\/www.materdominivolley.it\/home\/wp-json\/wp\/v2\/media?parent=1176"}],"wp:term":[{"taxonomy":"category","embeddable":true,"href":"https:\/\/www.materdominivolley.it\/home\/wp-json\/wp\/v2\/categories?post=1176"},{"taxonomy":"post_tag","embeddable":true,"href":"https:\/\/www.materdominivolley.it\/home\/wp-json\/wp\/v2\/tags?post=1176"}],"curies":[{"name":"wp","href":"https:\/\/api.w.org\/{rel}","templated":true}]}}