{"id":1180,"date":"2015-06-15T16:03:06","date_gmt":"2015-06-15T14:03:06","guid":{"rendered":"https:\/\/www.materdominivolley.it\/home\/2015\/06\/15\/finale-nazionale-u17-mater-al-settimo-posto-con-rimpianto\/"},"modified":"2015-06-15T16:03:06","modified_gmt":"2015-06-15T14:03:06","slug":"finale-nazionale-u17-mater-al-settimo-posto-con-rimpianto","status":"publish","type":"post","link":"https:\/\/www.materdominivolley.it\/home\/2015\/06\/15\/finale-nazionale-u17-mater-al-settimo-posto-con-rimpianto\/","title":{"rendered":"Finale Nazionale U17, Mater al settimo posto (con rimpianto)"},"content":{"rendered":"\n        <p>\n\tSi chiude con un settimo posto la terza delle tre finali nazionali 2015 per l\u2019accademia del volley giovanile di Puglia della <strong>Materdominivolley.it Castellana Grotte<\/strong>. A Chianciano Terme (Si), infatti, la formazione allenata da <strong>Vincenzo Fanizza<\/strong> e guidata in delegazione dal presidente <strong>Michele Miccolis<\/strong> saluta la <strong>Finale Nazionale Crai U17<\/strong> di pallavolo maschile, giocata in Toscana dal 10 al 14 giugno, migliorando il risultato dello scorso anno. Poche recriminazioni, ma tanti rimpianti per la Materdominivolley.it che, a Chianciano, ha saputo giocare un\u2019ottima pallavolo, ma \u00e8 ancora una volta rimasta vittima del calendario ostico.<br \/>\n\t<br \/>\n\tInserita nel gruppo F della fase finale con Colli Aminei Napoli, Cucine Lube Banca Marche Treia e Trentino Volley, i giovani giallobl\u00f9 hanno vinto le prime due gare del girone (3-0 al Napoli nel pomeriggio di gioved\u00ec e 3-0 al Trento nella mattinata di venerd\u00ec) ma hanno perso la splendida battaglia per il primo posto: 2-3 contro Macerata e cammino in salita nei quarti. Il secondo posto nel girone F, infatti, ha lasciato alla Materdomini in eredit\u00e0 il pi\u00f9 duro degli scontri ad eliminazione diretta: la sconfitta per 1-3 contro una delle due finaliste del torneo, il Segrate, lascia cos\u00ec una sensazione di amaro nello staff e nella squadra giallobl\u00f9 per quello che poteva essere e non \u00e8 stato. Negli spareggi dal quinto all\u2019ottavo posto, infine, la sconfitta con San Miniato e la vittoria con Ortona hanno fissato il settimo posto finale.<br \/>\n\t<br \/>\n\t\u201cNonostante l\u2019essere riusciti a migliorare di due posizioni il risultato dello scorso anno &#8211; ha commentato il presidente Miccolis &#8211; il rammarico \u00e8 forte. Per la sorte che ci ha costretti a giocare da subito nel girone con Macerata, per il calendario che da subito ci ha imposto nei quarti una formazione come Segrate. Resta la soddisfazione per i tanti complimenti ricevuti circa il nostro livello di gioco dagli addetti ai lavori. Dopo lo scudetto U15 e dopo le tre finali nazionali che ci vedono sempre tra le prime dieci d\u2019Italia &#8211; ha concluso il presidente della Materdomini &#8211; possiamo parlare di bilancio estremamente positivo, ancora in crescita rispetto alle scorse stagioni. Su questo solco, abbiamo gi\u00e0 iniziato a lavorare per il prossimo anno, nel segno della valorizzazione dei nostri giovani e del consolidamento della nostra realt\u00e0 che, credo, possa essere ormai inserita tra le realt\u00e0 di eccellenza del movimento pallavolistico italiano\u201d.<\/p>\n        ","protected":false},"excerpt":{"rendered":"<p><!-- wp:paragraph --><br \/>\n        La formazione di Fanizza saluta la Finale Nazionale Crai U17 di pallavolo maschile, giocata in Toscana dal 10 al 14 giugno, migliorando il risultato dello scorso anno. Poche recriminazioni, ma tanti rimpianti per la Materdominivolley.it<br \/>\n        <!-- \/wp:paragraph --><\/p>\n","protected":false},"author":1,"featured_media":1181,"comment_status":"open","ping_status":"closed","sticky":false,"template":"","format":"standard","meta":{"footnotes":""},"categories":[25],"tags":[],"class_list":["post-1180","post","type-post","status-publish","format-standard","has-post-thumbnail","hentry","category-under-17"],"yoast_head":"<!-- This site is optimized with the Yoast SEO plugin v27.4 - https:\/\/yoast.com\/product\/yoast-seo-wordpress\/ -->\n<title>Finale Nazionale U17, Mater al settimo posto (con rimpianto) - materdominivolley<\/title>\n<meta name=\"robots\" content=\"index, follow, max-snippet:-1, max-image-preview:large, max-video-preview:-1\" \/>\n<link rel=\"canonical\" href=\"https:\/\/www.materdominivolley.it\/home\/2015\/06\/15\/finale-nazionale-u17-mater-al-settimo-posto-con-rimpianto\/\" \/>\n<meta property=\"og:locale\" content=\"it_IT\" \/>\n<meta property=\"og:type\" content=\"article\" \/>\n<meta property=\"og:title\" content=\"Finale Nazionale U17, Mater al settimo posto (con rimpianto) - materdominivolley\" \/>\n<meta property=\"og:description\" content=\"La formazione di Fanizza saluta la Finale Nazionale Crai U17 di pallavolo maschile, giocata in Toscana dal 10 al 14 giugno, migliorando il risultato dello scorso anno. Poche recriminazioni, ma tanti rimpianti per la Materdominivolley.it\" \/>\n<meta property=\"og:url\" content=\"https:\/\/www.materdominivolley.it\/home\/2015\/06\/15\/finale-nazionale-u17-mater-al-settimo-posto-con-rimpianto\/\" \/>\n<meta property=\"og:site_name\" content=\"materdominivolley\" \/>\n<meta property=\"article:publisher\" content=\"https:\/\/www.facebook.com\/materdominivolleyit\/\" \/>\n<meta property=\"article:published_time\" content=\"2015-06-15T14:03:06+00:00\" \/>\n<meta property=\"og:image\" content=\"https:\/\/www.materdominivolley.it\/home\/wp-content\/uploads\/2019\/09\/tecnici_scudettati.jpg\" \/>\n\t<meta property=\"og:image:width\" content=\"1300\" \/>\n\t<meta property=\"og:image:height\" content=\"531\" \/>\n\t<meta property=\"og:image:type\" content=\"image\/jpeg\" \/>\n<meta name=\"author\" content=\"admin-mater\" \/>\n<meta name=\"twitter:card\" content=\"summary_large_image\" \/>\n<meta name=\"twitter:label1\" content=\"Scritto da\" \/>\n\t<meta name=\"twitter:data1\" content=\"admin-mater\" \/>\n\t<meta name=\"twitter:label2\" content=\"Tempo di lettura stimato\" \/>\n\t<meta name=\"twitter:data2\" content=\"2 minuti\" \/>\n<script type=\"application\/ld+json\" class=\"yoast-schema-graph\">{\"@context\":\"https:\\\/\\\/schema.org\",\"@graph\":[{\"@type\":\"Article\",\"@id\":\"https:\\\/\\\/www.materdominivolley.it\\\/home\\\/2015\\\/06\\\/15\\\/finale-nazionale-u17-mater-al-settimo-posto-con-rimpianto\\\/#article\",\"isPartOf\":{\"@id\":\"https:\\\/\\\/www.materdominivolley.it\\\/home\\\/2015\\\/06\\\/15\\\/finale-nazionale-u17-mater-al-settimo-posto-con-rimpianto\\\/\"},\"author\":{\"name\":\"admin-mater\",\"@id\":\"https:\\\/\\\/www.materdominivolley.it\\\/home\\\/#\\\/schema\\\/person\\\/86961330b970aecf0b9729df84069339\"},\"headline\":\"Finale Nazionale U17, Mater al settimo posto (con rimpianto)\",\"datePublished\":\"2015-06-15T14:03:06+00:00\",\"mainEntityOfPage\":{\"@id\":\"https:\\\/\\\/www.materdominivolley.it\\\/home\\\/2015\\\/06\\\/15\\\/finale-nazionale-u17-mater-al-settimo-posto-con-rimpianto\\\/\"},\"wordCount\":396,\"commentCount\":0,\"publisher\":{\"@id\":\"https:\\\/\\\/www.materdominivolley.it\\\/home\\\/#organization\"},\"image\":{\"@id\":\"https:\\\/\\\/www.materdominivolley.it\\\/home\\\/2015\\\/06\\\/15\\\/finale-nazionale-u17-mater-al-settimo-posto-con-rimpianto\\\/#primaryimage\"},\"thumbnailUrl\":\"https:\\\/\\\/www.materdominivolley.it\\\/home\\\/wp-content\\\/uploads\\\/2019\\\/09\\\/tecnici_scudettati.jpg\",\"articleSection\":[\"under 17\"],\"inLanguage\":\"it-IT\",\"potentialAction\":[{\"@type\":\"CommentAction\",\"name\":\"Comment\",\"target\":[\"https:\\\/\\\/www.materdominivolley.it\\\/home\\\/2015\\\/06\\\/15\\\/finale-nazionale-u17-mater-al-settimo-posto-con-rimpianto\\\/#respond\"]}]},{\"@type\":\"WebPage\",\"@id\":\"https:\\\/\\\/www.materdominivolley.it\\\/home\\\/2015\\\/06\\\/15\\\/finale-nazionale-u17-mater-al-settimo-posto-con-rimpianto\\\/\",\"url\":\"https:\\\/\\\/www.materdominivolley.it\\\/home\\\/2015\\\/06\\\/15\\\/finale-nazionale-u17-mater-al-settimo-posto-con-rimpianto\\\/\",\"name\":\"Finale Nazionale U17, Mater al settimo posto (con rimpianto) - materdominivolley\",\"isPartOf\":{\"@id\":\"https:\\\/\\\/www.materdominivolley.it\\\/home\\\/#website\"},\"primaryImageOfPage\":{\"@id\":\"https:\\\/\\\/www.materdominivolley.it\\\/home\\\/2015\\\/06\\\/15\\\/finale-nazionale-u17-mater-al-settimo-posto-con-rimpianto\\\/#primaryimage\"},\"image\":{\"@id\":\"https:\\\/\\\/www.materdominivolley.it\\\/home\\\/2015\\\/06\\\/15\\\/finale-nazionale-u17-mater-al-settimo-posto-con-rimpianto\\\/#primaryimage\"},\"thumbnailUrl\":\"https:\\\/\\\/www.materdominivolley.it\\\/home\\\/wp-content\\\/uploads\\\/2019\\\/09\\\/tecnici_scudettati.jpg\",\"datePublished\":\"2015-06-15T14:03:06+00:00\",\"breadcrumb\":{\"@id\":\"https:\\\/\\\/www.materdominivolley.it\\\/home\\\/2015\\\/06\\\/15\\\/finale-nazionale-u17-mater-al-settimo-posto-con-rimpianto\\\/#breadcrumb\"},\"inLanguage\":\"it-IT\",\"potentialAction\":[{\"@type\":\"ReadAction\",\"target\":[\"https:\\\/\\\/www.materdominivolley.it\\\/home\\\/2015\\\/06\\\/15\\\/finale-nazionale-u17-mater-al-settimo-posto-con-rimpianto\\\/\"]}]},{\"@type\":\"ImageObject\",\"inLanguage\":\"it-IT\",\"@id\":\"https:\\\/\\\/www.materdominivolley.it\\\/home\\\/2015\\\/06\\\/15\\\/finale-nazionale-u17-mater-al-settimo-posto-con-rimpianto\\\/#primaryimage\",\"url\":\"https:\\\/\\\/www.materdominivolley.it\\\/home\\\/wp-content\\\/uploads\\\/2019\\\/09\\\/tecnici_scudettati.jpg\",\"contentUrl\":\"https:\\\/\\\/www.materdominivolley.it\\\/home\\\/wp-content\\\/uploads\\\/2019\\\/09\\\/tecnici_scudettati.jpg\",\"width\":1300,\"height\":531},{\"@type\":\"BreadcrumbList\",\"@id\":\"https:\\\/\\\/www.materdominivolley.it\\\/home\\\/2015\\\/06\\\/15\\\/finale-nazionale-u17-mater-al-settimo-posto-con-rimpianto\\\/#breadcrumb\",\"itemListElement\":[{\"@type\":\"ListItem\",\"position\":1,\"name\":\"Home\",\"item\":\"https:\\\/\\\/www.materdominivolley.it\\\/home\\\/\"},{\"@type\":\"ListItem\",\"position\":2,\"name\":\"Finale Nazionale U17, Mater al settimo posto (con rimpianto)\"}]},{\"@type\":\"WebSite\",\"@id\":\"https:\\\/\\\/www.materdominivolley.it\\\/home\\\/#website\",\"url\":\"https:\\\/\\\/www.materdominivolley.it\\\/home\\\/\",\"name\":\"materdominivolley\",\"description\":\"\",\"publisher\":{\"@id\":\"https:\\\/\\\/www.materdominivolley.it\\\/home\\\/#organization\"},\"potentialAction\":[{\"@type\":\"SearchAction\",\"target\":{\"@type\":\"EntryPoint\",\"urlTemplate\":\"https:\\\/\\\/www.materdominivolley.it\\\/home\\\/?s={search_term_string}\"},\"query-input\":{\"@type\":\"PropertyValueSpecification\",\"valueRequired\":true,\"valueName\":\"search_term_string\"}}],\"inLanguage\":\"it-IT\"},{\"@type\":\"Organization\",\"@id\":\"https:\\\/\\\/www.materdominivolley.it\\\/home\\\/#organization\",\"name\":\"Materdominivolley.it\",\"url\":\"https:\\\/\\\/www.materdominivolley.it\\\/home\\\/\",\"logo\":{\"@type\":\"ImageObject\",\"inLanguage\":\"it-IT\",\"@id\":\"https:\\\/\\\/www.materdominivolley.it\\\/home\\\/#\\\/schema\\\/logo\\\/image\\\/\",\"url\":\"https:\\\/\\\/www.materdominivolley.it\\\/home\\\/wp-content\\\/uploads\\\/2019\\\/10\\\/Senza-titolo-1-2.png\",\"contentUrl\":\"https:\\\/\\\/www.materdominivolley.it\\\/home\\\/wp-content\\\/uploads\\\/2019\\\/10\\\/Senza-titolo-1-2.png\",\"width\":180,\"height\":250,\"caption\":\"Materdominivolley.it\"},\"image\":{\"@id\":\"https:\\\/\\\/www.materdominivolley.it\\\/home\\\/#\\\/schema\\\/logo\\\/image\\\/\"},\"sameAs\":[\"https:\\\/\\\/www.facebook.com\\\/materdominivolleyit\\\/\"]},{\"@type\":\"Person\",\"@id\":\"https:\\\/\\\/www.materdominivolley.it\\\/home\\\/#\\\/schema\\\/person\\\/86961330b970aecf0b9729df84069339\",\"name\":\"admin-mater\",\"image\":{\"@type\":\"ImageObject\",\"inLanguage\":\"it-IT\",\"@id\":\"https:\\\/\\\/secure.gravatar.com\\\/avatar\\\/71d088b9255aa52813637243630e63af9ffd99251cfb71c8536f2d3794cac08e?s=96&d=mm&r=g\",\"url\":\"https:\\\/\\\/secure.gravatar.com\\\/avatar\\\/71d088b9255aa52813637243630e63af9ffd99251cfb71c8536f2d3794cac08e?s=96&d=mm&r=g\",\"contentUrl\":\"https:\\\/\\\/secure.gravatar.com\\\/avatar\\\/71d088b9255aa52813637243630e63af9ffd99251cfb71c8536f2d3794cac08e?s=96&d=mm&r=g\",\"caption\":\"admin-mater\"},\"url\":\"https:\\\/\\\/www.materdominivolley.it\\\/home\\\/author\\\/admin-mater\\\/\"}]}<\/script>\n<!-- \/ Yoast SEO plugin. -->","yoast_head_json":{"title":"Finale Nazionale U17, Mater al settimo posto (con rimpianto) - materdominivolley","robots":{"index":"index","follow":"follow","max-snippet":"max-snippet:-1","max-image-preview":"max-image-preview:large","max-video-preview":"max-video-preview:-1"},"canonical":"https:\/\/www.materdominivolley.it\/home\/2015\/06\/15\/finale-nazionale-u17-mater-al-settimo-posto-con-rimpianto\/","og_locale":"it_IT","og_type":"article","og_title":"Finale Nazionale U17, Mater al settimo posto (con rimpianto) - materdominivolley","og_description":"La formazione di Fanizza saluta la Finale Nazionale Crai U17 di pallavolo maschile, giocata in Toscana dal 10 al 14 giugno, migliorando il risultato dello scorso anno. Poche recriminazioni, ma tanti rimpianti per la Materdominivolley.it","og_url":"https:\/\/www.materdominivolley.it\/home\/2015\/06\/15\/finale-nazionale-u17-mater-al-settimo-posto-con-rimpianto\/","og_site_name":"materdominivolley","article_publisher":"https:\/\/www.facebook.com\/materdominivolleyit\/","article_published_time":"2015-06-15T14:03:06+00:00","og_image":[{"width":1300,"height":531,"url":"https:\/\/www.materdominivolley.it\/home\/wp-content\/uploads\/2019\/09\/tecnici_scudettati.jpg","type":"image\/jpeg"}],"author":"admin-mater","twitter_card":"summary_large_image","twitter_misc":{"Scritto da":"admin-mater","Tempo di lettura stimato":"2 minuti"},"schema":{"@context":"https:\/\/schema.org","@graph":[{"@type":"Article","@id":"https:\/\/www.materdominivolley.it\/home\/2015\/06\/15\/finale-nazionale-u17-mater-al-settimo-posto-con-rimpianto\/#article","isPartOf":{"@id":"https:\/\/www.materdominivolley.it\/home\/2015\/06\/15\/finale-nazionale-u17-mater-al-settimo-posto-con-rimpianto\/"},"author":{"name":"admin-mater","@id":"https:\/\/www.materdominivolley.it\/home\/#\/schema\/person\/86961330b970aecf0b9729df84069339"},"headline":"Finale Nazionale U17, Mater al settimo posto (con rimpianto)","datePublished":"2015-06-15T14:03:06+00:00","mainEntityOfPage":{"@id":"https:\/\/www.materdominivolley.it\/home\/2015\/06\/15\/finale-nazionale-u17-mater-al-settimo-posto-con-rimpianto\/"},"wordCount":396,"commentCount":0,"publisher":{"@id":"https:\/\/www.materdominivolley.it\/home\/#organization"},"image":{"@id":"https:\/\/www.materdominivolley.it\/home\/2015\/06\/15\/finale-nazionale-u17-mater-al-settimo-posto-con-rimpianto\/#primaryimage"},"thumbnailUrl":"https:\/\/www.materdominivolley.it\/home\/wp-content\/uploads\/2019\/09\/tecnici_scudettati.jpg","articleSection":["under 17"],"inLanguage":"it-IT","potentialAction":[{"@type":"CommentAction","name":"Comment","target":["https:\/\/www.materdominivolley.it\/home\/2015\/06\/15\/finale-nazionale-u17-mater-al-settimo-posto-con-rimpianto\/#respond"]}]},{"@type":"WebPage","@id":"https:\/\/www.materdominivolley.it\/home\/2015\/06\/15\/finale-nazionale-u17-mater-al-settimo-posto-con-rimpianto\/","url":"https:\/\/www.materdominivolley.it\/home\/2015\/06\/15\/finale-nazionale-u17-mater-al-settimo-posto-con-rimpianto\/","name":"Finale Nazionale U17, Mater al settimo posto (con rimpianto) - materdominivolley","isPartOf":{"@id":"https:\/\/www.materdominivolley.it\/home\/#website"},"primaryImageOfPage":{"@id":"https:\/\/www.materdominivolley.it\/home\/2015\/06\/15\/finale-nazionale-u17-mater-al-settimo-posto-con-rimpianto\/#primaryimage"},"image":{"@id":"https:\/\/www.materdominivolley.it\/home\/2015\/06\/15\/finale-nazionale-u17-mater-al-settimo-posto-con-rimpianto\/#primaryimage"},"thumbnailUrl":"https:\/\/www.materdominivolley.it\/home\/wp-content\/uploads\/2019\/09\/tecnici_scudettati.jpg","datePublished":"2015-06-15T14:03:06+00:00","breadcrumb":{"@id":"https:\/\/www.materdominivolley.it\/home\/2015\/06\/15\/finale-nazionale-u17-mater-al-settimo-posto-con-rimpianto\/#breadcrumb"},"inLanguage":"it-IT","potentialAction":[{"@type":"ReadAction","target":["https:\/\/www.materdominivolley.it\/home\/2015\/06\/15\/finale-nazionale-u17-mater-al-settimo-posto-con-rimpianto\/"]}]},{"@type":"ImageObject","inLanguage":"it-IT","@id":"https:\/\/www.materdominivolley.it\/home\/2015\/06\/15\/finale-nazionale-u17-mater-al-settimo-posto-con-rimpianto\/#primaryimage","url":"https:\/\/www.materdominivolley.it\/home\/wp-content\/uploads\/2019\/09\/tecnici_scudettati.jpg","contentUrl":"https:\/\/www.materdominivolley.it\/home\/wp-content\/uploads\/2019\/09\/tecnici_scudettati.jpg","width":1300,"height":531},{"@type":"BreadcrumbList","@id":"https:\/\/www.materdominivolley.it\/home\/2015\/06\/15\/finale-nazionale-u17-mater-al-settimo-posto-con-rimpianto\/#breadcrumb","itemListElement":[{"@type":"ListItem","position":1,"name":"Home","item":"https:\/\/www.materdominivolley.it\/home\/"},{"@type":"ListItem","position":2,"name":"Finale Nazionale U17, Mater al settimo posto (con rimpianto)"}]},{"@type":"WebSite","@id":"https:\/\/www.materdominivolley.it\/home\/#website","url":"https:\/\/www.materdominivolley.it\/home\/","name":"materdominivolley","description":"","publisher":{"@id":"https:\/\/www.materdominivolley.it\/home\/#organization"},"potentialAction":[{"@type":"SearchAction","target":{"@type":"EntryPoint","urlTemplate":"https:\/\/www.materdominivolley.it\/home\/?s={search_term_string}"},"query-input":{"@type":"PropertyValueSpecification","valueRequired":true,"valueName":"search_term_string"}}],"inLanguage":"it-IT"},{"@type":"Organization","@id":"https:\/\/www.materdominivolley.it\/home\/#organization","name":"Materdominivolley.it","url":"https:\/\/www.materdominivolley.it\/home\/","logo":{"@type":"ImageObject","inLanguage":"it-IT","@id":"https:\/\/www.materdominivolley.it\/home\/#\/schema\/logo\/image\/","url":"https:\/\/www.materdominivolley.it\/home\/wp-content\/uploads\/2019\/10\/Senza-titolo-1-2.png","contentUrl":"https:\/\/www.materdominivolley.it\/home\/wp-content\/uploads\/2019\/10\/Senza-titolo-1-2.png","width":180,"height":250,"caption":"Materdominivolley.it"},"image":{"@id":"https:\/\/www.materdominivolley.it\/home\/#\/schema\/logo\/image\/"},"sameAs":["https:\/\/www.facebook.com\/materdominivolleyit\/"]},{"@type":"Person","@id":"https:\/\/www.materdominivolley.it\/home\/#\/schema\/person\/86961330b970aecf0b9729df84069339","name":"admin-mater","image":{"@type":"ImageObject","inLanguage":"it-IT","@id":"https:\/\/secure.gravatar.com\/avatar\/71d088b9255aa52813637243630e63af9ffd99251cfb71c8536f2d3794cac08e?s=96&d=mm&r=g","url":"https:\/\/secure.gravatar.com\/avatar\/71d088b9255aa52813637243630e63af9ffd99251cfb71c8536f2d3794cac08e?s=96&d=mm&r=g","contentUrl":"https:\/\/secure.gravatar.com\/avatar\/71d088b9255aa52813637243630e63af9ffd99251cfb71c8536f2d3794cac08e?s=96&d=mm&r=g","caption":"admin-mater"},"url":"https:\/\/www.materdominivolley.it\/home\/author\/admin-mater\/"}]}},"_links":{"self":[{"href":"https:\/\/www.materdominivolley.it\/home\/wp-json\/wp\/v2\/posts\/1180","targetHints":{"allow":["GET"]}}],"collection":[{"href":"https:\/\/www.materdominivolley.it\/home\/wp-json\/wp\/v2\/posts"}],"about":[{"href":"https:\/\/www.materdominivolley.it\/home\/wp-json\/wp\/v2\/types\/post"}],"author":[{"embeddable":true,"href":"https:\/\/www.materdominivolley.it\/home\/wp-json\/wp\/v2\/users\/1"}],"replies":[{"embeddable":true,"href":"https:\/\/www.materdominivolley.it\/home\/wp-json\/wp\/v2\/comments?post=1180"}],"version-history":[{"count":0,"href":"https:\/\/www.materdominivolley.it\/home\/wp-json\/wp\/v2\/posts\/1180\/revisions"}],"wp:featuredmedia":[{"embeddable":true,"href":"https:\/\/www.materdominivolley.it\/home\/wp-json\/wp\/v2\/media\/1181"}],"wp:attachment":[{"href":"https:\/\/www.materdominivolley.it\/home\/wp-json\/wp\/v2\/media?parent=1180"}],"wp:term":[{"taxonomy":"category","embeddable":true,"href":"https:\/\/www.materdominivolley.it\/home\/wp-json\/wp\/v2\/categories?post=1180"},{"taxonomy":"post_tag","embeddable":true,"href":"https:\/\/www.materdominivolley.it\/home\/wp-json\/wp\/v2\/tags?post=1180"}],"curies":[{"name":"wp","href":"https:\/\/api.w.org\/{rel}","templated":true}]}}