{"id":1198,"date":"2015-06-07T12:56:12","date_gmt":"2015-06-07T10:56:12","guid":{"rendered":"https:\/\/www.materdominivolley.it\/home\/2015\/06\/07\/al-via-domani-le-prime-due-finali-nazionali\/"},"modified":"2015-06-07T12:56:12","modified_gmt":"2015-06-07T10:56:12","slug":"al-via-domani-le-prime-due-finali-nazionali","status":"publish","type":"post","link":"https:\/\/www.materdominivolley.it\/home\/2015\/06\/07\/al-via-domani-le-prime-due-finali-nazionali\/","title":{"rendered":"Al via domani le prime due finali nazionali"},"content":{"rendered":"\n        <p>\n\tArchiviati i secondi posti conquistati in Boy League U14 e Junior League U19, si apre la fase delle Finali Nazionali Fipav per la <strong>Materdominivolley.it Castellana Grotte<\/strong>. Due settimane in cui le tre formazioni dell\u2019 accademia del volley giovanile di Puglia tutte qualificate alle finali giovanili Crai proveranno a centrare l\u2019ambito titolo 2015. Tutti gli aggiornamenti delle finali scudetto giovanili sul sito <strong>federvolley.finalenazionale.it\/<br \/>\n\t<br \/>\n\tUNDER 19<\/strong>&#8211; Dopo il secondo posto nella Del Monte Junior League, l\u2019under 19 allenata da Vincenzo Fanizza e Antonello D\u2019Alessandro ci riprover\u00e0 ad Abano Terme da domani, gioved\u00ec 4 fino al 7 giugno per la Finale Nazionale U19. La Materdominivolley.it \u00e8 inserita nel girone B con Lube Banca Marche Treia (Mc), Carotenuto Sant\u2019Agnello (Na) e Kio-Ene Padova. Il debutto domani, gioved\u00ec 4 alle ore 10,45 contro Sant\u2019Agnello. Sempre domani, gioved\u00ec 4, ma alle ore 15,30 sfida al Padova. Fase eliminatoria che si concluder\u00e0 venerd\u00ec 5 alle ore 10,45 nella gara contro Treia. Al termine della fase di andata dei cinque gironi, passeranno al turno successivo 16 squadre, le prime tre classificate dei 5 gironi e la migliore quarta classificata ordinate in base alla classifica avulsa. Si inizia cos\u00ec dagli ottavi di finale la fase ad eliminazione diretta.<br \/>\n\t<br \/>\n\tL\u2019anno scorso la Materdominivolley.it chiuse al nono posto. Tra le venti formazioni partecipanti, le squadre da battere sono in gran parte le stesse avversarie della Junior League, ovvero Trento, Macerata, Treviso, Monza e Modena.<br \/>\n\t<br \/>\n\t<strong>UNDER 15 &#8211;<\/strong>Si giocano da oggi, mercoled\u00ec 3 fino al 7 giugno a Lauria e Lagonegro (Pz) le Finali Nazionali U15. La Materdominivolley.it, in quanto campione regionale, \u00e8 gi\u00e0 qualificata alla seconda fase e quindi inizier\u00e0 il suo cammino a partire dalla giornata di domani 4 giugno. La formazione giallobl\u00f9 \u00e8 inserita nel girone H assieme alla Sabini Castelferretti (An), alla Mymamy Reggio Calabria e alla prima classificata del girone eliminatorio tra Padova, Cordenons, Almevilla e Rivotorto. Nella scorsa stagione, la Materdomini non ha partecipato al campionato Under 15: si riparte pertanto dal settimo posto della finale di Catania nel 2013.<br \/>\n\t<br \/>\n\tDebutto gioved\u00ec 4 alle ore 17,30 contro la squadra qualificata dal girone eliminatorio preliminare. Poi in campo venerd\u00ec 5 alle ore 8,45 contro Reggio Calabria e alle ore 17,30 contro Castelferretti. Accedono ai quarti di finale in calendario sabato 6 giugno le prime due classificate di ogni girone.<\/p>\n        ","protected":false},"excerpt":{"rendered":"<p><!-- wp:paragraph --><br \/>\n        Archiviati i secondi posti conquistati in Boy League U14 e Junior League U19, si apre la fase delle Finali Nazionali Fipav per la Materdominivolley.it Castellana Grotte.<br \/>\n        <!-- \/wp:paragraph --><\/p>\n","protected":false},"author":1,"featured_media":1199,"comment_status":"open","ping_status":"closed","sticky":false,"template":"","format":"standard","meta":{"footnotes":""},"categories":[12],"tags":[],"class_list":["post-1198","post","type-post","status-publish","format-standard","has-post-thumbnail","hentry","category-accademia"],"yoast_head":"<!-- This site is optimized with the Yoast SEO plugin v27.4 - https:\/\/yoast.com\/product\/yoast-seo-wordpress\/ -->\n<title>Al via domani le prime due finali nazionali - materdominivolley<\/title>\n<meta name=\"robots\" content=\"index, follow, max-snippet:-1, max-image-preview:large, max-video-preview:-1\" \/>\n<link rel=\"canonical\" href=\"https:\/\/www.materdominivolley.it\/home\/2015\/06\/07\/al-via-domani-le-prime-due-finali-nazionali\/\" \/>\n<meta property=\"og:locale\" content=\"it_IT\" \/>\n<meta property=\"og:type\" content=\"article\" \/>\n<meta property=\"og:title\" content=\"Al via domani le prime due finali nazionali - materdominivolley\" \/>\n<meta property=\"og:description\" content=\"Archiviati i secondi posti conquistati in Boy League U14 e Junior League U19, si apre la fase delle Finali Nazionali Fipav per la Materdominivolley.it Castellana Grotte.\" \/>\n<meta property=\"og:url\" content=\"https:\/\/www.materdominivolley.it\/home\/2015\/06\/07\/al-via-domani-le-prime-due-finali-nazionali\/\" \/>\n<meta property=\"og:site_name\" content=\"materdominivolley\" \/>\n<meta property=\"article:publisher\" content=\"https:\/\/www.facebook.com\/materdominivolleyit\/\" \/>\n<meta property=\"article:published_time\" content=\"2015-06-07T10:56:12+00:00\" \/>\n<meta property=\"og:image\" content=\"https:\/\/www.materdominivolley.it\/home\/wp-content\/uploads\/2019\/09\/mater_under15.jpg\" \/>\n\t<meta property=\"og:image:width\" content=\"1300\" \/>\n\t<meta property=\"og:image:height\" content=\"531\" \/>\n\t<meta property=\"og:image:type\" content=\"image\/jpeg\" \/>\n<meta name=\"author\" content=\"admin-mater\" \/>\n<meta name=\"twitter:card\" content=\"summary_large_image\" \/>\n<meta name=\"twitter:label1\" content=\"Scritto da\" \/>\n\t<meta name=\"twitter:data1\" content=\"admin-mater\" \/>\n\t<meta name=\"twitter:label2\" content=\"Tempo di lettura stimato\" \/>\n\t<meta name=\"twitter:data2\" content=\"2 minuti\" \/>\n<script type=\"application\/ld+json\" class=\"yoast-schema-graph\">{\"@context\":\"https:\\\/\\\/schema.org\",\"@graph\":[{\"@type\":\"Article\",\"@id\":\"https:\\\/\\\/www.materdominivolley.it\\\/home\\\/2015\\\/06\\\/07\\\/al-via-domani-le-prime-due-finali-nazionali\\\/#article\",\"isPartOf\":{\"@id\":\"https:\\\/\\\/www.materdominivolley.it\\\/home\\\/2015\\\/06\\\/07\\\/al-via-domani-le-prime-due-finali-nazionali\\\/\"},\"author\":{\"name\":\"admin-mater\",\"@id\":\"https:\\\/\\\/www.materdominivolley.it\\\/home\\\/#\\\/schema\\\/person\\\/86961330b970aecf0b9729df84069339\"},\"headline\":\"Al via domani le prime due finali nazionali\",\"datePublished\":\"2015-06-07T10:56:12+00:00\",\"mainEntityOfPage\":{\"@id\":\"https:\\\/\\\/www.materdominivolley.it\\\/home\\\/2015\\\/06\\\/07\\\/al-via-domani-le-prime-due-finali-nazionali\\\/\"},\"wordCount\":375,\"commentCount\":0,\"publisher\":{\"@id\":\"https:\\\/\\\/www.materdominivolley.it\\\/home\\\/#organization\"},\"image\":{\"@id\":\"https:\\\/\\\/www.materdominivolley.it\\\/home\\\/2015\\\/06\\\/07\\\/al-via-domani-le-prime-due-finali-nazionali\\\/#primaryimage\"},\"thumbnailUrl\":\"https:\\\/\\\/www.materdominivolley.it\\\/home\\\/wp-content\\\/uploads\\\/2019\\\/09\\\/mater_under15.jpg\",\"articleSection\":[\"Accademia\"],\"inLanguage\":\"it-IT\",\"potentialAction\":[{\"@type\":\"CommentAction\",\"name\":\"Comment\",\"target\":[\"https:\\\/\\\/www.materdominivolley.it\\\/home\\\/2015\\\/06\\\/07\\\/al-via-domani-le-prime-due-finali-nazionali\\\/#respond\"]}]},{\"@type\":\"WebPage\",\"@id\":\"https:\\\/\\\/www.materdominivolley.it\\\/home\\\/2015\\\/06\\\/07\\\/al-via-domani-le-prime-due-finali-nazionali\\\/\",\"url\":\"https:\\\/\\\/www.materdominivolley.it\\\/home\\\/2015\\\/06\\\/07\\\/al-via-domani-le-prime-due-finali-nazionali\\\/\",\"name\":\"Al via domani le prime due finali nazionali - materdominivolley\",\"isPartOf\":{\"@id\":\"https:\\\/\\\/www.materdominivolley.it\\\/home\\\/#website\"},\"primaryImageOfPage\":{\"@id\":\"https:\\\/\\\/www.materdominivolley.it\\\/home\\\/2015\\\/06\\\/07\\\/al-via-domani-le-prime-due-finali-nazionali\\\/#primaryimage\"},\"image\":{\"@id\":\"https:\\\/\\\/www.materdominivolley.it\\\/home\\\/2015\\\/06\\\/07\\\/al-via-domani-le-prime-due-finali-nazionali\\\/#primaryimage\"},\"thumbnailUrl\":\"https:\\\/\\\/www.materdominivolley.it\\\/home\\\/wp-content\\\/uploads\\\/2019\\\/09\\\/mater_under15.jpg\",\"datePublished\":\"2015-06-07T10:56:12+00:00\",\"breadcrumb\":{\"@id\":\"https:\\\/\\\/www.materdominivolley.it\\\/home\\\/2015\\\/06\\\/07\\\/al-via-domani-le-prime-due-finali-nazionali\\\/#breadcrumb\"},\"inLanguage\":\"it-IT\",\"potentialAction\":[{\"@type\":\"ReadAction\",\"target\":[\"https:\\\/\\\/www.materdominivolley.it\\\/home\\\/2015\\\/06\\\/07\\\/al-via-domani-le-prime-due-finali-nazionali\\\/\"]}]},{\"@type\":\"ImageObject\",\"inLanguage\":\"it-IT\",\"@id\":\"https:\\\/\\\/www.materdominivolley.it\\\/home\\\/2015\\\/06\\\/07\\\/al-via-domani-le-prime-due-finali-nazionali\\\/#primaryimage\",\"url\":\"https:\\\/\\\/www.materdominivolley.it\\\/home\\\/wp-content\\\/uploads\\\/2019\\\/09\\\/mater_under15.jpg\",\"contentUrl\":\"https:\\\/\\\/www.materdominivolley.it\\\/home\\\/wp-content\\\/uploads\\\/2019\\\/09\\\/mater_under15.jpg\",\"width\":1300,\"height\":531},{\"@type\":\"BreadcrumbList\",\"@id\":\"https:\\\/\\\/www.materdominivolley.it\\\/home\\\/2015\\\/06\\\/07\\\/al-via-domani-le-prime-due-finali-nazionali\\\/#breadcrumb\",\"itemListElement\":[{\"@type\":\"ListItem\",\"position\":1,\"name\":\"Home\",\"item\":\"https:\\\/\\\/www.materdominivolley.it\\\/home\\\/\"},{\"@type\":\"ListItem\",\"position\":2,\"name\":\"Al via domani le prime due finali nazionali\"}]},{\"@type\":\"WebSite\",\"@id\":\"https:\\\/\\\/www.materdominivolley.it\\\/home\\\/#website\",\"url\":\"https:\\\/\\\/www.materdominivolley.it\\\/home\\\/\",\"name\":\"materdominivolley\",\"description\":\"\",\"publisher\":{\"@id\":\"https:\\\/\\\/www.materdominivolley.it\\\/home\\\/#organization\"},\"potentialAction\":[{\"@type\":\"SearchAction\",\"target\":{\"@type\":\"EntryPoint\",\"urlTemplate\":\"https:\\\/\\\/www.materdominivolley.it\\\/home\\\/?s={search_term_string}\"},\"query-input\":{\"@type\":\"PropertyValueSpecification\",\"valueRequired\":true,\"valueName\":\"search_term_string\"}}],\"inLanguage\":\"it-IT\"},{\"@type\":\"Organization\",\"@id\":\"https:\\\/\\\/www.materdominivolley.it\\\/home\\\/#organization\",\"name\":\"Materdominivolley.it\",\"url\":\"https:\\\/\\\/www.materdominivolley.it\\\/home\\\/\",\"logo\":{\"@type\":\"ImageObject\",\"inLanguage\":\"it-IT\",\"@id\":\"https:\\\/\\\/www.materdominivolley.it\\\/home\\\/#\\\/schema\\\/logo\\\/image\\\/\",\"url\":\"https:\\\/\\\/www.materdominivolley.it\\\/home\\\/wp-content\\\/uploads\\\/2019\\\/10\\\/Senza-titolo-1-2.png\",\"contentUrl\":\"https:\\\/\\\/www.materdominivolley.it\\\/home\\\/wp-content\\\/uploads\\\/2019\\\/10\\\/Senza-titolo-1-2.png\",\"width\":180,\"height\":250,\"caption\":\"Materdominivolley.it\"},\"image\":{\"@id\":\"https:\\\/\\\/www.materdominivolley.it\\\/home\\\/#\\\/schema\\\/logo\\\/image\\\/\"},\"sameAs\":[\"https:\\\/\\\/www.facebook.com\\\/materdominivolleyit\\\/\"]},{\"@type\":\"Person\",\"@id\":\"https:\\\/\\\/www.materdominivolley.it\\\/home\\\/#\\\/schema\\\/person\\\/86961330b970aecf0b9729df84069339\",\"name\":\"admin-mater\",\"image\":{\"@type\":\"ImageObject\",\"inLanguage\":\"it-IT\",\"@id\":\"https:\\\/\\\/secure.gravatar.com\\\/avatar\\\/71d088b9255aa52813637243630e63af9ffd99251cfb71c8536f2d3794cac08e?s=96&d=mm&r=g\",\"url\":\"https:\\\/\\\/secure.gravatar.com\\\/avatar\\\/71d088b9255aa52813637243630e63af9ffd99251cfb71c8536f2d3794cac08e?s=96&d=mm&r=g\",\"contentUrl\":\"https:\\\/\\\/secure.gravatar.com\\\/avatar\\\/71d088b9255aa52813637243630e63af9ffd99251cfb71c8536f2d3794cac08e?s=96&d=mm&r=g\",\"caption\":\"admin-mater\"},\"url\":\"https:\\\/\\\/www.materdominivolley.it\\\/home\\\/author\\\/admin-mater\\\/\"}]}<\/script>\n<!-- \/ Yoast SEO plugin. -->","yoast_head_json":{"title":"Al via domani le prime due finali nazionali - materdominivolley","robots":{"index":"index","follow":"follow","max-snippet":"max-snippet:-1","max-image-preview":"max-image-preview:large","max-video-preview":"max-video-preview:-1"},"canonical":"https:\/\/www.materdominivolley.it\/home\/2015\/06\/07\/al-via-domani-le-prime-due-finali-nazionali\/","og_locale":"it_IT","og_type":"article","og_title":"Al via domani le prime due finali nazionali - materdominivolley","og_description":"Archiviati i secondi posti conquistati in Boy League U14 e Junior League U19, si apre la fase delle Finali Nazionali Fipav per la Materdominivolley.it Castellana Grotte.","og_url":"https:\/\/www.materdominivolley.it\/home\/2015\/06\/07\/al-via-domani-le-prime-due-finali-nazionali\/","og_site_name":"materdominivolley","article_publisher":"https:\/\/www.facebook.com\/materdominivolleyit\/","article_published_time":"2015-06-07T10:56:12+00:00","og_image":[{"width":1300,"height":531,"url":"https:\/\/www.materdominivolley.it\/home\/wp-content\/uploads\/2019\/09\/mater_under15.jpg","type":"image\/jpeg"}],"author":"admin-mater","twitter_card":"summary_large_image","twitter_misc":{"Scritto da":"admin-mater","Tempo di lettura stimato":"2 minuti"},"schema":{"@context":"https:\/\/schema.org","@graph":[{"@type":"Article","@id":"https:\/\/www.materdominivolley.it\/home\/2015\/06\/07\/al-via-domani-le-prime-due-finali-nazionali\/#article","isPartOf":{"@id":"https:\/\/www.materdominivolley.it\/home\/2015\/06\/07\/al-via-domani-le-prime-due-finali-nazionali\/"},"author":{"name":"admin-mater","@id":"https:\/\/www.materdominivolley.it\/home\/#\/schema\/person\/86961330b970aecf0b9729df84069339"},"headline":"Al via domani le prime due finali nazionali","datePublished":"2015-06-07T10:56:12+00:00","mainEntityOfPage":{"@id":"https:\/\/www.materdominivolley.it\/home\/2015\/06\/07\/al-via-domani-le-prime-due-finali-nazionali\/"},"wordCount":375,"commentCount":0,"publisher":{"@id":"https:\/\/www.materdominivolley.it\/home\/#organization"},"image":{"@id":"https:\/\/www.materdominivolley.it\/home\/2015\/06\/07\/al-via-domani-le-prime-due-finali-nazionali\/#primaryimage"},"thumbnailUrl":"https:\/\/www.materdominivolley.it\/home\/wp-content\/uploads\/2019\/09\/mater_under15.jpg","articleSection":["Accademia"],"inLanguage":"it-IT","potentialAction":[{"@type":"CommentAction","name":"Comment","target":["https:\/\/www.materdominivolley.it\/home\/2015\/06\/07\/al-via-domani-le-prime-due-finali-nazionali\/#respond"]}]},{"@type":"WebPage","@id":"https:\/\/www.materdominivolley.it\/home\/2015\/06\/07\/al-via-domani-le-prime-due-finali-nazionali\/","url":"https:\/\/www.materdominivolley.it\/home\/2015\/06\/07\/al-via-domani-le-prime-due-finali-nazionali\/","name":"Al via domani le prime due finali nazionali - materdominivolley","isPartOf":{"@id":"https:\/\/www.materdominivolley.it\/home\/#website"},"primaryImageOfPage":{"@id":"https:\/\/www.materdominivolley.it\/home\/2015\/06\/07\/al-via-domani-le-prime-due-finali-nazionali\/#primaryimage"},"image":{"@id":"https:\/\/www.materdominivolley.it\/home\/2015\/06\/07\/al-via-domani-le-prime-due-finali-nazionali\/#primaryimage"},"thumbnailUrl":"https:\/\/www.materdominivolley.it\/home\/wp-content\/uploads\/2019\/09\/mater_under15.jpg","datePublished":"2015-06-07T10:56:12+00:00","breadcrumb":{"@id":"https:\/\/www.materdominivolley.it\/home\/2015\/06\/07\/al-via-domani-le-prime-due-finali-nazionali\/#breadcrumb"},"inLanguage":"it-IT","potentialAction":[{"@type":"ReadAction","target":["https:\/\/www.materdominivolley.it\/home\/2015\/06\/07\/al-via-domani-le-prime-due-finali-nazionali\/"]}]},{"@type":"ImageObject","inLanguage":"it-IT","@id":"https:\/\/www.materdominivolley.it\/home\/2015\/06\/07\/al-via-domani-le-prime-due-finali-nazionali\/#primaryimage","url":"https:\/\/www.materdominivolley.it\/home\/wp-content\/uploads\/2019\/09\/mater_under15.jpg","contentUrl":"https:\/\/www.materdominivolley.it\/home\/wp-content\/uploads\/2019\/09\/mater_under15.jpg","width":1300,"height":531},{"@type":"BreadcrumbList","@id":"https:\/\/www.materdominivolley.it\/home\/2015\/06\/07\/al-via-domani-le-prime-due-finali-nazionali\/#breadcrumb","itemListElement":[{"@type":"ListItem","position":1,"name":"Home","item":"https:\/\/www.materdominivolley.it\/home\/"},{"@type":"ListItem","position":2,"name":"Al via domani le prime due finali nazionali"}]},{"@type":"WebSite","@id":"https:\/\/www.materdominivolley.it\/home\/#website","url":"https:\/\/www.materdominivolley.it\/home\/","name":"materdominivolley","description":"","publisher":{"@id":"https:\/\/www.materdominivolley.it\/home\/#organization"},"potentialAction":[{"@type":"SearchAction","target":{"@type":"EntryPoint","urlTemplate":"https:\/\/www.materdominivolley.it\/home\/?s={search_term_string}"},"query-input":{"@type":"PropertyValueSpecification","valueRequired":true,"valueName":"search_term_string"}}],"inLanguage":"it-IT"},{"@type":"Organization","@id":"https:\/\/www.materdominivolley.it\/home\/#organization","name":"Materdominivolley.it","url":"https:\/\/www.materdominivolley.it\/home\/","logo":{"@type":"ImageObject","inLanguage":"it-IT","@id":"https:\/\/www.materdominivolley.it\/home\/#\/schema\/logo\/image\/","url":"https:\/\/www.materdominivolley.it\/home\/wp-content\/uploads\/2019\/10\/Senza-titolo-1-2.png","contentUrl":"https:\/\/www.materdominivolley.it\/home\/wp-content\/uploads\/2019\/10\/Senza-titolo-1-2.png","width":180,"height":250,"caption":"Materdominivolley.it"},"image":{"@id":"https:\/\/www.materdominivolley.it\/home\/#\/schema\/logo\/image\/"},"sameAs":["https:\/\/www.facebook.com\/materdominivolleyit\/"]},{"@type":"Person","@id":"https:\/\/www.materdominivolley.it\/home\/#\/schema\/person\/86961330b970aecf0b9729df84069339","name":"admin-mater","image":{"@type":"ImageObject","inLanguage":"it-IT","@id":"https:\/\/secure.gravatar.com\/avatar\/71d088b9255aa52813637243630e63af9ffd99251cfb71c8536f2d3794cac08e?s=96&d=mm&r=g","url":"https:\/\/secure.gravatar.com\/avatar\/71d088b9255aa52813637243630e63af9ffd99251cfb71c8536f2d3794cac08e?s=96&d=mm&r=g","contentUrl":"https:\/\/secure.gravatar.com\/avatar\/71d088b9255aa52813637243630e63af9ffd99251cfb71c8536f2d3794cac08e?s=96&d=mm&r=g","caption":"admin-mater"},"url":"https:\/\/www.materdominivolley.it\/home\/author\/admin-mater\/"}]}},"_links":{"self":[{"href":"https:\/\/www.materdominivolley.it\/home\/wp-json\/wp\/v2\/posts\/1198","targetHints":{"allow":["GET"]}}],"collection":[{"href":"https:\/\/www.materdominivolley.it\/home\/wp-json\/wp\/v2\/posts"}],"about":[{"href":"https:\/\/www.materdominivolley.it\/home\/wp-json\/wp\/v2\/types\/post"}],"author":[{"embeddable":true,"href":"https:\/\/www.materdominivolley.it\/home\/wp-json\/wp\/v2\/users\/1"}],"replies":[{"embeddable":true,"href":"https:\/\/www.materdominivolley.it\/home\/wp-json\/wp\/v2\/comments?post=1198"}],"version-history":[{"count":0,"href":"https:\/\/www.materdominivolley.it\/home\/wp-json\/wp\/v2\/posts\/1198\/revisions"}],"wp:featuredmedia":[{"embeddable":true,"href":"https:\/\/www.materdominivolley.it\/home\/wp-json\/wp\/v2\/media\/1199"}],"wp:attachment":[{"href":"https:\/\/www.materdominivolley.it\/home\/wp-json\/wp\/v2\/media?parent=1198"}],"wp:term":[{"taxonomy":"category","embeddable":true,"href":"https:\/\/www.materdominivolley.it\/home\/wp-json\/wp\/v2\/categories?post=1198"},{"taxonomy":"post_tag","embeddable":true,"href":"https:\/\/www.materdominivolley.it\/home\/wp-json\/wp\/v2\/tags?post=1198"}],"curies":[{"name":"wp","href":"https:\/\/api.w.org\/{rel}","templated":true}]}}