{"id":1207,"date":"2015-05-22T21:01:40","date_gmt":"2015-05-22T19:01:40","guid":{"rendered":"https:\/\/www.materdominivolley.it\/home\/2015\/05\/22\/presentata-la-prima-edizione-pugliese-della-del-monte-junior-league\/"},"modified":"2015-05-22T21:01:40","modified_gmt":"2015-05-22T19:01:40","slug":"presentata-la-prima-edizione-pugliese-della-del-monte-junior-league","status":"publish","type":"post","link":"https:\/\/www.materdominivolley.it\/home\/2015\/05\/22\/presentata-la-prima-edizione-pugliese-della-del-monte-junior-league\/","title":{"rendered":"Presentata la prima edizione pugliese della Del Monte Junior League"},"content":{"rendered":"\n        <p>\n\tArriva in Puglia e a Castellana Grotte (Ba) la 24esima edizione della <strong>Del Monte Junior League &#8211; Trofeo Massimo Serenelli<\/strong>, competizione di Lega riservata alle formazioni under 19. Da domani gioved\u00ec 21 fino a domenica 24 maggio il PalaGrotte e l\u2019impianto Sportivo Polivalente di via Pertini nella citt\u00e0 delle grotte ospiteranno lo spettacolo offerto dalle dieci squadre provenienti dall\u2019intero territorio nazionale che si affronteranno in 27 partite per conquistare il trofeo 2015.<\/p>\n<p>\n\tPreludio all\u2019evento sportivo, questa mattina mercoled\u00ec 20 maggio, la presentazione ufficiale della Del Monte Junior League nella Sala Giunta del Palazzo Municipale di Castellana.<\/p>\n<p>\n\tE\u2019 stato il presidente della Materdominivolley.it Castellana e vice presidente della Lega Pallavolo Serie A <strong>Michele Miccolis<\/strong> ad introdurre la conferenza con i ringraziamenti ai responsabili della Lega Volley per aver scelto Castellana.<\/p>\n<p>\n\t\u201cUn grande piacere e un\u2019occasione per Castellana per dare il meglio e offrire la migliore accoglienza\u201d\u00e8 stato il commento del sindaco di Castellana Grotte <strong>Francesco Tricase<\/strong> che ha rimarcato la forte vocazione sportiva della citt\u00e0.<\/p>\n<p>\n\t<strong>Massimo Righi<\/strong>, amministratore delegato di Lega Pallavolo Serie A, ha sottolineato la speciale ricchezza qualitativa e numerica della pallavolo maschile pugliese rispetto alle altre regioni e ha ricordato l\u2019importanza non solo sportiva ma educativa che rivestono le societ\u00e0.<\/p>\n<p>\n\tNell\u2019occasione sono intervenuti anche <strong>Giuseppe Manfredi<\/strong>, vice presidente nazionale Fipav, <strong>Luigi Dell\u2019Anna<\/strong>, presidente regionale Fipav Puglia, <strong>Danilo Piscopo<\/strong>, presidente provinciale Fipav Bari, l\u2019assessore alla Sport di Castellana Grotte <strong>Maurizio Pace<\/strong>, il vice presidente della Grotte di Castellana Srl <strong>Vincenzo Montaruli<\/strong> che ha presentato anche la partnership per visitare lo splendido sito carsico ad un costo convenzionato ed l\u2019assessore delegato della Citt\u00e0 metropolitana di Bari <strong>Giuseppe Valenzano<\/strong>.<\/p>\n<p>\n\tSar\u00e0 possibile seguire la 24esima edizione della Del Monte Junior League sui social in diretta, con aggiornamenti live sui canali della Materdominivolley.it, della Lega Pallavolo Serie A e della Fipav Puglia usando l\u2019hashtag #delmontejunior. Domenica 24 maggio la finalissima sar\u00e0 trasmessa in diretta streaming su Lega Volley Channel (<a href=\"http:\/\/www.sportube.tv\">www.sportube.tv<\/a>).<\/p>\n<p>\n\t\u00a0<\/p>\n<p>\n\t<strong>Michele Miccolis<\/strong>, presidente Materdominivolley.it: \u201cSono grato alla Lega Pallavolo per aver assegnato questo evento a Castellana Grotte: qui ci saranno le principali formazioni giovanili delle squadre di Serie A. In questa occasione parlo da presidente della Materdominivolley.it,\u00a0 ringraziando tutti coloro che ci hanno dato una mano, dalla Presidenza del Consiglio Regionale, alla Citt\u00e0 Metropolitana, alla Societ\u00e0 Grotte di Castellana srl. Ringrazio inoltre personalmente il sindaco anche per averci ospitato in questa meravigliosa sala, senza dimenticare di portare il nostro saluto ai vertici federali, ed infine lasciatemi ringraziare tutti i collaboratori della societ\u00e0 che stanno dando una mano per la migliore riuscita di questa manifestazione\u201d.<\/p>\n<p>\n\t<strong>Massimo Righi<\/strong>, amministratore delegato Lega Pallavolo Serie A: \u201cUn grazie sincero al sindaco e all\u2019assessore per l\u2019ospitalit\u00e0 e per il supporto, un grazie alla Fipav qui presente col vice presidente nazionale Manfredi e il presidente regionale Dell\u2019Anna. La Lega ha deciso di venire a Castellana Grotte con la Del Monte Junior League perch\u00e9 in primis Michele Miccolis ha voluto fortemente questo evento e gi\u00e0 dall&#39;anno scorso si pensava a questa splendida location pugliese. La Puglia \u00e8 una delle regioni maggiormente rivolta alla pratica della pallavolo e in cui il rapporto ragazzi\/ragazze \u00e8 pi\u00f9 favorevole al maschile, perch\u00e9 molti ragazzi fanno pallavolo. Siamo consapevoli che Michele Miccolis e la sua struttura fanno eventi di ottimo livello e siamo certi delle loro capacit\u00e0: saranno 27 partite dal livello che si preannuncia molto alto. La squadra di Monza ha annunciato il ritiro a causa dell\u2019andamento scolastico non ottimale di alcuni suoi elementi, a conferma di quanto le nostre societ\u00e0 guardano alla crescita dei ragazzi. Al loro posto ci sar\u00e0 Corigliano. Nei prossimi giorni riceveremo tante visite di procuratori e addetti ai lavori: Simone Giannelli, vincitore dello Scudetto con Trento qualche giorno fa, era titolare lo scorso anno in Junior League cos\u00ec come Michele Morelli, opposto di Castellana Grotte in A2, qualche anno fa ha conquistato questo trofeo giovanile, come tanti altri campioni in passato. La Junior League avr\u00e0 anche una sua ribalta mediatica con la finale trasmessa domenica in diretta streaming su Lega Volley Channel, un canale che ha trasmesso tutta la SuperLega UnipolSai in questa stagione. Un grazie particolare va anche a tutti i nostri sponsor, come Del Monte\u00ae, e ci tengo a ricordare Massimo Serenelli, scomparso qualche anno fa che ha dato il nome a questo evento\u201d.<\/p>\n<p>\n\t\u00a0<\/p>\n<p>\n\t<strong>Giuseppe Manfredi<\/strong>, vice presidente nazionale Fipav: \u201cVoglio approfittare di questo momento per ringraziare pubblicamente questa comunit\u00e0, gli imprenditori che investono nella pallavolo e tutti quelli che fanno parte della grande famiglia del volley rimarcando il fatto che a Castellana Grotte la pallavolo ha una valenza molto importante ed \u00e8 un\u2019eccellenza a livello nazionale: qui la pallavolo si vive davvero ed accogliamo con piacere il meglio del volley giovanile maschile\u201d.<\/p>\n<p>\n\t\u00a0<\/p>\n<p>\n\tProgramma di domani, <strong>gioved\u00ec 21 maggio<\/strong>:\u00a0\u00a0\u00a0\u00a0\u00a0\u00a0\u00a0\u00a0\u00a0\u00a0\u00a0<\/p>\n<p>\n\t<strong>PalaGrotte &#8211; Girone D<\/strong><\/p>\n<p>\n\t9.30\u00a0 Energy T.I. Diatec Trentino \u2013 Gherardi Cartoedit Citt\u00e0 di Castello<\/p>\n<p>\n\t11.45\u00a0 Materdominivolley.it Castellana Grotte \u2013 Sir Safety Perugia<\/p>\n<p>\n\t15.00\u00a0 Gherardi Cartoedit Citt\u00e0 di Castello \u2013 Sieco Service Ortona<\/p>\n<p>\n\t17.15\u00a0 Energy T.I. Diatec Trentino \u2013 Sir Safety Perugia<\/p>\n<p>\n\t19.30\u00a0 Materdominivolley.it Castellana Grotte \u2013 Sieco Service Ortona<\/p>\n<p>\n\t\u00a0<\/p>\n<p>\n\t<strong>Impianto Polisportivo via Pertini &#8211; Girone E<\/strong><\/p>\n<p>\n\t9.30\u00a0 Cucine Lube Banca Marche Treia \u2013 Top Volley Latina<\/p>\n<p>\n\t11.45\u00a0 Parmareggio Modena &#8211; Calzedonia Verona<\/p>\n<p>\n\t15.00\u00a0 Top Volley Latina \u2013 Caff\u00e8 Aiello Corigliano<\/p>\n<p>\n\t17.15\u00a0 Cucine Lube Banca Marche Treia \u2013 Calzedonia Verona<\/p>\n<p>\n\t19.30\u00a0 Parmareggio Modena \u2013 Caff\u00e8 Aiello Corigliano<\/p>\n        ","protected":false},"excerpt":{"rendered":"<p><!-- wp:paragraph --><br \/>\n        Preludio all\u2019evento sportivo, questa mattina mercoled\u00ec 20 maggio, la presentazione ufficiale della Del Monte Junior League nella Sala Giunta del Palazzo Municipale di Castellana.<br \/>\n        <!-- \/wp:paragraph --><\/p>\n","protected":false},"author":1,"featured_media":1208,"comment_status":"open","ping_status":"closed","sticky":false,"template":"","format":"standard","meta":{"footnotes":""},"categories":[17],"tags":[],"class_list":["post-1207","post","type-post","status-publish","format-standard","has-post-thumbnail","hentry","category-junior-league"],"yoast_head":"<!-- This site is optimized with the Yoast SEO plugin v27.4 - https:\/\/yoast.com\/product\/yoast-seo-wordpress\/ -->\n<title>Presentata la prima edizione pugliese della Del Monte Junior League - materdominivolley<\/title>\n<meta name=\"robots\" content=\"index, follow, max-snippet:-1, max-image-preview:large, max-video-preview:-1\" \/>\n<link rel=\"canonical\" href=\"https:\/\/www.materdominivolley.it\/home\/2015\/05\/22\/presentata-la-prima-edizione-pugliese-della-del-monte-junior-league\/\" \/>\n<meta property=\"og:locale\" content=\"it_IT\" \/>\n<meta property=\"og:type\" content=\"article\" \/>\n<meta property=\"og:title\" content=\"Presentata la prima edizione pugliese della Del Monte Junior League - materdominivolley\" \/>\n<meta property=\"og:description\" content=\"Preludio all\u2019evento sportivo, questa mattina mercoled\u00ec 20 maggio, la presentazione ufficiale della Del Monte Junior League nella Sala Giunta del Palazzo Municipale di Castellana.\" \/>\n<meta property=\"og:url\" content=\"https:\/\/www.materdominivolley.it\/home\/2015\/05\/22\/presentata-la-prima-edizione-pugliese-della-del-monte-junior-league\/\" \/>\n<meta property=\"og:site_name\" content=\"materdominivolley\" \/>\n<meta property=\"article:publisher\" content=\"https:\/\/www.facebook.com\/materdominivolleyit\/\" \/>\n<meta property=\"article:published_time\" content=\"2015-05-22T19:01:40+00:00\" \/>\n<meta property=\"og:image\" content=\"https:\/\/www.materdominivolley.it\/home\/wp-content\/uploads\/2019\/09\/presentazione_junior.gif\" \/>\n\t<meta property=\"og:image:width\" content=\"1300\" \/>\n\t<meta property=\"og:image:height\" content=\"531\" \/>\n\t<meta property=\"og:image:type\" content=\"image\/gif\" \/>\n<meta name=\"author\" content=\"admin-mater\" \/>\n<meta name=\"twitter:card\" content=\"summary_large_image\" \/>\n<meta name=\"twitter:label1\" content=\"Scritto da\" \/>\n\t<meta name=\"twitter:data1\" content=\"admin-mater\" \/>\n\t<meta name=\"twitter:label2\" content=\"Tempo di lettura stimato\" \/>\n\t<meta name=\"twitter:data2\" content=\"4 minuti\" \/>\n<script type=\"application\/ld+json\" class=\"yoast-schema-graph\">{\"@context\":\"https:\\\/\\\/schema.org\",\"@graph\":[{\"@type\":\"Article\",\"@id\":\"https:\\\/\\\/www.materdominivolley.it\\\/home\\\/2015\\\/05\\\/22\\\/presentata-la-prima-edizione-pugliese-della-del-monte-junior-league\\\/#article\",\"isPartOf\":{\"@id\":\"https:\\\/\\\/www.materdominivolley.it\\\/home\\\/2015\\\/05\\\/22\\\/presentata-la-prima-edizione-pugliese-della-del-monte-junior-league\\\/\"},\"author\":{\"name\":\"admin-mater\",\"@id\":\"https:\\\/\\\/www.materdominivolley.it\\\/home\\\/#\\\/schema\\\/person\\\/86961330b970aecf0b9729df84069339\"},\"headline\":\"Presentata la prima edizione pugliese della Del Monte Junior League\",\"datePublished\":\"2015-05-22T19:01:40+00:00\",\"mainEntityOfPage\":{\"@id\":\"https:\\\/\\\/www.materdominivolley.it\\\/home\\\/2015\\\/05\\\/22\\\/presentata-la-prima-edizione-pugliese-della-del-monte-junior-league\\\/\"},\"wordCount\":885,\"commentCount\":0,\"publisher\":{\"@id\":\"https:\\\/\\\/www.materdominivolley.it\\\/home\\\/#organization\"},\"image\":{\"@id\":\"https:\\\/\\\/www.materdominivolley.it\\\/home\\\/2015\\\/05\\\/22\\\/presentata-la-prima-edizione-pugliese-della-del-monte-junior-league\\\/#primaryimage\"},\"thumbnailUrl\":\"https:\\\/\\\/www.materdominivolley.it\\\/home\\\/wp-content\\\/uploads\\\/2019\\\/09\\\/presentazione_junior.gif\",\"articleSection\":[\"junior league\"],\"inLanguage\":\"it-IT\",\"potentialAction\":[{\"@type\":\"CommentAction\",\"name\":\"Comment\",\"target\":[\"https:\\\/\\\/www.materdominivolley.it\\\/home\\\/2015\\\/05\\\/22\\\/presentata-la-prima-edizione-pugliese-della-del-monte-junior-league\\\/#respond\"]}]},{\"@type\":\"WebPage\",\"@id\":\"https:\\\/\\\/www.materdominivolley.it\\\/home\\\/2015\\\/05\\\/22\\\/presentata-la-prima-edizione-pugliese-della-del-monte-junior-league\\\/\",\"url\":\"https:\\\/\\\/www.materdominivolley.it\\\/home\\\/2015\\\/05\\\/22\\\/presentata-la-prima-edizione-pugliese-della-del-monte-junior-league\\\/\",\"name\":\"Presentata la prima edizione pugliese della Del Monte Junior League - materdominivolley\",\"isPartOf\":{\"@id\":\"https:\\\/\\\/www.materdominivolley.it\\\/home\\\/#website\"},\"primaryImageOfPage\":{\"@id\":\"https:\\\/\\\/www.materdominivolley.it\\\/home\\\/2015\\\/05\\\/22\\\/presentata-la-prima-edizione-pugliese-della-del-monte-junior-league\\\/#primaryimage\"},\"image\":{\"@id\":\"https:\\\/\\\/www.materdominivolley.it\\\/home\\\/2015\\\/05\\\/22\\\/presentata-la-prima-edizione-pugliese-della-del-monte-junior-league\\\/#primaryimage\"},\"thumbnailUrl\":\"https:\\\/\\\/www.materdominivolley.it\\\/home\\\/wp-content\\\/uploads\\\/2019\\\/09\\\/presentazione_junior.gif\",\"datePublished\":\"2015-05-22T19:01:40+00:00\",\"breadcrumb\":{\"@id\":\"https:\\\/\\\/www.materdominivolley.it\\\/home\\\/2015\\\/05\\\/22\\\/presentata-la-prima-edizione-pugliese-della-del-monte-junior-league\\\/#breadcrumb\"},\"inLanguage\":\"it-IT\",\"potentialAction\":[{\"@type\":\"ReadAction\",\"target\":[\"https:\\\/\\\/www.materdominivolley.it\\\/home\\\/2015\\\/05\\\/22\\\/presentata-la-prima-edizione-pugliese-della-del-monte-junior-league\\\/\"]}]},{\"@type\":\"ImageObject\",\"inLanguage\":\"it-IT\",\"@id\":\"https:\\\/\\\/www.materdominivolley.it\\\/home\\\/2015\\\/05\\\/22\\\/presentata-la-prima-edizione-pugliese-della-del-monte-junior-league\\\/#primaryimage\",\"url\":\"https:\\\/\\\/www.materdominivolley.it\\\/home\\\/wp-content\\\/uploads\\\/2019\\\/09\\\/presentazione_junior.gif\",\"contentUrl\":\"https:\\\/\\\/www.materdominivolley.it\\\/home\\\/wp-content\\\/uploads\\\/2019\\\/09\\\/presentazione_junior.gif\",\"width\":1300,\"height\":531},{\"@type\":\"BreadcrumbList\",\"@id\":\"https:\\\/\\\/www.materdominivolley.it\\\/home\\\/2015\\\/05\\\/22\\\/presentata-la-prima-edizione-pugliese-della-del-monte-junior-league\\\/#breadcrumb\",\"itemListElement\":[{\"@type\":\"ListItem\",\"position\":1,\"name\":\"Home\",\"item\":\"https:\\\/\\\/www.materdominivolley.it\\\/home\\\/\"},{\"@type\":\"ListItem\",\"position\":2,\"name\":\"Presentata la prima edizione pugliese della Del Monte Junior League\"}]},{\"@type\":\"WebSite\",\"@id\":\"https:\\\/\\\/www.materdominivolley.it\\\/home\\\/#website\",\"url\":\"https:\\\/\\\/www.materdominivolley.it\\\/home\\\/\",\"name\":\"materdominivolley\",\"description\":\"\",\"publisher\":{\"@id\":\"https:\\\/\\\/www.materdominivolley.it\\\/home\\\/#organization\"},\"potentialAction\":[{\"@type\":\"SearchAction\",\"target\":{\"@type\":\"EntryPoint\",\"urlTemplate\":\"https:\\\/\\\/www.materdominivolley.it\\\/home\\\/?s={search_term_string}\"},\"query-input\":{\"@type\":\"PropertyValueSpecification\",\"valueRequired\":true,\"valueName\":\"search_term_string\"}}],\"inLanguage\":\"it-IT\"},{\"@type\":\"Organization\",\"@id\":\"https:\\\/\\\/www.materdominivolley.it\\\/home\\\/#organization\",\"name\":\"Materdominivolley.it\",\"url\":\"https:\\\/\\\/www.materdominivolley.it\\\/home\\\/\",\"logo\":{\"@type\":\"ImageObject\",\"inLanguage\":\"it-IT\",\"@id\":\"https:\\\/\\\/www.materdominivolley.it\\\/home\\\/#\\\/schema\\\/logo\\\/image\\\/\",\"url\":\"https:\\\/\\\/www.materdominivolley.it\\\/home\\\/wp-content\\\/uploads\\\/2019\\\/10\\\/Senza-titolo-1-2.png\",\"contentUrl\":\"https:\\\/\\\/www.materdominivolley.it\\\/home\\\/wp-content\\\/uploads\\\/2019\\\/10\\\/Senza-titolo-1-2.png\",\"width\":180,\"height\":250,\"caption\":\"Materdominivolley.it\"},\"image\":{\"@id\":\"https:\\\/\\\/www.materdominivolley.it\\\/home\\\/#\\\/schema\\\/logo\\\/image\\\/\"},\"sameAs\":[\"https:\\\/\\\/www.facebook.com\\\/materdominivolleyit\\\/\"]},{\"@type\":\"Person\",\"@id\":\"https:\\\/\\\/www.materdominivolley.it\\\/home\\\/#\\\/schema\\\/person\\\/86961330b970aecf0b9729df84069339\",\"name\":\"admin-mater\",\"image\":{\"@type\":\"ImageObject\",\"inLanguage\":\"it-IT\",\"@id\":\"https:\\\/\\\/secure.gravatar.com\\\/avatar\\\/71d088b9255aa52813637243630e63af9ffd99251cfb71c8536f2d3794cac08e?s=96&d=mm&r=g\",\"url\":\"https:\\\/\\\/secure.gravatar.com\\\/avatar\\\/71d088b9255aa52813637243630e63af9ffd99251cfb71c8536f2d3794cac08e?s=96&d=mm&r=g\",\"contentUrl\":\"https:\\\/\\\/secure.gravatar.com\\\/avatar\\\/71d088b9255aa52813637243630e63af9ffd99251cfb71c8536f2d3794cac08e?s=96&d=mm&r=g\",\"caption\":\"admin-mater\"},\"url\":\"https:\\\/\\\/www.materdominivolley.it\\\/home\\\/author\\\/admin-mater\\\/\"}]}<\/script>\n<!-- \/ Yoast SEO plugin. -->","yoast_head_json":{"title":"Presentata la prima edizione pugliese della Del Monte Junior League - materdominivolley","robots":{"index":"index","follow":"follow","max-snippet":"max-snippet:-1","max-image-preview":"max-image-preview:large","max-video-preview":"max-video-preview:-1"},"canonical":"https:\/\/www.materdominivolley.it\/home\/2015\/05\/22\/presentata-la-prima-edizione-pugliese-della-del-monte-junior-league\/","og_locale":"it_IT","og_type":"article","og_title":"Presentata la prima edizione pugliese della Del Monte Junior League - materdominivolley","og_description":"Preludio all\u2019evento sportivo, questa mattina mercoled\u00ec 20 maggio, la presentazione ufficiale della Del Monte Junior League nella Sala Giunta del Palazzo Municipale di Castellana.","og_url":"https:\/\/www.materdominivolley.it\/home\/2015\/05\/22\/presentata-la-prima-edizione-pugliese-della-del-monte-junior-league\/","og_site_name":"materdominivolley","article_publisher":"https:\/\/www.facebook.com\/materdominivolleyit\/","article_published_time":"2015-05-22T19:01:40+00:00","og_image":[{"width":1300,"height":531,"url":"https:\/\/www.materdominivolley.it\/home\/wp-content\/uploads\/2019\/09\/presentazione_junior.gif","type":"image\/gif"}],"author":"admin-mater","twitter_card":"summary_large_image","twitter_misc":{"Scritto da":"admin-mater","Tempo di lettura stimato":"4 minuti"},"schema":{"@context":"https:\/\/schema.org","@graph":[{"@type":"Article","@id":"https:\/\/www.materdominivolley.it\/home\/2015\/05\/22\/presentata-la-prima-edizione-pugliese-della-del-monte-junior-league\/#article","isPartOf":{"@id":"https:\/\/www.materdominivolley.it\/home\/2015\/05\/22\/presentata-la-prima-edizione-pugliese-della-del-monte-junior-league\/"},"author":{"name":"admin-mater","@id":"https:\/\/www.materdominivolley.it\/home\/#\/schema\/person\/86961330b970aecf0b9729df84069339"},"headline":"Presentata la prima edizione pugliese della Del Monte Junior League","datePublished":"2015-05-22T19:01:40+00:00","mainEntityOfPage":{"@id":"https:\/\/www.materdominivolley.it\/home\/2015\/05\/22\/presentata-la-prima-edizione-pugliese-della-del-monte-junior-league\/"},"wordCount":885,"commentCount":0,"publisher":{"@id":"https:\/\/www.materdominivolley.it\/home\/#organization"},"image":{"@id":"https:\/\/www.materdominivolley.it\/home\/2015\/05\/22\/presentata-la-prima-edizione-pugliese-della-del-monte-junior-league\/#primaryimage"},"thumbnailUrl":"https:\/\/www.materdominivolley.it\/home\/wp-content\/uploads\/2019\/09\/presentazione_junior.gif","articleSection":["junior league"],"inLanguage":"it-IT","potentialAction":[{"@type":"CommentAction","name":"Comment","target":["https:\/\/www.materdominivolley.it\/home\/2015\/05\/22\/presentata-la-prima-edizione-pugliese-della-del-monte-junior-league\/#respond"]}]},{"@type":"WebPage","@id":"https:\/\/www.materdominivolley.it\/home\/2015\/05\/22\/presentata-la-prima-edizione-pugliese-della-del-monte-junior-league\/","url":"https:\/\/www.materdominivolley.it\/home\/2015\/05\/22\/presentata-la-prima-edizione-pugliese-della-del-monte-junior-league\/","name":"Presentata la prima edizione pugliese della Del Monte Junior League - materdominivolley","isPartOf":{"@id":"https:\/\/www.materdominivolley.it\/home\/#website"},"primaryImageOfPage":{"@id":"https:\/\/www.materdominivolley.it\/home\/2015\/05\/22\/presentata-la-prima-edizione-pugliese-della-del-monte-junior-league\/#primaryimage"},"image":{"@id":"https:\/\/www.materdominivolley.it\/home\/2015\/05\/22\/presentata-la-prima-edizione-pugliese-della-del-monte-junior-league\/#primaryimage"},"thumbnailUrl":"https:\/\/www.materdominivolley.it\/home\/wp-content\/uploads\/2019\/09\/presentazione_junior.gif","datePublished":"2015-05-22T19:01:40+00:00","breadcrumb":{"@id":"https:\/\/www.materdominivolley.it\/home\/2015\/05\/22\/presentata-la-prima-edizione-pugliese-della-del-monte-junior-league\/#breadcrumb"},"inLanguage":"it-IT","potentialAction":[{"@type":"ReadAction","target":["https:\/\/www.materdominivolley.it\/home\/2015\/05\/22\/presentata-la-prima-edizione-pugliese-della-del-monte-junior-league\/"]}]},{"@type":"ImageObject","inLanguage":"it-IT","@id":"https:\/\/www.materdominivolley.it\/home\/2015\/05\/22\/presentata-la-prima-edizione-pugliese-della-del-monte-junior-league\/#primaryimage","url":"https:\/\/www.materdominivolley.it\/home\/wp-content\/uploads\/2019\/09\/presentazione_junior.gif","contentUrl":"https:\/\/www.materdominivolley.it\/home\/wp-content\/uploads\/2019\/09\/presentazione_junior.gif","width":1300,"height":531},{"@type":"BreadcrumbList","@id":"https:\/\/www.materdominivolley.it\/home\/2015\/05\/22\/presentata-la-prima-edizione-pugliese-della-del-monte-junior-league\/#breadcrumb","itemListElement":[{"@type":"ListItem","position":1,"name":"Home","item":"https:\/\/www.materdominivolley.it\/home\/"},{"@type":"ListItem","position":2,"name":"Presentata la prima edizione pugliese della Del Monte Junior League"}]},{"@type":"WebSite","@id":"https:\/\/www.materdominivolley.it\/home\/#website","url":"https:\/\/www.materdominivolley.it\/home\/","name":"materdominivolley","description":"","publisher":{"@id":"https:\/\/www.materdominivolley.it\/home\/#organization"},"potentialAction":[{"@type":"SearchAction","target":{"@type":"EntryPoint","urlTemplate":"https:\/\/www.materdominivolley.it\/home\/?s={search_term_string}"},"query-input":{"@type":"PropertyValueSpecification","valueRequired":true,"valueName":"search_term_string"}}],"inLanguage":"it-IT"},{"@type":"Organization","@id":"https:\/\/www.materdominivolley.it\/home\/#organization","name":"Materdominivolley.it","url":"https:\/\/www.materdominivolley.it\/home\/","logo":{"@type":"ImageObject","inLanguage":"it-IT","@id":"https:\/\/www.materdominivolley.it\/home\/#\/schema\/logo\/image\/","url":"https:\/\/www.materdominivolley.it\/home\/wp-content\/uploads\/2019\/10\/Senza-titolo-1-2.png","contentUrl":"https:\/\/www.materdominivolley.it\/home\/wp-content\/uploads\/2019\/10\/Senza-titolo-1-2.png","width":180,"height":250,"caption":"Materdominivolley.it"},"image":{"@id":"https:\/\/www.materdominivolley.it\/home\/#\/schema\/logo\/image\/"},"sameAs":["https:\/\/www.facebook.com\/materdominivolleyit\/"]},{"@type":"Person","@id":"https:\/\/www.materdominivolley.it\/home\/#\/schema\/person\/86961330b970aecf0b9729df84069339","name":"admin-mater","image":{"@type":"ImageObject","inLanguage":"it-IT","@id":"https:\/\/secure.gravatar.com\/avatar\/71d088b9255aa52813637243630e63af9ffd99251cfb71c8536f2d3794cac08e?s=96&d=mm&r=g","url":"https:\/\/secure.gravatar.com\/avatar\/71d088b9255aa52813637243630e63af9ffd99251cfb71c8536f2d3794cac08e?s=96&d=mm&r=g","contentUrl":"https:\/\/secure.gravatar.com\/avatar\/71d088b9255aa52813637243630e63af9ffd99251cfb71c8536f2d3794cac08e?s=96&d=mm&r=g","caption":"admin-mater"},"url":"https:\/\/www.materdominivolley.it\/home\/author\/admin-mater\/"}]}},"_links":{"self":[{"href":"https:\/\/www.materdominivolley.it\/home\/wp-json\/wp\/v2\/posts\/1207","targetHints":{"allow":["GET"]}}],"collection":[{"href":"https:\/\/www.materdominivolley.it\/home\/wp-json\/wp\/v2\/posts"}],"about":[{"href":"https:\/\/www.materdominivolley.it\/home\/wp-json\/wp\/v2\/types\/post"}],"author":[{"embeddable":true,"href":"https:\/\/www.materdominivolley.it\/home\/wp-json\/wp\/v2\/users\/1"}],"replies":[{"embeddable":true,"href":"https:\/\/www.materdominivolley.it\/home\/wp-json\/wp\/v2\/comments?post=1207"}],"version-history":[{"count":0,"href":"https:\/\/www.materdominivolley.it\/home\/wp-json\/wp\/v2\/posts\/1207\/revisions"}],"wp:featuredmedia":[{"embeddable":true,"href":"https:\/\/www.materdominivolley.it\/home\/wp-json\/wp\/v2\/media\/1208"}],"wp:attachment":[{"href":"https:\/\/www.materdominivolley.it\/home\/wp-json\/wp\/v2\/media?parent=1207"}],"wp:term":[{"taxonomy":"category","embeddable":true,"href":"https:\/\/www.materdominivolley.it\/home\/wp-json\/wp\/v2\/categories?post=1207"},{"taxonomy":"post_tag","embeddable":true,"href":"https:\/\/www.materdominivolley.it\/home\/wp-json\/wp\/v2\/tags?post=1207"}],"curies":[{"name":"wp","href":"https:\/\/api.w.org\/{rel}","templated":true}]}}