{"id":1209,"date":"2015-05-20T16:44:44","date_gmt":"2015-05-20T14:44:44","guid":{"rendered":"https:\/\/www.materdominivolley.it\/home\/2015\/05\/20\/materdomini-tris-anche-lunder-15-e-campione-regionale\/"},"modified":"2015-05-20T16:44:44","modified_gmt":"2015-05-20T14:44:44","slug":"materdomini-tris-anche-lunder-15-e-campione-regionale","status":"publish","type":"post","link":"https:\/\/www.materdominivolley.it\/home\/2015\/05\/20\/materdomini-tris-anche-lunder-15-e-campione-regionale\/","title":{"rendered":"Materdomini tris: anche l&#8217;under 15 \u00e8 campione regionale"},"content":{"rendered":"\n        <p>\n\tTerzo titolo pugliese su tre nei massimi campionati giovanili per l&#39;accademia del volley giovanile di Puglia della <strong>Materdominivolley.it Castellana<\/strong> <strong>Grotte<\/strong> che nella doppia finale under 15 maschile contro la Falchi Ugento Giovanili vince due volte e conquista la coppa regionale. Dopo la vittoria per 0-3 in Salento nella mattinata di domenica, vittoria per 3-0 anche al Pala Grotte nel pomeriggio di ieri, gioved\u00ec 14 maggio. Alla cerimonia di premiazione presenti il vice presidente Fipav <strong>Giuseppe Manfredi<\/strong> e il presidente provinciale Fipav Bari <strong>Danilo Piscopo<\/strong>. In tribuna anche tanti dei componenti delle formazioni U17 e U19 della Materdominivolley.it recentemente laureatisi campioni regionali.<br \/>\n\t<br \/>\n\tLa formazione allenata da <strong>Vincenzo Fanizza<\/strong> e Giuseppe Gasbarro mette in bacheca, infatti, un altro trofeo per la societ\u00e0 del presidente <strong>Michele Miccolis<\/strong>, il terzo stagionale a livello regionale. Anche l&#39;under 15, dopo l&#39;under 17 e l&#39;under 19, inoltre, si qualifica per le Finali nazionali in programma dal 3 a 7 giugno a Lagonegro (Pz).<br \/>\n\t<br \/>\n\t<strong>UNDER 13 (6&#215;6) &#8211;<\/strong>E\u2019 finale provinciale, invece, per le matricole dell\u2019U13 (formula 6&#215;6). La prima linea del vivaio giallobl\u00f9 affronter\u00e0 i coetanei della <strong>Nuova Pallavolo Molfetta<\/strong>. La sfida \u00e8 in programma per luned\u00ec 18 giugno dalle ore 16,30 presso la Palestra Andrea Angiulli a Castellana.<br \/>\n\t<br \/>\n\tLa giovanissima formazione allenata dalle gemelle <strong>Patrizia e Maria Luisa Di Masi<\/strong> approda in finale dopo aver vinto (con ben due successi per 2-0 riportate ai danni di Gioia e Terlizzi) il concentramento di semifinale che si \u00e8 tenuto lo scorso luned\u00ec 11 maggio a Castellana. Intanto, a prescindere dal risultato di luned\u00ec prossimo la selezione U13 accedendo alla finale provinciale ha gi\u00e0 staccato il pass per la fase regionale con i quarti che si giocheranno il 2 giugno e semifinali e finali il 7 giugno (con sede ancora da stabilire). Tanta la soddisfazione dell\u2019allenatrice Patrizia di Masi che cos\u00ec commenta: \u201cLuned\u00ec vogliamo dare il massimo per vincere questa sfida importante. Al di l\u00e0 del risultato sul campo in questa categoria conta soprattutto l\u2019avviamento crescita tecnica nei fondamentali che saranno poi perfezionati nelle fasce d\u2019et\u00e0 superiore. Comunque sia ben chiaro noi questa coppa la vogliamo vincere e siamo determinati nell\u2019impresa\u201d.<\/p>\n        ","protected":false},"excerpt":{"rendered":"<p><!-- wp:paragraph --><br \/>\n        Terzo titolo pugliese su tre nei massimi campionati giovanili per l&#8217;accademia del volley giovanile di Puglia della Materdominivolley.it Castellana Grotte. Anche l&#8217;under 13 in finale provinciale.<br \/>\n        <!-- \/wp:paragraph --><\/p>\n","protected":false},"author":1,"featured_media":1199,"comment_status":"open","ping_status":"closed","sticky":false,"template":"","format":"standard","meta":{"footnotes":""},"categories":[24],"tags":[],"class_list":["post-1209","post","type-post","status-publish","format-standard","has-post-thumbnail","hentry","category-under-15"],"yoast_head":"<!-- This site is optimized with the Yoast SEO plugin v27.4 - https:\/\/yoast.com\/product\/yoast-seo-wordpress\/ -->\n<title>Materdomini tris: anche l&#039;under 15 \u00e8 campione regionale - materdominivolley<\/title>\n<meta name=\"robots\" content=\"index, follow, max-snippet:-1, max-image-preview:large, max-video-preview:-1\" \/>\n<link rel=\"canonical\" href=\"https:\/\/www.materdominivolley.it\/home\/2015\/05\/20\/materdomini-tris-anche-lunder-15-e-campione-regionale\/\" \/>\n<meta property=\"og:locale\" content=\"it_IT\" \/>\n<meta property=\"og:type\" content=\"article\" \/>\n<meta property=\"og:title\" content=\"Materdomini tris: anche l&#039;under 15 \u00e8 campione regionale - materdominivolley\" \/>\n<meta property=\"og:description\" content=\"Terzo titolo pugliese su tre nei massimi campionati giovanili per l&#039;accademia del volley giovanile di Puglia della Materdominivolley.it Castellana Grotte. Anche l&#039;under 13 in finale provinciale.\" \/>\n<meta property=\"og:url\" content=\"https:\/\/www.materdominivolley.it\/home\/2015\/05\/20\/materdomini-tris-anche-lunder-15-e-campione-regionale\/\" \/>\n<meta property=\"og:site_name\" content=\"materdominivolley\" \/>\n<meta property=\"article:publisher\" content=\"https:\/\/www.facebook.com\/materdominivolleyit\/\" \/>\n<meta property=\"article:published_time\" content=\"2015-05-20T14:44:44+00:00\" \/>\n<meta property=\"og:image\" content=\"https:\/\/www.materdominivolley.it\/home\/wp-content\/uploads\/2019\/09\/mater_under15.jpg\" \/>\n\t<meta property=\"og:image:width\" content=\"1300\" \/>\n\t<meta property=\"og:image:height\" content=\"531\" \/>\n\t<meta property=\"og:image:type\" content=\"image\/jpeg\" \/>\n<meta name=\"author\" content=\"admin-mater\" \/>\n<meta name=\"twitter:card\" content=\"summary_large_image\" \/>\n<meta name=\"twitter:label1\" content=\"Scritto da\" \/>\n\t<meta name=\"twitter:data1\" content=\"admin-mater\" \/>\n\t<meta name=\"twitter:label2\" content=\"Tempo di lettura stimato\" \/>\n\t<meta name=\"twitter:data2\" content=\"2 minuti\" \/>\n<script type=\"application\/ld+json\" class=\"yoast-schema-graph\">{\"@context\":\"https:\\\/\\\/schema.org\",\"@graph\":[{\"@type\":\"Article\",\"@id\":\"https:\\\/\\\/www.materdominivolley.it\\\/home\\\/2015\\\/05\\\/20\\\/materdomini-tris-anche-lunder-15-e-campione-regionale\\\/#article\",\"isPartOf\":{\"@id\":\"https:\\\/\\\/www.materdominivolley.it\\\/home\\\/2015\\\/05\\\/20\\\/materdomini-tris-anche-lunder-15-e-campione-regionale\\\/\"},\"author\":{\"name\":\"admin-mater\",\"@id\":\"https:\\\/\\\/www.materdominivolley.it\\\/home\\\/#\\\/schema\\\/person\\\/86961330b970aecf0b9729df84069339\"},\"headline\":\"Materdomini tris: anche l&#8217;under 15 \u00e8 campione regionale\",\"datePublished\":\"2015-05-20T14:44:44+00:00\",\"mainEntityOfPage\":{\"@id\":\"https:\\\/\\\/www.materdominivolley.it\\\/home\\\/2015\\\/05\\\/20\\\/materdomini-tris-anche-lunder-15-e-campione-regionale\\\/\"},\"wordCount\":354,\"commentCount\":0,\"publisher\":{\"@id\":\"https:\\\/\\\/www.materdominivolley.it\\\/home\\\/#organization\"},\"image\":{\"@id\":\"https:\\\/\\\/www.materdominivolley.it\\\/home\\\/2015\\\/05\\\/20\\\/materdomini-tris-anche-lunder-15-e-campione-regionale\\\/#primaryimage\"},\"thumbnailUrl\":\"https:\\\/\\\/www.materdominivolley.it\\\/home\\\/wp-content\\\/uploads\\\/2019\\\/09\\\/mater_under15.jpg\",\"articleSection\":[\"under 15\"],\"inLanguage\":\"it-IT\",\"potentialAction\":[{\"@type\":\"CommentAction\",\"name\":\"Comment\",\"target\":[\"https:\\\/\\\/www.materdominivolley.it\\\/home\\\/2015\\\/05\\\/20\\\/materdomini-tris-anche-lunder-15-e-campione-regionale\\\/#respond\"]}]},{\"@type\":\"WebPage\",\"@id\":\"https:\\\/\\\/www.materdominivolley.it\\\/home\\\/2015\\\/05\\\/20\\\/materdomini-tris-anche-lunder-15-e-campione-regionale\\\/\",\"url\":\"https:\\\/\\\/www.materdominivolley.it\\\/home\\\/2015\\\/05\\\/20\\\/materdomini-tris-anche-lunder-15-e-campione-regionale\\\/\",\"name\":\"Materdomini tris: anche l'under 15 \u00e8 campione regionale - materdominivolley\",\"isPartOf\":{\"@id\":\"https:\\\/\\\/www.materdominivolley.it\\\/home\\\/#website\"},\"primaryImageOfPage\":{\"@id\":\"https:\\\/\\\/www.materdominivolley.it\\\/home\\\/2015\\\/05\\\/20\\\/materdomini-tris-anche-lunder-15-e-campione-regionale\\\/#primaryimage\"},\"image\":{\"@id\":\"https:\\\/\\\/www.materdominivolley.it\\\/home\\\/2015\\\/05\\\/20\\\/materdomini-tris-anche-lunder-15-e-campione-regionale\\\/#primaryimage\"},\"thumbnailUrl\":\"https:\\\/\\\/www.materdominivolley.it\\\/home\\\/wp-content\\\/uploads\\\/2019\\\/09\\\/mater_under15.jpg\",\"datePublished\":\"2015-05-20T14:44:44+00:00\",\"breadcrumb\":{\"@id\":\"https:\\\/\\\/www.materdominivolley.it\\\/home\\\/2015\\\/05\\\/20\\\/materdomini-tris-anche-lunder-15-e-campione-regionale\\\/#breadcrumb\"},\"inLanguage\":\"it-IT\",\"potentialAction\":[{\"@type\":\"ReadAction\",\"target\":[\"https:\\\/\\\/www.materdominivolley.it\\\/home\\\/2015\\\/05\\\/20\\\/materdomini-tris-anche-lunder-15-e-campione-regionale\\\/\"]}]},{\"@type\":\"ImageObject\",\"inLanguage\":\"it-IT\",\"@id\":\"https:\\\/\\\/www.materdominivolley.it\\\/home\\\/2015\\\/05\\\/20\\\/materdomini-tris-anche-lunder-15-e-campione-regionale\\\/#primaryimage\",\"url\":\"https:\\\/\\\/www.materdominivolley.it\\\/home\\\/wp-content\\\/uploads\\\/2019\\\/09\\\/mater_under15.jpg\",\"contentUrl\":\"https:\\\/\\\/www.materdominivolley.it\\\/home\\\/wp-content\\\/uploads\\\/2019\\\/09\\\/mater_under15.jpg\",\"width\":1300,\"height\":531},{\"@type\":\"BreadcrumbList\",\"@id\":\"https:\\\/\\\/www.materdominivolley.it\\\/home\\\/2015\\\/05\\\/20\\\/materdomini-tris-anche-lunder-15-e-campione-regionale\\\/#breadcrumb\",\"itemListElement\":[{\"@type\":\"ListItem\",\"position\":1,\"name\":\"Home\",\"item\":\"https:\\\/\\\/www.materdominivolley.it\\\/home\\\/\"},{\"@type\":\"ListItem\",\"position\":2,\"name\":\"Materdomini tris: anche l&#8217;under 15 \u00e8 campione regionale\"}]},{\"@type\":\"WebSite\",\"@id\":\"https:\\\/\\\/www.materdominivolley.it\\\/home\\\/#website\",\"url\":\"https:\\\/\\\/www.materdominivolley.it\\\/home\\\/\",\"name\":\"materdominivolley\",\"description\":\"\",\"publisher\":{\"@id\":\"https:\\\/\\\/www.materdominivolley.it\\\/home\\\/#organization\"},\"potentialAction\":[{\"@type\":\"SearchAction\",\"target\":{\"@type\":\"EntryPoint\",\"urlTemplate\":\"https:\\\/\\\/www.materdominivolley.it\\\/home\\\/?s={search_term_string}\"},\"query-input\":{\"@type\":\"PropertyValueSpecification\",\"valueRequired\":true,\"valueName\":\"search_term_string\"}}],\"inLanguage\":\"it-IT\"},{\"@type\":\"Organization\",\"@id\":\"https:\\\/\\\/www.materdominivolley.it\\\/home\\\/#organization\",\"name\":\"Materdominivolley.it\",\"url\":\"https:\\\/\\\/www.materdominivolley.it\\\/home\\\/\",\"logo\":{\"@type\":\"ImageObject\",\"inLanguage\":\"it-IT\",\"@id\":\"https:\\\/\\\/www.materdominivolley.it\\\/home\\\/#\\\/schema\\\/logo\\\/image\\\/\",\"url\":\"https:\\\/\\\/www.materdominivolley.it\\\/home\\\/wp-content\\\/uploads\\\/2019\\\/10\\\/Senza-titolo-1-2.png\",\"contentUrl\":\"https:\\\/\\\/www.materdominivolley.it\\\/home\\\/wp-content\\\/uploads\\\/2019\\\/10\\\/Senza-titolo-1-2.png\",\"width\":180,\"height\":250,\"caption\":\"Materdominivolley.it\"},\"image\":{\"@id\":\"https:\\\/\\\/www.materdominivolley.it\\\/home\\\/#\\\/schema\\\/logo\\\/image\\\/\"},\"sameAs\":[\"https:\\\/\\\/www.facebook.com\\\/materdominivolleyit\\\/\"]},{\"@type\":\"Person\",\"@id\":\"https:\\\/\\\/www.materdominivolley.it\\\/home\\\/#\\\/schema\\\/person\\\/86961330b970aecf0b9729df84069339\",\"name\":\"admin-mater\",\"image\":{\"@type\":\"ImageObject\",\"inLanguage\":\"it-IT\",\"@id\":\"https:\\\/\\\/secure.gravatar.com\\\/avatar\\\/71d088b9255aa52813637243630e63af9ffd99251cfb71c8536f2d3794cac08e?s=96&d=mm&r=g\",\"url\":\"https:\\\/\\\/secure.gravatar.com\\\/avatar\\\/71d088b9255aa52813637243630e63af9ffd99251cfb71c8536f2d3794cac08e?s=96&d=mm&r=g\",\"contentUrl\":\"https:\\\/\\\/secure.gravatar.com\\\/avatar\\\/71d088b9255aa52813637243630e63af9ffd99251cfb71c8536f2d3794cac08e?s=96&d=mm&r=g\",\"caption\":\"admin-mater\"},\"url\":\"https:\\\/\\\/www.materdominivolley.it\\\/home\\\/author\\\/admin-mater\\\/\"}]}<\/script>\n<!-- \/ Yoast SEO plugin. -->","yoast_head_json":{"title":"Materdomini tris: anche l'under 15 \u00e8 campione regionale - materdominivolley","robots":{"index":"index","follow":"follow","max-snippet":"max-snippet:-1","max-image-preview":"max-image-preview:large","max-video-preview":"max-video-preview:-1"},"canonical":"https:\/\/www.materdominivolley.it\/home\/2015\/05\/20\/materdomini-tris-anche-lunder-15-e-campione-regionale\/","og_locale":"it_IT","og_type":"article","og_title":"Materdomini tris: anche l'under 15 \u00e8 campione regionale - materdominivolley","og_description":"Terzo titolo pugliese su tre nei massimi campionati giovanili per l'accademia del volley giovanile di Puglia della Materdominivolley.it Castellana Grotte. Anche l'under 13 in finale provinciale.","og_url":"https:\/\/www.materdominivolley.it\/home\/2015\/05\/20\/materdomini-tris-anche-lunder-15-e-campione-regionale\/","og_site_name":"materdominivolley","article_publisher":"https:\/\/www.facebook.com\/materdominivolleyit\/","article_published_time":"2015-05-20T14:44:44+00:00","og_image":[{"width":1300,"height":531,"url":"https:\/\/www.materdominivolley.it\/home\/wp-content\/uploads\/2019\/09\/mater_under15.jpg","type":"image\/jpeg"}],"author":"admin-mater","twitter_card":"summary_large_image","twitter_misc":{"Scritto da":"admin-mater","Tempo di lettura stimato":"2 minuti"},"schema":{"@context":"https:\/\/schema.org","@graph":[{"@type":"Article","@id":"https:\/\/www.materdominivolley.it\/home\/2015\/05\/20\/materdomini-tris-anche-lunder-15-e-campione-regionale\/#article","isPartOf":{"@id":"https:\/\/www.materdominivolley.it\/home\/2015\/05\/20\/materdomini-tris-anche-lunder-15-e-campione-regionale\/"},"author":{"name":"admin-mater","@id":"https:\/\/www.materdominivolley.it\/home\/#\/schema\/person\/86961330b970aecf0b9729df84069339"},"headline":"Materdomini tris: anche l&#8217;under 15 \u00e8 campione regionale","datePublished":"2015-05-20T14:44:44+00:00","mainEntityOfPage":{"@id":"https:\/\/www.materdominivolley.it\/home\/2015\/05\/20\/materdomini-tris-anche-lunder-15-e-campione-regionale\/"},"wordCount":354,"commentCount":0,"publisher":{"@id":"https:\/\/www.materdominivolley.it\/home\/#organization"},"image":{"@id":"https:\/\/www.materdominivolley.it\/home\/2015\/05\/20\/materdomini-tris-anche-lunder-15-e-campione-regionale\/#primaryimage"},"thumbnailUrl":"https:\/\/www.materdominivolley.it\/home\/wp-content\/uploads\/2019\/09\/mater_under15.jpg","articleSection":["under 15"],"inLanguage":"it-IT","potentialAction":[{"@type":"CommentAction","name":"Comment","target":["https:\/\/www.materdominivolley.it\/home\/2015\/05\/20\/materdomini-tris-anche-lunder-15-e-campione-regionale\/#respond"]}]},{"@type":"WebPage","@id":"https:\/\/www.materdominivolley.it\/home\/2015\/05\/20\/materdomini-tris-anche-lunder-15-e-campione-regionale\/","url":"https:\/\/www.materdominivolley.it\/home\/2015\/05\/20\/materdomini-tris-anche-lunder-15-e-campione-regionale\/","name":"Materdomini tris: anche l'under 15 \u00e8 campione regionale - materdominivolley","isPartOf":{"@id":"https:\/\/www.materdominivolley.it\/home\/#website"},"primaryImageOfPage":{"@id":"https:\/\/www.materdominivolley.it\/home\/2015\/05\/20\/materdomini-tris-anche-lunder-15-e-campione-regionale\/#primaryimage"},"image":{"@id":"https:\/\/www.materdominivolley.it\/home\/2015\/05\/20\/materdomini-tris-anche-lunder-15-e-campione-regionale\/#primaryimage"},"thumbnailUrl":"https:\/\/www.materdominivolley.it\/home\/wp-content\/uploads\/2019\/09\/mater_under15.jpg","datePublished":"2015-05-20T14:44:44+00:00","breadcrumb":{"@id":"https:\/\/www.materdominivolley.it\/home\/2015\/05\/20\/materdomini-tris-anche-lunder-15-e-campione-regionale\/#breadcrumb"},"inLanguage":"it-IT","potentialAction":[{"@type":"ReadAction","target":["https:\/\/www.materdominivolley.it\/home\/2015\/05\/20\/materdomini-tris-anche-lunder-15-e-campione-regionale\/"]}]},{"@type":"ImageObject","inLanguage":"it-IT","@id":"https:\/\/www.materdominivolley.it\/home\/2015\/05\/20\/materdomini-tris-anche-lunder-15-e-campione-regionale\/#primaryimage","url":"https:\/\/www.materdominivolley.it\/home\/wp-content\/uploads\/2019\/09\/mater_under15.jpg","contentUrl":"https:\/\/www.materdominivolley.it\/home\/wp-content\/uploads\/2019\/09\/mater_under15.jpg","width":1300,"height":531},{"@type":"BreadcrumbList","@id":"https:\/\/www.materdominivolley.it\/home\/2015\/05\/20\/materdomini-tris-anche-lunder-15-e-campione-regionale\/#breadcrumb","itemListElement":[{"@type":"ListItem","position":1,"name":"Home","item":"https:\/\/www.materdominivolley.it\/home\/"},{"@type":"ListItem","position":2,"name":"Materdomini tris: anche l&#8217;under 15 \u00e8 campione regionale"}]},{"@type":"WebSite","@id":"https:\/\/www.materdominivolley.it\/home\/#website","url":"https:\/\/www.materdominivolley.it\/home\/","name":"materdominivolley","description":"","publisher":{"@id":"https:\/\/www.materdominivolley.it\/home\/#organization"},"potentialAction":[{"@type":"SearchAction","target":{"@type":"EntryPoint","urlTemplate":"https:\/\/www.materdominivolley.it\/home\/?s={search_term_string}"},"query-input":{"@type":"PropertyValueSpecification","valueRequired":true,"valueName":"search_term_string"}}],"inLanguage":"it-IT"},{"@type":"Organization","@id":"https:\/\/www.materdominivolley.it\/home\/#organization","name":"Materdominivolley.it","url":"https:\/\/www.materdominivolley.it\/home\/","logo":{"@type":"ImageObject","inLanguage":"it-IT","@id":"https:\/\/www.materdominivolley.it\/home\/#\/schema\/logo\/image\/","url":"https:\/\/www.materdominivolley.it\/home\/wp-content\/uploads\/2019\/10\/Senza-titolo-1-2.png","contentUrl":"https:\/\/www.materdominivolley.it\/home\/wp-content\/uploads\/2019\/10\/Senza-titolo-1-2.png","width":180,"height":250,"caption":"Materdominivolley.it"},"image":{"@id":"https:\/\/www.materdominivolley.it\/home\/#\/schema\/logo\/image\/"},"sameAs":["https:\/\/www.facebook.com\/materdominivolleyit\/"]},{"@type":"Person","@id":"https:\/\/www.materdominivolley.it\/home\/#\/schema\/person\/86961330b970aecf0b9729df84069339","name":"admin-mater","image":{"@type":"ImageObject","inLanguage":"it-IT","@id":"https:\/\/secure.gravatar.com\/avatar\/71d088b9255aa52813637243630e63af9ffd99251cfb71c8536f2d3794cac08e?s=96&d=mm&r=g","url":"https:\/\/secure.gravatar.com\/avatar\/71d088b9255aa52813637243630e63af9ffd99251cfb71c8536f2d3794cac08e?s=96&d=mm&r=g","contentUrl":"https:\/\/secure.gravatar.com\/avatar\/71d088b9255aa52813637243630e63af9ffd99251cfb71c8536f2d3794cac08e?s=96&d=mm&r=g","caption":"admin-mater"},"url":"https:\/\/www.materdominivolley.it\/home\/author\/admin-mater\/"}]}},"_links":{"self":[{"href":"https:\/\/www.materdominivolley.it\/home\/wp-json\/wp\/v2\/posts\/1209","targetHints":{"allow":["GET"]}}],"collection":[{"href":"https:\/\/www.materdominivolley.it\/home\/wp-json\/wp\/v2\/posts"}],"about":[{"href":"https:\/\/www.materdominivolley.it\/home\/wp-json\/wp\/v2\/types\/post"}],"author":[{"embeddable":true,"href":"https:\/\/www.materdominivolley.it\/home\/wp-json\/wp\/v2\/users\/1"}],"replies":[{"embeddable":true,"href":"https:\/\/www.materdominivolley.it\/home\/wp-json\/wp\/v2\/comments?post=1209"}],"version-history":[{"count":0,"href":"https:\/\/www.materdominivolley.it\/home\/wp-json\/wp\/v2\/posts\/1209\/revisions"}],"wp:featuredmedia":[{"embeddable":true,"href":"https:\/\/www.materdominivolley.it\/home\/wp-json\/wp\/v2\/media\/1199"}],"wp:attachment":[{"href":"https:\/\/www.materdominivolley.it\/home\/wp-json\/wp\/v2\/media?parent=1209"}],"wp:term":[{"taxonomy":"category","embeddable":true,"href":"https:\/\/www.materdominivolley.it\/home\/wp-json\/wp\/v2\/categories?post=1209"},{"taxonomy":"post_tag","embeddable":true,"href":"https:\/\/www.materdominivolley.it\/home\/wp-json\/wp\/v2\/tags?post=1209"}],"curies":[{"name":"wp","href":"https:\/\/api.w.org\/{rel}","templated":true}]}}