{"id":1216,"date":"2015-05-08T10:14:56","date_gmt":"2015-05-08T08:14:56","guid":{"rendered":"https:\/\/www.materdominivolley.it\/home\/2015\/05\/08\/allu19-il-primo-titolo-regionale-del-2015\/"},"modified":"2015-05-08T10:14:56","modified_gmt":"2015-05-08T08:14:56","slug":"allu19-il-primo-titolo-regionale-del-2015","status":"publish","type":"post","link":"https:\/\/www.materdominivolley.it\/home\/2015\/05\/08\/allu19-il-primo-titolo-regionale-del-2015\/","title":{"rendered":"All&#8217;U19 il primo titolo regionale del 2015"},"content":{"rendered":"\n        <p>\n\tEntra nel vivo la parte di stagione dedicata alla finali regionali per l&#39;accademia della pallavolo giovanile della <strong>Materdominivolley.it Castellana Grotte<\/strong>.<br \/>\n\t<br \/>\n\t<strong>UNDER 19 &#8211;<\/strong>Con una vittoria per 3-0 (25-19, 25-18, 25-13) nella gara di ritorno giocata gioved\u00ec al PalaGrotte di Castellana (dopo che la finale di andata era finita con lo stesso risultato, sempre a favore dei giallobl\u00f9 allenati da <strong>Vincenzo Fanizza<\/strong>), la formazione <strong>under 19<\/strong> batte la <strong>Bcc Leverano<\/strong> nella finale regionale e regala alla Materdominivolley.it il primo titolo pugliese 2015. Per i giovani allievi dell&#39;Accademia scatta ora la lunga preparazione in vista della Finale Nazionale in calendario dal 4 al 7 giugno prossimi ad Abano Terme (Pd).<br \/>\n\t<br \/>\n\t<strong>UNDER 17 &#8211;<\/strong>Vigilia della finale regionale di andata del campionato under 17 tra Nuova Pallavolo Molfetta e Materdominivolley.it Castellana. Appuntamento oggi, marted\u00ec 21 aprile, alle ore 16 al Pala Poli di Molfetta (ritorno nella Citt\u00e0 delle Grotte marted\u00ec 28 aprile sempre alle 16). Le due finaliste hanno gi\u00e0 conquistato un pass per partecipare alle Finali giovanili CRAI del campionato U17, in calendario dal 10 al 14 giugno a Chianciano Terme (Si).<br \/>\n\t<br \/>\n\t<strong>UNDER 15<\/strong><strong>&#8211;<\/strong> Sempre Molfetta ma in semifinale l&#39;avversario della Materdominivolley.it nel campionato under 15. Si \u00e8 gi\u00e0 giocata la semifinale di andata: vittoria per 0-3 (24-26, 23-25, 17-25) per i giallobl\u00f9. Quella di ritorno in casa \u00e8 in programma luned\u00ec 27 aprile. Nell\u2019altra semifinale di fronte Avetrana e Ugento (vittoria di questi ultimi per 0-3 nella gara di andata). Finali nazionali in programma dal 3 a 7 giugno a Lagonegro (Pz): vi giocheranno ben tre squadre pugliesi.<br \/>\n\t<br \/>\n\tUlteriori approfondimenti sul sito ufficiale www.materdominivolley.it e sulla pagina facebook Materdomini Volley.it.<\/p>\n        ","protected":false},"excerpt":{"rendered":"<p><!-- wp:paragraph --><br \/>\n        Battuto il Leverano per 3-0 sia all&#8217;andata che al ritorno. Ora obiettivo puntato sulla Finale Nazionale di Abano Terme<br \/>\n        <!-- \/wp:paragraph --><\/p>\n","protected":false},"author":1,"featured_media":1217,"comment_status":"open","ping_status":"closed","sticky":false,"template":"","format":"standard","meta":{"footnotes":""},"categories":[23],"tags":[],"class_list":["post-1216","post","type-post","status-publish","format-standard","has-post-thumbnail","hentry","category-under-19"],"yoast_head":"<!-- This site is optimized with the Yoast SEO plugin v27.4 - https:\/\/yoast.com\/product\/yoast-seo-wordpress\/ -->\n<title>All&#039;U19 il primo titolo regionale del 2015 - materdominivolley<\/title>\n<meta name=\"robots\" content=\"index, follow, max-snippet:-1, max-image-preview:large, max-video-preview:-1\" \/>\n<link rel=\"canonical\" href=\"https:\/\/www.materdominivolley.it\/home\/2015\/05\/08\/allu19-il-primo-titolo-regionale-del-2015\/\" \/>\n<meta property=\"og:locale\" content=\"it_IT\" \/>\n<meta property=\"og:type\" content=\"article\" \/>\n<meta property=\"og:title\" content=\"All&#039;U19 il primo titolo regionale del 2015 - materdominivolley\" \/>\n<meta property=\"og:description\" content=\"Battuto il Leverano per 3-0 sia all&#039;andata che al ritorno. Ora obiettivo puntato sulla Finale Nazionale di Abano Terme\" \/>\n<meta property=\"og:url\" content=\"https:\/\/www.materdominivolley.it\/home\/2015\/05\/08\/allu19-il-primo-titolo-regionale-del-2015\/\" \/>\n<meta property=\"og:site_name\" content=\"materdominivolley\" \/>\n<meta property=\"article:publisher\" content=\"https:\/\/www.facebook.com\/materdominivolleyit\/\" \/>\n<meta property=\"article:published_time\" content=\"2015-05-08T08:14:56+00:00\" \/>\n<meta property=\"og:image\" content=\"https:\/\/www.materdominivolley.it\/home\/wp-content\/uploads\/2019\/09\/materu19_campioneregionale.jpg\" \/>\n\t<meta property=\"og:image:width\" content=\"1300\" \/>\n\t<meta property=\"og:image:height\" content=\"531\" \/>\n\t<meta property=\"og:image:type\" content=\"image\/jpeg\" \/>\n<meta name=\"author\" content=\"admin-mater\" \/>\n<meta name=\"twitter:card\" content=\"summary_large_image\" \/>\n<meta name=\"twitter:label1\" content=\"Scritto da\" \/>\n\t<meta name=\"twitter:data1\" content=\"admin-mater\" \/>\n\t<meta name=\"twitter:label2\" content=\"Tempo di lettura stimato\" \/>\n\t<meta name=\"twitter:data2\" content=\"1 minuto\" \/>\n<script type=\"application\/ld+json\" class=\"yoast-schema-graph\">{\"@context\":\"https:\\\/\\\/schema.org\",\"@graph\":[{\"@type\":\"Article\",\"@id\":\"https:\\\/\\\/www.materdominivolley.it\\\/home\\\/2015\\\/05\\\/08\\\/allu19-il-primo-titolo-regionale-del-2015\\\/#article\",\"isPartOf\":{\"@id\":\"https:\\\/\\\/www.materdominivolley.it\\\/home\\\/2015\\\/05\\\/08\\\/allu19-il-primo-titolo-regionale-del-2015\\\/\"},\"author\":{\"name\":\"admin-mater\",\"@id\":\"https:\\\/\\\/www.materdominivolley.it\\\/home\\\/#\\\/schema\\\/person\\\/86961330b970aecf0b9729df84069339\"},\"headline\":\"All&#8217;U19 il primo titolo regionale del 2015\",\"datePublished\":\"2015-05-08T08:14:56+00:00\",\"mainEntityOfPage\":{\"@id\":\"https:\\\/\\\/www.materdominivolley.it\\\/home\\\/2015\\\/05\\\/08\\\/allu19-il-primo-titolo-regionale-del-2015\\\/\"},\"wordCount\":267,\"commentCount\":0,\"publisher\":{\"@id\":\"https:\\\/\\\/www.materdominivolley.it\\\/home\\\/#organization\"},\"image\":{\"@id\":\"https:\\\/\\\/www.materdominivolley.it\\\/home\\\/2015\\\/05\\\/08\\\/allu19-il-primo-titolo-regionale-del-2015\\\/#primaryimage\"},\"thumbnailUrl\":\"https:\\\/\\\/www.materdominivolley.it\\\/home\\\/wp-content\\\/uploads\\\/2019\\\/09\\\/materu19_campioneregionale.jpg\",\"articleSection\":[\"under 19\"],\"inLanguage\":\"it-IT\",\"potentialAction\":[{\"@type\":\"CommentAction\",\"name\":\"Comment\",\"target\":[\"https:\\\/\\\/www.materdominivolley.it\\\/home\\\/2015\\\/05\\\/08\\\/allu19-il-primo-titolo-regionale-del-2015\\\/#respond\"]}]},{\"@type\":\"WebPage\",\"@id\":\"https:\\\/\\\/www.materdominivolley.it\\\/home\\\/2015\\\/05\\\/08\\\/allu19-il-primo-titolo-regionale-del-2015\\\/\",\"url\":\"https:\\\/\\\/www.materdominivolley.it\\\/home\\\/2015\\\/05\\\/08\\\/allu19-il-primo-titolo-regionale-del-2015\\\/\",\"name\":\"All'U19 il primo titolo regionale del 2015 - materdominivolley\",\"isPartOf\":{\"@id\":\"https:\\\/\\\/www.materdominivolley.it\\\/home\\\/#website\"},\"primaryImageOfPage\":{\"@id\":\"https:\\\/\\\/www.materdominivolley.it\\\/home\\\/2015\\\/05\\\/08\\\/allu19-il-primo-titolo-regionale-del-2015\\\/#primaryimage\"},\"image\":{\"@id\":\"https:\\\/\\\/www.materdominivolley.it\\\/home\\\/2015\\\/05\\\/08\\\/allu19-il-primo-titolo-regionale-del-2015\\\/#primaryimage\"},\"thumbnailUrl\":\"https:\\\/\\\/www.materdominivolley.it\\\/home\\\/wp-content\\\/uploads\\\/2019\\\/09\\\/materu19_campioneregionale.jpg\",\"datePublished\":\"2015-05-08T08:14:56+00:00\",\"breadcrumb\":{\"@id\":\"https:\\\/\\\/www.materdominivolley.it\\\/home\\\/2015\\\/05\\\/08\\\/allu19-il-primo-titolo-regionale-del-2015\\\/#breadcrumb\"},\"inLanguage\":\"it-IT\",\"potentialAction\":[{\"@type\":\"ReadAction\",\"target\":[\"https:\\\/\\\/www.materdominivolley.it\\\/home\\\/2015\\\/05\\\/08\\\/allu19-il-primo-titolo-regionale-del-2015\\\/\"]}]},{\"@type\":\"ImageObject\",\"inLanguage\":\"it-IT\",\"@id\":\"https:\\\/\\\/www.materdominivolley.it\\\/home\\\/2015\\\/05\\\/08\\\/allu19-il-primo-titolo-regionale-del-2015\\\/#primaryimage\",\"url\":\"https:\\\/\\\/www.materdominivolley.it\\\/home\\\/wp-content\\\/uploads\\\/2019\\\/09\\\/materu19_campioneregionale.jpg\",\"contentUrl\":\"https:\\\/\\\/www.materdominivolley.it\\\/home\\\/wp-content\\\/uploads\\\/2019\\\/09\\\/materu19_campioneregionale.jpg\",\"width\":1300,\"height\":531},{\"@type\":\"BreadcrumbList\",\"@id\":\"https:\\\/\\\/www.materdominivolley.it\\\/home\\\/2015\\\/05\\\/08\\\/allu19-il-primo-titolo-regionale-del-2015\\\/#breadcrumb\",\"itemListElement\":[{\"@type\":\"ListItem\",\"position\":1,\"name\":\"Home\",\"item\":\"https:\\\/\\\/www.materdominivolley.it\\\/home\\\/\"},{\"@type\":\"ListItem\",\"position\":2,\"name\":\"All&#8217;U19 il primo titolo regionale del 2015\"}]},{\"@type\":\"WebSite\",\"@id\":\"https:\\\/\\\/www.materdominivolley.it\\\/home\\\/#website\",\"url\":\"https:\\\/\\\/www.materdominivolley.it\\\/home\\\/\",\"name\":\"materdominivolley\",\"description\":\"\",\"publisher\":{\"@id\":\"https:\\\/\\\/www.materdominivolley.it\\\/home\\\/#organization\"},\"potentialAction\":[{\"@type\":\"SearchAction\",\"target\":{\"@type\":\"EntryPoint\",\"urlTemplate\":\"https:\\\/\\\/www.materdominivolley.it\\\/home\\\/?s={search_term_string}\"},\"query-input\":{\"@type\":\"PropertyValueSpecification\",\"valueRequired\":true,\"valueName\":\"search_term_string\"}}],\"inLanguage\":\"it-IT\"},{\"@type\":\"Organization\",\"@id\":\"https:\\\/\\\/www.materdominivolley.it\\\/home\\\/#organization\",\"name\":\"Materdominivolley.it\",\"url\":\"https:\\\/\\\/www.materdominivolley.it\\\/home\\\/\",\"logo\":{\"@type\":\"ImageObject\",\"inLanguage\":\"it-IT\",\"@id\":\"https:\\\/\\\/www.materdominivolley.it\\\/home\\\/#\\\/schema\\\/logo\\\/image\\\/\",\"url\":\"https:\\\/\\\/www.materdominivolley.it\\\/home\\\/wp-content\\\/uploads\\\/2019\\\/10\\\/Senza-titolo-1-2.png\",\"contentUrl\":\"https:\\\/\\\/www.materdominivolley.it\\\/home\\\/wp-content\\\/uploads\\\/2019\\\/10\\\/Senza-titolo-1-2.png\",\"width\":180,\"height\":250,\"caption\":\"Materdominivolley.it\"},\"image\":{\"@id\":\"https:\\\/\\\/www.materdominivolley.it\\\/home\\\/#\\\/schema\\\/logo\\\/image\\\/\"},\"sameAs\":[\"https:\\\/\\\/www.facebook.com\\\/materdominivolleyit\\\/\"]},{\"@type\":\"Person\",\"@id\":\"https:\\\/\\\/www.materdominivolley.it\\\/home\\\/#\\\/schema\\\/person\\\/86961330b970aecf0b9729df84069339\",\"name\":\"admin-mater\",\"image\":{\"@type\":\"ImageObject\",\"inLanguage\":\"it-IT\",\"@id\":\"https:\\\/\\\/secure.gravatar.com\\\/avatar\\\/71d088b9255aa52813637243630e63af9ffd99251cfb71c8536f2d3794cac08e?s=96&d=mm&r=g\",\"url\":\"https:\\\/\\\/secure.gravatar.com\\\/avatar\\\/71d088b9255aa52813637243630e63af9ffd99251cfb71c8536f2d3794cac08e?s=96&d=mm&r=g\",\"contentUrl\":\"https:\\\/\\\/secure.gravatar.com\\\/avatar\\\/71d088b9255aa52813637243630e63af9ffd99251cfb71c8536f2d3794cac08e?s=96&d=mm&r=g\",\"caption\":\"admin-mater\"},\"url\":\"https:\\\/\\\/www.materdominivolley.it\\\/home\\\/author\\\/admin-mater\\\/\"}]}<\/script>\n<!-- \/ Yoast SEO plugin. -->","yoast_head_json":{"title":"All'U19 il primo titolo regionale del 2015 - materdominivolley","robots":{"index":"index","follow":"follow","max-snippet":"max-snippet:-1","max-image-preview":"max-image-preview:large","max-video-preview":"max-video-preview:-1"},"canonical":"https:\/\/www.materdominivolley.it\/home\/2015\/05\/08\/allu19-il-primo-titolo-regionale-del-2015\/","og_locale":"it_IT","og_type":"article","og_title":"All'U19 il primo titolo regionale del 2015 - materdominivolley","og_description":"Battuto il Leverano per 3-0 sia all'andata che al ritorno. Ora obiettivo puntato sulla Finale Nazionale di Abano Terme","og_url":"https:\/\/www.materdominivolley.it\/home\/2015\/05\/08\/allu19-il-primo-titolo-regionale-del-2015\/","og_site_name":"materdominivolley","article_publisher":"https:\/\/www.facebook.com\/materdominivolleyit\/","article_published_time":"2015-05-08T08:14:56+00:00","og_image":[{"width":1300,"height":531,"url":"https:\/\/www.materdominivolley.it\/home\/wp-content\/uploads\/2019\/09\/materu19_campioneregionale.jpg","type":"image\/jpeg"}],"author":"admin-mater","twitter_card":"summary_large_image","twitter_misc":{"Scritto da":"admin-mater","Tempo di lettura stimato":"1 minuto"},"schema":{"@context":"https:\/\/schema.org","@graph":[{"@type":"Article","@id":"https:\/\/www.materdominivolley.it\/home\/2015\/05\/08\/allu19-il-primo-titolo-regionale-del-2015\/#article","isPartOf":{"@id":"https:\/\/www.materdominivolley.it\/home\/2015\/05\/08\/allu19-il-primo-titolo-regionale-del-2015\/"},"author":{"name":"admin-mater","@id":"https:\/\/www.materdominivolley.it\/home\/#\/schema\/person\/86961330b970aecf0b9729df84069339"},"headline":"All&#8217;U19 il primo titolo regionale del 2015","datePublished":"2015-05-08T08:14:56+00:00","mainEntityOfPage":{"@id":"https:\/\/www.materdominivolley.it\/home\/2015\/05\/08\/allu19-il-primo-titolo-regionale-del-2015\/"},"wordCount":267,"commentCount":0,"publisher":{"@id":"https:\/\/www.materdominivolley.it\/home\/#organization"},"image":{"@id":"https:\/\/www.materdominivolley.it\/home\/2015\/05\/08\/allu19-il-primo-titolo-regionale-del-2015\/#primaryimage"},"thumbnailUrl":"https:\/\/www.materdominivolley.it\/home\/wp-content\/uploads\/2019\/09\/materu19_campioneregionale.jpg","articleSection":["under 19"],"inLanguage":"it-IT","potentialAction":[{"@type":"CommentAction","name":"Comment","target":["https:\/\/www.materdominivolley.it\/home\/2015\/05\/08\/allu19-il-primo-titolo-regionale-del-2015\/#respond"]}]},{"@type":"WebPage","@id":"https:\/\/www.materdominivolley.it\/home\/2015\/05\/08\/allu19-il-primo-titolo-regionale-del-2015\/","url":"https:\/\/www.materdominivolley.it\/home\/2015\/05\/08\/allu19-il-primo-titolo-regionale-del-2015\/","name":"All'U19 il primo titolo regionale del 2015 - materdominivolley","isPartOf":{"@id":"https:\/\/www.materdominivolley.it\/home\/#website"},"primaryImageOfPage":{"@id":"https:\/\/www.materdominivolley.it\/home\/2015\/05\/08\/allu19-il-primo-titolo-regionale-del-2015\/#primaryimage"},"image":{"@id":"https:\/\/www.materdominivolley.it\/home\/2015\/05\/08\/allu19-il-primo-titolo-regionale-del-2015\/#primaryimage"},"thumbnailUrl":"https:\/\/www.materdominivolley.it\/home\/wp-content\/uploads\/2019\/09\/materu19_campioneregionale.jpg","datePublished":"2015-05-08T08:14:56+00:00","breadcrumb":{"@id":"https:\/\/www.materdominivolley.it\/home\/2015\/05\/08\/allu19-il-primo-titolo-regionale-del-2015\/#breadcrumb"},"inLanguage":"it-IT","potentialAction":[{"@type":"ReadAction","target":["https:\/\/www.materdominivolley.it\/home\/2015\/05\/08\/allu19-il-primo-titolo-regionale-del-2015\/"]}]},{"@type":"ImageObject","inLanguage":"it-IT","@id":"https:\/\/www.materdominivolley.it\/home\/2015\/05\/08\/allu19-il-primo-titolo-regionale-del-2015\/#primaryimage","url":"https:\/\/www.materdominivolley.it\/home\/wp-content\/uploads\/2019\/09\/materu19_campioneregionale.jpg","contentUrl":"https:\/\/www.materdominivolley.it\/home\/wp-content\/uploads\/2019\/09\/materu19_campioneregionale.jpg","width":1300,"height":531},{"@type":"BreadcrumbList","@id":"https:\/\/www.materdominivolley.it\/home\/2015\/05\/08\/allu19-il-primo-titolo-regionale-del-2015\/#breadcrumb","itemListElement":[{"@type":"ListItem","position":1,"name":"Home","item":"https:\/\/www.materdominivolley.it\/home\/"},{"@type":"ListItem","position":2,"name":"All&#8217;U19 il primo titolo regionale del 2015"}]},{"@type":"WebSite","@id":"https:\/\/www.materdominivolley.it\/home\/#website","url":"https:\/\/www.materdominivolley.it\/home\/","name":"materdominivolley","description":"","publisher":{"@id":"https:\/\/www.materdominivolley.it\/home\/#organization"},"potentialAction":[{"@type":"SearchAction","target":{"@type":"EntryPoint","urlTemplate":"https:\/\/www.materdominivolley.it\/home\/?s={search_term_string}"},"query-input":{"@type":"PropertyValueSpecification","valueRequired":true,"valueName":"search_term_string"}}],"inLanguage":"it-IT"},{"@type":"Organization","@id":"https:\/\/www.materdominivolley.it\/home\/#organization","name":"Materdominivolley.it","url":"https:\/\/www.materdominivolley.it\/home\/","logo":{"@type":"ImageObject","inLanguage":"it-IT","@id":"https:\/\/www.materdominivolley.it\/home\/#\/schema\/logo\/image\/","url":"https:\/\/www.materdominivolley.it\/home\/wp-content\/uploads\/2019\/10\/Senza-titolo-1-2.png","contentUrl":"https:\/\/www.materdominivolley.it\/home\/wp-content\/uploads\/2019\/10\/Senza-titolo-1-2.png","width":180,"height":250,"caption":"Materdominivolley.it"},"image":{"@id":"https:\/\/www.materdominivolley.it\/home\/#\/schema\/logo\/image\/"},"sameAs":["https:\/\/www.facebook.com\/materdominivolleyit\/"]},{"@type":"Person","@id":"https:\/\/www.materdominivolley.it\/home\/#\/schema\/person\/86961330b970aecf0b9729df84069339","name":"admin-mater","image":{"@type":"ImageObject","inLanguage":"it-IT","@id":"https:\/\/secure.gravatar.com\/avatar\/71d088b9255aa52813637243630e63af9ffd99251cfb71c8536f2d3794cac08e?s=96&d=mm&r=g","url":"https:\/\/secure.gravatar.com\/avatar\/71d088b9255aa52813637243630e63af9ffd99251cfb71c8536f2d3794cac08e?s=96&d=mm&r=g","contentUrl":"https:\/\/secure.gravatar.com\/avatar\/71d088b9255aa52813637243630e63af9ffd99251cfb71c8536f2d3794cac08e?s=96&d=mm&r=g","caption":"admin-mater"},"url":"https:\/\/www.materdominivolley.it\/home\/author\/admin-mater\/"}]}},"_links":{"self":[{"href":"https:\/\/www.materdominivolley.it\/home\/wp-json\/wp\/v2\/posts\/1216","targetHints":{"allow":["GET"]}}],"collection":[{"href":"https:\/\/www.materdominivolley.it\/home\/wp-json\/wp\/v2\/posts"}],"about":[{"href":"https:\/\/www.materdominivolley.it\/home\/wp-json\/wp\/v2\/types\/post"}],"author":[{"embeddable":true,"href":"https:\/\/www.materdominivolley.it\/home\/wp-json\/wp\/v2\/users\/1"}],"replies":[{"embeddable":true,"href":"https:\/\/www.materdominivolley.it\/home\/wp-json\/wp\/v2\/comments?post=1216"}],"version-history":[{"count":0,"href":"https:\/\/www.materdominivolley.it\/home\/wp-json\/wp\/v2\/posts\/1216\/revisions"}],"wp:featuredmedia":[{"embeddable":true,"href":"https:\/\/www.materdominivolley.it\/home\/wp-json\/wp\/v2\/media\/1217"}],"wp:attachment":[{"href":"https:\/\/www.materdominivolley.it\/home\/wp-json\/wp\/v2\/media?parent=1216"}],"wp:term":[{"taxonomy":"category","embeddable":true,"href":"https:\/\/www.materdominivolley.it\/home\/wp-json\/wp\/v2\/categories?post=1216"},{"taxonomy":"post_tag","embeddable":true,"href":"https:\/\/www.materdominivolley.it\/home\/wp-json\/wp\/v2\/tags?post=1216"}],"curies":[{"name":"wp","href":"https:\/\/api.w.org\/{rel}","templated":true}]}}