{"id":1240,"date":"2015-03-09T12:40:52","date_gmt":"2015-03-09T11:40:52","guid":{"rendered":"https:\/\/www.materdominivolley.it\/home\/2015\/03\/09\/a-reggio-emilia-per-lanticipo-del-sabato-dentro-fuori-per-i-playoff\/"},"modified":"2015-03-09T12:40:52","modified_gmt":"2015-03-09T11:40:52","slug":"a-reggio-emilia-per-lanticipo-del-sabato-dentro-fuori-per-i-playoff","status":"publish","type":"post","link":"https:\/\/www.materdominivolley.it\/home\/2015\/03\/09\/a-reggio-emilia-per-lanticipo-del-sabato-dentro-fuori-per-i-playoff\/","title":{"rendered":"A Reggio Emilia per l&#8217;anticipo del sabato: dentro-fuori per i playoff"},"content":{"rendered":"\n        <p>\n\tScontro diretto in chiave playoff per la <strong>Materdominivolley.it Castellana Grotte<\/strong>, club iscritto al campionato nazionale serie A2 Unipolsai di pallavolo maschile, nel ventesimo turno stagionale contro il <strong>Conad Reggio Emilia<\/strong>. Per il team allenato dal tecnico <strong>Vincenzo Fanizza<\/strong>, infatti, la sfida in programma per <strong>sabato 7 marzo<\/strong> con prima battuta alle <strong>ore 20,30<\/strong> presso il PalaBigi del capoluogo emiliano \u00e8, forse, l&#39;ultima occasione utile per agganciare l\u2019ottavo posto in classifica (l\u2019ultimo utile per accedere alla post season). Nell\u2019anticipo della terz\u2019ultima gara della regular season, cos\u00ec, da una parte la Materdomini, nona a 19 punti, dall&#39;altra il Reggio Emilia, ottavo a 22 lunghezze e protagonista nel girone di ritorno di una importante serie di risultati utili.<br \/>\n\t<br \/>\n\tTra l\u2019altro, questa sfida apre per la Mater una fase delicatissima del calendario che prevede anche la doppia trasferta. Dopo Reggio Emilia, infatti, il team castellanese far\u00e0 visita in Basilicata alla Domar Matera per chiudere il torneo poi al PalaGrotte con l\u2019attuale capolista Ortona. Percorso ostico da compiere per\u00f2 con l&#39;entusiasmo dei primi punti conquistati nel girone di ritorno e degli ultimi risultati (vittoria contro Tuscania 3-2 e sconfitta contro Sora 2-3). Motivatissima anche la formazione allenata da Cantagalli che, galvanizzata da ben due imprese riuscite (3-1 con Cant\u00f9 e 2-3 a Matera), vorr\u00e0 dare seguito alla striscia vincente ipotecando cos\u00ec, davanti al proprio pubblico, la qualificazione agli spareggi promozione. All\u2019andata, giocata lo scorso 14 dicembre, la Mater vinse al quinto set, l\u2019obiettivo ora \u00e8 incassare l\u2019intera posta in palio per raggiungere Reggio in classifica e continuare a lottare per un posto playoff.<br \/>\n\t<br \/>\n\t\u201cSi tratta di una partita naturalmente fondamentale per l\u2019accesso ai playoff- ha commentato alla vigilia il centrale <strong>Alessandro Giosa<\/strong> &#8211; Da alcune settimane abbiamo finalmente ritrovato gli equilibri smarriti ed ora occorre lavorare sui dettagli, sull&#39;intensit\u00e0 e sulla continuit\u00e0. Nell&#39;ultima partita contro Sora abbiamo dimostrato di essere una formazione competitiva e di potercela giocare contro tutti. In Emilia &#8211; conclude l\u2019esperto giocatore tarantino, classe \u201977 &#8211; sar\u00e0 difficilissima, la posta in gioco \u00e8 alta ma dobbiamo pensare solo a noi stessi giocando con tranquillit\u00e0 senza fare troppi calcoli. La Mater pu\u00f2 ancora dire la sua in questo campionato e lo dimostreremo\u201d.<\/p>\n        ","protected":false},"excerpt":{"rendered":"<p><!-- wp:paragraph --><br \/>\n        Scontro diretto in chiave playoff per la Materdominivolley.it Castellana Grotte, club iscritto al campionato nazionale serie A2 Unipolsai di pallavolo maschile, nel ventesimo turno stagionale contro il Conad Reggio Emilia.<br \/>\n        <!-- \/wp:paragraph --><\/p>\n","protected":false},"author":1,"featured_media":1241,"comment_status":"open","ping_status":"closed","sticky":false,"template":"","format":"standard","meta":{"footnotes":""},"categories":[13],"tags":[],"class_list":["post-1240","post","type-post","status-publish","format-standard","has-post-thumbnail","hentry","category-serie-a2"],"yoast_head":"<!-- This site is optimized with the Yoast SEO plugin v27.4 - https:\/\/yoast.com\/product\/yoast-seo-wordpress\/ -->\n<title>A Reggio Emilia per l&#039;anticipo del sabato: dentro-fuori per i playoff - materdominivolley<\/title>\n<meta name=\"robots\" content=\"index, follow, max-snippet:-1, max-image-preview:large, max-video-preview:-1\" \/>\n<link rel=\"canonical\" href=\"https:\/\/www.materdominivolley.it\/home\/2015\/03\/09\/a-reggio-emilia-per-lanticipo-del-sabato-dentro-fuori-per-i-playoff\/\" \/>\n<meta property=\"og:locale\" content=\"it_IT\" \/>\n<meta property=\"og:type\" content=\"article\" \/>\n<meta property=\"og:title\" content=\"A Reggio Emilia per l&#039;anticipo del sabato: dentro-fuori per i playoff - materdominivolley\" \/>\n<meta property=\"og:description\" content=\"Scontro diretto in chiave playoff per la Materdominivolley.it Castellana Grotte, club iscritto al campionato nazionale serie A2 Unipolsai di pallavolo maschile, nel ventesimo turno stagionale contro il Conad Reggio Emilia.\" \/>\n<meta property=\"og:url\" content=\"https:\/\/www.materdominivolley.it\/home\/2015\/03\/09\/a-reggio-emilia-per-lanticipo-del-sabato-dentro-fuori-per-i-playoff\/\" \/>\n<meta property=\"og:site_name\" content=\"materdominivolley\" \/>\n<meta property=\"article:publisher\" content=\"https:\/\/www.facebook.com\/materdominivolleyit\/\" \/>\n<meta property=\"article:published_time\" content=\"2015-03-09T11:40:52+00:00\" \/>\n<meta property=\"og:image\" content=\"https:\/\/www.materdominivolley.it\/home\/wp-content\/uploads\/2019\/09\/giosa_web.jpg\" \/>\n\t<meta property=\"og:image:width\" content=\"1300\" \/>\n\t<meta property=\"og:image:height\" content=\"531\" \/>\n\t<meta property=\"og:image:type\" content=\"image\/jpeg\" \/>\n<meta name=\"author\" content=\"admin-mater\" \/>\n<meta name=\"twitter:card\" content=\"summary_large_image\" \/>\n<meta name=\"twitter:label1\" content=\"Scritto da\" \/>\n\t<meta name=\"twitter:data1\" content=\"admin-mater\" \/>\n\t<meta name=\"twitter:label2\" content=\"Tempo di lettura stimato\" \/>\n\t<meta name=\"twitter:data2\" content=\"2 minuti\" \/>\n<script type=\"application\/ld+json\" class=\"yoast-schema-graph\">{\"@context\":\"https:\\\/\\\/schema.org\",\"@graph\":[{\"@type\":\"Article\",\"@id\":\"https:\\\/\\\/www.materdominivolley.it\\\/home\\\/2015\\\/03\\\/09\\\/a-reggio-emilia-per-lanticipo-del-sabato-dentro-fuori-per-i-playoff\\\/#article\",\"isPartOf\":{\"@id\":\"https:\\\/\\\/www.materdominivolley.it\\\/home\\\/2015\\\/03\\\/09\\\/a-reggio-emilia-per-lanticipo-del-sabato-dentro-fuori-per-i-playoff\\\/\"},\"author\":{\"name\":\"admin-mater\",\"@id\":\"https:\\\/\\\/www.materdominivolley.it\\\/home\\\/#\\\/schema\\\/person\\\/86961330b970aecf0b9729df84069339\"},\"headline\":\"A Reggio Emilia per l&#8217;anticipo del sabato: dentro-fuori per i playoff\",\"datePublished\":\"2015-03-09T11:40:52+00:00\",\"mainEntityOfPage\":{\"@id\":\"https:\\\/\\\/www.materdominivolley.it\\\/home\\\/2015\\\/03\\\/09\\\/a-reggio-emilia-per-lanticipo-del-sabato-dentro-fuori-per-i-playoff\\\/\"},\"wordCount\":379,\"commentCount\":0,\"publisher\":{\"@id\":\"https:\\\/\\\/www.materdominivolley.it\\\/home\\\/#organization\"},\"image\":{\"@id\":\"https:\\\/\\\/www.materdominivolley.it\\\/home\\\/2015\\\/03\\\/09\\\/a-reggio-emilia-per-lanticipo-del-sabato-dentro-fuori-per-i-playoff\\\/#primaryimage\"},\"thumbnailUrl\":\"https:\\\/\\\/www.materdominivolley.it\\\/home\\\/wp-content\\\/uploads\\\/2019\\\/09\\\/giosa_web.jpg\",\"articleSection\":[\"Serie A2\"],\"inLanguage\":\"it-IT\",\"potentialAction\":[{\"@type\":\"CommentAction\",\"name\":\"Comment\",\"target\":[\"https:\\\/\\\/www.materdominivolley.it\\\/home\\\/2015\\\/03\\\/09\\\/a-reggio-emilia-per-lanticipo-del-sabato-dentro-fuori-per-i-playoff\\\/#respond\"]}]},{\"@type\":\"WebPage\",\"@id\":\"https:\\\/\\\/www.materdominivolley.it\\\/home\\\/2015\\\/03\\\/09\\\/a-reggio-emilia-per-lanticipo-del-sabato-dentro-fuori-per-i-playoff\\\/\",\"url\":\"https:\\\/\\\/www.materdominivolley.it\\\/home\\\/2015\\\/03\\\/09\\\/a-reggio-emilia-per-lanticipo-del-sabato-dentro-fuori-per-i-playoff\\\/\",\"name\":\"A Reggio Emilia per l'anticipo del sabato: dentro-fuori per i playoff - materdominivolley\",\"isPartOf\":{\"@id\":\"https:\\\/\\\/www.materdominivolley.it\\\/home\\\/#website\"},\"primaryImageOfPage\":{\"@id\":\"https:\\\/\\\/www.materdominivolley.it\\\/home\\\/2015\\\/03\\\/09\\\/a-reggio-emilia-per-lanticipo-del-sabato-dentro-fuori-per-i-playoff\\\/#primaryimage\"},\"image\":{\"@id\":\"https:\\\/\\\/www.materdominivolley.it\\\/home\\\/2015\\\/03\\\/09\\\/a-reggio-emilia-per-lanticipo-del-sabato-dentro-fuori-per-i-playoff\\\/#primaryimage\"},\"thumbnailUrl\":\"https:\\\/\\\/www.materdominivolley.it\\\/home\\\/wp-content\\\/uploads\\\/2019\\\/09\\\/giosa_web.jpg\",\"datePublished\":\"2015-03-09T11:40:52+00:00\",\"breadcrumb\":{\"@id\":\"https:\\\/\\\/www.materdominivolley.it\\\/home\\\/2015\\\/03\\\/09\\\/a-reggio-emilia-per-lanticipo-del-sabato-dentro-fuori-per-i-playoff\\\/#breadcrumb\"},\"inLanguage\":\"it-IT\",\"potentialAction\":[{\"@type\":\"ReadAction\",\"target\":[\"https:\\\/\\\/www.materdominivolley.it\\\/home\\\/2015\\\/03\\\/09\\\/a-reggio-emilia-per-lanticipo-del-sabato-dentro-fuori-per-i-playoff\\\/\"]}]},{\"@type\":\"ImageObject\",\"inLanguage\":\"it-IT\",\"@id\":\"https:\\\/\\\/www.materdominivolley.it\\\/home\\\/2015\\\/03\\\/09\\\/a-reggio-emilia-per-lanticipo-del-sabato-dentro-fuori-per-i-playoff\\\/#primaryimage\",\"url\":\"https:\\\/\\\/www.materdominivolley.it\\\/home\\\/wp-content\\\/uploads\\\/2019\\\/09\\\/giosa_web.jpg\",\"contentUrl\":\"https:\\\/\\\/www.materdominivolley.it\\\/home\\\/wp-content\\\/uploads\\\/2019\\\/09\\\/giosa_web.jpg\",\"width\":1300,\"height\":531},{\"@type\":\"BreadcrumbList\",\"@id\":\"https:\\\/\\\/www.materdominivolley.it\\\/home\\\/2015\\\/03\\\/09\\\/a-reggio-emilia-per-lanticipo-del-sabato-dentro-fuori-per-i-playoff\\\/#breadcrumb\",\"itemListElement\":[{\"@type\":\"ListItem\",\"position\":1,\"name\":\"Home\",\"item\":\"https:\\\/\\\/www.materdominivolley.it\\\/home\\\/\"},{\"@type\":\"ListItem\",\"position\":2,\"name\":\"A Reggio Emilia per l&#8217;anticipo del sabato: dentro-fuori per i playoff\"}]},{\"@type\":\"WebSite\",\"@id\":\"https:\\\/\\\/www.materdominivolley.it\\\/home\\\/#website\",\"url\":\"https:\\\/\\\/www.materdominivolley.it\\\/home\\\/\",\"name\":\"materdominivolley\",\"description\":\"\",\"publisher\":{\"@id\":\"https:\\\/\\\/www.materdominivolley.it\\\/home\\\/#organization\"},\"potentialAction\":[{\"@type\":\"SearchAction\",\"target\":{\"@type\":\"EntryPoint\",\"urlTemplate\":\"https:\\\/\\\/www.materdominivolley.it\\\/home\\\/?s={search_term_string}\"},\"query-input\":{\"@type\":\"PropertyValueSpecification\",\"valueRequired\":true,\"valueName\":\"search_term_string\"}}],\"inLanguage\":\"it-IT\"},{\"@type\":\"Organization\",\"@id\":\"https:\\\/\\\/www.materdominivolley.it\\\/home\\\/#organization\",\"name\":\"Materdominivolley.it\",\"url\":\"https:\\\/\\\/www.materdominivolley.it\\\/home\\\/\",\"logo\":{\"@type\":\"ImageObject\",\"inLanguage\":\"it-IT\",\"@id\":\"https:\\\/\\\/www.materdominivolley.it\\\/home\\\/#\\\/schema\\\/logo\\\/image\\\/\",\"url\":\"https:\\\/\\\/www.materdominivolley.it\\\/home\\\/wp-content\\\/uploads\\\/2019\\\/10\\\/Senza-titolo-1-2.png\",\"contentUrl\":\"https:\\\/\\\/www.materdominivolley.it\\\/home\\\/wp-content\\\/uploads\\\/2019\\\/10\\\/Senza-titolo-1-2.png\",\"width\":180,\"height\":250,\"caption\":\"Materdominivolley.it\"},\"image\":{\"@id\":\"https:\\\/\\\/www.materdominivolley.it\\\/home\\\/#\\\/schema\\\/logo\\\/image\\\/\"},\"sameAs\":[\"https:\\\/\\\/www.facebook.com\\\/materdominivolleyit\\\/\"]},{\"@type\":\"Person\",\"@id\":\"https:\\\/\\\/www.materdominivolley.it\\\/home\\\/#\\\/schema\\\/person\\\/86961330b970aecf0b9729df84069339\",\"name\":\"admin-mater\",\"image\":{\"@type\":\"ImageObject\",\"inLanguage\":\"it-IT\",\"@id\":\"https:\\\/\\\/secure.gravatar.com\\\/avatar\\\/71d088b9255aa52813637243630e63af9ffd99251cfb71c8536f2d3794cac08e?s=96&d=mm&r=g\",\"url\":\"https:\\\/\\\/secure.gravatar.com\\\/avatar\\\/71d088b9255aa52813637243630e63af9ffd99251cfb71c8536f2d3794cac08e?s=96&d=mm&r=g\",\"contentUrl\":\"https:\\\/\\\/secure.gravatar.com\\\/avatar\\\/71d088b9255aa52813637243630e63af9ffd99251cfb71c8536f2d3794cac08e?s=96&d=mm&r=g\",\"caption\":\"admin-mater\"},\"url\":\"https:\\\/\\\/www.materdominivolley.it\\\/home\\\/author\\\/admin-mater\\\/\"}]}<\/script>\n<!-- \/ Yoast SEO plugin. -->","yoast_head_json":{"title":"A Reggio Emilia per l'anticipo del sabato: dentro-fuori per i playoff - materdominivolley","robots":{"index":"index","follow":"follow","max-snippet":"max-snippet:-1","max-image-preview":"max-image-preview:large","max-video-preview":"max-video-preview:-1"},"canonical":"https:\/\/www.materdominivolley.it\/home\/2015\/03\/09\/a-reggio-emilia-per-lanticipo-del-sabato-dentro-fuori-per-i-playoff\/","og_locale":"it_IT","og_type":"article","og_title":"A Reggio Emilia per l'anticipo del sabato: dentro-fuori per i playoff - materdominivolley","og_description":"Scontro diretto in chiave playoff per la Materdominivolley.it Castellana Grotte, club iscritto al campionato nazionale serie A2 Unipolsai di pallavolo maschile, nel ventesimo turno stagionale contro il Conad Reggio Emilia.","og_url":"https:\/\/www.materdominivolley.it\/home\/2015\/03\/09\/a-reggio-emilia-per-lanticipo-del-sabato-dentro-fuori-per-i-playoff\/","og_site_name":"materdominivolley","article_publisher":"https:\/\/www.facebook.com\/materdominivolleyit\/","article_published_time":"2015-03-09T11:40:52+00:00","og_image":[{"width":1300,"height":531,"url":"https:\/\/www.materdominivolley.it\/home\/wp-content\/uploads\/2019\/09\/giosa_web.jpg","type":"image\/jpeg"}],"author":"admin-mater","twitter_card":"summary_large_image","twitter_misc":{"Scritto da":"admin-mater","Tempo di lettura stimato":"2 minuti"},"schema":{"@context":"https:\/\/schema.org","@graph":[{"@type":"Article","@id":"https:\/\/www.materdominivolley.it\/home\/2015\/03\/09\/a-reggio-emilia-per-lanticipo-del-sabato-dentro-fuori-per-i-playoff\/#article","isPartOf":{"@id":"https:\/\/www.materdominivolley.it\/home\/2015\/03\/09\/a-reggio-emilia-per-lanticipo-del-sabato-dentro-fuori-per-i-playoff\/"},"author":{"name":"admin-mater","@id":"https:\/\/www.materdominivolley.it\/home\/#\/schema\/person\/86961330b970aecf0b9729df84069339"},"headline":"A Reggio Emilia per l&#8217;anticipo del sabato: dentro-fuori per i playoff","datePublished":"2015-03-09T11:40:52+00:00","mainEntityOfPage":{"@id":"https:\/\/www.materdominivolley.it\/home\/2015\/03\/09\/a-reggio-emilia-per-lanticipo-del-sabato-dentro-fuori-per-i-playoff\/"},"wordCount":379,"commentCount":0,"publisher":{"@id":"https:\/\/www.materdominivolley.it\/home\/#organization"},"image":{"@id":"https:\/\/www.materdominivolley.it\/home\/2015\/03\/09\/a-reggio-emilia-per-lanticipo-del-sabato-dentro-fuori-per-i-playoff\/#primaryimage"},"thumbnailUrl":"https:\/\/www.materdominivolley.it\/home\/wp-content\/uploads\/2019\/09\/giosa_web.jpg","articleSection":["Serie A2"],"inLanguage":"it-IT","potentialAction":[{"@type":"CommentAction","name":"Comment","target":["https:\/\/www.materdominivolley.it\/home\/2015\/03\/09\/a-reggio-emilia-per-lanticipo-del-sabato-dentro-fuori-per-i-playoff\/#respond"]}]},{"@type":"WebPage","@id":"https:\/\/www.materdominivolley.it\/home\/2015\/03\/09\/a-reggio-emilia-per-lanticipo-del-sabato-dentro-fuori-per-i-playoff\/","url":"https:\/\/www.materdominivolley.it\/home\/2015\/03\/09\/a-reggio-emilia-per-lanticipo-del-sabato-dentro-fuori-per-i-playoff\/","name":"A Reggio Emilia per l'anticipo del sabato: dentro-fuori per i playoff - materdominivolley","isPartOf":{"@id":"https:\/\/www.materdominivolley.it\/home\/#website"},"primaryImageOfPage":{"@id":"https:\/\/www.materdominivolley.it\/home\/2015\/03\/09\/a-reggio-emilia-per-lanticipo-del-sabato-dentro-fuori-per-i-playoff\/#primaryimage"},"image":{"@id":"https:\/\/www.materdominivolley.it\/home\/2015\/03\/09\/a-reggio-emilia-per-lanticipo-del-sabato-dentro-fuori-per-i-playoff\/#primaryimage"},"thumbnailUrl":"https:\/\/www.materdominivolley.it\/home\/wp-content\/uploads\/2019\/09\/giosa_web.jpg","datePublished":"2015-03-09T11:40:52+00:00","breadcrumb":{"@id":"https:\/\/www.materdominivolley.it\/home\/2015\/03\/09\/a-reggio-emilia-per-lanticipo-del-sabato-dentro-fuori-per-i-playoff\/#breadcrumb"},"inLanguage":"it-IT","potentialAction":[{"@type":"ReadAction","target":["https:\/\/www.materdominivolley.it\/home\/2015\/03\/09\/a-reggio-emilia-per-lanticipo-del-sabato-dentro-fuori-per-i-playoff\/"]}]},{"@type":"ImageObject","inLanguage":"it-IT","@id":"https:\/\/www.materdominivolley.it\/home\/2015\/03\/09\/a-reggio-emilia-per-lanticipo-del-sabato-dentro-fuori-per-i-playoff\/#primaryimage","url":"https:\/\/www.materdominivolley.it\/home\/wp-content\/uploads\/2019\/09\/giosa_web.jpg","contentUrl":"https:\/\/www.materdominivolley.it\/home\/wp-content\/uploads\/2019\/09\/giosa_web.jpg","width":1300,"height":531},{"@type":"BreadcrumbList","@id":"https:\/\/www.materdominivolley.it\/home\/2015\/03\/09\/a-reggio-emilia-per-lanticipo-del-sabato-dentro-fuori-per-i-playoff\/#breadcrumb","itemListElement":[{"@type":"ListItem","position":1,"name":"Home","item":"https:\/\/www.materdominivolley.it\/home\/"},{"@type":"ListItem","position":2,"name":"A Reggio Emilia per l&#8217;anticipo del sabato: dentro-fuori per i playoff"}]},{"@type":"WebSite","@id":"https:\/\/www.materdominivolley.it\/home\/#website","url":"https:\/\/www.materdominivolley.it\/home\/","name":"materdominivolley","description":"","publisher":{"@id":"https:\/\/www.materdominivolley.it\/home\/#organization"},"potentialAction":[{"@type":"SearchAction","target":{"@type":"EntryPoint","urlTemplate":"https:\/\/www.materdominivolley.it\/home\/?s={search_term_string}"},"query-input":{"@type":"PropertyValueSpecification","valueRequired":true,"valueName":"search_term_string"}}],"inLanguage":"it-IT"},{"@type":"Organization","@id":"https:\/\/www.materdominivolley.it\/home\/#organization","name":"Materdominivolley.it","url":"https:\/\/www.materdominivolley.it\/home\/","logo":{"@type":"ImageObject","inLanguage":"it-IT","@id":"https:\/\/www.materdominivolley.it\/home\/#\/schema\/logo\/image\/","url":"https:\/\/www.materdominivolley.it\/home\/wp-content\/uploads\/2019\/10\/Senza-titolo-1-2.png","contentUrl":"https:\/\/www.materdominivolley.it\/home\/wp-content\/uploads\/2019\/10\/Senza-titolo-1-2.png","width":180,"height":250,"caption":"Materdominivolley.it"},"image":{"@id":"https:\/\/www.materdominivolley.it\/home\/#\/schema\/logo\/image\/"},"sameAs":["https:\/\/www.facebook.com\/materdominivolleyit\/"]},{"@type":"Person","@id":"https:\/\/www.materdominivolley.it\/home\/#\/schema\/person\/86961330b970aecf0b9729df84069339","name":"admin-mater","image":{"@type":"ImageObject","inLanguage":"it-IT","@id":"https:\/\/secure.gravatar.com\/avatar\/71d088b9255aa52813637243630e63af9ffd99251cfb71c8536f2d3794cac08e?s=96&d=mm&r=g","url":"https:\/\/secure.gravatar.com\/avatar\/71d088b9255aa52813637243630e63af9ffd99251cfb71c8536f2d3794cac08e?s=96&d=mm&r=g","contentUrl":"https:\/\/secure.gravatar.com\/avatar\/71d088b9255aa52813637243630e63af9ffd99251cfb71c8536f2d3794cac08e?s=96&d=mm&r=g","caption":"admin-mater"},"url":"https:\/\/www.materdominivolley.it\/home\/author\/admin-mater\/"}]}},"_links":{"self":[{"href":"https:\/\/www.materdominivolley.it\/home\/wp-json\/wp\/v2\/posts\/1240","targetHints":{"allow":["GET"]}}],"collection":[{"href":"https:\/\/www.materdominivolley.it\/home\/wp-json\/wp\/v2\/posts"}],"about":[{"href":"https:\/\/www.materdominivolley.it\/home\/wp-json\/wp\/v2\/types\/post"}],"author":[{"embeddable":true,"href":"https:\/\/www.materdominivolley.it\/home\/wp-json\/wp\/v2\/users\/1"}],"replies":[{"embeddable":true,"href":"https:\/\/www.materdominivolley.it\/home\/wp-json\/wp\/v2\/comments?post=1240"}],"version-history":[{"count":0,"href":"https:\/\/www.materdominivolley.it\/home\/wp-json\/wp\/v2\/posts\/1240\/revisions"}],"wp:featuredmedia":[{"embeddable":true,"href":"https:\/\/www.materdominivolley.it\/home\/wp-json\/wp\/v2\/media\/1241"}],"wp:attachment":[{"href":"https:\/\/www.materdominivolley.it\/home\/wp-json\/wp\/v2\/media?parent=1240"}],"wp:term":[{"taxonomy":"category","embeddable":true,"href":"https:\/\/www.materdominivolley.it\/home\/wp-json\/wp\/v2\/categories?post=1240"},{"taxonomy":"post_tag","embeddable":true,"href":"https:\/\/www.materdominivolley.it\/home\/wp-json\/wp\/v2\/tags?post=1240"}],"curies":[{"name":"wp","href":"https:\/\/api.w.org\/{rel}","templated":true}]}}