{"id":1245,"date":"2015-03-02T10:52:47","date_gmt":"2015-03-02T09:52:47","guid":{"rendered":"https:\/\/www.materdominivolley.it\/home\/2015\/03\/02\/arriva-sora-tentare-il-colpaccio\/"},"modified":"2015-03-02T10:52:47","modified_gmt":"2015-03-02T09:52:47","slug":"arriva-sora-tentare-il-colpaccio","status":"publish","type":"post","link":"https:\/\/www.materdominivolley.it\/home\/2015\/03\/02\/arriva-sora-tentare-il-colpaccio\/","title":{"rendered":"Arriva Sora: &#8220;Tentare il colpaccio&#8221;"},"content":{"rendered":"\n        <p>\n\tNella 19esima giornata del campionato nazionale serie A2 Unipolsai di pallavolo maschile, la <strong>Materdominivolley.it Castellana Grotte<\/strong> chiude il proprio doppio turno casalingo ospitando un\u2019altra laziale: la <strong>Globo Banca Popolare del Frusinate Sora<\/strong>. Dopo aver affrontato e battuto Tuscania, infatti, il taraflex del PalaGrotte di Castellana attende <strong>domenica 1 marzo<\/strong>, alle <strong>ore 18<\/strong>, la vice capolista frusinate. Prova impervia per il gruppo allenato dal tecnico <strong>Vincenzo Fanizza<\/strong> che ritrovata la vittoria, dopo sette sconfitte di fila, dovr\u00e0 immediatamente testare il ritrovato entusiasmo contro un Sora lanciatissimo, a quota 42 punti, nella lotta al vertice occupato da Ortona a 44 lunghezze.<br \/>\n\t<br \/>\n\tL\u2019impresa, contro la squadra del palleggiatore Fabroni (nella Mater di A2 della stagione \u201806\/\u201907) e del centrale Sperandio (con la maglia giallobl\u00f9 nella scorsa stagione), ma anche del centrale cubano Salgado (visto a Castellana nella stagione 2011\/2012), non sar\u00e0 affatto agevole. Anche perch\u00e9 Sora non perde in esterna dal 16 novembre scorso (trasferta a Cant\u00f9, da allora sei vittorie su sei partite giocate fuori).<br \/>\n\t<br \/>\n\tTutto questo, per\u00f2, non pu\u00f2 che fungere da stimolo per una Mater che, nona in classifica a 18 punti, non vuole assolutamente perdere di mira l\u2019obiettivo ottavo posto (l\u2019ultimo utile per accedere ai play-off), attualmente occupato da Reggio Emilia a 20 punti.<br \/>\n\t<br \/>\n\tIl match \u00e8 commentato dal palleggiatore <strong>Matteo Pedron<\/strong>: \u201cL\u2019approccio sar\u00e0 spregiudicato con l\u2019intento di sfruttare al massimo il fattore campo. All\u2019andata abbiamo perso 3-0 e tra le tante motivazioni si aggiunge anche quella del riscatto. Spero che ci aiuti anche quel pizzico di fortuna che in questa stagione ci \u00e8 totalmente mancata. Io stesso sono stato fuori per ben tre giornate vittima di una squalifica a mio parere ingiusta. Confesso che \u00e8 stata davvero dura assistere impotente alle difficolt\u00e0 dei miei compagni nonostante riconosco di esser stato, in ogni modo, ben sostituito da Latorre. Nonostante tutto &#8211; conclude il giocatore padovano, classe \u201992 &#8211; abbiamo finalmente ripreso il nostro equilibrio ed ora occorre dare il massimo per tentare il colpaccio\u201d.\u00a0\u00a0<br \/>\n\t<br \/>\n\tLa sfida Materdominivolley.it Castellana Grotte e Globo Banca Popolare del Frusinate Sora sar\u00e0 trasmessa in differita marted\u00ec 3 marzo, alle ore 20.45, su Rai Sport 1.<br \/>\n\t<br \/>\n\tInfine, sabato 28 febbraio e domenica 1 marzo sar\u00e0 un week end di grande solidariet\u00e0 per la Serie A Unipolsai. Continua la campagna di raccolta fondi \u201cSostieni San Patrignano, dona ora un sms al 45508\u201d ed i club scendono in campo anche a sostegno dell\u2019ottava Giornata delle Malattie Rare \u201cGiorno per giorno, mano nella mano\u201d.<\/p>\n        ","protected":false},"excerpt":{"rendered":"<p><!-- wp:paragraph --><br \/>\n        Parla il palleggiatore giallobl\u00f9 Matteo Pedron alla vigilia della sfida con la vice capolista laziale: &#8220;\u201cL\u2019approccio sar\u00e0 spregiudicato con l\u2019intento di sfruttare al massimo il fattore campo. All\u2019andata abbiamo perso 3-0, vogliamo riscattarci&#8221;<br \/>\n        <!-- \/wp:paragraph --><\/p>\n","protected":false},"author":1,"featured_media":1167,"comment_status":"open","ping_status":"closed","sticky":false,"template":"","format":"standard","meta":{"footnotes":""},"categories":[13],"tags":[],"class_list":["post-1245","post","type-post","status-publish","format-standard","has-post-thumbnail","hentry","category-serie-a2"],"yoast_head":"<!-- This site is optimized with the Yoast SEO plugin v27.4 - https:\/\/yoast.com\/product\/yoast-seo-wordpress\/ -->\n<title>Arriva Sora: &quot;Tentare il colpaccio&quot; - materdominivolley<\/title>\n<meta name=\"robots\" content=\"index, follow, max-snippet:-1, max-image-preview:large, max-video-preview:-1\" \/>\n<link rel=\"canonical\" href=\"https:\/\/www.materdominivolley.it\/home\/2015\/03\/02\/arriva-sora-tentare-il-colpaccio\/\" \/>\n<meta property=\"og:locale\" content=\"it_IT\" \/>\n<meta property=\"og:type\" content=\"article\" \/>\n<meta property=\"og:title\" content=\"Arriva Sora: &quot;Tentare il colpaccio&quot; - materdominivolley\" \/>\n<meta property=\"og:description\" content=\"Parla il palleggiatore giallobl\u00f9 Matteo Pedron alla vigilia della sfida con la vice capolista laziale: &quot;\u201cL\u2019approccio sar\u00e0 spregiudicato con l\u2019intento di sfruttare al massimo il fattore campo. All\u2019andata abbiamo perso 3-0, vogliamo riscattarci&quot;\" \/>\n<meta property=\"og:url\" content=\"https:\/\/www.materdominivolley.it\/home\/2015\/03\/02\/arriva-sora-tentare-il-colpaccio\/\" \/>\n<meta property=\"og:site_name\" content=\"materdominivolley\" \/>\n<meta property=\"article:publisher\" content=\"https:\/\/www.facebook.com\/materdominivolleyit\/\" \/>\n<meta property=\"article:published_time\" content=\"2015-03-02T09:52:47+00:00\" \/>\n<meta property=\"og:image\" content=\"https:\/\/www.materdominivolley.it\/home\/wp-content\/uploads\/2019\/09\/matteo_pedron_web1.jpg\" \/>\n\t<meta property=\"og:image:width\" content=\"1300\" \/>\n\t<meta property=\"og:image:height\" content=\"531\" \/>\n\t<meta property=\"og:image:type\" content=\"image\/jpeg\" \/>\n<meta name=\"author\" content=\"admin-mater\" \/>\n<meta name=\"twitter:card\" content=\"summary_large_image\" \/>\n<meta name=\"twitter:label1\" content=\"Scritto da\" \/>\n\t<meta name=\"twitter:data1\" content=\"admin-mater\" \/>\n\t<meta name=\"twitter:label2\" content=\"Tempo di lettura stimato\" \/>\n\t<meta name=\"twitter:data2\" content=\"2 minuti\" \/>\n<script type=\"application\/ld+json\" class=\"yoast-schema-graph\">{\"@context\":\"https:\\\/\\\/schema.org\",\"@graph\":[{\"@type\":\"Article\",\"@id\":\"https:\\\/\\\/www.materdominivolley.it\\\/home\\\/2015\\\/03\\\/02\\\/arriva-sora-tentare-il-colpaccio\\\/#article\",\"isPartOf\":{\"@id\":\"https:\\\/\\\/www.materdominivolley.it\\\/home\\\/2015\\\/03\\\/02\\\/arriva-sora-tentare-il-colpaccio\\\/\"},\"author\":{\"name\":\"admin-mater\",\"@id\":\"https:\\\/\\\/www.materdominivolley.it\\\/home\\\/#\\\/schema\\\/person\\\/86961330b970aecf0b9729df84069339\"},\"headline\":\"Arriva Sora: &#8220;Tentare il colpaccio&#8221;\",\"datePublished\":\"2015-03-02T09:52:47+00:00\",\"mainEntityOfPage\":{\"@id\":\"https:\\\/\\\/www.materdominivolley.it\\\/home\\\/2015\\\/03\\\/02\\\/arriva-sora-tentare-il-colpaccio\\\/\"},\"wordCount\":402,\"commentCount\":0,\"publisher\":{\"@id\":\"https:\\\/\\\/www.materdominivolley.it\\\/home\\\/#organization\"},\"image\":{\"@id\":\"https:\\\/\\\/www.materdominivolley.it\\\/home\\\/2015\\\/03\\\/02\\\/arriva-sora-tentare-il-colpaccio\\\/#primaryimage\"},\"thumbnailUrl\":\"https:\\\/\\\/www.materdominivolley.it\\\/home\\\/wp-content\\\/uploads\\\/2019\\\/09\\\/matteo_pedron_web1.jpg\",\"articleSection\":[\"Serie A2\"],\"inLanguage\":\"it-IT\",\"potentialAction\":[{\"@type\":\"CommentAction\",\"name\":\"Comment\",\"target\":[\"https:\\\/\\\/www.materdominivolley.it\\\/home\\\/2015\\\/03\\\/02\\\/arriva-sora-tentare-il-colpaccio\\\/#respond\"]}]},{\"@type\":\"WebPage\",\"@id\":\"https:\\\/\\\/www.materdominivolley.it\\\/home\\\/2015\\\/03\\\/02\\\/arriva-sora-tentare-il-colpaccio\\\/\",\"url\":\"https:\\\/\\\/www.materdominivolley.it\\\/home\\\/2015\\\/03\\\/02\\\/arriva-sora-tentare-il-colpaccio\\\/\",\"name\":\"Arriva Sora: \\\"Tentare il colpaccio\\\" - materdominivolley\",\"isPartOf\":{\"@id\":\"https:\\\/\\\/www.materdominivolley.it\\\/home\\\/#website\"},\"primaryImageOfPage\":{\"@id\":\"https:\\\/\\\/www.materdominivolley.it\\\/home\\\/2015\\\/03\\\/02\\\/arriva-sora-tentare-il-colpaccio\\\/#primaryimage\"},\"image\":{\"@id\":\"https:\\\/\\\/www.materdominivolley.it\\\/home\\\/2015\\\/03\\\/02\\\/arriva-sora-tentare-il-colpaccio\\\/#primaryimage\"},\"thumbnailUrl\":\"https:\\\/\\\/www.materdominivolley.it\\\/home\\\/wp-content\\\/uploads\\\/2019\\\/09\\\/matteo_pedron_web1.jpg\",\"datePublished\":\"2015-03-02T09:52:47+00:00\",\"breadcrumb\":{\"@id\":\"https:\\\/\\\/www.materdominivolley.it\\\/home\\\/2015\\\/03\\\/02\\\/arriva-sora-tentare-il-colpaccio\\\/#breadcrumb\"},\"inLanguage\":\"it-IT\",\"potentialAction\":[{\"@type\":\"ReadAction\",\"target\":[\"https:\\\/\\\/www.materdominivolley.it\\\/home\\\/2015\\\/03\\\/02\\\/arriva-sora-tentare-il-colpaccio\\\/\"]}]},{\"@type\":\"ImageObject\",\"inLanguage\":\"it-IT\",\"@id\":\"https:\\\/\\\/www.materdominivolley.it\\\/home\\\/2015\\\/03\\\/02\\\/arriva-sora-tentare-il-colpaccio\\\/#primaryimage\",\"url\":\"https:\\\/\\\/www.materdominivolley.it\\\/home\\\/wp-content\\\/uploads\\\/2019\\\/09\\\/matteo_pedron_web1.jpg\",\"contentUrl\":\"https:\\\/\\\/www.materdominivolley.it\\\/home\\\/wp-content\\\/uploads\\\/2019\\\/09\\\/matteo_pedron_web1.jpg\",\"width\":1300,\"height\":531},{\"@type\":\"BreadcrumbList\",\"@id\":\"https:\\\/\\\/www.materdominivolley.it\\\/home\\\/2015\\\/03\\\/02\\\/arriva-sora-tentare-il-colpaccio\\\/#breadcrumb\",\"itemListElement\":[{\"@type\":\"ListItem\",\"position\":1,\"name\":\"Home\",\"item\":\"https:\\\/\\\/www.materdominivolley.it\\\/home\\\/\"},{\"@type\":\"ListItem\",\"position\":2,\"name\":\"Arriva Sora: &#8220;Tentare il colpaccio&#8221;\"}]},{\"@type\":\"WebSite\",\"@id\":\"https:\\\/\\\/www.materdominivolley.it\\\/home\\\/#website\",\"url\":\"https:\\\/\\\/www.materdominivolley.it\\\/home\\\/\",\"name\":\"materdominivolley\",\"description\":\"\",\"publisher\":{\"@id\":\"https:\\\/\\\/www.materdominivolley.it\\\/home\\\/#organization\"},\"potentialAction\":[{\"@type\":\"SearchAction\",\"target\":{\"@type\":\"EntryPoint\",\"urlTemplate\":\"https:\\\/\\\/www.materdominivolley.it\\\/home\\\/?s={search_term_string}\"},\"query-input\":{\"@type\":\"PropertyValueSpecification\",\"valueRequired\":true,\"valueName\":\"search_term_string\"}}],\"inLanguage\":\"it-IT\"},{\"@type\":\"Organization\",\"@id\":\"https:\\\/\\\/www.materdominivolley.it\\\/home\\\/#organization\",\"name\":\"Materdominivolley.it\",\"url\":\"https:\\\/\\\/www.materdominivolley.it\\\/home\\\/\",\"logo\":{\"@type\":\"ImageObject\",\"inLanguage\":\"it-IT\",\"@id\":\"https:\\\/\\\/www.materdominivolley.it\\\/home\\\/#\\\/schema\\\/logo\\\/image\\\/\",\"url\":\"https:\\\/\\\/www.materdominivolley.it\\\/home\\\/wp-content\\\/uploads\\\/2019\\\/10\\\/Senza-titolo-1-2.png\",\"contentUrl\":\"https:\\\/\\\/www.materdominivolley.it\\\/home\\\/wp-content\\\/uploads\\\/2019\\\/10\\\/Senza-titolo-1-2.png\",\"width\":180,\"height\":250,\"caption\":\"Materdominivolley.it\"},\"image\":{\"@id\":\"https:\\\/\\\/www.materdominivolley.it\\\/home\\\/#\\\/schema\\\/logo\\\/image\\\/\"},\"sameAs\":[\"https:\\\/\\\/www.facebook.com\\\/materdominivolleyit\\\/\"]},{\"@type\":\"Person\",\"@id\":\"https:\\\/\\\/www.materdominivolley.it\\\/home\\\/#\\\/schema\\\/person\\\/86961330b970aecf0b9729df84069339\",\"name\":\"admin-mater\",\"image\":{\"@type\":\"ImageObject\",\"inLanguage\":\"it-IT\",\"@id\":\"https:\\\/\\\/secure.gravatar.com\\\/avatar\\\/71d088b9255aa52813637243630e63af9ffd99251cfb71c8536f2d3794cac08e?s=96&d=mm&r=g\",\"url\":\"https:\\\/\\\/secure.gravatar.com\\\/avatar\\\/71d088b9255aa52813637243630e63af9ffd99251cfb71c8536f2d3794cac08e?s=96&d=mm&r=g\",\"contentUrl\":\"https:\\\/\\\/secure.gravatar.com\\\/avatar\\\/71d088b9255aa52813637243630e63af9ffd99251cfb71c8536f2d3794cac08e?s=96&d=mm&r=g\",\"caption\":\"admin-mater\"},\"url\":\"https:\\\/\\\/www.materdominivolley.it\\\/home\\\/author\\\/admin-mater\\\/\"}]}<\/script>\n<!-- \/ Yoast SEO plugin. -->","yoast_head_json":{"title":"Arriva Sora: \"Tentare il colpaccio\" - materdominivolley","robots":{"index":"index","follow":"follow","max-snippet":"max-snippet:-1","max-image-preview":"max-image-preview:large","max-video-preview":"max-video-preview:-1"},"canonical":"https:\/\/www.materdominivolley.it\/home\/2015\/03\/02\/arriva-sora-tentare-il-colpaccio\/","og_locale":"it_IT","og_type":"article","og_title":"Arriva Sora: \"Tentare il colpaccio\" - materdominivolley","og_description":"Parla il palleggiatore giallobl\u00f9 Matteo Pedron alla vigilia della sfida con la vice capolista laziale: \"\u201cL\u2019approccio sar\u00e0 spregiudicato con l\u2019intento di sfruttare al massimo il fattore campo. All\u2019andata abbiamo perso 3-0, vogliamo riscattarci\"","og_url":"https:\/\/www.materdominivolley.it\/home\/2015\/03\/02\/arriva-sora-tentare-il-colpaccio\/","og_site_name":"materdominivolley","article_publisher":"https:\/\/www.facebook.com\/materdominivolleyit\/","article_published_time":"2015-03-02T09:52:47+00:00","og_image":[{"width":1300,"height":531,"url":"https:\/\/www.materdominivolley.it\/home\/wp-content\/uploads\/2019\/09\/matteo_pedron_web1.jpg","type":"image\/jpeg"}],"author":"admin-mater","twitter_card":"summary_large_image","twitter_misc":{"Scritto da":"admin-mater","Tempo di lettura stimato":"2 minuti"},"schema":{"@context":"https:\/\/schema.org","@graph":[{"@type":"Article","@id":"https:\/\/www.materdominivolley.it\/home\/2015\/03\/02\/arriva-sora-tentare-il-colpaccio\/#article","isPartOf":{"@id":"https:\/\/www.materdominivolley.it\/home\/2015\/03\/02\/arriva-sora-tentare-il-colpaccio\/"},"author":{"name":"admin-mater","@id":"https:\/\/www.materdominivolley.it\/home\/#\/schema\/person\/86961330b970aecf0b9729df84069339"},"headline":"Arriva Sora: &#8220;Tentare il colpaccio&#8221;","datePublished":"2015-03-02T09:52:47+00:00","mainEntityOfPage":{"@id":"https:\/\/www.materdominivolley.it\/home\/2015\/03\/02\/arriva-sora-tentare-il-colpaccio\/"},"wordCount":402,"commentCount":0,"publisher":{"@id":"https:\/\/www.materdominivolley.it\/home\/#organization"},"image":{"@id":"https:\/\/www.materdominivolley.it\/home\/2015\/03\/02\/arriva-sora-tentare-il-colpaccio\/#primaryimage"},"thumbnailUrl":"https:\/\/www.materdominivolley.it\/home\/wp-content\/uploads\/2019\/09\/matteo_pedron_web1.jpg","articleSection":["Serie A2"],"inLanguage":"it-IT","potentialAction":[{"@type":"CommentAction","name":"Comment","target":["https:\/\/www.materdominivolley.it\/home\/2015\/03\/02\/arriva-sora-tentare-il-colpaccio\/#respond"]}]},{"@type":"WebPage","@id":"https:\/\/www.materdominivolley.it\/home\/2015\/03\/02\/arriva-sora-tentare-il-colpaccio\/","url":"https:\/\/www.materdominivolley.it\/home\/2015\/03\/02\/arriva-sora-tentare-il-colpaccio\/","name":"Arriva Sora: \"Tentare il colpaccio\" - materdominivolley","isPartOf":{"@id":"https:\/\/www.materdominivolley.it\/home\/#website"},"primaryImageOfPage":{"@id":"https:\/\/www.materdominivolley.it\/home\/2015\/03\/02\/arriva-sora-tentare-il-colpaccio\/#primaryimage"},"image":{"@id":"https:\/\/www.materdominivolley.it\/home\/2015\/03\/02\/arriva-sora-tentare-il-colpaccio\/#primaryimage"},"thumbnailUrl":"https:\/\/www.materdominivolley.it\/home\/wp-content\/uploads\/2019\/09\/matteo_pedron_web1.jpg","datePublished":"2015-03-02T09:52:47+00:00","breadcrumb":{"@id":"https:\/\/www.materdominivolley.it\/home\/2015\/03\/02\/arriva-sora-tentare-il-colpaccio\/#breadcrumb"},"inLanguage":"it-IT","potentialAction":[{"@type":"ReadAction","target":["https:\/\/www.materdominivolley.it\/home\/2015\/03\/02\/arriva-sora-tentare-il-colpaccio\/"]}]},{"@type":"ImageObject","inLanguage":"it-IT","@id":"https:\/\/www.materdominivolley.it\/home\/2015\/03\/02\/arriva-sora-tentare-il-colpaccio\/#primaryimage","url":"https:\/\/www.materdominivolley.it\/home\/wp-content\/uploads\/2019\/09\/matteo_pedron_web1.jpg","contentUrl":"https:\/\/www.materdominivolley.it\/home\/wp-content\/uploads\/2019\/09\/matteo_pedron_web1.jpg","width":1300,"height":531},{"@type":"BreadcrumbList","@id":"https:\/\/www.materdominivolley.it\/home\/2015\/03\/02\/arriva-sora-tentare-il-colpaccio\/#breadcrumb","itemListElement":[{"@type":"ListItem","position":1,"name":"Home","item":"https:\/\/www.materdominivolley.it\/home\/"},{"@type":"ListItem","position":2,"name":"Arriva Sora: &#8220;Tentare il colpaccio&#8221;"}]},{"@type":"WebSite","@id":"https:\/\/www.materdominivolley.it\/home\/#website","url":"https:\/\/www.materdominivolley.it\/home\/","name":"materdominivolley","description":"","publisher":{"@id":"https:\/\/www.materdominivolley.it\/home\/#organization"},"potentialAction":[{"@type":"SearchAction","target":{"@type":"EntryPoint","urlTemplate":"https:\/\/www.materdominivolley.it\/home\/?s={search_term_string}"},"query-input":{"@type":"PropertyValueSpecification","valueRequired":true,"valueName":"search_term_string"}}],"inLanguage":"it-IT"},{"@type":"Organization","@id":"https:\/\/www.materdominivolley.it\/home\/#organization","name":"Materdominivolley.it","url":"https:\/\/www.materdominivolley.it\/home\/","logo":{"@type":"ImageObject","inLanguage":"it-IT","@id":"https:\/\/www.materdominivolley.it\/home\/#\/schema\/logo\/image\/","url":"https:\/\/www.materdominivolley.it\/home\/wp-content\/uploads\/2019\/10\/Senza-titolo-1-2.png","contentUrl":"https:\/\/www.materdominivolley.it\/home\/wp-content\/uploads\/2019\/10\/Senza-titolo-1-2.png","width":180,"height":250,"caption":"Materdominivolley.it"},"image":{"@id":"https:\/\/www.materdominivolley.it\/home\/#\/schema\/logo\/image\/"},"sameAs":["https:\/\/www.facebook.com\/materdominivolleyit\/"]},{"@type":"Person","@id":"https:\/\/www.materdominivolley.it\/home\/#\/schema\/person\/86961330b970aecf0b9729df84069339","name":"admin-mater","image":{"@type":"ImageObject","inLanguage":"it-IT","@id":"https:\/\/secure.gravatar.com\/avatar\/71d088b9255aa52813637243630e63af9ffd99251cfb71c8536f2d3794cac08e?s=96&d=mm&r=g","url":"https:\/\/secure.gravatar.com\/avatar\/71d088b9255aa52813637243630e63af9ffd99251cfb71c8536f2d3794cac08e?s=96&d=mm&r=g","contentUrl":"https:\/\/secure.gravatar.com\/avatar\/71d088b9255aa52813637243630e63af9ffd99251cfb71c8536f2d3794cac08e?s=96&d=mm&r=g","caption":"admin-mater"},"url":"https:\/\/www.materdominivolley.it\/home\/author\/admin-mater\/"}]}},"_links":{"self":[{"href":"https:\/\/www.materdominivolley.it\/home\/wp-json\/wp\/v2\/posts\/1245","targetHints":{"allow":["GET"]}}],"collection":[{"href":"https:\/\/www.materdominivolley.it\/home\/wp-json\/wp\/v2\/posts"}],"about":[{"href":"https:\/\/www.materdominivolley.it\/home\/wp-json\/wp\/v2\/types\/post"}],"author":[{"embeddable":true,"href":"https:\/\/www.materdominivolley.it\/home\/wp-json\/wp\/v2\/users\/1"}],"replies":[{"embeddable":true,"href":"https:\/\/www.materdominivolley.it\/home\/wp-json\/wp\/v2\/comments?post=1245"}],"version-history":[{"count":0,"href":"https:\/\/www.materdominivolley.it\/home\/wp-json\/wp\/v2\/posts\/1245\/revisions"}],"wp:featuredmedia":[{"embeddable":true,"href":"https:\/\/www.materdominivolley.it\/home\/wp-json\/wp\/v2\/media\/1167"}],"wp:attachment":[{"href":"https:\/\/www.materdominivolley.it\/home\/wp-json\/wp\/v2\/media?parent=1245"}],"wp:term":[{"taxonomy":"category","embeddable":true,"href":"https:\/\/www.materdominivolley.it\/home\/wp-json\/wp\/v2\/categories?post=1245"},{"taxonomy":"post_tag","embeddable":true,"href":"https:\/\/www.materdominivolley.it\/home\/wp-json\/wp\/v2\/tags?post=1245"}],"curies":[{"name":"wp","href":"https:\/\/api.w.org\/{rel}","templated":true}]}}