{"id":1248,"date":"2015-03-02T10:52:57","date_gmt":"2015-03-02T09:52:57","guid":{"rendered":"https:\/\/www.materdominivolley.it\/home\/2015\/03\/02\/boy-league-laccademia-tra-le-prime-otto-in-italia\/"},"modified":"2015-03-02T10:52:57","modified_gmt":"2015-03-02T09:52:57","slug":"boy-league-laccademia-tra-le-prime-otto-in-italia","status":"publish","type":"post","link":"https:\/\/www.materdominivolley.it\/home\/2015\/03\/02\/boy-league-laccademia-tra-le-prime-otto-in-italia\/","title":{"rendered":"Boy League: l&#8217;Accademia tra le prime otto in Italia"},"content":{"rendered":"\n        <p>\n\tLa <strong>Materdominivolley.it Castellana Grotte<\/strong>, sodalizio iscritto anche al campionato nazionale serie A2 Unipolsai di pallavolo maschile, chiude il secondo concentramento della <strong>Del Monte Boy League<\/strong> (disputatosi lo scorso 21 febbraio a Macerata) con il matematico accesso alla Final Eight ed ora punta al terzo ed ultimo appuntamento della fase preliminare, in programma per sabato 28 febbraio ad Ortona, con l\u2019obiettivo di centrare il primo posto nel girone.<br \/>\n\t<br \/>\n\tNelle Marche, intanto, nell\u2019ambito della seconda tappa del torneo giovanile under 14 organizzato dalla Lega Pallavolo Serie A le matricole giallobl\u00f9 hanno prima perso 2-1 contro la formazione di casa per poi affermarsi contro l\u2019Ortona per 3-0. Tra Lube Banca Marche Treia e Sieco Service Ortona \u00e8 finita 3-0. Il girone D vede pugliesi e marchigiani a 9 punti ed Ortona a 0.<br \/>\n\t<br \/>\n\tLa prima fase di Boy League si chiuder\u00e0, quindi, in Abruzzo presso il palasport di Ortona con la Mater che sfider\u00e0 prima i chietini alle ore 15.30 e poi Macerata alle ore 17. Si chiuder\u00e0, alle ore 18.30, con Ortona-Macerata. Obiettivo del gruppo castellanese selezionato e allenato dal tecnico <strong>Vincenzo Fanizza<\/strong> e dal suo vice <strong>Antonello D\u2019Alessandro<\/strong> (frutto di un progetto in collaborazione con Giovani Falchi Ugento, Scuola Volley Altamura e Pallavolo 1991 Alessano), \u00e8 quello di vincere il proprio raggruppamento per accedere nella griglia della fase finale (che si svolger\u00e0 il 20, 21 e 22 marzo in sede da definirsi) tra le teste di serie.\u00a0<br \/>\n\t<br \/>\n\tL\u2019importante appuntamento abruzzese \u00e8 commentato dal tecnico castellanese Fanizza: \u201cSono molto soddisfatto dei risultati della seconda tappa del torneo U14 di Lega. Abbiamo matematicamente staccato il pass per l\u2019accesso alla fase finale e questo \u00e8 per noi un ottimo successo. In questa competizione figuriamo come campioni in carica, avendo vinto il titolo nello scorso anno, ma posso assicurare che non sar\u00e0 assolutamente facile ripetersi. Nel prossimo appuntamento ad Ortona puntiamo a classificarci primi nel nostro girone, obiettivo conteso con Macerata che ha una squadra molto competitiva\u201d.<\/p>\n        ","protected":false},"excerpt":{"rendered":"<p><!-- wp:paragraph --><br \/>\n        Una vittoria e una sconfitta nel secondo concentramento di Macerata bastano per l&#8217;accesso matematico alla seconda fase. Sabato prossimo terza e ultima tappa della prima fase ad Ortona. In palio il primo posto nel girone.<br \/>\n        <!-- \/wp:paragraph --><\/p>\n","protected":false},"author":1,"featured_media":1249,"comment_status":"open","ping_status":"closed","sticky":false,"template":"","format":"standard","meta":{"footnotes":""},"categories":[12],"tags":[],"class_list":["post-1248","post","type-post","status-publish","format-standard","has-post-thumbnail","hentry","category-accademia"],"yoast_head":"<!-- This site is optimized with the Yoast SEO plugin v27.4 - https:\/\/yoast.com\/product\/yoast-seo-wordpress\/ -->\n<title>Boy League: l&#039;Accademia tra le prime otto in Italia - materdominivolley<\/title>\n<meta name=\"robots\" content=\"index, follow, max-snippet:-1, max-image-preview:large, max-video-preview:-1\" \/>\n<link rel=\"canonical\" href=\"https:\/\/www.materdominivolley.it\/home\/2015\/03\/02\/boy-league-laccademia-tra-le-prime-otto-in-italia\/\" \/>\n<meta property=\"og:locale\" content=\"it_IT\" \/>\n<meta property=\"og:type\" content=\"article\" \/>\n<meta property=\"og:title\" content=\"Boy League: l&#039;Accademia tra le prime otto in Italia - materdominivolley\" \/>\n<meta property=\"og:description\" content=\"Una vittoria e una sconfitta nel secondo concentramento di Macerata bastano per l&#039;accesso matematico alla seconda fase. Sabato prossimo terza e ultima tappa della prima fase ad Ortona. In palio il primo posto nel girone.\" \/>\n<meta property=\"og:url\" content=\"https:\/\/www.materdominivolley.it\/home\/2015\/03\/02\/boy-league-laccademia-tra-le-prime-otto-in-italia\/\" \/>\n<meta property=\"og:site_name\" content=\"materdominivolley\" \/>\n<meta property=\"article:publisher\" content=\"https:\/\/www.facebook.com\/materdominivolleyit\/\" \/>\n<meta property=\"article:published_time\" content=\"2015-03-02T09:52:57+00:00\" \/>\n<meta property=\"og:image\" content=\"https:\/\/www.materdominivolley.it\/home\/wp-content\/uploads\/2019\/09\/boyleague_web.jpg\" \/>\n\t<meta property=\"og:image:width\" content=\"1300\" \/>\n\t<meta property=\"og:image:height\" content=\"531\" \/>\n\t<meta property=\"og:image:type\" content=\"image\/jpeg\" \/>\n<meta name=\"author\" content=\"admin-mater\" \/>\n<meta name=\"twitter:card\" content=\"summary_large_image\" \/>\n<meta name=\"twitter:label1\" content=\"Scritto da\" \/>\n\t<meta name=\"twitter:data1\" content=\"admin-mater\" \/>\n\t<meta name=\"twitter:label2\" content=\"Tempo di lettura stimato\" \/>\n\t<meta name=\"twitter:data2\" content=\"2 minuti\" \/>\n<script type=\"application\/ld+json\" class=\"yoast-schema-graph\">{\"@context\":\"https:\\\/\\\/schema.org\",\"@graph\":[{\"@type\":\"Article\",\"@id\":\"https:\\\/\\\/www.materdominivolley.it\\\/home\\\/2015\\\/03\\\/02\\\/boy-league-laccademia-tra-le-prime-otto-in-italia\\\/#article\",\"isPartOf\":{\"@id\":\"https:\\\/\\\/www.materdominivolley.it\\\/home\\\/2015\\\/03\\\/02\\\/boy-league-laccademia-tra-le-prime-otto-in-italia\\\/\"},\"author\":{\"name\":\"admin-mater\",\"@id\":\"https:\\\/\\\/www.materdominivolley.it\\\/home\\\/#\\\/schema\\\/person\\\/86961330b970aecf0b9729df84069339\"},\"headline\":\"Boy League: l&#8217;Accademia tra le prime otto in Italia\",\"datePublished\":\"2015-03-02T09:52:57+00:00\",\"mainEntityOfPage\":{\"@id\":\"https:\\\/\\\/www.materdominivolley.it\\\/home\\\/2015\\\/03\\\/02\\\/boy-league-laccademia-tra-le-prime-otto-in-italia\\\/\"},\"wordCount\":323,\"commentCount\":0,\"publisher\":{\"@id\":\"https:\\\/\\\/www.materdominivolley.it\\\/home\\\/#organization\"},\"image\":{\"@id\":\"https:\\\/\\\/www.materdominivolley.it\\\/home\\\/2015\\\/03\\\/02\\\/boy-league-laccademia-tra-le-prime-otto-in-italia\\\/#primaryimage\"},\"thumbnailUrl\":\"https:\\\/\\\/www.materdominivolley.it\\\/home\\\/wp-content\\\/uploads\\\/2019\\\/09\\\/boyleague_web.jpg\",\"articleSection\":[\"Accademia\"],\"inLanguage\":\"it-IT\",\"potentialAction\":[{\"@type\":\"CommentAction\",\"name\":\"Comment\",\"target\":[\"https:\\\/\\\/www.materdominivolley.it\\\/home\\\/2015\\\/03\\\/02\\\/boy-league-laccademia-tra-le-prime-otto-in-italia\\\/#respond\"]}]},{\"@type\":\"WebPage\",\"@id\":\"https:\\\/\\\/www.materdominivolley.it\\\/home\\\/2015\\\/03\\\/02\\\/boy-league-laccademia-tra-le-prime-otto-in-italia\\\/\",\"url\":\"https:\\\/\\\/www.materdominivolley.it\\\/home\\\/2015\\\/03\\\/02\\\/boy-league-laccademia-tra-le-prime-otto-in-italia\\\/\",\"name\":\"Boy League: l'Accademia tra le prime otto in Italia - materdominivolley\",\"isPartOf\":{\"@id\":\"https:\\\/\\\/www.materdominivolley.it\\\/home\\\/#website\"},\"primaryImageOfPage\":{\"@id\":\"https:\\\/\\\/www.materdominivolley.it\\\/home\\\/2015\\\/03\\\/02\\\/boy-league-laccademia-tra-le-prime-otto-in-italia\\\/#primaryimage\"},\"image\":{\"@id\":\"https:\\\/\\\/www.materdominivolley.it\\\/home\\\/2015\\\/03\\\/02\\\/boy-league-laccademia-tra-le-prime-otto-in-italia\\\/#primaryimage\"},\"thumbnailUrl\":\"https:\\\/\\\/www.materdominivolley.it\\\/home\\\/wp-content\\\/uploads\\\/2019\\\/09\\\/boyleague_web.jpg\",\"datePublished\":\"2015-03-02T09:52:57+00:00\",\"breadcrumb\":{\"@id\":\"https:\\\/\\\/www.materdominivolley.it\\\/home\\\/2015\\\/03\\\/02\\\/boy-league-laccademia-tra-le-prime-otto-in-italia\\\/#breadcrumb\"},\"inLanguage\":\"it-IT\",\"potentialAction\":[{\"@type\":\"ReadAction\",\"target\":[\"https:\\\/\\\/www.materdominivolley.it\\\/home\\\/2015\\\/03\\\/02\\\/boy-league-laccademia-tra-le-prime-otto-in-italia\\\/\"]}]},{\"@type\":\"ImageObject\",\"inLanguage\":\"it-IT\",\"@id\":\"https:\\\/\\\/www.materdominivolley.it\\\/home\\\/2015\\\/03\\\/02\\\/boy-league-laccademia-tra-le-prime-otto-in-italia\\\/#primaryimage\",\"url\":\"https:\\\/\\\/www.materdominivolley.it\\\/home\\\/wp-content\\\/uploads\\\/2019\\\/09\\\/boyleague_web.jpg\",\"contentUrl\":\"https:\\\/\\\/www.materdominivolley.it\\\/home\\\/wp-content\\\/uploads\\\/2019\\\/09\\\/boyleague_web.jpg\",\"width\":1300,\"height\":531},{\"@type\":\"BreadcrumbList\",\"@id\":\"https:\\\/\\\/www.materdominivolley.it\\\/home\\\/2015\\\/03\\\/02\\\/boy-league-laccademia-tra-le-prime-otto-in-italia\\\/#breadcrumb\",\"itemListElement\":[{\"@type\":\"ListItem\",\"position\":1,\"name\":\"Home\",\"item\":\"https:\\\/\\\/www.materdominivolley.it\\\/home\\\/\"},{\"@type\":\"ListItem\",\"position\":2,\"name\":\"Boy League: l&#8217;Accademia tra le prime otto in Italia\"}]},{\"@type\":\"WebSite\",\"@id\":\"https:\\\/\\\/www.materdominivolley.it\\\/home\\\/#website\",\"url\":\"https:\\\/\\\/www.materdominivolley.it\\\/home\\\/\",\"name\":\"materdominivolley\",\"description\":\"\",\"publisher\":{\"@id\":\"https:\\\/\\\/www.materdominivolley.it\\\/home\\\/#organization\"},\"potentialAction\":[{\"@type\":\"SearchAction\",\"target\":{\"@type\":\"EntryPoint\",\"urlTemplate\":\"https:\\\/\\\/www.materdominivolley.it\\\/home\\\/?s={search_term_string}\"},\"query-input\":{\"@type\":\"PropertyValueSpecification\",\"valueRequired\":true,\"valueName\":\"search_term_string\"}}],\"inLanguage\":\"it-IT\"},{\"@type\":\"Organization\",\"@id\":\"https:\\\/\\\/www.materdominivolley.it\\\/home\\\/#organization\",\"name\":\"Materdominivolley.it\",\"url\":\"https:\\\/\\\/www.materdominivolley.it\\\/home\\\/\",\"logo\":{\"@type\":\"ImageObject\",\"inLanguage\":\"it-IT\",\"@id\":\"https:\\\/\\\/www.materdominivolley.it\\\/home\\\/#\\\/schema\\\/logo\\\/image\\\/\",\"url\":\"https:\\\/\\\/www.materdominivolley.it\\\/home\\\/wp-content\\\/uploads\\\/2019\\\/10\\\/Senza-titolo-1-2.png\",\"contentUrl\":\"https:\\\/\\\/www.materdominivolley.it\\\/home\\\/wp-content\\\/uploads\\\/2019\\\/10\\\/Senza-titolo-1-2.png\",\"width\":180,\"height\":250,\"caption\":\"Materdominivolley.it\"},\"image\":{\"@id\":\"https:\\\/\\\/www.materdominivolley.it\\\/home\\\/#\\\/schema\\\/logo\\\/image\\\/\"},\"sameAs\":[\"https:\\\/\\\/www.facebook.com\\\/materdominivolleyit\\\/\"]},{\"@type\":\"Person\",\"@id\":\"https:\\\/\\\/www.materdominivolley.it\\\/home\\\/#\\\/schema\\\/person\\\/86961330b970aecf0b9729df84069339\",\"name\":\"admin-mater\",\"image\":{\"@type\":\"ImageObject\",\"inLanguage\":\"it-IT\",\"@id\":\"https:\\\/\\\/secure.gravatar.com\\\/avatar\\\/71d088b9255aa52813637243630e63af9ffd99251cfb71c8536f2d3794cac08e?s=96&d=mm&r=g\",\"url\":\"https:\\\/\\\/secure.gravatar.com\\\/avatar\\\/71d088b9255aa52813637243630e63af9ffd99251cfb71c8536f2d3794cac08e?s=96&d=mm&r=g\",\"contentUrl\":\"https:\\\/\\\/secure.gravatar.com\\\/avatar\\\/71d088b9255aa52813637243630e63af9ffd99251cfb71c8536f2d3794cac08e?s=96&d=mm&r=g\",\"caption\":\"admin-mater\"},\"url\":\"https:\\\/\\\/www.materdominivolley.it\\\/home\\\/author\\\/admin-mater\\\/\"}]}<\/script>\n<!-- \/ Yoast SEO plugin. -->","yoast_head_json":{"title":"Boy League: l'Accademia tra le prime otto in Italia - materdominivolley","robots":{"index":"index","follow":"follow","max-snippet":"max-snippet:-1","max-image-preview":"max-image-preview:large","max-video-preview":"max-video-preview:-1"},"canonical":"https:\/\/www.materdominivolley.it\/home\/2015\/03\/02\/boy-league-laccademia-tra-le-prime-otto-in-italia\/","og_locale":"it_IT","og_type":"article","og_title":"Boy League: l'Accademia tra le prime otto in Italia - materdominivolley","og_description":"Una vittoria e una sconfitta nel secondo concentramento di Macerata bastano per l'accesso matematico alla seconda fase. Sabato prossimo terza e ultima tappa della prima fase ad Ortona. In palio il primo posto nel girone.","og_url":"https:\/\/www.materdominivolley.it\/home\/2015\/03\/02\/boy-league-laccademia-tra-le-prime-otto-in-italia\/","og_site_name":"materdominivolley","article_publisher":"https:\/\/www.facebook.com\/materdominivolleyit\/","article_published_time":"2015-03-02T09:52:57+00:00","og_image":[{"width":1300,"height":531,"url":"https:\/\/www.materdominivolley.it\/home\/wp-content\/uploads\/2019\/09\/boyleague_web.jpg","type":"image\/jpeg"}],"author":"admin-mater","twitter_card":"summary_large_image","twitter_misc":{"Scritto da":"admin-mater","Tempo di lettura stimato":"2 minuti"},"schema":{"@context":"https:\/\/schema.org","@graph":[{"@type":"Article","@id":"https:\/\/www.materdominivolley.it\/home\/2015\/03\/02\/boy-league-laccademia-tra-le-prime-otto-in-italia\/#article","isPartOf":{"@id":"https:\/\/www.materdominivolley.it\/home\/2015\/03\/02\/boy-league-laccademia-tra-le-prime-otto-in-italia\/"},"author":{"name":"admin-mater","@id":"https:\/\/www.materdominivolley.it\/home\/#\/schema\/person\/86961330b970aecf0b9729df84069339"},"headline":"Boy League: l&#8217;Accademia tra le prime otto in Italia","datePublished":"2015-03-02T09:52:57+00:00","mainEntityOfPage":{"@id":"https:\/\/www.materdominivolley.it\/home\/2015\/03\/02\/boy-league-laccademia-tra-le-prime-otto-in-italia\/"},"wordCount":323,"commentCount":0,"publisher":{"@id":"https:\/\/www.materdominivolley.it\/home\/#organization"},"image":{"@id":"https:\/\/www.materdominivolley.it\/home\/2015\/03\/02\/boy-league-laccademia-tra-le-prime-otto-in-italia\/#primaryimage"},"thumbnailUrl":"https:\/\/www.materdominivolley.it\/home\/wp-content\/uploads\/2019\/09\/boyleague_web.jpg","articleSection":["Accademia"],"inLanguage":"it-IT","potentialAction":[{"@type":"CommentAction","name":"Comment","target":["https:\/\/www.materdominivolley.it\/home\/2015\/03\/02\/boy-league-laccademia-tra-le-prime-otto-in-italia\/#respond"]}]},{"@type":"WebPage","@id":"https:\/\/www.materdominivolley.it\/home\/2015\/03\/02\/boy-league-laccademia-tra-le-prime-otto-in-italia\/","url":"https:\/\/www.materdominivolley.it\/home\/2015\/03\/02\/boy-league-laccademia-tra-le-prime-otto-in-italia\/","name":"Boy League: l'Accademia tra le prime otto in Italia - materdominivolley","isPartOf":{"@id":"https:\/\/www.materdominivolley.it\/home\/#website"},"primaryImageOfPage":{"@id":"https:\/\/www.materdominivolley.it\/home\/2015\/03\/02\/boy-league-laccademia-tra-le-prime-otto-in-italia\/#primaryimage"},"image":{"@id":"https:\/\/www.materdominivolley.it\/home\/2015\/03\/02\/boy-league-laccademia-tra-le-prime-otto-in-italia\/#primaryimage"},"thumbnailUrl":"https:\/\/www.materdominivolley.it\/home\/wp-content\/uploads\/2019\/09\/boyleague_web.jpg","datePublished":"2015-03-02T09:52:57+00:00","breadcrumb":{"@id":"https:\/\/www.materdominivolley.it\/home\/2015\/03\/02\/boy-league-laccademia-tra-le-prime-otto-in-italia\/#breadcrumb"},"inLanguage":"it-IT","potentialAction":[{"@type":"ReadAction","target":["https:\/\/www.materdominivolley.it\/home\/2015\/03\/02\/boy-league-laccademia-tra-le-prime-otto-in-italia\/"]}]},{"@type":"ImageObject","inLanguage":"it-IT","@id":"https:\/\/www.materdominivolley.it\/home\/2015\/03\/02\/boy-league-laccademia-tra-le-prime-otto-in-italia\/#primaryimage","url":"https:\/\/www.materdominivolley.it\/home\/wp-content\/uploads\/2019\/09\/boyleague_web.jpg","contentUrl":"https:\/\/www.materdominivolley.it\/home\/wp-content\/uploads\/2019\/09\/boyleague_web.jpg","width":1300,"height":531},{"@type":"BreadcrumbList","@id":"https:\/\/www.materdominivolley.it\/home\/2015\/03\/02\/boy-league-laccademia-tra-le-prime-otto-in-italia\/#breadcrumb","itemListElement":[{"@type":"ListItem","position":1,"name":"Home","item":"https:\/\/www.materdominivolley.it\/home\/"},{"@type":"ListItem","position":2,"name":"Boy League: l&#8217;Accademia tra le prime otto in Italia"}]},{"@type":"WebSite","@id":"https:\/\/www.materdominivolley.it\/home\/#website","url":"https:\/\/www.materdominivolley.it\/home\/","name":"materdominivolley","description":"","publisher":{"@id":"https:\/\/www.materdominivolley.it\/home\/#organization"},"potentialAction":[{"@type":"SearchAction","target":{"@type":"EntryPoint","urlTemplate":"https:\/\/www.materdominivolley.it\/home\/?s={search_term_string}"},"query-input":{"@type":"PropertyValueSpecification","valueRequired":true,"valueName":"search_term_string"}}],"inLanguage":"it-IT"},{"@type":"Organization","@id":"https:\/\/www.materdominivolley.it\/home\/#organization","name":"Materdominivolley.it","url":"https:\/\/www.materdominivolley.it\/home\/","logo":{"@type":"ImageObject","inLanguage":"it-IT","@id":"https:\/\/www.materdominivolley.it\/home\/#\/schema\/logo\/image\/","url":"https:\/\/www.materdominivolley.it\/home\/wp-content\/uploads\/2019\/10\/Senza-titolo-1-2.png","contentUrl":"https:\/\/www.materdominivolley.it\/home\/wp-content\/uploads\/2019\/10\/Senza-titolo-1-2.png","width":180,"height":250,"caption":"Materdominivolley.it"},"image":{"@id":"https:\/\/www.materdominivolley.it\/home\/#\/schema\/logo\/image\/"},"sameAs":["https:\/\/www.facebook.com\/materdominivolleyit\/"]},{"@type":"Person","@id":"https:\/\/www.materdominivolley.it\/home\/#\/schema\/person\/86961330b970aecf0b9729df84069339","name":"admin-mater","image":{"@type":"ImageObject","inLanguage":"it-IT","@id":"https:\/\/secure.gravatar.com\/avatar\/71d088b9255aa52813637243630e63af9ffd99251cfb71c8536f2d3794cac08e?s=96&d=mm&r=g","url":"https:\/\/secure.gravatar.com\/avatar\/71d088b9255aa52813637243630e63af9ffd99251cfb71c8536f2d3794cac08e?s=96&d=mm&r=g","contentUrl":"https:\/\/secure.gravatar.com\/avatar\/71d088b9255aa52813637243630e63af9ffd99251cfb71c8536f2d3794cac08e?s=96&d=mm&r=g","caption":"admin-mater"},"url":"https:\/\/www.materdominivolley.it\/home\/author\/admin-mater\/"}]}},"_links":{"self":[{"href":"https:\/\/www.materdominivolley.it\/home\/wp-json\/wp\/v2\/posts\/1248","targetHints":{"allow":["GET"]}}],"collection":[{"href":"https:\/\/www.materdominivolley.it\/home\/wp-json\/wp\/v2\/posts"}],"about":[{"href":"https:\/\/www.materdominivolley.it\/home\/wp-json\/wp\/v2\/types\/post"}],"author":[{"embeddable":true,"href":"https:\/\/www.materdominivolley.it\/home\/wp-json\/wp\/v2\/users\/1"}],"replies":[{"embeddable":true,"href":"https:\/\/www.materdominivolley.it\/home\/wp-json\/wp\/v2\/comments?post=1248"}],"version-history":[{"count":0,"href":"https:\/\/www.materdominivolley.it\/home\/wp-json\/wp\/v2\/posts\/1248\/revisions"}],"wp:featuredmedia":[{"embeddable":true,"href":"https:\/\/www.materdominivolley.it\/home\/wp-json\/wp\/v2\/media\/1249"}],"wp:attachment":[{"href":"https:\/\/www.materdominivolley.it\/home\/wp-json\/wp\/v2\/media?parent=1248"}],"wp:term":[{"taxonomy":"category","embeddable":true,"href":"https:\/\/www.materdominivolley.it\/home\/wp-json\/wp\/v2\/categories?post=1248"},{"taxonomy":"post_tag","embeddable":true,"href":"https:\/\/www.materdominivolley.it\/home\/wp-json\/wp\/v2\/tags?post=1248"}],"curies":[{"name":"wp","href":"https:\/\/api.w.org\/{rel}","templated":true}]}}