{"id":1259,"date":"2015-02-16T11:21:39","date_gmt":"2015-02-16T10:21:39","guid":{"rendered":"https:\/\/www.materdominivolley.it\/home\/2015\/02\/16\/a-cantu-torna-pedron-parola-dordine-vincere\/"},"modified":"2015-02-16T11:21:39","modified_gmt":"2015-02-16T10:21:39","slug":"a-cantu-torna-pedron-parola-dordine-vincere","status":"publish","type":"post","link":"https:\/\/www.materdominivolley.it\/home\/2015\/02\/16\/a-cantu-torna-pedron-parola-dordine-vincere\/","title":{"rendered":"A Cant\u00f9 torna Pedron. Parola d&#8217;ordine: &#8220;vincere&#8221;"},"content":{"rendered":"\n        <p>\n\tParola d\u2019ordine &#8220;vincere&#8221; per la <strong>Materdominivolley.it Castellana Grotte<\/strong>. Dopo la pausa di campionato, osservata per la Final Four di Coppa Italia, si riprende con la diciassettesima giornata del torneo nazionale serie A2 Unipolsai di pallavolo maschile e per l\u2019accademia del volley di Puglia si riparte da un appuntamento all\u2019insegna della necessit\u00e0 di interrompere la striscia di risultati negativi. Cos\u00ec la formazione giallobl\u00f9, <strong>domenica 15 febbraio<\/strong>, nel sesto turno del girone di ritorno, salir\u00e0 in Lombardia e al Palasport Parini, con prima battuta alle <strong>ore 18<\/strong>, sfider\u00e0 la formazione di casa della <strong>Cassa Rurale Cant\u00f9<\/strong>.<\/p>\n<p>\n\tPer l\u2019occasione il tecnico della Mater <strong>Vincenzo Fanizza<\/strong> ritrova il palleggiatore <strong>Matteo Pedron<\/strong> (al rientro dopo aver scontato i tre turni di squalifica) e pu\u00f2 cos\u00ec finalmente far affidamento, dopo circa cinquanta giorni, sul roster titolare al completo. Condizione questa che, sicuramente, incoraggia il gruppo ad affrontare una trasferta ostica. A spronare ulteriormente il team del ds <strong>Vito Primavera<\/strong> il fattore classifica: il sodalizio della citt\u00e0 delle Grotte, infatti, non va a punti da ben sei turni e ormai i 16 punti in classifica raccolti finora non bastano pi\u00f9 per accedere ai playoff. L\u2019obiettivo, pertanto, \u00e8 quello di riagganciare l\u2019ottavo posto, l\u2019ultimo utile per accedere alla post season, attualmente occupato da Reggio Emilia a 17 punti. In pi\u00f9, la nona posizione della Mater \u00e8 diventata troppo scomoda per il gruppo castellanese che dovr\u00e0 anche guardarsi le spalle: Brescia a 14 punti e Tuscania ed Alessano entrambe a 13 punti (formazioni che si scontreranno nel prossimo turno) sono gi\u00e0 vicini. L\u2019impresa, tuttavia, sebbene necessaria per la Mater, sar\u00e0 difficile contro il Cant\u00f9, quinta forza del torneo a quota 28 punti, che vorr\u00e0 riscattare l\u2019ultima sconfitta di campionato (3-1) in esterna a Sora. I lombardi, inoltre, sul proprio campo non perdono dalla seconda giornata, giocata lo scorso 26 ottobre, e finita con la vittoria dell\u2019Ortona al quinto set.<\/p>\n<p>\n\tLa sfida \u00e8 annunciata dall\u2019opposto <strong>Michele Morelli<\/strong>, ex canturino nella scorsa stagione, che nella gara d\u2019andata, giocata lo scorso 23 novembre e vinta 3-1, si distinse con una prestazione superlativa (ben 28 palle messe a terra): \u201cQuesto \u00e8 per noi un incontro importantissimo &#8211; afferma il giocatore foggiano, classe \u201991 &#8211; che ci richiama a particolare grinta e concentrazione. Noi, pertanto, dobbiamo necessariamente esprimerci con dell\u2019ottimo gioco ed in questo sono ottimista perch\u00e9, ritrovato Pedron ed avendo approfittato della pausa di campionato, abbiamo potuto perfezionare alcuni schemi. A Cant\u00f9 sar\u00e0 difficilissima ma io mi sento carico e sono certo che faremo bene\u201d.<\/p>\n        ","protected":false},"excerpt":{"rendered":"<p><!-- wp:paragraph --><br \/>\n        Dopo la pausa di campionato, osservata per la Final Four di Coppa Italia, si riprende con la diciassettesima giornata: la Mater salir\u00e0 in Lombardia e al Palasport Parini sfider\u00e0 la formazione di casa della Cassa Rurale Cant\u00f9<br \/>\n        <!-- \/wp:paragraph --><\/p>\n","protected":false},"author":1,"featured_media":1230,"comment_status":"open","ping_status":"closed","sticky":false,"template":"","format":"standard","meta":{"footnotes":""},"categories":[13],"tags":[],"class_list":["post-1259","post","type-post","status-publish","format-standard","has-post-thumbnail","hentry","category-serie-a2"],"yoast_head":"<!-- This site is optimized with the Yoast SEO plugin v27.4 - https:\/\/yoast.com\/product\/yoast-seo-wordpress\/ -->\n<title>A Cant\u00f9 torna Pedron. Parola d&#039;ordine: &quot;vincere&quot; - materdominivolley<\/title>\n<meta name=\"robots\" content=\"index, follow, max-snippet:-1, max-image-preview:large, max-video-preview:-1\" \/>\n<link rel=\"canonical\" href=\"https:\/\/www.materdominivolley.it\/home\/2015\/02\/16\/a-cantu-torna-pedron-parola-dordine-vincere\/\" \/>\n<meta property=\"og:locale\" content=\"it_IT\" \/>\n<meta property=\"og:type\" content=\"article\" \/>\n<meta property=\"og:title\" content=\"A Cant\u00f9 torna Pedron. Parola d&#039;ordine: &quot;vincere&quot; - materdominivolley\" \/>\n<meta property=\"og:description\" content=\"Dopo la pausa di campionato, osservata per la Final Four di Coppa Italia, si riprende con la diciassettesima giornata: la Mater salir\u00e0 in Lombardia e al Palasport Parini sfider\u00e0 la formazione di casa della Cassa Rurale Cant\u00f9\" \/>\n<meta property=\"og:url\" content=\"https:\/\/www.materdominivolley.it\/home\/2015\/02\/16\/a-cantu-torna-pedron-parola-dordine-vincere\/\" \/>\n<meta property=\"og:site_name\" content=\"materdominivolley\" \/>\n<meta property=\"article:publisher\" content=\"https:\/\/www.facebook.com\/materdominivolleyit\/\" \/>\n<meta property=\"article:published_time\" content=\"2015-02-16T10:21:39+00:00\" \/>\n<meta property=\"og:image\" content=\"https:\/\/www.materdominivolley.it\/home\/wp-content\/uploads\/2019\/09\/morelli_sito.jpg\" \/>\n\t<meta property=\"og:image:width\" content=\"1300\" \/>\n\t<meta property=\"og:image:height\" content=\"531\" \/>\n\t<meta property=\"og:image:type\" content=\"image\/jpeg\" \/>\n<meta name=\"author\" content=\"admin-mater\" \/>\n<meta name=\"twitter:card\" content=\"summary_large_image\" \/>\n<meta name=\"twitter:label1\" content=\"Scritto da\" \/>\n\t<meta name=\"twitter:data1\" content=\"admin-mater\" \/>\n\t<meta name=\"twitter:label2\" content=\"Tempo di lettura stimato\" \/>\n\t<meta name=\"twitter:data2\" content=\"2 minuti\" \/>\n<script type=\"application\/ld+json\" class=\"yoast-schema-graph\">{\"@context\":\"https:\\\/\\\/schema.org\",\"@graph\":[{\"@type\":\"Article\",\"@id\":\"https:\\\/\\\/www.materdominivolley.it\\\/home\\\/2015\\\/02\\\/16\\\/a-cantu-torna-pedron-parola-dordine-vincere\\\/#article\",\"isPartOf\":{\"@id\":\"https:\\\/\\\/www.materdominivolley.it\\\/home\\\/2015\\\/02\\\/16\\\/a-cantu-torna-pedron-parola-dordine-vincere\\\/\"},\"author\":{\"name\":\"admin-mater\",\"@id\":\"https:\\\/\\\/www.materdominivolley.it\\\/home\\\/#\\\/schema\\\/person\\\/86961330b970aecf0b9729df84069339\"},\"headline\":\"A Cant\u00f9 torna Pedron. Parola d&#8217;ordine: &#8220;vincere&#8221;\",\"datePublished\":\"2015-02-16T10:21:39+00:00\",\"mainEntityOfPage\":{\"@id\":\"https:\\\/\\\/www.materdominivolley.it\\\/home\\\/2015\\\/02\\\/16\\\/a-cantu-torna-pedron-parola-dordine-vincere\\\/\"},\"wordCount\":419,\"commentCount\":0,\"publisher\":{\"@id\":\"https:\\\/\\\/www.materdominivolley.it\\\/home\\\/#organization\"},\"image\":{\"@id\":\"https:\\\/\\\/www.materdominivolley.it\\\/home\\\/2015\\\/02\\\/16\\\/a-cantu-torna-pedron-parola-dordine-vincere\\\/#primaryimage\"},\"thumbnailUrl\":\"https:\\\/\\\/www.materdominivolley.it\\\/home\\\/wp-content\\\/uploads\\\/2019\\\/09\\\/morelli_sito.jpg\",\"articleSection\":[\"Serie A2\"],\"inLanguage\":\"it-IT\",\"potentialAction\":[{\"@type\":\"CommentAction\",\"name\":\"Comment\",\"target\":[\"https:\\\/\\\/www.materdominivolley.it\\\/home\\\/2015\\\/02\\\/16\\\/a-cantu-torna-pedron-parola-dordine-vincere\\\/#respond\"]}]},{\"@type\":\"WebPage\",\"@id\":\"https:\\\/\\\/www.materdominivolley.it\\\/home\\\/2015\\\/02\\\/16\\\/a-cantu-torna-pedron-parola-dordine-vincere\\\/\",\"url\":\"https:\\\/\\\/www.materdominivolley.it\\\/home\\\/2015\\\/02\\\/16\\\/a-cantu-torna-pedron-parola-dordine-vincere\\\/\",\"name\":\"A Cant\u00f9 torna Pedron. Parola d'ordine: \\\"vincere\\\" - materdominivolley\",\"isPartOf\":{\"@id\":\"https:\\\/\\\/www.materdominivolley.it\\\/home\\\/#website\"},\"primaryImageOfPage\":{\"@id\":\"https:\\\/\\\/www.materdominivolley.it\\\/home\\\/2015\\\/02\\\/16\\\/a-cantu-torna-pedron-parola-dordine-vincere\\\/#primaryimage\"},\"image\":{\"@id\":\"https:\\\/\\\/www.materdominivolley.it\\\/home\\\/2015\\\/02\\\/16\\\/a-cantu-torna-pedron-parola-dordine-vincere\\\/#primaryimage\"},\"thumbnailUrl\":\"https:\\\/\\\/www.materdominivolley.it\\\/home\\\/wp-content\\\/uploads\\\/2019\\\/09\\\/morelli_sito.jpg\",\"datePublished\":\"2015-02-16T10:21:39+00:00\",\"breadcrumb\":{\"@id\":\"https:\\\/\\\/www.materdominivolley.it\\\/home\\\/2015\\\/02\\\/16\\\/a-cantu-torna-pedron-parola-dordine-vincere\\\/#breadcrumb\"},\"inLanguage\":\"it-IT\",\"potentialAction\":[{\"@type\":\"ReadAction\",\"target\":[\"https:\\\/\\\/www.materdominivolley.it\\\/home\\\/2015\\\/02\\\/16\\\/a-cantu-torna-pedron-parola-dordine-vincere\\\/\"]}]},{\"@type\":\"ImageObject\",\"inLanguage\":\"it-IT\",\"@id\":\"https:\\\/\\\/www.materdominivolley.it\\\/home\\\/2015\\\/02\\\/16\\\/a-cantu-torna-pedron-parola-dordine-vincere\\\/#primaryimage\",\"url\":\"https:\\\/\\\/www.materdominivolley.it\\\/home\\\/wp-content\\\/uploads\\\/2019\\\/09\\\/morelli_sito.jpg\",\"contentUrl\":\"https:\\\/\\\/www.materdominivolley.it\\\/home\\\/wp-content\\\/uploads\\\/2019\\\/09\\\/morelli_sito.jpg\",\"width\":1300,\"height\":531},{\"@type\":\"BreadcrumbList\",\"@id\":\"https:\\\/\\\/www.materdominivolley.it\\\/home\\\/2015\\\/02\\\/16\\\/a-cantu-torna-pedron-parola-dordine-vincere\\\/#breadcrumb\",\"itemListElement\":[{\"@type\":\"ListItem\",\"position\":1,\"name\":\"Home\",\"item\":\"https:\\\/\\\/www.materdominivolley.it\\\/home\\\/\"},{\"@type\":\"ListItem\",\"position\":2,\"name\":\"A Cant\u00f9 torna Pedron. Parola d&#8217;ordine: &#8220;vincere&#8221;\"}]},{\"@type\":\"WebSite\",\"@id\":\"https:\\\/\\\/www.materdominivolley.it\\\/home\\\/#website\",\"url\":\"https:\\\/\\\/www.materdominivolley.it\\\/home\\\/\",\"name\":\"materdominivolley\",\"description\":\"\",\"publisher\":{\"@id\":\"https:\\\/\\\/www.materdominivolley.it\\\/home\\\/#organization\"},\"potentialAction\":[{\"@type\":\"SearchAction\",\"target\":{\"@type\":\"EntryPoint\",\"urlTemplate\":\"https:\\\/\\\/www.materdominivolley.it\\\/home\\\/?s={search_term_string}\"},\"query-input\":{\"@type\":\"PropertyValueSpecification\",\"valueRequired\":true,\"valueName\":\"search_term_string\"}}],\"inLanguage\":\"it-IT\"},{\"@type\":\"Organization\",\"@id\":\"https:\\\/\\\/www.materdominivolley.it\\\/home\\\/#organization\",\"name\":\"Materdominivolley.it\",\"url\":\"https:\\\/\\\/www.materdominivolley.it\\\/home\\\/\",\"logo\":{\"@type\":\"ImageObject\",\"inLanguage\":\"it-IT\",\"@id\":\"https:\\\/\\\/www.materdominivolley.it\\\/home\\\/#\\\/schema\\\/logo\\\/image\\\/\",\"url\":\"https:\\\/\\\/www.materdominivolley.it\\\/home\\\/wp-content\\\/uploads\\\/2019\\\/10\\\/Senza-titolo-1-2.png\",\"contentUrl\":\"https:\\\/\\\/www.materdominivolley.it\\\/home\\\/wp-content\\\/uploads\\\/2019\\\/10\\\/Senza-titolo-1-2.png\",\"width\":180,\"height\":250,\"caption\":\"Materdominivolley.it\"},\"image\":{\"@id\":\"https:\\\/\\\/www.materdominivolley.it\\\/home\\\/#\\\/schema\\\/logo\\\/image\\\/\"},\"sameAs\":[\"https:\\\/\\\/www.facebook.com\\\/materdominivolleyit\\\/\"]},{\"@type\":\"Person\",\"@id\":\"https:\\\/\\\/www.materdominivolley.it\\\/home\\\/#\\\/schema\\\/person\\\/86961330b970aecf0b9729df84069339\",\"name\":\"admin-mater\",\"image\":{\"@type\":\"ImageObject\",\"inLanguage\":\"it-IT\",\"@id\":\"https:\\\/\\\/secure.gravatar.com\\\/avatar\\\/71d088b9255aa52813637243630e63af9ffd99251cfb71c8536f2d3794cac08e?s=96&d=mm&r=g\",\"url\":\"https:\\\/\\\/secure.gravatar.com\\\/avatar\\\/71d088b9255aa52813637243630e63af9ffd99251cfb71c8536f2d3794cac08e?s=96&d=mm&r=g\",\"contentUrl\":\"https:\\\/\\\/secure.gravatar.com\\\/avatar\\\/71d088b9255aa52813637243630e63af9ffd99251cfb71c8536f2d3794cac08e?s=96&d=mm&r=g\",\"caption\":\"admin-mater\"},\"url\":\"https:\\\/\\\/www.materdominivolley.it\\\/home\\\/author\\\/admin-mater\\\/\"}]}<\/script>\n<!-- \/ Yoast SEO plugin. -->","yoast_head_json":{"title":"A Cant\u00f9 torna Pedron. Parola d'ordine: \"vincere\" - materdominivolley","robots":{"index":"index","follow":"follow","max-snippet":"max-snippet:-1","max-image-preview":"max-image-preview:large","max-video-preview":"max-video-preview:-1"},"canonical":"https:\/\/www.materdominivolley.it\/home\/2015\/02\/16\/a-cantu-torna-pedron-parola-dordine-vincere\/","og_locale":"it_IT","og_type":"article","og_title":"A Cant\u00f9 torna Pedron. Parola d'ordine: \"vincere\" - materdominivolley","og_description":"Dopo la pausa di campionato, osservata per la Final Four di Coppa Italia, si riprende con la diciassettesima giornata: la Mater salir\u00e0 in Lombardia e al Palasport Parini sfider\u00e0 la formazione di casa della Cassa Rurale Cant\u00f9","og_url":"https:\/\/www.materdominivolley.it\/home\/2015\/02\/16\/a-cantu-torna-pedron-parola-dordine-vincere\/","og_site_name":"materdominivolley","article_publisher":"https:\/\/www.facebook.com\/materdominivolleyit\/","article_published_time":"2015-02-16T10:21:39+00:00","og_image":[{"width":1300,"height":531,"url":"https:\/\/www.materdominivolley.it\/home\/wp-content\/uploads\/2019\/09\/morelli_sito.jpg","type":"image\/jpeg"}],"author":"admin-mater","twitter_card":"summary_large_image","twitter_misc":{"Scritto da":"admin-mater","Tempo di lettura stimato":"2 minuti"},"schema":{"@context":"https:\/\/schema.org","@graph":[{"@type":"Article","@id":"https:\/\/www.materdominivolley.it\/home\/2015\/02\/16\/a-cantu-torna-pedron-parola-dordine-vincere\/#article","isPartOf":{"@id":"https:\/\/www.materdominivolley.it\/home\/2015\/02\/16\/a-cantu-torna-pedron-parola-dordine-vincere\/"},"author":{"name":"admin-mater","@id":"https:\/\/www.materdominivolley.it\/home\/#\/schema\/person\/86961330b970aecf0b9729df84069339"},"headline":"A Cant\u00f9 torna Pedron. Parola d&#8217;ordine: &#8220;vincere&#8221;","datePublished":"2015-02-16T10:21:39+00:00","mainEntityOfPage":{"@id":"https:\/\/www.materdominivolley.it\/home\/2015\/02\/16\/a-cantu-torna-pedron-parola-dordine-vincere\/"},"wordCount":419,"commentCount":0,"publisher":{"@id":"https:\/\/www.materdominivolley.it\/home\/#organization"},"image":{"@id":"https:\/\/www.materdominivolley.it\/home\/2015\/02\/16\/a-cantu-torna-pedron-parola-dordine-vincere\/#primaryimage"},"thumbnailUrl":"https:\/\/www.materdominivolley.it\/home\/wp-content\/uploads\/2019\/09\/morelli_sito.jpg","articleSection":["Serie A2"],"inLanguage":"it-IT","potentialAction":[{"@type":"CommentAction","name":"Comment","target":["https:\/\/www.materdominivolley.it\/home\/2015\/02\/16\/a-cantu-torna-pedron-parola-dordine-vincere\/#respond"]}]},{"@type":"WebPage","@id":"https:\/\/www.materdominivolley.it\/home\/2015\/02\/16\/a-cantu-torna-pedron-parola-dordine-vincere\/","url":"https:\/\/www.materdominivolley.it\/home\/2015\/02\/16\/a-cantu-torna-pedron-parola-dordine-vincere\/","name":"A Cant\u00f9 torna Pedron. Parola d'ordine: \"vincere\" - materdominivolley","isPartOf":{"@id":"https:\/\/www.materdominivolley.it\/home\/#website"},"primaryImageOfPage":{"@id":"https:\/\/www.materdominivolley.it\/home\/2015\/02\/16\/a-cantu-torna-pedron-parola-dordine-vincere\/#primaryimage"},"image":{"@id":"https:\/\/www.materdominivolley.it\/home\/2015\/02\/16\/a-cantu-torna-pedron-parola-dordine-vincere\/#primaryimage"},"thumbnailUrl":"https:\/\/www.materdominivolley.it\/home\/wp-content\/uploads\/2019\/09\/morelli_sito.jpg","datePublished":"2015-02-16T10:21:39+00:00","breadcrumb":{"@id":"https:\/\/www.materdominivolley.it\/home\/2015\/02\/16\/a-cantu-torna-pedron-parola-dordine-vincere\/#breadcrumb"},"inLanguage":"it-IT","potentialAction":[{"@type":"ReadAction","target":["https:\/\/www.materdominivolley.it\/home\/2015\/02\/16\/a-cantu-torna-pedron-parola-dordine-vincere\/"]}]},{"@type":"ImageObject","inLanguage":"it-IT","@id":"https:\/\/www.materdominivolley.it\/home\/2015\/02\/16\/a-cantu-torna-pedron-parola-dordine-vincere\/#primaryimage","url":"https:\/\/www.materdominivolley.it\/home\/wp-content\/uploads\/2019\/09\/morelli_sito.jpg","contentUrl":"https:\/\/www.materdominivolley.it\/home\/wp-content\/uploads\/2019\/09\/morelli_sito.jpg","width":1300,"height":531},{"@type":"BreadcrumbList","@id":"https:\/\/www.materdominivolley.it\/home\/2015\/02\/16\/a-cantu-torna-pedron-parola-dordine-vincere\/#breadcrumb","itemListElement":[{"@type":"ListItem","position":1,"name":"Home","item":"https:\/\/www.materdominivolley.it\/home\/"},{"@type":"ListItem","position":2,"name":"A Cant\u00f9 torna Pedron. Parola d&#8217;ordine: &#8220;vincere&#8221;"}]},{"@type":"WebSite","@id":"https:\/\/www.materdominivolley.it\/home\/#website","url":"https:\/\/www.materdominivolley.it\/home\/","name":"materdominivolley","description":"","publisher":{"@id":"https:\/\/www.materdominivolley.it\/home\/#organization"},"potentialAction":[{"@type":"SearchAction","target":{"@type":"EntryPoint","urlTemplate":"https:\/\/www.materdominivolley.it\/home\/?s={search_term_string}"},"query-input":{"@type":"PropertyValueSpecification","valueRequired":true,"valueName":"search_term_string"}}],"inLanguage":"it-IT"},{"@type":"Organization","@id":"https:\/\/www.materdominivolley.it\/home\/#organization","name":"Materdominivolley.it","url":"https:\/\/www.materdominivolley.it\/home\/","logo":{"@type":"ImageObject","inLanguage":"it-IT","@id":"https:\/\/www.materdominivolley.it\/home\/#\/schema\/logo\/image\/","url":"https:\/\/www.materdominivolley.it\/home\/wp-content\/uploads\/2019\/10\/Senza-titolo-1-2.png","contentUrl":"https:\/\/www.materdominivolley.it\/home\/wp-content\/uploads\/2019\/10\/Senza-titolo-1-2.png","width":180,"height":250,"caption":"Materdominivolley.it"},"image":{"@id":"https:\/\/www.materdominivolley.it\/home\/#\/schema\/logo\/image\/"},"sameAs":["https:\/\/www.facebook.com\/materdominivolleyit\/"]},{"@type":"Person","@id":"https:\/\/www.materdominivolley.it\/home\/#\/schema\/person\/86961330b970aecf0b9729df84069339","name":"admin-mater","image":{"@type":"ImageObject","inLanguage":"it-IT","@id":"https:\/\/secure.gravatar.com\/avatar\/71d088b9255aa52813637243630e63af9ffd99251cfb71c8536f2d3794cac08e?s=96&d=mm&r=g","url":"https:\/\/secure.gravatar.com\/avatar\/71d088b9255aa52813637243630e63af9ffd99251cfb71c8536f2d3794cac08e?s=96&d=mm&r=g","contentUrl":"https:\/\/secure.gravatar.com\/avatar\/71d088b9255aa52813637243630e63af9ffd99251cfb71c8536f2d3794cac08e?s=96&d=mm&r=g","caption":"admin-mater"},"url":"https:\/\/www.materdominivolley.it\/home\/author\/admin-mater\/"}]}},"_links":{"self":[{"href":"https:\/\/www.materdominivolley.it\/home\/wp-json\/wp\/v2\/posts\/1259","targetHints":{"allow":["GET"]}}],"collection":[{"href":"https:\/\/www.materdominivolley.it\/home\/wp-json\/wp\/v2\/posts"}],"about":[{"href":"https:\/\/www.materdominivolley.it\/home\/wp-json\/wp\/v2\/types\/post"}],"author":[{"embeddable":true,"href":"https:\/\/www.materdominivolley.it\/home\/wp-json\/wp\/v2\/users\/1"}],"replies":[{"embeddable":true,"href":"https:\/\/www.materdominivolley.it\/home\/wp-json\/wp\/v2\/comments?post=1259"}],"version-history":[{"count":0,"href":"https:\/\/www.materdominivolley.it\/home\/wp-json\/wp\/v2\/posts\/1259\/revisions"}],"wp:featuredmedia":[{"embeddable":true,"href":"https:\/\/www.materdominivolley.it\/home\/wp-json\/wp\/v2\/media\/1230"}],"wp:attachment":[{"href":"https:\/\/www.materdominivolley.it\/home\/wp-json\/wp\/v2\/media?parent=1259"}],"wp:term":[{"taxonomy":"category","embeddable":true,"href":"https:\/\/www.materdominivolley.it\/home\/wp-json\/wp\/v2\/categories?post=1259"},{"taxonomy":"post_tag","embeddable":true,"href":"https:\/\/www.materdominivolley.it\/home\/wp-json\/wp\/v2\/tags?post=1259"}],"curies":[{"name":"wp","href":"https:\/\/api.w.org\/{rel}","templated":true}]}}