{"id":1263,"date":"2015-02-12T12:00:40","date_gmt":"2015-02-12T11:00:40","guid":{"rendered":"https:\/\/www.materdominivolley.it\/home\/2015\/02\/12\/accademia-mater-dallunder-19-il-primo-titolo-del-2015\/"},"modified":"2015-02-12T12:00:40","modified_gmt":"2015-02-12T11:00:40","slug":"accademia-mater-dallunder-19-il-primo-titolo-del-2015","status":"publish","type":"post","link":"https:\/\/www.materdominivolley.it\/home\/2015\/02\/12\/accademia-mater-dallunder-19-il-primo-titolo-del-2015\/","title":{"rendered":"Accademia Mater: dall&#8217;under 19 il primo titolo del 2015"},"content":{"rendered":"\n        <p>\n\tE&#39; toccato all&#39;<strong>under 19<\/strong> allenata da <strong>Vincenzo Fanizza<\/strong> e <strong>Antonello D&#39;Alessandro<\/strong> aprire la stagione 2015 dei titoli territoriali della pallavolo maschile pugliese. Vincendo la finale provinciale giocata ieri alla Palestra Comunale Andrea Angiulli di Castellana, l&#39;accademia del volley giovanile di Puglia della <strong>Materdominivolley.it Castellana Grotte<\/strong>, ha conquistato cos\u00ec il suo primo titolo provinciale del 2015. Battuta per 3-0 (25-18, 25-19, 25-17) la <strong>Nuova Pallavolo Molfetta<\/strong>, chiuso cos\u00ec un cammino perfetto da 14 vittorie su 14 gare giocate, 42 set vinti e 0 persi.<br \/>\n\t<br \/>\n\tNel contesto del campionato provinciale under 14 da sottolineare anche il terzo posto nel girone, ad un passo dalle semifinali, della squadra B della Materdominivolley.it.<br \/>\n\t<br \/>\n\tAlla fase regionale del campionato under 19 maschile partecipano ora 6 squadre: la vincitrice del titolo di ciascuna provincia che ha organizzato il campionato provinciale e le seconde classificate delle due province con maggior numero di iscrizioni. La Materdominivolley.it sar\u00e0 inserita nel gruppo A con la vincente provinciale del foggiano e la seconda classificata del leccese. Il triangolare si disputer\u00e0 tra il 19 febbraio e l&#39;8 marzo. Le prime due classificate dei due gironi accederanno alle semifinali regionali in programma a met\u00e0 marzo. La finale pugliese, invece, \u00e8 in calendario a met\u00e0 aprile. La vincente del titolo regionale accede alla Finale Nazionale.<br \/>\n\t<br \/>\n\t<strong>UNDER17 &#8211;<\/strong>E&#39; in calendario a inizio della prossima settimana, invece, la semifinale provinciale del torneo U17: la Materdominivolley.it affronter\u00e0 il Modugno Volley marted\u00ec 3 febbraio alle ore 16,30 presso il PalaGrotte di Castellana.<br \/>\n\t<br \/>\n\t<strong>UNDER 15 &#8211;<\/strong>Oggi, venerd\u00ec 30 gennaio, alle ore 16,30, invece, toccher\u00e0 all&#39;under 15 affrontare presso la Palestra Angiulli la propria semifinale provinciale contro il Volley Cassano.<br \/>\n\t<br \/>\n\t<strong>UNDER 14 &#8211;<\/strong>Partita, intanto, la fase provinciale del torneo U14: la Materdominivolley.it \u00e8 inserita nel gruppo E e dopo una giornata disputata ha gi\u00e0 conquistato la vetta del gironcino grazie ai due successi da 2-0 su Bcc Nep Castellana e Apulia Monopoli. Prossimo appuntamento gioved\u00ec 5 febbraio nel triangolare di Monopoli contro Apulia Monopoli e Volley Alberobello.<br \/>\n\t<br \/>\n\t<strong>PRIMA DIVISIONE &#8211; <\/strong>Giornata di riposo per il torneo di Prima Divisione. La Materdomini, ultima in classifica con 3 punti e 1 vittoria, ripartir\u00e0 dopo la sosta sulla spinta dell&#39;ottimo punto conquistato in casa contro la capolista New Volley Valenzano.<br \/>\n\t<br \/>\n\tUlteriori informazioni sul sito <strong>www.materdominivolley.it<\/strong> e sulla pagina fan facebook <strong>MaterdominiVolley.it<\/strong>.<\/p>\n        ","protected":false},"excerpt":{"rendered":"<p><!-- wp:paragraph --><br \/>\n        Conquistato il primo titolo provinciale del 2015 con l&#8217;under 19. Battuta per 3-0 (25-18, 25-19, 25-17) la Nuova Pallavolo Molfetta, chiuso cos\u00ec un cammino perfetto da 14 vittorie su 14 gare giocate, 42 set vinti e 0 persi.<br \/>\n        <!-- \/wp:paragraph --><\/p>\n","protected":false},"author":1,"featured_media":1219,"comment_status":"open","ping_status":"closed","sticky":false,"template":"","format":"standard","meta":{"footnotes":""},"categories":[23],"tags":[],"class_list":["post-1263","post","type-post","status-publish","format-standard","has-post-thumbnail","hentry","category-under-19"],"yoast_head":"<!-- This site is optimized with the Yoast SEO plugin v27.4 - https:\/\/yoast.com\/product\/yoast-seo-wordpress\/ -->\n<title>Accademia Mater: dall&#039;under 19 il primo titolo del 2015 - materdominivolley<\/title>\n<meta name=\"robots\" content=\"index, follow, max-snippet:-1, max-image-preview:large, max-video-preview:-1\" \/>\n<link rel=\"canonical\" href=\"https:\/\/www.materdominivolley.it\/home\/2015\/02\/12\/accademia-mater-dallunder-19-il-primo-titolo-del-2015\/\" \/>\n<meta property=\"og:locale\" content=\"it_IT\" \/>\n<meta property=\"og:type\" content=\"article\" \/>\n<meta property=\"og:title\" content=\"Accademia Mater: dall&#039;under 19 il primo titolo del 2015 - materdominivolley\" \/>\n<meta property=\"og:description\" content=\"Conquistato il primo titolo provinciale del 2015 con l&#039;under 19. Battuta per 3-0 (25-18, 25-19, 25-17) la Nuova Pallavolo Molfetta, chiuso cos\u00ec un cammino perfetto da 14 vittorie su 14 gare giocate, 42 set vinti e 0 persi.\" \/>\n<meta property=\"og:url\" content=\"https:\/\/www.materdominivolley.it\/home\/2015\/02\/12\/accademia-mater-dallunder-19-il-primo-titolo-del-2015\/\" \/>\n<meta property=\"og:site_name\" content=\"materdominivolley\" \/>\n<meta property=\"article:publisher\" content=\"https:\/\/www.facebook.com\/materdominivolleyit\/\" \/>\n<meta property=\"article:published_time\" content=\"2015-02-12T11:00:40+00:00\" \/>\n<meta property=\"og:image\" content=\"https:\/\/www.materdominivolley.it\/home\/wp-content\/uploads\/2019\/09\/campioni_provinciali_u19_web.jpg\" \/>\n\t<meta property=\"og:image:width\" content=\"1300\" \/>\n\t<meta property=\"og:image:height\" content=\"531\" \/>\n\t<meta property=\"og:image:type\" content=\"image\/jpeg\" \/>\n<meta name=\"author\" content=\"admin-mater\" \/>\n<meta name=\"twitter:card\" content=\"summary_large_image\" \/>\n<meta name=\"twitter:label1\" content=\"Scritto da\" \/>\n\t<meta name=\"twitter:data1\" content=\"admin-mater\" \/>\n\t<meta name=\"twitter:label2\" content=\"Tempo di lettura stimato\" \/>\n\t<meta name=\"twitter:data2\" content=\"2 minuti\" \/>\n<script type=\"application\/ld+json\" class=\"yoast-schema-graph\">{\"@context\":\"https:\\\/\\\/schema.org\",\"@graph\":[{\"@type\":\"Article\",\"@id\":\"https:\\\/\\\/www.materdominivolley.it\\\/home\\\/2015\\\/02\\\/12\\\/accademia-mater-dallunder-19-il-primo-titolo-del-2015\\\/#article\",\"isPartOf\":{\"@id\":\"https:\\\/\\\/www.materdominivolley.it\\\/home\\\/2015\\\/02\\\/12\\\/accademia-mater-dallunder-19-il-primo-titolo-del-2015\\\/\"},\"author\":{\"name\":\"admin-mater\",\"@id\":\"https:\\\/\\\/www.materdominivolley.it\\\/home\\\/#\\\/schema\\\/person\\\/86961330b970aecf0b9729df84069339\"},\"headline\":\"Accademia Mater: dall&#8217;under 19 il primo titolo del 2015\",\"datePublished\":\"2015-02-12T11:00:40+00:00\",\"mainEntityOfPage\":{\"@id\":\"https:\\\/\\\/www.materdominivolley.it\\\/home\\\/2015\\\/02\\\/12\\\/accademia-mater-dallunder-19-il-primo-titolo-del-2015\\\/\"},\"wordCount\":375,\"commentCount\":0,\"publisher\":{\"@id\":\"https:\\\/\\\/www.materdominivolley.it\\\/home\\\/#organization\"},\"image\":{\"@id\":\"https:\\\/\\\/www.materdominivolley.it\\\/home\\\/2015\\\/02\\\/12\\\/accademia-mater-dallunder-19-il-primo-titolo-del-2015\\\/#primaryimage\"},\"thumbnailUrl\":\"https:\\\/\\\/www.materdominivolley.it\\\/home\\\/wp-content\\\/uploads\\\/2019\\\/09\\\/campioni_provinciali_u19_web.jpg\",\"articleSection\":[\"under 19\"],\"inLanguage\":\"it-IT\",\"potentialAction\":[{\"@type\":\"CommentAction\",\"name\":\"Comment\",\"target\":[\"https:\\\/\\\/www.materdominivolley.it\\\/home\\\/2015\\\/02\\\/12\\\/accademia-mater-dallunder-19-il-primo-titolo-del-2015\\\/#respond\"]}]},{\"@type\":\"WebPage\",\"@id\":\"https:\\\/\\\/www.materdominivolley.it\\\/home\\\/2015\\\/02\\\/12\\\/accademia-mater-dallunder-19-il-primo-titolo-del-2015\\\/\",\"url\":\"https:\\\/\\\/www.materdominivolley.it\\\/home\\\/2015\\\/02\\\/12\\\/accademia-mater-dallunder-19-il-primo-titolo-del-2015\\\/\",\"name\":\"Accademia Mater: dall'under 19 il primo titolo del 2015 - materdominivolley\",\"isPartOf\":{\"@id\":\"https:\\\/\\\/www.materdominivolley.it\\\/home\\\/#website\"},\"primaryImageOfPage\":{\"@id\":\"https:\\\/\\\/www.materdominivolley.it\\\/home\\\/2015\\\/02\\\/12\\\/accademia-mater-dallunder-19-il-primo-titolo-del-2015\\\/#primaryimage\"},\"image\":{\"@id\":\"https:\\\/\\\/www.materdominivolley.it\\\/home\\\/2015\\\/02\\\/12\\\/accademia-mater-dallunder-19-il-primo-titolo-del-2015\\\/#primaryimage\"},\"thumbnailUrl\":\"https:\\\/\\\/www.materdominivolley.it\\\/home\\\/wp-content\\\/uploads\\\/2019\\\/09\\\/campioni_provinciali_u19_web.jpg\",\"datePublished\":\"2015-02-12T11:00:40+00:00\",\"breadcrumb\":{\"@id\":\"https:\\\/\\\/www.materdominivolley.it\\\/home\\\/2015\\\/02\\\/12\\\/accademia-mater-dallunder-19-il-primo-titolo-del-2015\\\/#breadcrumb\"},\"inLanguage\":\"it-IT\",\"potentialAction\":[{\"@type\":\"ReadAction\",\"target\":[\"https:\\\/\\\/www.materdominivolley.it\\\/home\\\/2015\\\/02\\\/12\\\/accademia-mater-dallunder-19-il-primo-titolo-del-2015\\\/\"]}]},{\"@type\":\"ImageObject\",\"inLanguage\":\"it-IT\",\"@id\":\"https:\\\/\\\/www.materdominivolley.it\\\/home\\\/2015\\\/02\\\/12\\\/accademia-mater-dallunder-19-il-primo-titolo-del-2015\\\/#primaryimage\",\"url\":\"https:\\\/\\\/www.materdominivolley.it\\\/home\\\/wp-content\\\/uploads\\\/2019\\\/09\\\/campioni_provinciali_u19_web.jpg\",\"contentUrl\":\"https:\\\/\\\/www.materdominivolley.it\\\/home\\\/wp-content\\\/uploads\\\/2019\\\/09\\\/campioni_provinciali_u19_web.jpg\",\"width\":1300,\"height\":531},{\"@type\":\"BreadcrumbList\",\"@id\":\"https:\\\/\\\/www.materdominivolley.it\\\/home\\\/2015\\\/02\\\/12\\\/accademia-mater-dallunder-19-il-primo-titolo-del-2015\\\/#breadcrumb\",\"itemListElement\":[{\"@type\":\"ListItem\",\"position\":1,\"name\":\"Home\",\"item\":\"https:\\\/\\\/www.materdominivolley.it\\\/home\\\/\"},{\"@type\":\"ListItem\",\"position\":2,\"name\":\"Accademia Mater: dall&#8217;under 19 il primo titolo del 2015\"}]},{\"@type\":\"WebSite\",\"@id\":\"https:\\\/\\\/www.materdominivolley.it\\\/home\\\/#website\",\"url\":\"https:\\\/\\\/www.materdominivolley.it\\\/home\\\/\",\"name\":\"materdominivolley\",\"description\":\"\",\"publisher\":{\"@id\":\"https:\\\/\\\/www.materdominivolley.it\\\/home\\\/#organization\"},\"potentialAction\":[{\"@type\":\"SearchAction\",\"target\":{\"@type\":\"EntryPoint\",\"urlTemplate\":\"https:\\\/\\\/www.materdominivolley.it\\\/home\\\/?s={search_term_string}\"},\"query-input\":{\"@type\":\"PropertyValueSpecification\",\"valueRequired\":true,\"valueName\":\"search_term_string\"}}],\"inLanguage\":\"it-IT\"},{\"@type\":\"Organization\",\"@id\":\"https:\\\/\\\/www.materdominivolley.it\\\/home\\\/#organization\",\"name\":\"Materdominivolley.it\",\"url\":\"https:\\\/\\\/www.materdominivolley.it\\\/home\\\/\",\"logo\":{\"@type\":\"ImageObject\",\"inLanguage\":\"it-IT\",\"@id\":\"https:\\\/\\\/www.materdominivolley.it\\\/home\\\/#\\\/schema\\\/logo\\\/image\\\/\",\"url\":\"https:\\\/\\\/www.materdominivolley.it\\\/home\\\/wp-content\\\/uploads\\\/2019\\\/10\\\/Senza-titolo-1-2.png\",\"contentUrl\":\"https:\\\/\\\/www.materdominivolley.it\\\/home\\\/wp-content\\\/uploads\\\/2019\\\/10\\\/Senza-titolo-1-2.png\",\"width\":180,\"height\":250,\"caption\":\"Materdominivolley.it\"},\"image\":{\"@id\":\"https:\\\/\\\/www.materdominivolley.it\\\/home\\\/#\\\/schema\\\/logo\\\/image\\\/\"},\"sameAs\":[\"https:\\\/\\\/www.facebook.com\\\/materdominivolleyit\\\/\"]},{\"@type\":\"Person\",\"@id\":\"https:\\\/\\\/www.materdominivolley.it\\\/home\\\/#\\\/schema\\\/person\\\/86961330b970aecf0b9729df84069339\",\"name\":\"admin-mater\",\"image\":{\"@type\":\"ImageObject\",\"inLanguage\":\"it-IT\",\"@id\":\"https:\\\/\\\/secure.gravatar.com\\\/avatar\\\/71d088b9255aa52813637243630e63af9ffd99251cfb71c8536f2d3794cac08e?s=96&d=mm&r=g\",\"url\":\"https:\\\/\\\/secure.gravatar.com\\\/avatar\\\/71d088b9255aa52813637243630e63af9ffd99251cfb71c8536f2d3794cac08e?s=96&d=mm&r=g\",\"contentUrl\":\"https:\\\/\\\/secure.gravatar.com\\\/avatar\\\/71d088b9255aa52813637243630e63af9ffd99251cfb71c8536f2d3794cac08e?s=96&d=mm&r=g\",\"caption\":\"admin-mater\"},\"url\":\"https:\\\/\\\/www.materdominivolley.it\\\/home\\\/author\\\/admin-mater\\\/\"}]}<\/script>\n<!-- \/ Yoast SEO plugin. -->","yoast_head_json":{"title":"Accademia Mater: dall'under 19 il primo titolo del 2015 - materdominivolley","robots":{"index":"index","follow":"follow","max-snippet":"max-snippet:-1","max-image-preview":"max-image-preview:large","max-video-preview":"max-video-preview:-1"},"canonical":"https:\/\/www.materdominivolley.it\/home\/2015\/02\/12\/accademia-mater-dallunder-19-il-primo-titolo-del-2015\/","og_locale":"it_IT","og_type":"article","og_title":"Accademia Mater: dall'under 19 il primo titolo del 2015 - materdominivolley","og_description":"Conquistato il primo titolo provinciale del 2015 con l'under 19. Battuta per 3-0 (25-18, 25-19, 25-17) la Nuova Pallavolo Molfetta, chiuso cos\u00ec un cammino perfetto da 14 vittorie su 14 gare giocate, 42 set vinti e 0 persi.","og_url":"https:\/\/www.materdominivolley.it\/home\/2015\/02\/12\/accademia-mater-dallunder-19-il-primo-titolo-del-2015\/","og_site_name":"materdominivolley","article_publisher":"https:\/\/www.facebook.com\/materdominivolleyit\/","article_published_time":"2015-02-12T11:00:40+00:00","og_image":[{"width":1300,"height":531,"url":"https:\/\/www.materdominivolley.it\/home\/wp-content\/uploads\/2019\/09\/campioni_provinciali_u19_web.jpg","type":"image\/jpeg"}],"author":"admin-mater","twitter_card":"summary_large_image","twitter_misc":{"Scritto da":"admin-mater","Tempo di lettura stimato":"2 minuti"},"schema":{"@context":"https:\/\/schema.org","@graph":[{"@type":"Article","@id":"https:\/\/www.materdominivolley.it\/home\/2015\/02\/12\/accademia-mater-dallunder-19-il-primo-titolo-del-2015\/#article","isPartOf":{"@id":"https:\/\/www.materdominivolley.it\/home\/2015\/02\/12\/accademia-mater-dallunder-19-il-primo-titolo-del-2015\/"},"author":{"name":"admin-mater","@id":"https:\/\/www.materdominivolley.it\/home\/#\/schema\/person\/86961330b970aecf0b9729df84069339"},"headline":"Accademia Mater: dall&#8217;under 19 il primo titolo del 2015","datePublished":"2015-02-12T11:00:40+00:00","mainEntityOfPage":{"@id":"https:\/\/www.materdominivolley.it\/home\/2015\/02\/12\/accademia-mater-dallunder-19-il-primo-titolo-del-2015\/"},"wordCount":375,"commentCount":0,"publisher":{"@id":"https:\/\/www.materdominivolley.it\/home\/#organization"},"image":{"@id":"https:\/\/www.materdominivolley.it\/home\/2015\/02\/12\/accademia-mater-dallunder-19-il-primo-titolo-del-2015\/#primaryimage"},"thumbnailUrl":"https:\/\/www.materdominivolley.it\/home\/wp-content\/uploads\/2019\/09\/campioni_provinciali_u19_web.jpg","articleSection":["under 19"],"inLanguage":"it-IT","potentialAction":[{"@type":"CommentAction","name":"Comment","target":["https:\/\/www.materdominivolley.it\/home\/2015\/02\/12\/accademia-mater-dallunder-19-il-primo-titolo-del-2015\/#respond"]}]},{"@type":"WebPage","@id":"https:\/\/www.materdominivolley.it\/home\/2015\/02\/12\/accademia-mater-dallunder-19-il-primo-titolo-del-2015\/","url":"https:\/\/www.materdominivolley.it\/home\/2015\/02\/12\/accademia-mater-dallunder-19-il-primo-titolo-del-2015\/","name":"Accademia Mater: dall'under 19 il primo titolo del 2015 - materdominivolley","isPartOf":{"@id":"https:\/\/www.materdominivolley.it\/home\/#website"},"primaryImageOfPage":{"@id":"https:\/\/www.materdominivolley.it\/home\/2015\/02\/12\/accademia-mater-dallunder-19-il-primo-titolo-del-2015\/#primaryimage"},"image":{"@id":"https:\/\/www.materdominivolley.it\/home\/2015\/02\/12\/accademia-mater-dallunder-19-il-primo-titolo-del-2015\/#primaryimage"},"thumbnailUrl":"https:\/\/www.materdominivolley.it\/home\/wp-content\/uploads\/2019\/09\/campioni_provinciali_u19_web.jpg","datePublished":"2015-02-12T11:00:40+00:00","breadcrumb":{"@id":"https:\/\/www.materdominivolley.it\/home\/2015\/02\/12\/accademia-mater-dallunder-19-il-primo-titolo-del-2015\/#breadcrumb"},"inLanguage":"it-IT","potentialAction":[{"@type":"ReadAction","target":["https:\/\/www.materdominivolley.it\/home\/2015\/02\/12\/accademia-mater-dallunder-19-il-primo-titolo-del-2015\/"]}]},{"@type":"ImageObject","inLanguage":"it-IT","@id":"https:\/\/www.materdominivolley.it\/home\/2015\/02\/12\/accademia-mater-dallunder-19-il-primo-titolo-del-2015\/#primaryimage","url":"https:\/\/www.materdominivolley.it\/home\/wp-content\/uploads\/2019\/09\/campioni_provinciali_u19_web.jpg","contentUrl":"https:\/\/www.materdominivolley.it\/home\/wp-content\/uploads\/2019\/09\/campioni_provinciali_u19_web.jpg","width":1300,"height":531},{"@type":"BreadcrumbList","@id":"https:\/\/www.materdominivolley.it\/home\/2015\/02\/12\/accademia-mater-dallunder-19-il-primo-titolo-del-2015\/#breadcrumb","itemListElement":[{"@type":"ListItem","position":1,"name":"Home","item":"https:\/\/www.materdominivolley.it\/home\/"},{"@type":"ListItem","position":2,"name":"Accademia Mater: dall&#8217;under 19 il primo titolo del 2015"}]},{"@type":"WebSite","@id":"https:\/\/www.materdominivolley.it\/home\/#website","url":"https:\/\/www.materdominivolley.it\/home\/","name":"materdominivolley","description":"","publisher":{"@id":"https:\/\/www.materdominivolley.it\/home\/#organization"},"potentialAction":[{"@type":"SearchAction","target":{"@type":"EntryPoint","urlTemplate":"https:\/\/www.materdominivolley.it\/home\/?s={search_term_string}"},"query-input":{"@type":"PropertyValueSpecification","valueRequired":true,"valueName":"search_term_string"}}],"inLanguage":"it-IT"},{"@type":"Organization","@id":"https:\/\/www.materdominivolley.it\/home\/#organization","name":"Materdominivolley.it","url":"https:\/\/www.materdominivolley.it\/home\/","logo":{"@type":"ImageObject","inLanguage":"it-IT","@id":"https:\/\/www.materdominivolley.it\/home\/#\/schema\/logo\/image\/","url":"https:\/\/www.materdominivolley.it\/home\/wp-content\/uploads\/2019\/10\/Senza-titolo-1-2.png","contentUrl":"https:\/\/www.materdominivolley.it\/home\/wp-content\/uploads\/2019\/10\/Senza-titolo-1-2.png","width":180,"height":250,"caption":"Materdominivolley.it"},"image":{"@id":"https:\/\/www.materdominivolley.it\/home\/#\/schema\/logo\/image\/"},"sameAs":["https:\/\/www.facebook.com\/materdominivolleyit\/"]},{"@type":"Person","@id":"https:\/\/www.materdominivolley.it\/home\/#\/schema\/person\/86961330b970aecf0b9729df84069339","name":"admin-mater","image":{"@type":"ImageObject","inLanguage":"it-IT","@id":"https:\/\/secure.gravatar.com\/avatar\/71d088b9255aa52813637243630e63af9ffd99251cfb71c8536f2d3794cac08e?s=96&d=mm&r=g","url":"https:\/\/secure.gravatar.com\/avatar\/71d088b9255aa52813637243630e63af9ffd99251cfb71c8536f2d3794cac08e?s=96&d=mm&r=g","contentUrl":"https:\/\/secure.gravatar.com\/avatar\/71d088b9255aa52813637243630e63af9ffd99251cfb71c8536f2d3794cac08e?s=96&d=mm&r=g","caption":"admin-mater"},"url":"https:\/\/www.materdominivolley.it\/home\/author\/admin-mater\/"}]}},"_links":{"self":[{"href":"https:\/\/www.materdominivolley.it\/home\/wp-json\/wp\/v2\/posts\/1263","targetHints":{"allow":["GET"]}}],"collection":[{"href":"https:\/\/www.materdominivolley.it\/home\/wp-json\/wp\/v2\/posts"}],"about":[{"href":"https:\/\/www.materdominivolley.it\/home\/wp-json\/wp\/v2\/types\/post"}],"author":[{"embeddable":true,"href":"https:\/\/www.materdominivolley.it\/home\/wp-json\/wp\/v2\/users\/1"}],"replies":[{"embeddable":true,"href":"https:\/\/www.materdominivolley.it\/home\/wp-json\/wp\/v2\/comments?post=1263"}],"version-history":[{"count":0,"href":"https:\/\/www.materdominivolley.it\/home\/wp-json\/wp\/v2\/posts\/1263\/revisions"}],"wp:featuredmedia":[{"embeddable":true,"href":"https:\/\/www.materdominivolley.it\/home\/wp-json\/wp\/v2\/media\/1219"}],"wp:attachment":[{"href":"https:\/\/www.materdominivolley.it\/home\/wp-json\/wp\/v2\/media?parent=1263"}],"wp:term":[{"taxonomy":"category","embeddable":true,"href":"https:\/\/www.materdominivolley.it\/home\/wp-json\/wp\/v2\/categories?post=1263"},{"taxonomy":"post_tag","embeddable":true,"href":"https:\/\/www.materdominivolley.it\/home\/wp-json\/wp\/v2\/tags?post=1263"}],"curies":[{"name":"wp","href":"https:\/\/api.w.org\/{rel}","templated":true}]}}