{"id":1270,"date":"2015-01-28T18:58:50","date_gmt":"2015-01-28T17:58:50","guid":{"rendered":"https:\/\/www.materdominivolley.it\/home\/2015\/01\/28\/resa-della-materdominivolley-it-al-palavalentia\/"},"modified":"2015-01-28T18:58:50","modified_gmt":"2015-01-28T17:58:50","slug":"resa-della-materdominivolley-it-al-palavalentia","status":"publish","type":"post","link":"https:\/\/www.materdominivolley.it\/home\/2015\/01\/28\/resa-della-materdominivolley-it-al-palavalentia\/","title":{"rendered":"Resa della Materdominivolley.it al PalaValentia"},"content":{"rendered":"\n        <p>\n\tResa della <strong>Materdominivolley.it Castellana Grotte<\/strong> al PalaValentia di Vibo. Finisce cos\u00ec 3-0 (25-18, 25-21, 25-22) tra la <strong>Tonno Callipo Vibo Valentia<\/strong> e la formazione della citt\u00e0 delle Grotte. Prosegue, quindi, l\u2019astinenza di punti per la squadra allenata dal tecnico <strong>Vincenzo Fanizza<\/strong> che, nella quindicesima giornata del campionato nazionale serie A2 Unipolsai di pallavolo maschile, incappa nella quinta sconfitta consecutiva. Che la trasferta fosse ardua per i giallobl\u00f9 era cosa scontata e, difatti, cos\u00ec \u00e8 stato contro una delle formazioni costruite per vincere il campionato. Sebbene tra le fila giallobl\u00f9 possa aver indubbiamente inciso l\u2019assenza del palleggiatore titolare Matteo Pedron (fuori per scontare il secondo dei tre turni di squalifica), la prestazione della Materdomini si \u00e8 rivelata contrastante. Da una parte alcune buone indicazioni di crescita, dall&#39;altra alcune amnesie di gioco che stentano a scomparire. Ai vibonesi, pertanto, \u00e8 bastato giocare sui propri livelli per incassare l\u2019intera posta in palio lasciando all\u2019accademia del volley giovanile di Puglia la consolazione di aver fatto esordire in A un altro talento, il quindicenne palleggiatore castellanese <strong>Peppe Longo<\/strong>.<\/p>\n<p>\n\tAlla prima battuta Fanizza schiera in campo Latorre in cabina di regia, Morelli opposto, Castellano e Bevilacqua martelli, Giosa e Spadavecchia al centro, Nanni Primavera e Nero liberi. Il tecnico calabrese Luca Monti si presenta con Sintini al palleggio opposto ad Gavotto, Forni e Presta in banda, Vedovotto e Zanuto centrali, Cesarini libero.<\/p>\n<p>\n\t<strong>LA CRONACA &#8211;<\/strong>Avvio del match in equilibrio ma \u00e8 subito la Tonno Callipo a farsi avanti trovando il timeout tecnico sul 12-9. I calabresi procedono spediti trascinati da Zanuto e Vedovotto: 17-11. La Mater prova a rialzarsi con Morelli (18-13) ma Vibo accelera e chiude al centro con Forni: 25-18.<\/p>\n<p>\n\tNel secondo set Zanuto al servizio affanna la ricezione giallobl\u00f9 (4-2). Castellana si avvicina con Morelli (6-5) e rimane agganciata fino al 9-8 ma Vibo allunga e Gavotto raggiunge la pausa del 12-8. L\u2019ace di Bevilacqua sul 14-11 rimette in gioco la Mater che si rif\u00e0 sotto, aggancia sul 16 pari e sorpassa con il servizio vincente di Morelli: 19-20. Segue una fiammata calabrese innescata da un ace di Zanuto (21-20), Castellana si spegne ed il set si chiude sul 25-21.<\/p>\n<p>\n\t\u00a0<\/p>\n<p>\n\tEquilibrio iniziale nel terzo set ma sono sempre i padroni di casa a condurre. Zanuto fissa il 12-10 ma i giallobl\u00f9 provano a rimanere aggrappati con Morelli (16-14). I calabresi riprendono le distanze: 19-16. Fase finale concitata: sul 21-19 girandola di cambi per Fanizza che inserisce anche Longo per Latorre ma la Tonno Callipo impetuosa sigilla il 25-22.\u00a0\u00a0\u00a0\u00a0\u00a0\u00a0\u00a0\u00a0\u00a0\u00a0\u00a0\u00a0\u00a0\u00a0\u00a0<\/p>\n<p>\n\t\u00a0<\/p>\n<p>\n\t\u00a0<\/p>\n<p>\n\t<strong>TABELLINO<\/strong><\/p>\n<p>\n\t\u00a0<\/p>\n<p>\n\t<strong>Tonno Callipo Calabria Vibo Valentia &#8211; Materdominivolley.it Castellana Grotte 3-0<\/strong><br \/>\n\t25-18 (18&#39;), 25-21 (24&#39;), 25-22 (25&#39;)<\/p>\n<p>\n\t\u00a0<\/p>\n<p>\n\t<strong>Vibo Valentia:<\/strong>Sintini 3, Cesarini (L), Marchiani, Forni 4, Vedovotto 5, Zanuto 14, Gavotto 15, Presta 5. Non entrati Medic, Korniienko, Sardanelli, Paoli, Feroleto. All. Monti.<\/p>\n<p>\n\t<strong>Castellana Grotte:<\/strong>Morelli 19, Marzo, Primavera (L), Latorre, Nero (L), Bevilacqua 9, Castellano 11, Longo, Spadavecchia 4, Giosa 1. Non entrati Sorrenti, Cirocco, Primavera. All. Fanizza.<\/p>\n<p>\n\t<strong>Arbitri:<\/strong>Guarneri, De Sensi.<\/p>\n<p>\n\t\u00a0<\/p>\n<p>\n\t\u00a0<\/p>\n<p>\n\t<strong>POST PARTITA<\/strong><\/p>\n<p>\n\t\u00a0<\/p>\n<p>\n\tVincenzo Fanizza, allenatore Materdominivolley.it: \u201cRiconosciuto il valore dell\u2019avversario che ha pienamente meritato la vittoria ritengo che in questa partita ci siano stati dei miglioramenti rispetto alla gara persa nello scorso turno contro l\u2019Alessano. Quindi, rispetto a quella cattiva prestazione ho visto una squadra pi\u00f9 ordinata, Latorre \u00e8 apparso pi\u00f9 tranquillo, non ci sono stati individualismi e Castellano, dopo la lunga degenza per influenza, \u00e8 in rapido miglioramento. Tutto segnali positivi importanti per una squadra che ricordo ha subito in questo periodo troppi scossoni\u201d.\u00a0\u00a0\u00a0\u00a0<\/p>\n        ","protected":false},"excerpt":{"rendered":"<p><!-- wp:paragraph --><br \/>\n        Prosegue l\u2019astinenza di punti per la squadra allenata dal tecnico Vincenzo Fanizza che, nella quindicesima giornata del campionato nazionale serie A2 Unipolsai di pallavolo maschile, incappa nella quinta sconfitta consecutiva.<br \/>\n        <!-- \/wp:paragraph --><\/p>\n","protected":false},"author":1,"featured_media":1271,"comment_status":"open","ping_status":"closed","sticky":false,"template":"","format":"standard","meta":{"footnotes":""},"categories":[13],"tags":[],"class_list":["post-1270","post","type-post","status-publish","format-standard","has-post-thumbnail","hentry","category-serie-a2"],"yoast_head":"<!-- This site is optimized with the Yoast SEO plugin v27.4 - https:\/\/yoast.com\/product\/yoast-seo-wordpress\/ -->\n<title>Resa della Materdominivolley.it al PalaValentia - materdominivolley<\/title>\n<meta name=\"robots\" content=\"index, follow, max-snippet:-1, max-image-preview:large, max-video-preview:-1\" \/>\n<link rel=\"canonical\" href=\"https:\/\/www.materdominivolley.it\/home\/2015\/01\/28\/resa-della-materdominivolley-it-al-palavalentia\/\" \/>\n<meta property=\"og:locale\" content=\"it_IT\" \/>\n<meta property=\"og:type\" content=\"article\" \/>\n<meta property=\"og:title\" content=\"Resa della Materdominivolley.it al PalaValentia - materdominivolley\" \/>\n<meta property=\"og:description\" content=\"Prosegue l\u2019astinenza di punti per la squadra allenata dal tecnico Vincenzo Fanizza che, nella quindicesima giornata del campionato nazionale serie A2 Unipolsai di pallavolo maschile, incappa nella quinta sconfitta consecutiva.\" \/>\n<meta property=\"og:url\" content=\"https:\/\/www.materdominivolley.it\/home\/2015\/01\/28\/resa-della-materdominivolley-it-al-palavalentia\/\" \/>\n<meta property=\"og:site_name\" content=\"materdominivolley\" \/>\n<meta property=\"article:publisher\" content=\"https:\/\/www.facebook.com\/materdominivolleyit\/\" \/>\n<meta property=\"article:published_time\" content=\"2015-01-28T17:58:50+00:00\" \/>\n<meta property=\"og:image\" content=\"https:\/\/www.materdominivolley.it\/home\/wp-content\/uploads\/2019\/09\/castellano_longo_web.jpg\" \/>\n\t<meta property=\"og:image:width\" content=\"1300\" \/>\n\t<meta property=\"og:image:height\" content=\"531\" \/>\n\t<meta property=\"og:image:type\" content=\"image\/jpeg\" \/>\n<meta name=\"author\" content=\"admin-mater\" \/>\n<meta name=\"twitter:card\" content=\"summary_large_image\" \/>\n<meta name=\"twitter:label1\" content=\"Scritto da\" \/>\n\t<meta name=\"twitter:data1\" content=\"admin-mater\" \/>\n\t<meta name=\"twitter:label2\" content=\"Tempo di lettura stimato\" \/>\n\t<meta name=\"twitter:data2\" content=\"3 minuti\" \/>\n<script type=\"application\/ld+json\" class=\"yoast-schema-graph\">{\"@context\":\"https:\\\/\\\/schema.org\",\"@graph\":[{\"@type\":\"Article\",\"@id\":\"https:\\\/\\\/www.materdominivolley.it\\\/home\\\/2015\\\/01\\\/28\\\/resa-della-materdominivolley-it-al-palavalentia\\\/#article\",\"isPartOf\":{\"@id\":\"https:\\\/\\\/www.materdominivolley.it\\\/home\\\/2015\\\/01\\\/28\\\/resa-della-materdominivolley-it-al-palavalentia\\\/\"},\"author\":{\"name\":\"admin-mater\",\"@id\":\"https:\\\/\\\/www.materdominivolley.it\\\/home\\\/#\\\/schema\\\/person\\\/86961330b970aecf0b9729df84069339\"},\"headline\":\"Resa della Materdominivolley.it al PalaValentia\",\"datePublished\":\"2015-01-28T17:58:50+00:00\",\"mainEntityOfPage\":{\"@id\":\"https:\\\/\\\/www.materdominivolley.it\\\/home\\\/2015\\\/01\\\/28\\\/resa-della-materdominivolley-it-al-palavalentia\\\/\"},\"wordCount\":569,\"commentCount\":0,\"publisher\":{\"@id\":\"https:\\\/\\\/www.materdominivolley.it\\\/home\\\/#organization\"},\"image\":{\"@id\":\"https:\\\/\\\/www.materdominivolley.it\\\/home\\\/2015\\\/01\\\/28\\\/resa-della-materdominivolley-it-al-palavalentia\\\/#primaryimage\"},\"thumbnailUrl\":\"https:\\\/\\\/www.materdominivolley.it\\\/home\\\/wp-content\\\/uploads\\\/2019\\\/09\\\/castellano_longo_web.jpg\",\"articleSection\":[\"Serie A2\"],\"inLanguage\":\"it-IT\",\"potentialAction\":[{\"@type\":\"CommentAction\",\"name\":\"Comment\",\"target\":[\"https:\\\/\\\/www.materdominivolley.it\\\/home\\\/2015\\\/01\\\/28\\\/resa-della-materdominivolley-it-al-palavalentia\\\/#respond\"]}]},{\"@type\":\"WebPage\",\"@id\":\"https:\\\/\\\/www.materdominivolley.it\\\/home\\\/2015\\\/01\\\/28\\\/resa-della-materdominivolley-it-al-palavalentia\\\/\",\"url\":\"https:\\\/\\\/www.materdominivolley.it\\\/home\\\/2015\\\/01\\\/28\\\/resa-della-materdominivolley-it-al-palavalentia\\\/\",\"name\":\"Resa della Materdominivolley.it al PalaValentia - materdominivolley\",\"isPartOf\":{\"@id\":\"https:\\\/\\\/www.materdominivolley.it\\\/home\\\/#website\"},\"primaryImageOfPage\":{\"@id\":\"https:\\\/\\\/www.materdominivolley.it\\\/home\\\/2015\\\/01\\\/28\\\/resa-della-materdominivolley-it-al-palavalentia\\\/#primaryimage\"},\"image\":{\"@id\":\"https:\\\/\\\/www.materdominivolley.it\\\/home\\\/2015\\\/01\\\/28\\\/resa-della-materdominivolley-it-al-palavalentia\\\/#primaryimage\"},\"thumbnailUrl\":\"https:\\\/\\\/www.materdominivolley.it\\\/home\\\/wp-content\\\/uploads\\\/2019\\\/09\\\/castellano_longo_web.jpg\",\"datePublished\":\"2015-01-28T17:58:50+00:00\",\"breadcrumb\":{\"@id\":\"https:\\\/\\\/www.materdominivolley.it\\\/home\\\/2015\\\/01\\\/28\\\/resa-della-materdominivolley-it-al-palavalentia\\\/#breadcrumb\"},\"inLanguage\":\"it-IT\",\"potentialAction\":[{\"@type\":\"ReadAction\",\"target\":[\"https:\\\/\\\/www.materdominivolley.it\\\/home\\\/2015\\\/01\\\/28\\\/resa-della-materdominivolley-it-al-palavalentia\\\/\"]}]},{\"@type\":\"ImageObject\",\"inLanguage\":\"it-IT\",\"@id\":\"https:\\\/\\\/www.materdominivolley.it\\\/home\\\/2015\\\/01\\\/28\\\/resa-della-materdominivolley-it-al-palavalentia\\\/#primaryimage\",\"url\":\"https:\\\/\\\/www.materdominivolley.it\\\/home\\\/wp-content\\\/uploads\\\/2019\\\/09\\\/castellano_longo_web.jpg\",\"contentUrl\":\"https:\\\/\\\/www.materdominivolley.it\\\/home\\\/wp-content\\\/uploads\\\/2019\\\/09\\\/castellano_longo_web.jpg\",\"width\":1300,\"height\":531},{\"@type\":\"BreadcrumbList\",\"@id\":\"https:\\\/\\\/www.materdominivolley.it\\\/home\\\/2015\\\/01\\\/28\\\/resa-della-materdominivolley-it-al-palavalentia\\\/#breadcrumb\",\"itemListElement\":[{\"@type\":\"ListItem\",\"position\":1,\"name\":\"Home\",\"item\":\"https:\\\/\\\/www.materdominivolley.it\\\/home\\\/\"},{\"@type\":\"ListItem\",\"position\":2,\"name\":\"Resa della Materdominivolley.it al PalaValentia\"}]},{\"@type\":\"WebSite\",\"@id\":\"https:\\\/\\\/www.materdominivolley.it\\\/home\\\/#website\",\"url\":\"https:\\\/\\\/www.materdominivolley.it\\\/home\\\/\",\"name\":\"materdominivolley\",\"description\":\"\",\"publisher\":{\"@id\":\"https:\\\/\\\/www.materdominivolley.it\\\/home\\\/#organization\"},\"potentialAction\":[{\"@type\":\"SearchAction\",\"target\":{\"@type\":\"EntryPoint\",\"urlTemplate\":\"https:\\\/\\\/www.materdominivolley.it\\\/home\\\/?s={search_term_string}\"},\"query-input\":{\"@type\":\"PropertyValueSpecification\",\"valueRequired\":true,\"valueName\":\"search_term_string\"}}],\"inLanguage\":\"it-IT\"},{\"@type\":\"Organization\",\"@id\":\"https:\\\/\\\/www.materdominivolley.it\\\/home\\\/#organization\",\"name\":\"Materdominivolley.it\",\"url\":\"https:\\\/\\\/www.materdominivolley.it\\\/home\\\/\",\"logo\":{\"@type\":\"ImageObject\",\"inLanguage\":\"it-IT\",\"@id\":\"https:\\\/\\\/www.materdominivolley.it\\\/home\\\/#\\\/schema\\\/logo\\\/image\\\/\",\"url\":\"https:\\\/\\\/www.materdominivolley.it\\\/home\\\/wp-content\\\/uploads\\\/2019\\\/10\\\/Senza-titolo-1-2.png\",\"contentUrl\":\"https:\\\/\\\/www.materdominivolley.it\\\/home\\\/wp-content\\\/uploads\\\/2019\\\/10\\\/Senza-titolo-1-2.png\",\"width\":180,\"height\":250,\"caption\":\"Materdominivolley.it\"},\"image\":{\"@id\":\"https:\\\/\\\/www.materdominivolley.it\\\/home\\\/#\\\/schema\\\/logo\\\/image\\\/\"},\"sameAs\":[\"https:\\\/\\\/www.facebook.com\\\/materdominivolleyit\\\/\"]},{\"@type\":\"Person\",\"@id\":\"https:\\\/\\\/www.materdominivolley.it\\\/home\\\/#\\\/schema\\\/person\\\/86961330b970aecf0b9729df84069339\",\"name\":\"admin-mater\",\"image\":{\"@type\":\"ImageObject\",\"inLanguage\":\"it-IT\",\"@id\":\"https:\\\/\\\/secure.gravatar.com\\\/avatar\\\/71d088b9255aa52813637243630e63af9ffd99251cfb71c8536f2d3794cac08e?s=96&d=mm&r=g\",\"url\":\"https:\\\/\\\/secure.gravatar.com\\\/avatar\\\/71d088b9255aa52813637243630e63af9ffd99251cfb71c8536f2d3794cac08e?s=96&d=mm&r=g\",\"contentUrl\":\"https:\\\/\\\/secure.gravatar.com\\\/avatar\\\/71d088b9255aa52813637243630e63af9ffd99251cfb71c8536f2d3794cac08e?s=96&d=mm&r=g\",\"caption\":\"admin-mater\"},\"url\":\"https:\\\/\\\/www.materdominivolley.it\\\/home\\\/author\\\/admin-mater\\\/\"}]}<\/script>\n<!-- \/ Yoast SEO plugin. -->","yoast_head_json":{"title":"Resa della Materdominivolley.it al PalaValentia - materdominivolley","robots":{"index":"index","follow":"follow","max-snippet":"max-snippet:-1","max-image-preview":"max-image-preview:large","max-video-preview":"max-video-preview:-1"},"canonical":"https:\/\/www.materdominivolley.it\/home\/2015\/01\/28\/resa-della-materdominivolley-it-al-palavalentia\/","og_locale":"it_IT","og_type":"article","og_title":"Resa della Materdominivolley.it al PalaValentia - materdominivolley","og_description":"Prosegue l\u2019astinenza di punti per la squadra allenata dal tecnico Vincenzo Fanizza che, nella quindicesima giornata del campionato nazionale serie A2 Unipolsai di pallavolo maschile, incappa nella quinta sconfitta consecutiva.","og_url":"https:\/\/www.materdominivolley.it\/home\/2015\/01\/28\/resa-della-materdominivolley-it-al-palavalentia\/","og_site_name":"materdominivolley","article_publisher":"https:\/\/www.facebook.com\/materdominivolleyit\/","article_published_time":"2015-01-28T17:58:50+00:00","og_image":[{"width":1300,"height":531,"url":"https:\/\/www.materdominivolley.it\/home\/wp-content\/uploads\/2019\/09\/castellano_longo_web.jpg","type":"image\/jpeg"}],"author":"admin-mater","twitter_card":"summary_large_image","twitter_misc":{"Scritto da":"admin-mater","Tempo di lettura stimato":"3 minuti"},"schema":{"@context":"https:\/\/schema.org","@graph":[{"@type":"Article","@id":"https:\/\/www.materdominivolley.it\/home\/2015\/01\/28\/resa-della-materdominivolley-it-al-palavalentia\/#article","isPartOf":{"@id":"https:\/\/www.materdominivolley.it\/home\/2015\/01\/28\/resa-della-materdominivolley-it-al-palavalentia\/"},"author":{"name":"admin-mater","@id":"https:\/\/www.materdominivolley.it\/home\/#\/schema\/person\/86961330b970aecf0b9729df84069339"},"headline":"Resa della Materdominivolley.it al PalaValentia","datePublished":"2015-01-28T17:58:50+00:00","mainEntityOfPage":{"@id":"https:\/\/www.materdominivolley.it\/home\/2015\/01\/28\/resa-della-materdominivolley-it-al-palavalentia\/"},"wordCount":569,"commentCount":0,"publisher":{"@id":"https:\/\/www.materdominivolley.it\/home\/#organization"},"image":{"@id":"https:\/\/www.materdominivolley.it\/home\/2015\/01\/28\/resa-della-materdominivolley-it-al-palavalentia\/#primaryimage"},"thumbnailUrl":"https:\/\/www.materdominivolley.it\/home\/wp-content\/uploads\/2019\/09\/castellano_longo_web.jpg","articleSection":["Serie A2"],"inLanguage":"it-IT","potentialAction":[{"@type":"CommentAction","name":"Comment","target":["https:\/\/www.materdominivolley.it\/home\/2015\/01\/28\/resa-della-materdominivolley-it-al-palavalentia\/#respond"]}]},{"@type":"WebPage","@id":"https:\/\/www.materdominivolley.it\/home\/2015\/01\/28\/resa-della-materdominivolley-it-al-palavalentia\/","url":"https:\/\/www.materdominivolley.it\/home\/2015\/01\/28\/resa-della-materdominivolley-it-al-palavalentia\/","name":"Resa della Materdominivolley.it al PalaValentia - materdominivolley","isPartOf":{"@id":"https:\/\/www.materdominivolley.it\/home\/#website"},"primaryImageOfPage":{"@id":"https:\/\/www.materdominivolley.it\/home\/2015\/01\/28\/resa-della-materdominivolley-it-al-palavalentia\/#primaryimage"},"image":{"@id":"https:\/\/www.materdominivolley.it\/home\/2015\/01\/28\/resa-della-materdominivolley-it-al-palavalentia\/#primaryimage"},"thumbnailUrl":"https:\/\/www.materdominivolley.it\/home\/wp-content\/uploads\/2019\/09\/castellano_longo_web.jpg","datePublished":"2015-01-28T17:58:50+00:00","breadcrumb":{"@id":"https:\/\/www.materdominivolley.it\/home\/2015\/01\/28\/resa-della-materdominivolley-it-al-palavalentia\/#breadcrumb"},"inLanguage":"it-IT","potentialAction":[{"@type":"ReadAction","target":["https:\/\/www.materdominivolley.it\/home\/2015\/01\/28\/resa-della-materdominivolley-it-al-palavalentia\/"]}]},{"@type":"ImageObject","inLanguage":"it-IT","@id":"https:\/\/www.materdominivolley.it\/home\/2015\/01\/28\/resa-della-materdominivolley-it-al-palavalentia\/#primaryimage","url":"https:\/\/www.materdominivolley.it\/home\/wp-content\/uploads\/2019\/09\/castellano_longo_web.jpg","contentUrl":"https:\/\/www.materdominivolley.it\/home\/wp-content\/uploads\/2019\/09\/castellano_longo_web.jpg","width":1300,"height":531},{"@type":"BreadcrumbList","@id":"https:\/\/www.materdominivolley.it\/home\/2015\/01\/28\/resa-della-materdominivolley-it-al-palavalentia\/#breadcrumb","itemListElement":[{"@type":"ListItem","position":1,"name":"Home","item":"https:\/\/www.materdominivolley.it\/home\/"},{"@type":"ListItem","position":2,"name":"Resa della Materdominivolley.it al PalaValentia"}]},{"@type":"WebSite","@id":"https:\/\/www.materdominivolley.it\/home\/#website","url":"https:\/\/www.materdominivolley.it\/home\/","name":"materdominivolley","description":"","publisher":{"@id":"https:\/\/www.materdominivolley.it\/home\/#organization"},"potentialAction":[{"@type":"SearchAction","target":{"@type":"EntryPoint","urlTemplate":"https:\/\/www.materdominivolley.it\/home\/?s={search_term_string}"},"query-input":{"@type":"PropertyValueSpecification","valueRequired":true,"valueName":"search_term_string"}}],"inLanguage":"it-IT"},{"@type":"Organization","@id":"https:\/\/www.materdominivolley.it\/home\/#organization","name":"Materdominivolley.it","url":"https:\/\/www.materdominivolley.it\/home\/","logo":{"@type":"ImageObject","inLanguage":"it-IT","@id":"https:\/\/www.materdominivolley.it\/home\/#\/schema\/logo\/image\/","url":"https:\/\/www.materdominivolley.it\/home\/wp-content\/uploads\/2019\/10\/Senza-titolo-1-2.png","contentUrl":"https:\/\/www.materdominivolley.it\/home\/wp-content\/uploads\/2019\/10\/Senza-titolo-1-2.png","width":180,"height":250,"caption":"Materdominivolley.it"},"image":{"@id":"https:\/\/www.materdominivolley.it\/home\/#\/schema\/logo\/image\/"},"sameAs":["https:\/\/www.facebook.com\/materdominivolleyit\/"]},{"@type":"Person","@id":"https:\/\/www.materdominivolley.it\/home\/#\/schema\/person\/86961330b970aecf0b9729df84069339","name":"admin-mater","image":{"@type":"ImageObject","inLanguage":"it-IT","@id":"https:\/\/secure.gravatar.com\/avatar\/71d088b9255aa52813637243630e63af9ffd99251cfb71c8536f2d3794cac08e?s=96&d=mm&r=g","url":"https:\/\/secure.gravatar.com\/avatar\/71d088b9255aa52813637243630e63af9ffd99251cfb71c8536f2d3794cac08e?s=96&d=mm&r=g","contentUrl":"https:\/\/secure.gravatar.com\/avatar\/71d088b9255aa52813637243630e63af9ffd99251cfb71c8536f2d3794cac08e?s=96&d=mm&r=g","caption":"admin-mater"},"url":"https:\/\/www.materdominivolley.it\/home\/author\/admin-mater\/"}]}},"_links":{"self":[{"href":"https:\/\/www.materdominivolley.it\/home\/wp-json\/wp\/v2\/posts\/1270","targetHints":{"allow":["GET"]}}],"collection":[{"href":"https:\/\/www.materdominivolley.it\/home\/wp-json\/wp\/v2\/posts"}],"about":[{"href":"https:\/\/www.materdominivolley.it\/home\/wp-json\/wp\/v2\/types\/post"}],"author":[{"embeddable":true,"href":"https:\/\/www.materdominivolley.it\/home\/wp-json\/wp\/v2\/users\/1"}],"replies":[{"embeddable":true,"href":"https:\/\/www.materdominivolley.it\/home\/wp-json\/wp\/v2\/comments?post=1270"}],"version-history":[{"count":0,"href":"https:\/\/www.materdominivolley.it\/home\/wp-json\/wp\/v2\/posts\/1270\/revisions"}],"wp:featuredmedia":[{"embeddable":true,"href":"https:\/\/www.materdominivolley.it\/home\/wp-json\/wp\/v2\/media\/1271"}],"wp:attachment":[{"href":"https:\/\/www.materdominivolley.it\/home\/wp-json\/wp\/v2\/media?parent=1270"}],"wp:term":[{"taxonomy":"category","embeddable":true,"href":"https:\/\/www.materdominivolley.it\/home\/wp-json\/wp\/v2\/categories?post=1270"},{"taxonomy":"post_tag","embeddable":true,"href":"https:\/\/www.materdominivolley.it\/home\/wp-json\/wp\/v2\/tags?post=1270"}],"curies":[{"name":"wp","href":"https:\/\/api.w.org\/{rel}","templated":true}]}}