{"id":1275,"date":"2015-01-28T18:58:56","date_gmt":"2015-01-28T17:58:56","guid":{"rendered":"https:\/\/www.materdominivolley.it\/home\/2015\/01\/28\/squalifica-pedron-danneggiati-due-volte\/"},"modified":"2015-01-28T18:58:56","modified_gmt":"2015-01-28T17:58:56","slug":"squalifica-pedron-danneggiati-due-volte","status":"publish","type":"post","link":"https:\/\/www.materdominivolley.it\/home\/2015\/01\/28\/squalifica-pedron-danneggiati-due-volte\/","title":{"rendered":"Squalifica Pedron: &#8220;Danneggiati due volte&#8221;"},"content":{"rendered":"\n        <p>\n\tAlla vigilia del derby casalingo contro Alessano, valevole per la terza giornata di ritorno del campionato nazionale serie A2 UnipolSai di pallavolo maschile, arriva dura e ferma la presa di posizione della <strong>Materdominivolley.it Castellana Grotte <\/strong>circa i fatti e le questioni arbitrali e della giustizia sportiva accaduti negli ultimi giorni.<\/p>\n<p>\n\tGli errori anche tecnici subiti nella gara esterna contro Brescia, la squalifica assegnata al palleggiatore <strong>Matteo Pedron<\/strong> e il ricorso rigettato nella giornata di gioved\u00ec hanno lasciato una ferita aperta nelle considerazioni del presidente del club giallobl\u00f9 <strong>Michele Miccolis<\/strong>.<\/p>\n<p>\n\t&#8220;A Brescia, pur riconoscendo i meriti della formazione di casa per la conquista della vittoria finale, siamo stati ampiamente danneggiati dalla direzione di gara sconsiderata del primo arbitro &#8211; ha commentato il presidente della Materdomini &#8211; In Italia disponiamo di un corpo arbitrale di assoluto livello, ma assistere a decisioni cos\u00ec palesemente errate, nel merito tecnico e nei contenuti, fa davvero male. Viviamo un periodo in cui fare sport e costruire sport significa anche e soprattutto sacrificio, subire un numero notevole di torti all&#39;interno della stessa gara lascia pensare ad una giornata pi\u00f9 che storta da parte del primo arbitro che, mi auguro, per questo motivo, possa essere valutato da chi di competenza&#8221;.<\/p>\n<p>\n\tLa partita di Brescia ha lasciato, quale strascico negativo per la Materdomini, anche la squalifica di tre giornate a Pedron: &#8220;Il rosso nelle battute conclusive dell&#39;incontro \u00e8 figlio dell&#39;andamento della partita &#8211; ha commentato Miccolis &#8211; Ci pu\u00f2 stare, cos\u00ec come \u00e8 ammissibile la stop di un turno. Ma fermare un giocatore per tre giornate \u00e8 un fatto senza precedenti per almeno due motivi. Anche in questo caso l&#39;arbitro ha commesso un errore: non \u00e8 stato Pedron a rivolgere frasi irriguardose durante il saluto finale, abbiamo testimonianze di questo. Inoltre, il nostro giocatore \u00e8 sempre stato corretto e non siamo in presenza n\u00e9 di un fatto cos\u00ec grave n\u00e9 di un fatto reiterato&#8221;.<\/p>\n<p>\n\tGioved\u00ec la societ\u00e0 aveva avanzato anche un ricorso, poi stoppato: &#8220;Chi ha giudicato prima e dopo dovrebbe capire il contesto, fare i confronti con altre situazioni, valutare aspetti che non siano quelli del referto arbitrale che, in questo caso, \u00e8 totalmente errato&#8221;.<\/p>\n<p>\n\tLo stesso presidente Miccolis poi conclude il suo sfogo: &#8220;La nostra stagione \u00e8 ancora lunga, raramente ho rilasciato interviste di questo tono e portata, ma \u00e8 arrivato il momento di mettere un punto chiaro e fermo: cos\u00ec come le societ\u00e0 si impegnano a fare sport nel migliore modo possibile, ci aspettiamo che anche altre componenti del movimento pallavolistico rispettino il nostro lavoro e i nostri sacrifici&#8221;.<\/p>\n        ","protected":false},"excerpt":{"rendered":"<p><!-- wp:paragraph --><br \/>\n        Gli errori anche tecnici subiti nella gara esterna contro Brescia, la squalifica assegnata al palleggiatore Matteo Pedron e il ricorso rigettato nella giornata di gioved\u00ec hanno lasciato una ferita aperta nelle considerazioni del presidente Miccolis.<br \/>\n        <!-- \/wp:paragraph --><\/p>\n","protected":false},"author":1,"featured_media":1167,"comment_status":"open","ping_status":"closed","sticky":false,"template":"","format":"standard","meta":{"footnotes":""},"categories":[21],"tags":[],"class_list":["post-1275","post","type-post","status-publish","format-standard","has-post-thumbnail","hentry","category-comunicati"],"yoast_head":"<!-- This site is optimized with the Yoast SEO plugin v27.4 - https:\/\/yoast.com\/product\/yoast-seo-wordpress\/ -->\n<title>Squalifica Pedron: &quot;Danneggiati due volte&quot; - materdominivolley<\/title>\n<meta name=\"robots\" content=\"index, follow, max-snippet:-1, max-image-preview:large, max-video-preview:-1\" \/>\n<link rel=\"canonical\" href=\"https:\/\/www.materdominivolley.it\/home\/2015\/01\/28\/squalifica-pedron-danneggiati-due-volte\/\" \/>\n<meta property=\"og:locale\" content=\"it_IT\" \/>\n<meta property=\"og:type\" content=\"article\" \/>\n<meta property=\"og:title\" content=\"Squalifica Pedron: &quot;Danneggiati due volte&quot; - materdominivolley\" \/>\n<meta property=\"og:description\" content=\"Gli errori anche tecnici subiti nella gara esterna contro Brescia, la squalifica assegnata al palleggiatore Matteo Pedron e il ricorso rigettato nella giornata di gioved\u00ec hanno lasciato una ferita aperta nelle considerazioni del presidente Miccolis.\" \/>\n<meta property=\"og:url\" content=\"https:\/\/www.materdominivolley.it\/home\/2015\/01\/28\/squalifica-pedron-danneggiati-due-volte\/\" \/>\n<meta property=\"og:site_name\" content=\"materdominivolley\" \/>\n<meta property=\"article:publisher\" content=\"https:\/\/www.facebook.com\/materdominivolleyit\/\" \/>\n<meta property=\"article:published_time\" content=\"2015-01-28T17:58:56+00:00\" \/>\n<meta property=\"og:image\" content=\"https:\/\/www.materdominivolley.it\/home\/wp-content\/uploads\/2019\/09\/matteo_pedron_web1.jpg\" \/>\n\t<meta property=\"og:image:width\" content=\"1300\" \/>\n\t<meta property=\"og:image:height\" content=\"531\" \/>\n\t<meta property=\"og:image:type\" content=\"image\/jpeg\" \/>\n<meta name=\"author\" content=\"admin-mater\" \/>\n<meta name=\"twitter:card\" content=\"summary_large_image\" \/>\n<meta name=\"twitter:label1\" content=\"Scritto da\" \/>\n\t<meta name=\"twitter:data1\" content=\"admin-mater\" \/>\n\t<meta name=\"twitter:label2\" content=\"Tempo di lettura stimato\" \/>\n\t<meta name=\"twitter:data2\" content=\"2 minuti\" \/>\n<script type=\"application\/ld+json\" class=\"yoast-schema-graph\">{\"@context\":\"https:\\\/\\\/schema.org\",\"@graph\":[{\"@type\":\"Article\",\"@id\":\"https:\\\/\\\/www.materdominivolley.it\\\/home\\\/2015\\\/01\\\/28\\\/squalifica-pedron-danneggiati-due-volte\\\/#article\",\"isPartOf\":{\"@id\":\"https:\\\/\\\/www.materdominivolley.it\\\/home\\\/2015\\\/01\\\/28\\\/squalifica-pedron-danneggiati-due-volte\\\/\"},\"author\":{\"name\":\"admin-mater\",\"@id\":\"https:\\\/\\\/www.materdominivolley.it\\\/home\\\/#\\\/schema\\\/person\\\/86961330b970aecf0b9729df84069339\"},\"headline\":\"Squalifica Pedron: &#8220;Danneggiati due volte&#8221;\",\"datePublished\":\"2015-01-28T17:58:56+00:00\",\"mainEntityOfPage\":{\"@id\":\"https:\\\/\\\/www.materdominivolley.it\\\/home\\\/2015\\\/01\\\/28\\\/squalifica-pedron-danneggiati-due-volte\\\/\"},\"wordCount\":425,\"commentCount\":0,\"publisher\":{\"@id\":\"https:\\\/\\\/www.materdominivolley.it\\\/home\\\/#organization\"},\"image\":{\"@id\":\"https:\\\/\\\/www.materdominivolley.it\\\/home\\\/2015\\\/01\\\/28\\\/squalifica-pedron-danneggiati-due-volte\\\/#primaryimage\"},\"thumbnailUrl\":\"https:\\\/\\\/www.materdominivolley.it\\\/home\\\/wp-content\\\/uploads\\\/2019\\\/09\\\/matteo_pedron_web1.jpg\",\"articleSection\":[\"comunicati\"],\"inLanguage\":\"it-IT\",\"potentialAction\":[{\"@type\":\"CommentAction\",\"name\":\"Comment\",\"target\":[\"https:\\\/\\\/www.materdominivolley.it\\\/home\\\/2015\\\/01\\\/28\\\/squalifica-pedron-danneggiati-due-volte\\\/#respond\"]}]},{\"@type\":\"WebPage\",\"@id\":\"https:\\\/\\\/www.materdominivolley.it\\\/home\\\/2015\\\/01\\\/28\\\/squalifica-pedron-danneggiati-due-volte\\\/\",\"url\":\"https:\\\/\\\/www.materdominivolley.it\\\/home\\\/2015\\\/01\\\/28\\\/squalifica-pedron-danneggiati-due-volte\\\/\",\"name\":\"Squalifica Pedron: \\\"Danneggiati due volte\\\" - materdominivolley\",\"isPartOf\":{\"@id\":\"https:\\\/\\\/www.materdominivolley.it\\\/home\\\/#website\"},\"primaryImageOfPage\":{\"@id\":\"https:\\\/\\\/www.materdominivolley.it\\\/home\\\/2015\\\/01\\\/28\\\/squalifica-pedron-danneggiati-due-volte\\\/#primaryimage\"},\"image\":{\"@id\":\"https:\\\/\\\/www.materdominivolley.it\\\/home\\\/2015\\\/01\\\/28\\\/squalifica-pedron-danneggiati-due-volte\\\/#primaryimage\"},\"thumbnailUrl\":\"https:\\\/\\\/www.materdominivolley.it\\\/home\\\/wp-content\\\/uploads\\\/2019\\\/09\\\/matteo_pedron_web1.jpg\",\"datePublished\":\"2015-01-28T17:58:56+00:00\",\"breadcrumb\":{\"@id\":\"https:\\\/\\\/www.materdominivolley.it\\\/home\\\/2015\\\/01\\\/28\\\/squalifica-pedron-danneggiati-due-volte\\\/#breadcrumb\"},\"inLanguage\":\"it-IT\",\"potentialAction\":[{\"@type\":\"ReadAction\",\"target\":[\"https:\\\/\\\/www.materdominivolley.it\\\/home\\\/2015\\\/01\\\/28\\\/squalifica-pedron-danneggiati-due-volte\\\/\"]}]},{\"@type\":\"ImageObject\",\"inLanguage\":\"it-IT\",\"@id\":\"https:\\\/\\\/www.materdominivolley.it\\\/home\\\/2015\\\/01\\\/28\\\/squalifica-pedron-danneggiati-due-volte\\\/#primaryimage\",\"url\":\"https:\\\/\\\/www.materdominivolley.it\\\/home\\\/wp-content\\\/uploads\\\/2019\\\/09\\\/matteo_pedron_web1.jpg\",\"contentUrl\":\"https:\\\/\\\/www.materdominivolley.it\\\/home\\\/wp-content\\\/uploads\\\/2019\\\/09\\\/matteo_pedron_web1.jpg\",\"width\":1300,\"height\":531},{\"@type\":\"BreadcrumbList\",\"@id\":\"https:\\\/\\\/www.materdominivolley.it\\\/home\\\/2015\\\/01\\\/28\\\/squalifica-pedron-danneggiati-due-volte\\\/#breadcrumb\",\"itemListElement\":[{\"@type\":\"ListItem\",\"position\":1,\"name\":\"Home\",\"item\":\"https:\\\/\\\/www.materdominivolley.it\\\/home\\\/\"},{\"@type\":\"ListItem\",\"position\":2,\"name\":\"Squalifica Pedron: &#8220;Danneggiati due volte&#8221;\"}]},{\"@type\":\"WebSite\",\"@id\":\"https:\\\/\\\/www.materdominivolley.it\\\/home\\\/#website\",\"url\":\"https:\\\/\\\/www.materdominivolley.it\\\/home\\\/\",\"name\":\"materdominivolley\",\"description\":\"\",\"publisher\":{\"@id\":\"https:\\\/\\\/www.materdominivolley.it\\\/home\\\/#organization\"},\"potentialAction\":[{\"@type\":\"SearchAction\",\"target\":{\"@type\":\"EntryPoint\",\"urlTemplate\":\"https:\\\/\\\/www.materdominivolley.it\\\/home\\\/?s={search_term_string}\"},\"query-input\":{\"@type\":\"PropertyValueSpecification\",\"valueRequired\":true,\"valueName\":\"search_term_string\"}}],\"inLanguage\":\"it-IT\"},{\"@type\":\"Organization\",\"@id\":\"https:\\\/\\\/www.materdominivolley.it\\\/home\\\/#organization\",\"name\":\"Materdominivolley.it\",\"url\":\"https:\\\/\\\/www.materdominivolley.it\\\/home\\\/\",\"logo\":{\"@type\":\"ImageObject\",\"inLanguage\":\"it-IT\",\"@id\":\"https:\\\/\\\/www.materdominivolley.it\\\/home\\\/#\\\/schema\\\/logo\\\/image\\\/\",\"url\":\"https:\\\/\\\/www.materdominivolley.it\\\/home\\\/wp-content\\\/uploads\\\/2019\\\/10\\\/Senza-titolo-1-2.png\",\"contentUrl\":\"https:\\\/\\\/www.materdominivolley.it\\\/home\\\/wp-content\\\/uploads\\\/2019\\\/10\\\/Senza-titolo-1-2.png\",\"width\":180,\"height\":250,\"caption\":\"Materdominivolley.it\"},\"image\":{\"@id\":\"https:\\\/\\\/www.materdominivolley.it\\\/home\\\/#\\\/schema\\\/logo\\\/image\\\/\"},\"sameAs\":[\"https:\\\/\\\/www.facebook.com\\\/materdominivolleyit\\\/\"]},{\"@type\":\"Person\",\"@id\":\"https:\\\/\\\/www.materdominivolley.it\\\/home\\\/#\\\/schema\\\/person\\\/86961330b970aecf0b9729df84069339\",\"name\":\"admin-mater\",\"image\":{\"@type\":\"ImageObject\",\"inLanguage\":\"it-IT\",\"@id\":\"https:\\\/\\\/secure.gravatar.com\\\/avatar\\\/71d088b9255aa52813637243630e63af9ffd99251cfb71c8536f2d3794cac08e?s=96&d=mm&r=g\",\"url\":\"https:\\\/\\\/secure.gravatar.com\\\/avatar\\\/71d088b9255aa52813637243630e63af9ffd99251cfb71c8536f2d3794cac08e?s=96&d=mm&r=g\",\"contentUrl\":\"https:\\\/\\\/secure.gravatar.com\\\/avatar\\\/71d088b9255aa52813637243630e63af9ffd99251cfb71c8536f2d3794cac08e?s=96&d=mm&r=g\",\"caption\":\"admin-mater\"},\"url\":\"https:\\\/\\\/www.materdominivolley.it\\\/home\\\/author\\\/admin-mater\\\/\"}]}<\/script>\n<!-- \/ Yoast SEO plugin. -->","yoast_head_json":{"title":"Squalifica Pedron: \"Danneggiati due volte\" - materdominivolley","robots":{"index":"index","follow":"follow","max-snippet":"max-snippet:-1","max-image-preview":"max-image-preview:large","max-video-preview":"max-video-preview:-1"},"canonical":"https:\/\/www.materdominivolley.it\/home\/2015\/01\/28\/squalifica-pedron-danneggiati-due-volte\/","og_locale":"it_IT","og_type":"article","og_title":"Squalifica Pedron: \"Danneggiati due volte\" - materdominivolley","og_description":"Gli errori anche tecnici subiti nella gara esterna contro Brescia, la squalifica assegnata al palleggiatore Matteo Pedron e il ricorso rigettato nella giornata di gioved\u00ec hanno lasciato una ferita aperta nelle considerazioni del presidente Miccolis.","og_url":"https:\/\/www.materdominivolley.it\/home\/2015\/01\/28\/squalifica-pedron-danneggiati-due-volte\/","og_site_name":"materdominivolley","article_publisher":"https:\/\/www.facebook.com\/materdominivolleyit\/","article_published_time":"2015-01-28T17:58:56+00:00","og_image":[{"width":1300,"height":531,"url":"https:\/\/www.materdominivolley.it\/home\/wp-content\/uploads\/2019\/09\/matteo_pedron_web1.jpg","type":"image\/jpeg"}],"author":"admin-mater","twitter_card":"summary_large_image","twitter_misc":{"Scritto da":"admin-mater","Tempo di lettura stimato":"2 minuti"},"schema":{"@context":"https:\/\/schema.org","@graph":[{"@type":"Article","@id":"https:\/\/www.materdominivolley.it\/home\/2015\/01\/28\/squalifica-pedron-danneggiati-due-volte\/#article","isPartOf":{"@id":"https:\/\/www.materdominivolley.it\/home\/2015\/01\/28\/squalifica-pedron-danneggiati-due-volte\/"},"author":{"name":"admin-mater","@id":"https:\/\/www.materdominivolley.it\/home\/#\/schema\/person\/86961330b970aecf0b9729df84069339"},"headline":"Squalifica Pedron: &#8220;Danneggiati due volte&#8221;","datePublished":"2015-01-28T17:58:56+00:00","mainEntityOfPage":{"@id":"https:\/\/www.materdominivolley.it\/home\/2015\/01\/28\/squalifica-pedron-danneggiati-due-volte\/"},"wordCount":425,"commentCount":0,"publisher":{"@id":"https:\/\/www.materdominivolley.it\/home\/#organization"},"image":{"@id":"https:\/\/www.materdominivolley.it\/home\/2015\/01\/28\/squalifica-pedron-danneggiati-due-volte\/#primaryimage"},"thumbnailUrl":"https:\/\/www.materdominivolley.it\/home\/wp-content\/uploads\/2019\/09\/matteo_pedron_web1.jpg","articleSection":["comunicati"],"inLanguage":"it-IT","potentialAction":[{"@type":"CommentAction","name":"Comment","target":["https:\/\/www.materdominivolley.it\/home\/2015\/01\/28\/squalifica-pedron-danneggiati-due-volte\/#respond"]}]},{"@type":"WebPage","@id":"https:\/\/www.materdominivolley.it\/home\/2015\/01\/28\/squalifica-pedron-danneggiati-due-volte\/","url":"https:\/\/www.materdominivolley.it\/home\/2015\/01\/28\/squalifica-pedron-danneggiati-due-volte\/","name":"Squalifica Pedron: \"Danneggiati due volte\" - materdominivolley","isPartOf":{"@id":"https:\/\/www.materdominivolley.it\/home\/#website"},"primaryImageOfPage":{"@id":"https:\/\/www.materdominivolley.it\/home\/2015\/01\/28\/squalifica-pedron-danneggiati-due-volte\/#primaryimage"},"image":{"@id":"https:\/\/www.materdominivolley.it\/home\/2015\/01\/28\/squalifica-pedron-danneggiati-due-volte\/#primaryimage"},"thumbnailUrl":"https:\/\/www.materdominivolley.it\/home\/wp-content\/uploads\/2019\/09\/matteo_pedron_web1.jpg","datePublished":"2015-01-28T17:58:56+00:00","breadcrumb":{"@id":"https:\/\/www.materdominivolley.it\/home\/2015\/01\/28\/squalifica-pedron-danneggiati-due-volte\/#breadcrumb"},"inLanguage":"it-IT","potentialAction":[{"@type":"ReadAction","target":["https:\/\/www.materdominivolley.it\/home\/2015\/01\/28\/squalifica-pedron-danneggiati-due-volte\/"]}]},{"@type":"ImageObject","inLanguage":"it-IT","@id":"https:\/\/www.materdominivolley.it\/home\/2015\/01\/28\/squalifica-pedron-danneggiati-due-volte\/#primaryimage","url":"https:\/\/www.materdominivolley.it\/home\/wp-content\/uploads\/2019\/09\/matteo_pedron_web1.jpg","contentUrl":"https:\/\/www.materdominivolley.it\/home\/wp-content\/uploads\/2019\/09\/matteo_pedron_web1.jpg","width":1300,"height":531},{"@type":"BreadcrumbList","@id":"https:\/\/www.materdominivolley.it\/home\/2015\/01\/28\/squalifica-pedron-danneggiati-due-volte\/#breadcrumb","itemListElement":[{"@type":"ListItem","position":1,"name":"Home","item":"https:\/\/www.materdominivolley.it\/home\/"},{"@type":"ListItem","position":2,"name":"Squalifica Pedron: &#8220;Danneggiati due volte&#8221;"}]},{"@type":"WebSite","@id":"https:\/\/www.materdominivolley.it\/home\/#website","url":"https:\/\/www.materdominivolley.it\/home\/","name":"materdominivolley","description":"","publisher":{"@id":"https:\/\/www.materdominivolley.it\/home\/#organization"},"potentialAction":[{"@type":"SearchAction","target":{"@type":"EntryPoint","urlTemplate":"https:\/\/www.materdominivolley.it\/home\/?s={search_term_string}"},"query-input":{"@type":"PropertyValueSpecification","valueRequired":true,"valueName":"search_term_string"}}],"inLanguage":"it-IT"},{"@type":"Organization","@id":"https:\/\/www.materdominivolley.it\/home\/#organization","name":"Materdominivolley.it","url":"https:\/\/www.materdominivolley.it\/home\/","logo":{"@type":"ImageObject","inLanguage":"it-IT","@id":"https:\/\/www.materdominivolley.it\/home\/#\/schema\/logo\/image\/","url":"https:\/\/www.materdominivolley.it\/home\/wp-content\/uploads\/2019\/10\/Senza-titolo-1-2.png","contentUrl":"https:\/\/www.materdominivolley.it\/home\/wp-content\/uploads\/2019\/10\/Senza-titolo-1-2.png","width":180,"height":250,"caption":"Materdominivolley.it"},"image":{"@id":"https:\/\/www.materdominivolley.it\/home\/#\/schema\/logo\/image\/"},"sameAs":["https:\/\/www.facebook.com\/materdominivolleyit\/"]},{"@type":"Person","@id":"https:\/\/www.materdominivolley.it\/home\/#\/schema\/person\/86961330b970aecf0b9729df84069339","name":"admin-mater","image":{"@type":"ImageObject","inLanguage":"it-IT","@id":"https:\/\/secure.gravatar.com\/avatar\/71d088b9255aa52813637243630e63af9ffd99251cfb71c8536f2d3794cac08e?s=96&d=mm&r=g","url":"https:\/\/secure.gravatar.com\/avatar\/71d088b9255aa52813637243630e63af9ffd99251cfb71c8536f2d3794cac08e?s=96&d=mm&r=g","contentUrl":"https:\/\/secure.gravatar.com\/avatar\/71d088b9255aa52813637243630e63af9ffd99251cfb71c8536f2d3794cac08e?s=96&d=mm&r=g","caption":"admin-mater"},"url":"https:\/\/www.materdominivolley.it\/home\/author\/admin-mater\/"}]}},"_links":{"self":[{"href":"https:\/\/www.materdominivolley.it\/home\/wp-json\/wp\/v2\/posts\/1275","targetHints":{"allow":["GET"]}}],"collection":[{"href":"https:\/\/www.materdominivolley.it\/home\/wp-json\/wp\/v2\/posts"}],"about":[{"href":"https:\/\/www.materdominivolley.it\/home\/wp-json\/wp\/v2\/types\/post"}],"author":[{"embeddable":true,"href":"https:\/\/www.materdominivolley.it\/home\/wp-json\/wp\/v2\/users\/1"}],"replies":[{"embeddable":true,"href":"https:\/\/www.materdominivolley.it\/home\/wp-json\/wp\/v2\/comments?post=1275"}],"version-history":[{"count":0,"href":"https:\/\/www.materdominivolley.it\/home\/wp-json\/wp\/v2\/posts\/1275\/revisions"}],"wp:featuredmedia":[{"embeddable":true,"href":"https:\/\/www.materdominivolley.it\/home\/wp-json\/wp\/v2\/media\/1167"}],"wp:attachment":[{"href":"https:\/\/www.materdominivolley.it\/home\/wp-json\/wp\/v2\/media?parent=1275"}],"wp:term":[{"taxonomy":"category","embeddable":true,"href":"https:\/\/www.materdominivolley.it\/home\/wp-json\/wp\/v2\/categories?post=1275"},{"taxonomy":"post_tag","embeddable":true,"href":"https:\/\/www.materdominivolley.it\/home\/wp-json\/wp\/v2\/tags?post=1275"}],"curies":[{"name":"wp","href":"https:\/\/api.w.org\/{rel}","templated":true}]}}