{"id":1285,"date":"2015-01-05T10:07:40","date_gmt":"2015-01-05T09:07:40","guid":{"rendered":"https:\/\/www.materdominivolley.it\/home\/2015\/01\/05\/tra-neve-nuovo-anno-e-ritorno-arriva-corigliano\/"},"modified":"2015-01-05T10:07:40","modified_gmt":"2015-01-05T09:07:40","slug":"tra-neve-nuovo-anno-e-ritorno-arriva-corigliano","status":"publish","type":"post","link":"https:\/\/www.materdominivolley.it\/home\/2015\/01\/05\/tra-neve-nuovo-anno-e-ritorno-arriva-corigliano\/","title":{"rendered":"Tra neve, nuovo anno e ritorno, arriva Corigliano"},"content":{"rendered":"\n        <p>\n\tSar\u00e0 una Castellana innevata come non accadeva da oltre vent&#39;anni, quella che ospiter\u00e0 la prima giornata del girone di ritorno del campionato nazionale serie A2 UnipolSai di pallavolo maschile tra <strong>Materdominivolley.it Castellana Grotte<\/strong> e <strong>Caff\u00e8 Aiello Corigliano<\/strong>. Una sfida tostissima, quella che apre il 2015 sportivo, per la formazione allenata dal tecnico <strong>Vincenzo Fanizza<\/strong> che, <strong>sabato 3 gennaio<\/strong>, con prima battuta alle <strong>ore 20,30<\/strong>, sfider\u00e0 al PalaGrotte la vice capolista del torneo con 24 punti, condivisi con l\u2019Ortona, a sole due lunghezze dalla vetta occupata dal Sora. All\u2019andata \u00e8 finita con la Mater che in terra calabrese si \u00e8 arresa solo quinto set (il primo dei cinque tiebreak giocati dai castellanesi nella fase d\u2019andata), ma a quasi tre mesi di distanza molto \u00e8 cambiato. Il Corigliano arriva in Puglia forte di quattro successi consecutivi e tenter\u00e0 l\u2019assedio al PalaGrotte, inviolato dal 9 novembre 2014 quando a Castellana pass\u00f2 un&#39;altra calabrese, il Vibo Valentia.<\/p>\n<p>\n\tA presentare la sfida capitan <strong>Maurizio Castellano<\/strong>, grande assente, per un grave attacco influenzale, della gara nel precedente turno di campionato contro l&#39;altra vice capolista Ortona, finita 3-2 in favore degli abruzzesi: \u201cIn quell\u2019occasione &#8211; commenta l\u2019esperto schiacciatore campano, classe \u201971 &#8211; ho sofferto da casa ed assicuro che per un lottatore come me non \u00e8 facile essere spettatore. Spero di poter offrire il mio contributo in qualsiasi modo contro la Caff\u00e8 Aiello. Sar\u00e0 una partita dura ed occorrer\u00e0 grande concentrazione soprattutto da parte dei giovani. Il progetto dell\u2019accademia del volley \u00e8 stato costruito per far crescere nuovi talenti e queste prove temprano il carattere. Io cerco sempre di impegnarmi al massimo &#8211; prosegue il giocatore pi\u00f9 esperto della Mater, con ben 26 stagioni all\u2019attivo e 583 incontri disputati &#8211; anche per essere d\u2019esempio ai nostri ragazzi. Ogni singolo debutto per me \u00e8 motivo di soddisfazioni (in questa stagione la Mater ha fatto esordire in serie A ben sei giocatori, Alessandro Primavera, Cirocco, Sorrenti, Latorre, Marzo e De Serio). Contro Corigliano &#8211; conclude Castellano &#8211; forse non saremo al top delle nostre potenzialit\u00e0 ma \u00e8 anche vero che questa squadra offre il meglio di s\u00e8 nei momenti difficili\u201d.<\/p>\n<p>\n\tUlteriori informazioni sul sito <strong>www.materdominivolley.it<\/strong> e sulla pagina fan facebook <strong>Materdomini Volley.it<\/strong>.<\/p>\n        ","protected":false},"excerpt":{"rendered":"<p><!-- wp:paragraph --><br \/>\n        Al PalaGrotte, inviolato da tre giornate, arriva la vice capolista Corigliano, reduce da quattro vittorie consecutive. Sar\u00e0 una Castellana imbiancata come non accadeva da vent&#8217;anni ad accogliere la prima giornata di ritorno che apre il 2015 sportivo.<br \/>\n        <!-- \/wp:paragraph --><\/p>\n","protected":false},"author":1,"featured_media":1286,"comment_status":"open","ping_status":"closed","sticky":false,"template":"","format":"standard","meta":{"footnotes":""},"categories":[13],"tags":[],"class_list":["post-1285","post","type-post","status-publish","format-standard","has-post-thumbnail","hentry","category-serie-a2"],"yoast_head":"<!-- This site is optimized with the Yoast SEO plugin v27.4 - https:\/\/yoast.com\/product\/yoast-seo-wordpress\/ -->\n<title>Tra neve, nuovo anno e ritorno, arriva Corigliano - materdominivolley<\/title>\n<meta name=\"robots\" content=\"index, follow, max-snippet:-1, max-image-preview:large, max-video-preview:-1\" \/>\n<link rel=\"canonical\" href=\"https:\/\/www.materdominivolley.it\/home\/2015\/01\/05\/tra-neve-nuovo-anno-e-ritorno-arriva-corigliano\/\" \/>\n<meta property=\"og:locale\" content=\"it_IT\" \/>\n<meta property=\"og:type\" content=\"article\" \/>\n<meta property=\"og:title\" content=\"Tra neve, nuovo anno e ritorno, arriva Corigliano - materdominivolley\" \/>\n<meta property=\"og:description\" content=\"Al PalaGrotte, inviolato da tre giornate, arriva la vice capolista Corigliano, reduce da quattro vittorie consecutive. Sar\u00e0 una Castellana imbiancata come non accadeva da vent&#039;anni ad accogliere la prima giornata di ritorno che apre il 2015 sportivo.\" \/>\n<meta property=\"og:url\" content=\"https:\/\/www.materdominivolley.it\/home\/2015\/01\/05\/tra-neve-nuovo-anno-e-ritorno-arriva-corigliano\/\" \/>\n<meta property=\"og:site_name\" content=\"materdominivolley\" \/>\n<meta property=\"article:publisher\" content=\"https:\/\/www.facebook.com\/materdominivolleyit\/\" \/>\n<meta property=\"article:published_time\" content=\"2015-01-05T09:07:40+00:00\" \/>\n<meta property=\"og:image\" content=\"https:\/\/www.materdominivolley.it\/home\/wp-content\/uploads\/2019\/09\/castellano_bevilacqua.jpg\" \/>\n\t<meta property=\"og:image:width\" content=\"980\" \/>\n\t<meta property=\"og:image:height\" content=\"400\" \/>\n\t<meta property=\"og:image:type\" content=\"image\/jpeg\" \/>\n<meta name=\"author\" content=\"admin-mater\" \/>\n<meta name=\"twitter:card\" content=\"summary_large_image\" \/>\n<meta name=\"twitter:label1\" content=\"Scritto da\" \/>\n\t<meta name=\"twitter:data1\" content=\"admin-mater\" \/>\n\t<meta name=\"twitter:label2\" content=\"Tempo di lettura stimato\" \/>\n\t<meta name=\"twitter:data2\" content=\"2 minuti\" \/>\n<script type=\"application\/ld+json\" class=\"yoast-schema-graph\">{\"@context\":\"https:\\\/\\\/schema.org\",\"@graph\":[{\"@type\":\"Article\",\"@id\":\"https:\\\/\\\/www.materdominivolley.it\\\/home\\\/2015\\\/01\\\/05\\\/tra-neve-nuovo-anno-e-ritorno-arriva-corigliano\\\/#article\",\"isPartOf\":{\"@id\":\"https:\\\/\\\/www.materdominivolley.it\\\/home\\\/2015\\\/01\\\/05\\\/tra-neve-nuovo-anno-e-ritorno-arriva-corigliano\\\/\"},\"author\":{\"name\":\"admin-mater\",\"@id\":\"https:\\\/\\\/www.materdominivolley.it\\\/home\\\/#\\\/schema\\\/person\\\/86961330b970aecf0b9729df84069339\"},\"headline\":\"Tra neve, nuovo anno e ritorno, arriva Corigliano\",\"datePublished\":\"2015-01-05T09:07:40+00:00\",\"mainEntityOfPage\":{\"@id\":\"https:\\\/\\\/www.materdominivolley.it\\\/home\\\/2015\\\/01\\\/05\\\/tra-neve-nuovo-anno-e-ritorno-arriva-corigliano\\\/\"},\"wordCount\":371,\"commentCount\":0,\"publisher\":{\"@id\":\"https:\\\/\\\/www.materdominivolley.it\\\/home\\\/#organization\"},\"image\":{\"@id\":\"https:\\\/\\\/www.materdominivolley.it\\\/home\\\/2015\\\/01\\\/05\\\/tra-neve-nuovo-anno-e-ritorno-arriva-corigliano\\\/#primaryimage\"},\"thumbnailUrl\":\"https:\\\/\\\/www.materdominivolley.it\\\/home\\\/wp-content\\\/uploads\\\/2019\\\/09\\\/castellano_bevilacqua.jpg\",\"articleSection\":[\"Serie A2\"],\"inLanguage\":\"it-IT\",\"potentialAction\":[{\"@type\":\"CommentAction\",\"name\":\"Comment\",\"target\":[\"https:\\\/\\\/www.materdominivolley.it\\\/home\\\/2015\\\/01\\\/05\\\/tra-neve-nuovo-anno-e-ritorno-arriva-corigliano\\\/#respond\"]}]},{\"@type\":\"WebPage\",\"@id\":\"https:\\\/\\\/www.materdominivolley.it\\\/home\\\/2015\\\/01\\\/05\\\/tra-neve-nuovo-anno-e-ritorno-arriva-corigliano\\\/\",\"url\":\"https:\\\/\\\/www.materdominivolley.it\\\/home\\\/2015\\\/01\\\/05\\\/tra-neve-nuovo-anno-e-ritorno-arriva-corigliano\\\/\",\"name\":\"Tra neve, nuovo anno e ritorno, arriva Corigliano - materdominivolley\",\"isPartOf\":{\"@id\":\"https:\\\/\\\/www.materdominivolley.it\\\/home\\\/#website\"},\"primaryImageOfPage\":{\"@id\":\"https:\\\/\\\/www.materdominivolley.it\\\/home\\\/2015\\\/01\\\/05\\\/tra-neve-nuovo-anno-e-ritorno-arriva-corigliano\\\/#primaryimage\"},\"image\":{\"@id\":\"https:\\\/\\\/www.materdominivolley.it\\\/home\\\/2015\\\/01\\\/05\\\/tra-neve-nuovo-anno-e-ritorno-arriva-corigliano\\\/#primaryimage\"},\"thumbnailUrl\":\"https:\\\/\\\/www.materdominivolley.it\\\/home\\\/wp-content\\\/uploads\\\/2019\\\/09\\\/castellano_bevilacqua.jpg\",\"datePublished\":\"2015-01-05T09:07:40+00:00\",\"breadcrumb\":{\"@id\":\"https:\\\/\\\/www.materdominivolley.it\\\/home\\\/2015\\\/01\\\/05\\\/tra-neve-nuovo-anno-e-ritorno-arriva-corigliano\\\/#breadcrumb\"},\"inLanguage\":\"it-IT\",\"potentialAction\":[{\"@type\":\"ReadAction\",\"target\":[\"https:\\\/\\\/www.materdominivolley.it\\\/home\\\/2015\\\/01\\\/05\\\/tra-neve-nuovo-anno-e-ritorno-arriva-corigliano\\\/\"]}]},{\"@type\":\"ImageObject\",\"inLanguage\":\"it-IT\",\"@id\":\"https:\\\/\\\/www.materdominivolley.it\\\/home\\\/2015\\\/01\\\/05\\\/tra-neve-nuovo-anno-e-ritorno-arriva-corigliano\\\/#primaryimage\",\"url\":\"https:\\\/\\\/www.materdominivolley.it\\\/home\\\/wp-content\\\/uploads\\\/2019\\\/09\\\/castellano_bevilacqua.jpg\",\"contentUrl\":\"https:\\\/\\\/www.materdominivolley.it\\\/home\\\/wp-content\\\/uploads\\\/2019\\\/09\\\/castellano_bevilacqua.jpg\",\"width\":980,\"height\":400},{\"@type\":\"BreadcrumbList\",\"@id\":\"https:\\\/\\\/www.materdominivolley.it\\\/home\\\/2015\\\/01\\\/05\\\/tra-neve-nuovo-anno-e-ritorno-arriva-corigliano\\\/#breadcrumb\",\"itemListElement\":[{\"@type\":\"ListItem\",\"position\":1,\"name\":\"Home\",\"item\":\"https:\\\/\\\/www.materdominivolley.it\\\/home\\\/\"},{\"@type\":\"ListItem\",\"position\":2,\"name\":\"Tra neve, nuovo anno e ritorno, arriva Corigliano\"}]},{\"@type\":\"WebSite\",\"@id\":\"https:\\\/\\\/www.materdominivolley.it\\\/home\\\/#website\",\"url\":\"https:\\\/\\\/www.materdominivolley.it\\\/home\\\/\",\"name\":\"materdominivolley\",\"description\":\"\",\"publisher\":{\"@id\":\"https:\\\/\\\/www.materdominivolley.it\\\/home\\\/#organization\"},\"potentialAction\":[{\"@type\":\"SearchAction\",\"target\":{\"@type\":\"EntryPoint\",\"urlTemplate\":\"https:\\\/\\\/www.materdominivolley.it\\\/home\\\/?s={search_term_string}\"},\"query-input\":{\"@type\":\"PropertyValueSpecification\",\"valueRequired\":true,\"valueName\":\"search_term_string\"}}],\"inLanguage\":\"it-IT\"},{\"@type\":\"Organization\",\"@id\":\"https:\\\/\\\/www.materdominivolley.it\\\/home\\\/#organization\",\"name\":\"Materdominivolley.it\",\"url\":\"https:\\\/\\\/www.materdominivolley.it\\\/home\\\/\",\"logo\":{\"@type\":\"ImageObject\",\"inLanguage\":\"it-IT\",\"@id\":\"https:\\\/\\\/www.materdominivolley.it\\\/home\\\/#\\\/schema\\\/logo\\\/image\\\/\",\"url\":\"https:\\\/\\\/www.materdominivolley.it\\\/home\\\/wp-content\\\/uploads\\\/2019\\\/10\\\/Senza-titolo-1-2.png\",\"contentUrl\":\"https:\\\/\\\/www.materdominivolley.it\\\/home\\\/wp-content\\\/uploads\\\/2019\\\/10\\\/Senza-titolo-1-2.png\",\"width\":180,\"height\":250,\"caption\":\"Materdominivolley.it\"},\"image\":{\"@id\":\"https:\\\/\\\/www.materdominivolley.it\\\/home\\\/#\\\/schema\\\/logo\\\/image\\\/\"},\"sameAs\":[\"https:\\\/\\\/www.facebook.com\\\/materdominivolleyit\\\/\"]},{\"@type\":\"Person\",\"@id\":\"https:\\\/\\\/www.materdominivolley.it\\\/home\\\/#\\\/schema\\\/person\\\/86961330b970aecf0b9729df84069339\",\"name\":\"admin-mater\",\"image\":{\"@type\":\"ImageObject\",\"inLanguage\":\"it-IT\",\"@id\":\"https:\\\/\\\/secure.gravatar.com\\\/avatar\\\/71d088b9255aa52813637243630e63af9ffd99251cfb71c8536f2d3794cac08e?s=96&d=mm&r=g\",\"url\":\"https:\\\/\\\/secure.gravatar.com\\\/avatar\\\/71d088b9255aa52813637243630e63af9ffd99251cfb71c8536f2d3794cac08e?s=96&d=mm&r=g\",\"contentUrl\":\"https:\\\/\\\/secure.gravatar.com\\\/avatar\\\/71d088b9255aa52813637243630e63af9ffd99251cfb71c8536f2d3794cac08e?s=96&d=mm&r=g\",\"caption\":\"admin-mater\"},\"url\":\"https:\\\/\\\/www.materdominivolley.it\\\/home\\\/author\\\/admin-mater\\\/\"}]}<\/script>\n<!-- \/ Yoast SEO plugin. -->","yoast_head_json":{"title":"Tra neve, nuovo anno e ritorno, arriva Corigliano - materdominivolley","robots":{"index":"index","follow":"follow","max-snippet":"max-snippet:-1","max-image-preview":"max-image-preview:large","max-video-preview":"max-video-preview:-1"},"canonical":"https:\/\/www.materdominivolley.it\/home\/2015\/01\/05\/tra-neve-nuovo-anno-e-ritorno-arriva-corigliano\/","og_locale":"it_IT","og_type":"article","og_title":"Tra neve, nuovo anno e ritorno, arriva Corigliano - materdominivolley","og_description":"Al PalaGrotte, inviolato da tre giornate, arriva la vice capolista Corigliano, reduce da quattro vittorie consecutive. Sar\u00e0 una Castellana imbiancata come non accadeva da vent'anni ad accogliere la prima giornata di ritorno che apre il 2015 sportivo.","og_url":"https:\/\/www.materdominivolley.it\/home\/2015\/01\/05\/tra-neve-nuovo-anno-e-ritorno-arriva-corigliano\/","og_site_name":"materdominivolley","article_publisher":"https:\/\/www.facebook.com\/materdominivolleyit\/","article_published_time":"2015-01-05T09:07:40+00:00","og_image":[{"width":980,"height":400,"url":"https:\/\/www.materdominivolley.it\/home\/wp-content\/uploads\/2019\/09\/castellano_bevilacqua.jpg","type":"image\/jpeg"}],"author":"admin-mater","twitter_card":"summary_large_image","twitter_misc":{"Scritto da":"admin-mater","Tempo di lettura stimato":"2 minuti"},"schema":{"@context":"https:\/\/schema.org","@graph":[{"@type":"Article","@id":"https:\/\/www.materdominivolley.it\/home\/2015\/01\/05\/tra-neve-nuovo-anno-e-ritorno-arriva-corigliano\/#article","isPartOf":{"@id":"https:\/\/www.materdominivolley.it\/home\/2015\/01\/05\/tra-neve-nuovo-anno-e-ritorno-arriva-corigliano\/"},"author":{"name":"admin-mater","@id":"https:\/\/www.materdominivolley.it\/home\/#\/schema\/person\/86961330b970aecf0b9729df84069339"},"headline":"Tra neve, nuovo anno e ritorno, arriva Corigliano","datePublished":"2015-01-05T09:07:40+00:00","mainEntityOfPage":{"@id":"https:\/\/www.materdominivolley.it\/home\/2015\/01\/05\/tra-neve-nuovo-anno-e-ritorno-arriva-corigliano\/"},"wordCount":371,"commentCount":0,"publisher":{"@id":"https:\/\/www.materdominivolley.it\/home\/#organization"},"image":{"@id":"https:\/\/www.materdominivolley.it\/home\/2015\/01\/05\/tra-neve-nuovo-anno-e-ritorno-arriva-corigliano\/#primaryimage"},"thumbnailUrl":"https:\/\/www.materdominivolley.it\/home\/wp-content\/uploads\/2019\/09\/castellano_bevilacqua.jpg","articleSection":["Serie A2"],"inLanguage":"it-IT","potentialAction":[{"@type":"CommentAction","name":"Comment","target":["https:\/\/www.materdominivolley.it\/home\/2015\/01\/05\/tra-neve-nuovo-anno-e-ritorno-arriva-corigliano\/#respond"]}]},{"@type":"WebPage","@id":"https:\/\/www.materdominivolley.it\/home\/2015\/01\/05\/tra-neve-nuovo-anno-e-ritorno-arriva-corigliano\/","url":"https:\/\/www.materdominivolley.it\/home\/2015\/01\/05\/tra-neve-nuovo-anno-e-ritorno-arriva-corigliano\/","name":"Tra neve, nuovo anno e ritorno, arriva Corigliano - materdominivolley","isPartOf":{"@id":"https:\/\/www.materdominivolley.it\/home\/#website"},"primaryImageOfPage":{"@id":"https:\/\/www.materdominivolley.it\/home\/2015\/01\/05\/tra-neve-nuovo-anno-e-ritorno-arriva-corigliano\/#primaryimage"},"image":{"@id":"https:\/\/www.materdominivolley.it\/home\/2015\/01\/05\/tra-neve-nuovo-anno-e-ritorno-arriva-corigliano\/#primaryimage"},"thumbnailUrl":"https:\/\/www.materdominivolley.it\/home\/wp-content\/uploads\/2019\/09\/castellano_bevilacqua.jpg","datePublished":"2015-01-05T09:07:40+00:00","breadcrumb":{"@id":"https:\/\/www.materdominivolley.it\/home\/2015\/01\/05\/tra-neve-nuovo-anno-e-ritorno-arriva-corigliano\/#breadcrumb"},"inLanguage":"it-IT","potentialAction":[{"@type":"ReadAction","target":["https:\/\/www.materdominivolley.it\/home\/2015\/01\/05\/tra-neve-nuovo-anno-e-ritorno-arriva-corigliano\/"]}]},{"@type":"ImageObject","inLanguage":"it-IT","@id":"https:\/\/www.materdominivolley.it\/home\/2015\/01\/05\/tra-neve-nuovo-anno-e-ritorno-arriva-corigliano\/#primaryimage","url":"https:\/\/www.materdominivolley.it\/home\/wp-content\/uploads\/2019\/09\/castellano_bevilacqua.jpg","contentUrl":"https:\/\/www.materdominivolley.it\/home\/wp-content\/uploads\/2019\/09\/castellano_bevilacqua.jpg","width":980,"height":400},{"@type":"BreadcrumbList","@id":"https:\/\/www.materdominivolley.it\/home\/2015\/01\/05\/tra-neve-nuovo-anno-e-ritorno-arriva-corigliano\/#breadcrumb","itemListElement":[{"@type":"ListItem","position":1,"name":"Home","item":"https:\/\/www.materdominivolley.it\/home\/"},{"@type":"ListItem","position":2,"name":"Tra neve, nuovo anno e ritorno, arriva Corigliano"}]},{"@type":"WebSite","@id":"https:\/\/www.materdominivolley.it\/home\/#website","url":"https:\/\/www.materdominivolley.it\/home\/","name":"materdominivolley","description":"","publisher":{"@id":"https:\/\/www.materdominivolley.it\/home\/#organization"},"potentialAction":[{"@type":"SearchAction","target":{"@type":"EntryPoint","urlTemplate":"https:\/\/www.materdominivolley.it\/home\/?s={search_term_string}"},"query-input":{"@type":"PropertyValueSpecification","valueRequired":true,"valueName":"search_term_string"}}],"inLanguage":"it-IT"},{"@type":"Organization","@id":"https:\/\/www.materdominivolley.it\/home\/#organization","name":"Materdominivolley.it","url":"https:\/\/www.materdominivolley.it\/home\/","logo":{"@type":"ImageObject","inLanguage":"it-IT","@id":"https:\/\/www.materdominivolley.it\/home\/#\/schema\/logo\/image\/","url":"https:\/\/www.materdominivolley.it\/home\/wp-content\/uploads\/2019\/10\/Senza-titolo-1-2.png","contentUrl":"https:\/\/www.materdominivolley.it\/home\/wp-content\/uploads\/2019\/10\/Senza-titolo-1-2.png","width":180,"height":250,"caption":"Materdominivolley.it"},"image":{"@id":"https:\/\/www.materdominivolley.it\/home\/#\/schema\/logo\/image\/"},"sameAs":["https:\/\/www.facebook.com\/materdominivolleyit\/"]},{"@type":"Person","@id":"https:\/\/www.materdominivolley.it\/home\/#\/schema\/person\/86961330b970aecf0b9729df84069339","name":"admin-mater","image":{"@type":"ImageObject","inLanguage":"it-IT","@id":"https:\/\/secure.gravatar.com\/avatar\/71d088b9255aa52813637243630e63af9ffd99251cfb71c8536f2d3794cac08e?s=96&d=mm&r=g","url":"https:\/\/secure.gravatar.com\/avatar\/71d088b9255aa52813637243630e63af9ffd99251cfb71c8536f2d3794cac08e?s=96&d=mm&r=g","contentUrl":"https:\/\/secure.gravatar.com\/avatar\/71d088b9255aa52813637243630e63af9ffd99251cfb71c8536f2d3794cac08e?s=96&d=mm&r=g","caption":"admin-mater"},"url":"https:\/\/www.materdominivolley.it\/home\/author\/admin-mater\/"}]}},"_links":{"self":[{"href":"https:\/\/www.materdominivolley.it\/home\/wp-json\/wp\/v2\/posts\/1285","targetHints":{"allow":["GET"]}}],"collection":[{"href":"https:\/\/www.materdominivolley.it\/home\/wp-json\/wp\/v2\/posts"}],"about":[{"href":"https:\/\/www.materdominivolley.it\/home\/wp-json\/wp\/v2\/types\/post"}],"author":[{"embeddable":true,"href":"https:\/\/www.materdominivolley.it\/home\/wp-json\/wp\/v2\/users\/1"}],"replies":[{"embeddable":true,"href":"https:\/\/www.materdominivolley.it\/home\/wp-json\/wp\/v2\/comments?post=1285"}],"version-history":[{"count":0,"href":"https:\/\/www.materdominivolley.it\/home\/wp-json\/wp\/v2\/posts\/1285\/revisions"}],"wp:featuredmedia":[{"embeddable":true,"href":"https:\/\/www.materdominivolley.it\/home\/wp-json\/wp\/v2\/media\/1286"}],"wp:attachment":[{"href":"https:\/\/www.materdominivolley.it\/home\/wp-json\/wp\/v2\/media?parent=1285"}],"wp:term":[{"taxonomy":"category","embeddable":true,"href":"https:\/\/www.materdominivolley.it\/home\/wp-json\/wp\/v2\/categories?post=1285"},{"taxonomy":"post_tag","embeddable":true,"href":"https:\/\/www.materdominivolley.it\/home\/wp-json\/wp\/v2\/tags?post=1285"}],"curies":[{"name":"wp","href":"https:\/\/api.w.org\/{rel}","templated":true}]}}