{"id":1290,"date":"2014-12-27T10:54:09","date_gmt":"2014-12-27T09:54:09","guid":{"rendered":"https:\/\/www.materdominivolley.it\/home\/2014\/12\/27\/natale-ad-ortona-col-sogno-coppa-italia\/"},"modified":"2014-12-27T10:54:09","modified_gmt":"2014-12-27T09:54:09","slug":"natale-ad-ortona-col-sogno-coppa-italia","status":"publish","type":"post","link":"https:\/\/www.materdominivolley.it\/home\/2014\/12\/27\/natale-ad-ortona-col-sogno-coppa-italia\/","title":{"rendered":"Natale ad Ortona col sogno Coppa Italia"},"content":{"rendered":"\n        <p>\n\tA 48 ore dalla splendida vittoria nel derby appulo-lucano con il Matera, per la <strong>Materdominivolley.it Castellana Grotte<\/strong> \u00e8 gi\u00e0 tempo di preparare l&#39;ultima giornata del giornata di andata, l&#39;undicesima del campionato nazionale serie A2 Unipolsai di pallavolo maschile. La formazione allenata da <strong>Vincenzo Fanizza<\/strong> sar\u00e0 impegnata in Abruzzo sul campo della <strong>Sieco Service Ortona<\/strong>, vice capolista del torneo cadetto.<\/p>\n<p>\n\tSar\u00e0 un Santo Stefano lontano da casa, quindi, quello che attende la Materdominivolley.it: la gara \u00e8 in programma <strong>venerd\u00ec 26 dicembre<\/strong> con prima battuta alle <strong>ore 18<\/strong> con il movimento pallavolistico che, come ormai consuetudine negli ultimi anni, non si ferma neppure per le feste. \u00a0<\/p>\n<p>\n\tDopo il doppio successo casalingo delle ultime due giornate e soprattutto dopo i tre punti pieni conquistati in casa contro Matera, per la formazione della Citt\u00e0 delle Grotte rimane aritmeticamente aperto anche il discorso Coppa Italia. Di sicuro, per concretizzarlo, servir\u00e0 l&#39;impresa sul campo dell&#39;Ortona e i risultati ad incastro dai campi di Cant\u00f9, Matera e Corigliano (dove sar\u00e0 impegnato il Vibo Valentia).<\/p>\n<p>\n\t&#8220;Obiettivo oggettivamente difficile da raggiungere &#8211; ha commentato il presidente del club castellanese <strong>Michele Miccolis<\/strong> &#8211; Ma tanto vale provarci. Abbiamo sempre sostenuto come il nostro progetto abbia come traguardo principe la crescita costante dei tanti giovani prodotti dal nostro vivaio. Non abbiamo ansia da risultati n\u00e9 ambizioni da dover soddisfare, ma proprio per questo possiamo permetterci di ragionare come chi non ha nulla da perdere e sogna di raggiungere obiettivi sempre pi\u00f9 grandi&#8221;.<\/p>\n<p>\n\tAd Ortona sar\u00e0 scontro diretto tra <strong>Michele Morelli<\/strong> (terzo della classifica dei migliori realizzatori di stagione con 217 punti) e Peter Michalovic (che quella graduatoria la guida con 235 punti). Per l&#39;opposto foggiano l&#39;obiettivo anche di chiudere il girone di andata da miglior italiano, superando Moretti del Potenza Picena, avanti di un solo punto. Sotto rete sfida ravvicinata anche tra <strong>Vincenzo Spadavecchia<\/strong> e Matteo Guidone: entrambi dominano, a quota 30, la classifica dei muri vincenti.<\/p>\n        ","protected":false},"excerpt":{"rendered":"<p><!-- wp:paragraph --><br \/>\n        A 48 ore dalla splendida vittoria nel derby appulo-lucano con il Matera, per la Materdominivolley.it Castellana Grotte \u00e8 gi\u00e0 tempo di preparare l&#8217;ultima giornata del giornata di andata sul campo della Sieco Service Ortona.<br \/>\n        <!-- \/wp:paragraph --><\/p>\n","protected":false},"author":1,"featured_media":1291,"comment_status":"open","ping_status":"closed","sticky":false,"template":"","format":"standard","meta":{"footnotes":""},"categories":[13],"tags":[],"class_list":["post-1290","post","type-post","status-publish","format-standard","has-post-thumbnail","hentry","category-serie-a2"],"yoast_head":"<!-- This site is optimized with the Yoast SEO plugin v27.4 - https:\/\/yoast.com\/product\/yoast-seo-wordpress\/ -->\n<title>Natale ad Ortona col sogno Coppa Italia - materdominivolley<\/title>\n<meta name=\"robots\" content=\"index, follow, max-snippet:-1, max-image-preview:large, max-video-preview:-1\" \/>\n<link rel=\"canonical\" href=\"https:\/\/www.materdominivolley.it\/home\/2014\/12\/27\/natale-ad-ortona-col-sogno-coppa-italia\/\" \/>\n<meta property=\"og:locale\" content=\"it_IT\" \/>\n<meta property=\"og:type\" content=\"article\" \/>\n<meta property=\"og:title\" content=\"Natale ad Ortona col sogno Coppa Italia - materdominivolley\" \/>\n<meta property=\"og:description\" content=\"A 48 ore dalla splendida vittoria nel derby appulo-lucano con il Matera, per la Materdominivolley.it Castellana Grotte \u00e8 gi\u00e0 tempo di preparare l&#039;ultima giornata del giornata di andata sul campo della Sieco Service Ortona.\" \/>\n<meta property=\"og:url\" content=\"https:\/\/www.materdominivolley.it\/home\/2014\/12\/27\/natale-ad-ortona-col-sogno-coppa-italia\/\" \/>\n<meta property=\"og:site_name\" content=\"materdominivolley\" \/>\n<meta property=\"article:publisher\" content=\"https:\/\/www.facebook.com\/materdominivolleyit\/\" \/>\n<meta property=\"article:published_time\" content=\"2014-12-27T09:54:09+00:00\" \/>\n<meta property=\"og:image\" content=\"https:\/\/www.materdominivolley.it\/home\/wp-content\/uploads\/2019\/09\/spadavecchia_web.jpg\" \/>\n\t<meta property=\"og:image:width\" content=\"1300\" \/>\n\t<meta property=\"og:image:height\" content=\"531\" \/>\n\t<meta property=\"og:image:type\" content=\"image\/jpeg\" \/>\n<meta name=\"author\" content=\"admin-mater\" \/>\n<meta name=\"twitter:card\" content=\"summary_large_image\" \/>\n<meta name=\"twitter:label1\" content=\"Scritto da\" \/>\n\t<meta name=\"twitter:data1\" content=\"admin-mater\" \/>\n\t<meta name=\"twitter:label2\" content=\"Tempo di lettura stimato\" \/>\n\t<meta name=\"twitter:data2\" content=\"2 minuti\" \/>\n<script type=\"application\/ld+json\" class=\"yoast-schema-graph\">{\"@context\":\"https:\\\/\\\/schema.org\",\"@graph\":[{\"@type\":\"Article\",\"@id\":\"https:\\\/\\\/www.materdominivolley.it\\\/home\\\/2014\\\/12\\\/27\\\/natale-ad-ortona-col-sogno-coppa-italia\\\/#article\",\"isPartOf\":{\"@id\":\"https:\\\/\\\/www.materdominivolley.it\\\/home\\\/2014\\\/12\\\/27\\\/natale-ad-ortona-col-sogno-coppa-italia\\\/\"},\"author\":{\"name\":\"admin-mater\",\"@id\":\"https:\\\/\\\/www.materdominivolley.it\\\/home\\\/#\\\/schema\\\/person\\\/86961330b970aecf0b9729df84069339\"},\"headline\":\"Natale ad Ortona col sogno Coppa Italia\",\"datePublished\":\"2014-12-27T09:54:09+00:00\",\"mainEntityOfPage\":{\"@id\":\"https:\\\/\\\/www.materdominivolley.it\\\/home\\\/2014\\\/12\\\/27\\\/natale-ad-ortona-col-sogno-coppa-italia\\\/\"},\"wordCount\":323,\"commentCount\":0,\"publisher\":{\"@id\":\"https:\\\/\\\/www.materdominivolley.it\\\/home\\\/#organization\"},\"image\":{\"@id\":\"https:\\\/\\\/www.materdominivolley.it\\\/home\\\/2014\\\/12\\\/27\\\/natale-ad-ortona-col-sogno-coppa-italia\\\/#primaryimage\"},\"thumbnailUrl\":\"https:\\\/\\\/www.materdominivolley.it\\\/home\\\/wp-content\\\/uploads\\\/2019\\\/09\\\/spadavecchia_web.jpg\",\"articleSection\":[\"Serie A2\"],\"inLanguage\":\"it-IT\",\"potentialAction\":[{\"@type\":\"CommentAction\",\"name\":\"Comment\",\"target\":[\"https:\\\/\\\/www.materdominivolley.it\\\/home\\\/2014\\\/12\\\/27\\\/natale-ad-ortona-col-sogno-coppa-italia\\\/#respond\"]}]},{\"@type\":\"WebPage\",\"@id\":\"https:\\\/\\\/www.materdominivolley.it\\\/home\\\/2014\\\/12\\\/27\\\/natale-ad-ortona-col-sogno-coppa-italia\\\/\",\"url\":\"https:\\\/\\\/www.materdominivolley.it\\\/home\\\/2014\\\/12\\\/27\\\/natale-ad-ortona-col-sogno-coppa-italia\\\/\",\"name\":\"Natale ad Ortona col sogno Coppa Italia - materdominivolley\",\"isPartOf\":{\"@id\":\"https:\\\/\\\/www.materdominivolley.it\\\/home\\\/#website\"},\"primaryImageOfPage\":{\"@id\":\"https:\\\/\\\/www.materdominivolley.it\\\/home\\\/2014\\\/12\\\/27\\\/natale-ad-ortona-col-sogno-coppa-italia\\\/#primaryimage\"},\"image\":{\"@id\":\"https:\\\/\\\/www.materdominivolley.it\\\/home\\\/2014\\\/12\\\/27\\\/natale-ad-ortona-col-sogno-coppa-italia\\\/#primaryimage\"},\"thumbnailUrl\":\"https:\\\/\\\/www.materdominivolley.it\\\/home\\\/wp-content\\\/uploads\\\/2019\\\/09\\\/spadavecchia_web.jpg\",\"datePublished\":\"2014-12-27T09:54:09+00:00\",\"breadcrumb\":{\"@id\":\"https:\\\/\\\/www.materdominivolley.it\\\/home\\\/2014\\\/12\\\/27\\\/natale-ad-ortona-col-sogno-coppa-italia\\\/#breadcrumb\"},\"inLanguage\":\"it-IT\",\"potentialAction\":[{\"@type\":\"ReadAction\",\"target\":[\"https:\\\/\\\/www.materdominivolley.it\\\/home\\\/2014\\\/12\\\/27\\\/natale-ad-ortona-col-sogno-coppa-italia\\\/\"]}]},{\"@type\":\"ImageObject\",\"inLanguage\":\"it-IT\",\"@id\":\"https:\\\/\\\/www.materdominivolley.it\\\/home\\\/2014\\\/12\\\/27\\\/natale-ad-ortona-col-sogno-coppa-italia\\\/#primaryimage\",\"url\":\"https:\\\/\\\/www.materdominivolley.it\\\/home\\\/wp-content\\\/uploads\\\/2019\\\/09\\\/spadavecchia_web.jpg\",\"contentUrl\":\"https:\\\/\\\/www.materdominivolley.it\\\/home\\\/wp-content\\\/uploads\\\/2019\\\/09\\\/spadavecchia_web.jpg\",\"width\":1300,\"height\":531},{\"@type\":\"BreadcrumbList\",\"@id\":\"https:\\\/\\\/www.materdominivolley.it\\\/home\\\/2014\\\/12\\\/27\\\/natale-ad-ortona-col-sogno-coppa-italia\\\/#breadcrumb\",\"itemListElement\":[{\"@type\":\"ListItem\",\"position\":1,\"name\":\"Home\",\"item\":\"https:\\\/\\\/www.materdominivolley.it\\\/home\\\/\"},{\"@type\":\"ListItem\",\"position\":2,\"name\":\"Natale ad Ortona col sogno Coppa Italia\"}]},{\"@type\":\"WebSite\",\"@id\":\"https:\\\/\\\/www.materdominivolley.it\\\/home\\\/#website\",\"url\":\"https:\\\/\\\/www.materdominivolley.it\\\/home\\\/\",\"name\":\"materdominivolley\",\"description\":\"\",\"publisher\":{\"@id\":\"https:\\\/\\\/www.materdominivolley.it\\\/home\\\/#organization\"},\"potentialAction\":[{\"@type\":\"SearchAction\",\"target\":{\"@type\":\"EntryPoint\",\"urlTemplate\":\"https:\\\/\\\/www.materdominivolley.it\\\/home\\\/?s={search_term_string}\"},\"query-input\":{\"@type\":\"PropertyValueSpecification\",\"valueRequired\":true,\"valueName\":\"search_term_string\"}}],\"inLanguage\":\"it-IT\"},{\"@type\":\"Organization\",\"@id\":\"https:\\\/\\\/www.materdominivolley.it\\\/home\\\/#organization\",\"name\":\"Materdominivolley.it\",\"url\":\"https:\\\/\\\/www.materdominivolley.it\\\/home\\\/\",\"logo\":{\"@type\":\"ImageObject\",\"inLanguage\":\"it-IT\",\"@id\":\"https:\\\/\\\/www.materdominivolley.it\\\/home\\\/#\\\/schema\\\/logo\\\/image\\\/\",\"url\":\"https:\\\/\\\/www.materdominivolley.it\\\/home\\\/wp-content\\\/uploads\\\/2019\\\/10\\\/Senza-titolo-1-2.png\",\"contentUrl\":\"https:\\\/\\\/www.materdominivolley.it\\\/home\\\/wp-content\\\/uploads\\\/2019\\\/10\\\/Senza-titolo-1-2.png\",\"width\":180,\"height\":250,\"caption\":\"Materdominivolley.it\"},\"image\":{\"@id\":\"https:\\\/\\\/www.materdominivolley.it\\\/home\\\/#\\\/schema\\\/logo\\\/image\\\/\"},\"sameAs\":[\"https:\\\/\\\/www.facebook.com\\\/materdominivolleyit\\\/\"]},{\"@type\":\"Person\",\"@id\":\"https:\\\/\\\/www.materdominivolley.it\\\/home\\\/#\\\/schema\\\/person\\\/86961330b970aecf0b9729df84069339\",\"name\":\"admin-mater\",\"image\":{\"@type\":\"ImageObject\",\"inLanguage\":\"it-IT\",\"@id\":\"https:\\\/\\\/secure.gravatar.com\\\/avatar\\\/71d088b9255aa52813637243630e63af9ffd99251cfb71c8536f2d3794cac08e?s=96&d=mm&r=g\",\"url\":\"https:\\\/\\\/secure.gravatar.com\\\/avatar\\\/71d088b9255aa52813637243630e63af9ffd99251cfb71c8536f2d3794cac08e?s=96&d=mm&r=g\",\"contentUrl\":\"https:\\\/\\\/secure.gravatar.com\\\/avatar\\\/71d088b9255aa52813637243630e63af9ffd99251cfb71c8536f2d3794cac08e?s=96&d=mm&r=g\",\"caption\":\"admin-mater\"},\"url\":\"https:\\\/\\\/www.materdominivolley.it\\\/home\\\/author\\\/admin-mater\\\/\"}]}<\/script>\n<!-- \/ Yoast SEO plugin. -->","yoast_head_json":{"title":"Natale ad Ortona col sogno Coppa Italia - materdominivolley","robots":{"index":"index","follow":"follow","max-snippet":"max-snippet:-1","max-image-preview":"max-image-preview:large","max-video-preview":"max-video-preview:-1"},"canonical":"https:\/\/www.materdominivolley.it\/home\/2014\/12\/27\/natale-ad-ortona-col-sogno-coppa-italia\/","og_locale":"it_IT","og_type":"article","og_title":"Natale ad Ortona col sogno Coppa Italia - materdominivolley","og_description":"A 48 ore dalla splendida vittoria nel derby appulo-lucano con il Matera, per la Materdominivolley.it Castellana Grotte \u00e8 gi\u00e0 tempo di preparare l'ultima giornata del giornata di andata sul campo della Sieco Service Ortona.","og_url":"https:\/\/www.materdominivolley.it\/home\/2014\/12\/27\/natale-ad-ortona-col-sogno-coppa-italia\/","og_site_name":"materdominivolley","article_publisher":"https:\/\/www.facebook.com\/materdominivolleyit\/","article_published_time":"2014-12-27T09:54:09+00:00","og_image":[{"width":1300,"height":531,"url":"https:\/\/www.materdominivolley.it\/home\/wp-content\/uploads\/2019\/09\/spadavecchia_web.jpg","type":"image\/jpeg"}],"author":"admin-mater","twitter_card":"summary_large_image","twitter_misc":{"Scritto da":"admin-mater","Tempo di lettura stimato":"2 minuti"},"schema":{"@context":"https:\/\/schema.org","@graph":[{"@type":"Article","@id":"https:\/\/www.materdominivolley.it\/home\/2014\/12\/27\/natale-ad-ortona-col-sogno-coppa-italia\/#article","isPartOf":{"@id":"https:\/\/www.materdominivolley.it\/home\/2014\/12\/27\/natale-ad-ortona-col-sogno-coppa-italia\/"},"author":{"name":"admin-mater","@id":"https:\/\/www.materdominivolley.it\/home\/#\/schema\/person\/86961330b970aecf0b9729df84069339"},"headline":"Natale ad Ortona col sogno Coppa Italia","datePublished":"2014-12-27T09:54:09+00:00","mainEntityOfPage":{"@id":"https:\/\/www.materdominivolley.it\/home\/2014\/12\/27\/natale-ad-ortona-col-sogno-coppa-italia\/"},"wordCount":323,"commentCount":0,"publisher":{"@id":"https:\/\/www.materdominivolley.it\/home\/#organization"},"image":{"@id":"https:\/\/www.materdominivolley.it\/home\/2014\/12\/27\/natale-ad-ortona-col-sogno-coppa-italia\/#primaryimage"},"thumbnailUrl":"https:\/\/www.materdominivolley.it\/home\/wp-content\/uploads\/2019\/09\/spadavecchia_web.jpg","articleSection":["Serie A2"],"inLanguage":"it-IT","potentialAction":[{"@type":"CommentAction","name":"Comment","target":["https:\/\/www.materdominivolley.it\/home\/2014\/12\/27\/natale-ad-ortona-col-sogno-coppa-italia\/#respond"]}]},{"@type":"WebPage","@id":"https:\/\/www.materdominivolley.it\/home\/2014\/12\/27\/natale-ad-ortona-col-sogno-coppa-italia\/","url":"https:\/\/www.materdominivolley.it\/home\/2014\/12\/27\/natale-ad-ortona-col-sogno-coppa-italia\/","name":"Natale ad Ortona col sogno Coppa Italia - materdominivolley","isPartOf":{"@id":"https:\/\/www.materdominivolley.it\/home\/#website"},"primaryImageOfPage":{"@id":"https:\/\/www.materdominivolley.it\/home\/2014\/12\/27\/natale-ad-ortona-col-sogno-coppa-italia\/#primaryimage"},"image":{"@id":"https:\/\/www.materdominivolley.it\/home\/2014\/12\/27\/natale-ad-ortona-col-sogno-coppa-italia\/#primaryimage"},"thumbnailUrl":"https:\/\/www.materdominivolley.it\/home\/wp-content\/uploads\/2019\/09\/spadavecchia_web.jpg","datePublished":"2014-12-27T09:54:09+00:00","breadcrumb":{"@id":"https:\/\/www.materdominivolley.it\/home\/2014\/12\/27\/natale-ad-ortona-col-sogno-coppa-italia\/#breadcrumb"},"inLanguage":"it-IT","potentialAction":[{"@type":"ReadAction","target":["https:\/\/www.materdominivolley.it\/home\/2014\/12\/27\/natale-ad-ortona-col-sogno-coppa-italia\/"]}]},{"@type":"ImageObject","inLanguage":"it-IT","@id":"https:\/\/www.materdominivolley.it\/home\/2014\/12\/27\/natale-ad-ortona-col-sogno-coppa-italia\/#primaryimage","url":"https:\/\/www.materdominivolley.it\/home\/wp-content\/uploads\/2019\/09\/spadavecchia_web.jpg","contentUrl":"https:\/\/www.materdominivolley.it\/home\/wp-content\/uploads\/2019\/09\/spadavecchia_web.jpg","width":1300,"height":531},{"@type":"BreadcrumbList","@id":"https:\/\/www.materdominivolley.it\/home\/2014\/12\/27\/natale-ad-ortona-col-sogno-coppa-italia\/#breadcrumb","itemListElement":[{"@type":"ListItem","position":1,"name":"Home","item":"https:\/\/www.materdominivolley.it\/home\/"},{"@type":"ListItem","position":2,"name":"Natale ad Ortona col sogno Coppa Italia"}]},{"@type":"WebSite","@id":"https:\/\/www.materdominivolley.it\/home\/#website","url":"https:\/\/www.materdominivolley.it\/home\/","name":"materdominivolley","description":"","publisher":{"@id":"https:\/\/www.materdominivolley.it\/home\/#organization"},"potentialAction":[{"@type":"SearchAction","target":{"@type":"EntryPoint","urlTemplate":"https:\/\/www.materdominivolley.it\/home\/?s={search_term_string}"},"query-input":{"@type":"PropertyValueSpecification","valueRequired":true,"valueName":"search_term_string"}}],"inLanguage":"it-IT"},{"@type":"Organization","@id":"https:\/\/www.materdominivolley.it\/home\/#organization","name":"Materdominivolley.it","url":"https:\/\/www.materdominivolley.it\/home\/","logo":{"@type":"ImageObject","inLanguage":"it-IT","@id":"https:\/\/www.materdominivolley.it\/home\/#\/schema\/logo\/image\/","url":"https:\/\/www.materdominivolley.it\/home\/wp-content\/uploads\/2019\/10\/Senza-titolo-1-2.png","contentUrl":"https:\/\/www.materdominivolley.it\/home\/wp-content\/uploads\/2019\/10\/Senza-titolo-1-2.png","width":180,"height":250,"caption":"Materdominivolley.it"},"image":{"@id":"https:\/\/www.materdominivolley.it\/home\/#\/schema\/logo\/image\/"},"sameAs":["https:\/\/www.facebook.com\/materdominivolleyit\/"]},{"@type":"Person","@id":"https:\/\/www.materdominivolley.it\/home\/#\/schema\/person\/86961330b970aecf0b9729df84069339","name":"admin-mater","image":{"@type":"ImageObject","inLanguage":"it-IT","@id":"https:\/\/secure.gravatar.com\/avatar\/71d088b9255aa52813637243630e63af9ffd99251cfb71c8536f2d3794cac08e?s=96&d=mm&r=g","url":"https:\/\/secure.gravatar.com\/avatar\/71d088b9255aa52813637243630e63af9ffd99251cfb71c8536f2d3794cac08e?s=96&d=mm&r=g","contentUrl":"https:\/\/secure.gravatar.com\/avatar\/71d088b9255aa52813637243630e63af9ffd99251cfb71c8536f2d3794cac08e?s=96&d=mm&r=g","caption":"admin-mater"},"url":"https:\/\/www.materdominivolley.it\/home\/author\/admin-mater\/"}]}},"_links":{"self":[{"href":"https:\/\/www.materdominivolley.it\/home\/wp-json\/wp\/v2\/posts\/1290","targetHints":{"allow":["GET"]}}],"collection":[{"href":"https:\/\/www.materdominivolley.it\/home\/wp-json\/wp\/v2\/posts"}],"about":[{"href":"https:\/\/www.materdominivolley.it\/home\/wp-json\/wp\/v2\/types\/post"}],"author":[{"embeddable":true,"href":"https:\/\/www.materdominivolley.it\/home\/wp-json\/wp\/v2\/users\/1"}],"replies":[{"embeddable":true,"href":"https:\/\/www.materdominivolley.it\/home\/wp-json\/wp\/v2\/comments?post=1290"}],"version-history":[{"count":0,"href":"https:\/\/www.materdominivolley.it\/home\/wp-json\/wp\/v2\/posts\/1290\/revisions"}],"wp:featuredmedia":[{"embeddable":true,"href":"https:\/\/www.materdominivolley.it\/home\/wp-json\/wp\/v2\/media\/1291"}],"wp:attachment":[{"href":"https:\/\/www.materdominivolley.it\/home\/wp-json\/wp\/v2\/media?parent=1290"}],"wp:term":[{"taxonomy":"category","embeddable":true,"href":"https:\/\/www.materdominivolley.it\/home\/wp-json\/wp\/v2\/categories?post=1290"},{"taxonomy":"post_tag","embeddable":true,"href":"https:\/\/www.materdominivolley.it\/home\/wp-json\/wp\/v2\/tags?post=1290"}],"curies":[{"name":"wp","href":"https:\/\/api.w.org\/{rel}","templated":true}]}}