{"id":1294,"date":"2014-12-22T11:17:51","date_gmt":"2014-12-22T10:17:51","guid":{"rendered":"https:\/\/www.materdominivolley.it\/home\/2014\/12\/22\/con-matera-per-lultima-del-2014-al-palagrotte\/"},"modified":"2014-12-22T11:17:51","modified_gmt":"2014-12-22T10:17:51","slug":"con-matera-per-lultima-del-2014-al-palagrotte","status":"publish","type":"post","link":"https:\/\/www.materdominivolley.it\/home\/2014\/12\/22\/con-matera-per-lultima-del-2014-al-palagrotte\/","title":{"rendered":"Con Matera per l&#8217;ultima del 2014 al PalaGrotte"},"content":{"rendered":"\n        <p>\n\tSfida appulo-lucana per la <strong>Materdominivolley.it Castellana Grotte<\/strong> che domenica 21 dicembre ospiter\u00e0 presso il PalaGrotte, con prima battuta alle ore 18, la <strong>Domar Matera<\/strong> in quella che sar\u00e0 l&#39;ultima gara casalinga del girone di andata e l&#39;ultima gara interna del 2014.<\/p>\n<p>\n\tL\u2019incontro valido per la decima giornata del campionato nazionale serie A2 Unipolsai di pallavolo maschile avr\u00e0 un peso specifico notevole per gli equilibri di centro classifica. Infatti, la formazione guidata dal tecnico <strong>Vincenzo Fanizza<\/strong>, piazzata in graduatoria a 12 punti, insegue Matej Cernic e compagni a sole tre lunghezze di distanza. L\u2019aggancio giallobl\u00f9 ai &#8220;cugini&#8221; lucani non sar\u00e0 di certo impresa facile, anzi: la squadra allenata da Vincenzo Mastrangelo ha cambiato marcia rispetto ad inizio stagione con ben due vittorie consecutive per 3-0 (contro Reggio Emilia e Brescia). A favore della prima squadra dell\u2019accademia del volley pugliese c\u2019\u00e8 comunque il fattore campo, gi\u00e0 determinante nella scorso turno contro Reggio Emilia e decisivo anche nel 2014. Un anno solare che per la Materdomini \u00e8 stato clemente con 9 vittorie e 4 sconfi\u00adtte al PalaGrotte tra il ritorno dello scorso anno e l&#39;andata di questa stagione. In tutto questo s\u2019innesta la corsa alla sesta posizione che assicura a fine girone d\u2019andata (mancano due turni al giro di boa) l\u2019accesso alla coppa Italia. Tutto \u00e8 ancora possibile per i giallobl\u00f9 che, per\u00f2, per staccare il pass qualificazione, dovranno battere Matera in casa e Ortona in trasferta. Un compito non proprio agevole.\u00a0<\/p>\n<p>\n\tLa vigilia del match \u00e8 commentata dal palleggiatore della Mater <strong>Matteo Pedron<\/strong>: \u201cSappiamo che sar\u00e0 una partita tosta contro una squadra che ha trovato il suo equilibrio e sta dando continuit\u00e0 ai risultati. Noi dobbiamo soprattutto pensare a giocare concentrati perch\u00e9 le distrazioni le paghiamo a caro prezzo. Stiamo ottimizzando il nostro gioco e per questo in questo percorso non possiamo permetterci incertezze. Fortunatamente \u2013 conclude il giocatore padovano classe 1992 con la maglia del Matera nella scorsa stagione &#8211; giochiamo questa gara cos\u00ec difficile in casa sul campo del PalaGrotte che finora ci ha sempre portato bene\u201d.<\/p>\n        ","protected":false},"excerpt":{"rendered":"<p><!-- wp:paragraph --><br \/>\n        Sfida appulo-lucana che domenica 21 dicembre ospiter\u00e0 presso il PalaGrotte, con prima battuta alle ore 18, la Domar Matera in quella che sar\u00e0 l&#8217;ultima gara casalinga del girone di andata e l&#8217;ultima gara interna del 2014.<br \/>\n        <!-- \/wp:paragraph --><\/p>\n","protected":false},"author":1,"featured_media":1167,"comment_status":"open","ping_status":"closed","sticky":false,"template":"","format":"standard","meta":{"footnotes":""},"categories":[13],"tags":[],"class_list":["post-1294","post","type-post","status-publish","format-standard","has-post-thumbnail","hentry","category-serie-a2"],"yoast_head":"<!-- This site is optimized with the Yoast SEO plugin v27.4 - https:\/\/yoast.com\/product\/yoast-seo-wordpress\/ -->\n<title>Con Matera per l&#039;ultima del 2014 al PalaGrotte - materdominivolley<\/title>\n<meta name=\"robots\" content=\"index, follow, max-snippet:-1, max-image-preview:large, max-video-preview:-1\" \/>\n<link rel=\"canonical\" href=\"https:\/\/www.materdominivolley.it\/home\/2014\/12\/22\/con-matera-per-lultima-del-2014-al-palagrotte\/\" \/>\n<meta property=\"og:locale\" content=\"it_IT\" \/>\n<meta property=\"og:type\" content=\"article\" \/>\n<meta property=\"og:title\" content=\"Con Matera per l&#039;ultima del 2014 al PalaGrotte - materdominivolley\" \/>\n<meta property=\"og:description\" content=\"Sfida appulo-lucana che domenica 21 dicembre ospiter\u00e0 presso il PalaGrotte, con prima battuta alle ore 18, la Domar Matera in quella che sar\u00e0 l&#039;ultima gara casalinga del girone di andata e l&#039;ultima gara interna del 2014.\" \/>\n<meta property=\"og:url\" content=\"https:\/\/www.materdominivolley.it\/home\/2014\/12\/22\/con-matera-per-lultima-del-2014-al-palagrotte\/\" \/>\n<meta property=\"og:site_name\" content=\"materdominivolley\" \/>\n<meta property=\"article:publisher\" content=\"https:\/\/www.facebook.com\/materdominivolleyit\/\" \/>\n<meta property=\"article:published_time\" content=\"2014-12-22T10:17:51+00:00\" \/>\n<meta property=\"og:image\" content=\"https:\/\/www.materdominivolley.it\/home\/wp-content\/uploads\/2019\/09\/matteo_pedron_web1.jpg\" \/>\n\t<meta property=\"og:image:width\" content=\"1300\" \/>\n\t<meta property=\"og:image:height\" content=\"531\" \/>\n\t<meta property=\"og:image:type\" content=\"image\/jpeg\" \/>\n<meta name=\"author\" content=\"admin-mater\" \/>\n<meta name=\"twitter:card\" content=\"summary_large_image\" \/>\n<meta name=\"twitter:label1\" content=\"Scritto da\" \/>\n\t<meta name=\"twitter:data1\" content=\"admin-mater\" \/>\n\t<meta name=\"twitter:label2\" content=\"Tempo di lettura stimato\" \/>\n\t<meta name=\"twitter:data2\" content=\"2 minuti\" \/>\n<script type=\"application\/ld+json\" class=\"yoast-schema-graph\">{\"@context\":\"https:\\\/\\\/schema.org\",\"@graph\":[{\"@type\":\"Article\",\"@id\":\"https:\\\/\\\/www.materdominivolley.it\\\/home\\\/2014\\\/12\\\/22\\\/con-matera-per-lultima-del-2014-al-palagrotte\\\/#article\",\"isPartOf\":{\"@id\":\"https:\\\/\\\/www.materdominivolley.it\\\/home\\\/2014\\\/12\\\/22\\\/con-matera-per-lultima-del-2014-al-palagrotte\\\/\"},\"author\":{\"name\":\"admin-mater\",\"@id\":\"https:\\\/\\\/www.materdominivolley.it\\\/home\\\/#\\\/schema\\\/person\\\/86961330b970aecf0b9729df84069339\"},\"headline\":\"Con Matera per l&#8217;ultima del 2014 al PalaGrotte\",\"datePublished\":\"2014-12-22T10:17:51+00:00\",\"mainEntityOfPage\":{\"@id\":\"https:\\\/\\\/www.materdominivolley.it\\\/home\\\/2014\\\/12\\\/22\\\/con-matera-per-lultima-del-2014-al-palagrotte\\\/\"},\"wordCount\":344,\"commentCount\":0,\"publisher\":{\"@id\":\"https:\\\/\\\/www.materdominivolley.it\\\/home\\\/#organization\"},\"image\":{\"@id\":\"https:\\\/\\\/www.materdominivolley.it\\\/home\\\/2014\\\/12\\\/22\\\/con-matera-per-lultima-del-2014-al-palagrotte\\\/#primaryimage\"},\"thumbnailUrl\":\"https:\\\/\\\/www.materdominivolley.it\\\/home\\\/wp-content\\\/uploads\\\/2019\\\/09\\\/matteo_pedron_web1.jpg\",\"articleSection\":[\"Serie A2\"],\"inLanguage\":\"it-IT\",\"potentialAction\":[{\"@type\":\"CommentAction\",\"name\":\"Comment\",\"target\":[\"https:\\\/\\\/www.materdominivolley.it\\\/home\\\/2014\\\/12\\\/22\\\/con-matera-per-lultima-del-2014-al-palagrotte\\\/#respond\"]}]},{\"@type\":\"WebPage\",\"@id\":\"https:\\\/\\\/www.materdominivolley.it\\\/home\\\/2014\\\/12\\\/22\\\/con-matera-per-lultima-del-2014-al-palagrotte\\\/\",\"url\":\"https:\\\/\\\/www.materdominivolley.it\\\/home\\\/2014\\\/12\\\/22\\\/con-matera-per-lultima-del-2014-al-palagrotte\\\/\",\"name\":\"Con Matera per l'ultima del 2014 al PalaGrotte - materdominivolley\",\"isPartOf\":{\"@id\":\"https:\\\/\\\/www.materdominivolley.it\\\/home\\\/#website\"},\"primaryImageOfPage\":{\"@id\":\"https:\\\/\\\/www.materdominivolley.it\\\/home\\\/2014\\\/12\\\/22\\\/con-matera-per-lultima-del-2014-al-palagrotte\\\/#primaryimage\"},\"image\":{\"@id\":\"https:\\\/\\\/www.materdominivolley.it\\\/home\\\/2014\\\/12\\\/22\\\/con-matera-per-lultima-del-2014-al-palagrotte\\\/#primaryimage\"},\"thumbnailUrl\":\"https:\\\/\\\/www.materdominivolley.it\\\/home\\\/wp-content\\\/uploads\\\/2019\\\/09\\\/matteo_pedron_web1.jpg\",\"datePublished\":\"2014-12-22T10:17:51+00:00\",\"breadcrumb\":{\"@id\":\"https:\\\/\\\/www.materdominivolley.it\\\/home\\\/2014\\\/12\\\/22\\\/con-matera-per-lultima-del-2014-al-palagrotte\\\/#breadcrumb\"},\"inLanguage\":\"it-IT\",\"potentialAction\":[{\"@type\":\"ReadAction\",\"target\":[\"https:\\\/\\\/www.materdominivolley.it\\\/home\\\/2014\\\/12\\\/22\\\/con-matera-per-lultima-del-2014-al-palagrotte\\\/\"]}]},{\"@type\":\"ImageObject\",\"inLanguage\":\"it-IT\",\"@id\":\"https:\\\/\\\/www.materdominivolley.it\\\/home\\\/2014\\\/12\\\/22\\\/con-matera-per-lultima-del-2014-al-palagrotte\\\/#primaryimage\",\"url\":\"https:\\\/\\\/www.materdominivolley.it\\\/home\\\/wp-content\\\/uploads\\\/2019\\\/09\\\/matteo_pedron_web1.jpg\",\"contentUrl\":\"https:\\\/\\\/www.materdominivolley.it\\\/home\\\/wp-content\\\/uploads\\\/2019\\\/09\\\/matteo_pedron_web1.jpg\",\"width\":1300,\"height\":531},{\"@type\":\"BreadcrumbList\",\"@id\":\"https:\\\/\\\/www.materdominivolley.it\\\/home\\\/2014\\\/12\\\/22\\\/con-matera-per-lultima-del-2014-al-palagrotte\\\/#breadcrumb\",\"itemListElement\":[{\"@type\":\"ListItem\",\"position\":1,\"name\":\"Home\",\"item\":\"https:\\\/\\\/www.materdominivolley.it\\\/home\\\/\"},{\"@type\":\"ListItem\",\"position\":2,\"name\":\"Con Matera per l&#8217;ultima del 2014 al PalaGrotte\"}]},{\"@type\":\"WebSite\",\"@id\":\"https:\\\/\\\/www.materdominivolley.it\\\/home\\\/#website\",\"url\":\"https:\\\/\\\/www.materdominivolley.it\\\/home\\\/\",\"name\":\"materdominivolley\",\"description\":\"\",\"publisher\":{\"@id\":\"https:\\\/\\\/www.materdominivolley.it\\\/home\\\/#organization\"},\"potentialAction\":[{\"@type\":\"SearchAction\",\"target\":{\"@type\":\"EntryPoint\",\"urlTemplate\":\"https:\\\/\\\/www.materdominivolley.it\\\/home\\\/?s={search_term_string}\"},\"query-input\":{\"@type\":\"PropertyValueSpecification\",\"valueRequired\":true,\"valueName\":\"search_term_string\"}}],\"inLanguage\":\"it-IT\"},{\"@type\":\"Organization\",\"@id\":\"https:\\\/\\\/www.materdominivolley.it\\\/home\\\/#organization\",\"name\":\"Materdominivolley.it\",\"url\":\"https:\\\/\\\/www.materdominivolley.it\\\/home\\\/\",\"logo\":{\"@type\":\"ImageObject\",\"inLanguage\":\"it-IT\",\"@id\":\"https:\\\/\\\/www.materdominivolley.it\\\/home\\\/#\\\/schema\\\/logo\\\/image\\\/\",\"url\":\"https:\\\/\\\/www.materdominivolley.it\\\/home\\\/wp-content\\\/uploads\\\/2019\\\/10\\\/Senza-titolo-1-2.png\",\"contentUrl\":\"https:\\\/\\\/www.materdominivolley.it\\\/home\\\/wp-content\\\/uploads\\\/2019\\\/10\\\/Senza-titolo-1-2.png\",\"width\":180,\"height\":250,\"caption\":\"Materdominivolley.it\"},\"image\":{\"@id\":\"https:\\\/\\\/www.materdominivolley.it\\\/home\\\/#\\\/schema\\\/logo\\\/image\\\/\"},\"sameAs\":[\"https:\\\/\\\/www.facebook.com\\\/materdominivolleyit\\\/\"]},{\"@type\":\"Person\",\"@id\":\"https:\\\/\\\/www.materdominivolley.it\\\/home\\\/#\\\/schema\\\/person\\\/86961330b970aecf0b9729df84069339\",\"name\":\"admin-mater\",\"image\":{\"@type\":\"ImageObject\",\"inLanguage\":\"it-IT\",\"@id\":\"https:\\\/\\\/secure.gravatar.com\\\/avatar\\\/71d088b9255aa52813637243630e63af9ffd99251cfb71c8536f2d3794cac08e?s=96&d=mm&r=g\",\"url\":\"https:\\\/\\\/secure.gravatar.com\\\/avatar\\\/71d088b9255aa52813637243630e63af9ffd99251cfb71c8536f2d3794cac08e?s=96&d=mm&r=g\",\"contentUrl\":\"https:\\\/\\\/secure.gravatar.com\\\/avatar\\\/71d088b9255aa52813637243630e63af9ffd99251cfb71c8536f2d3794cac08e?s=96&d=mm&r=g\",\"caption\":\"admin-mater\"},\"url\":\"https:\\\/\\\/www.materdominivolley.it\\\/home\\\/author\\\/admin-mater\\\/\"}]}<\/script>\n<!-- \/ Yoast SEO plugin. -->","yoast_head_json":{"title":"Con Matera per l'ultima del 2014 al PalaGrotte - materdominivolley","robots":{"index":"index","follow":"follow","max-snippet":"max-snippet:-1","max-image-preview":"max-image-preview:large","max-video-preview":"max-video-preview:-1"},"canonical":"https:\/\/www.materdominivolley.it\/home\/2014\/12\/22\/con-matera-per-lultima-del-2014-al-palagrotte\/","og_locale":"it_IT","og_type":"article","og_title":"Con Matera per l'ultima del 2014 al PalaGrotte - materdominivolley","og_description":"Sfida appulo-lucana che domenica 21 dicembre ospiter\u00e0 presso il PalaGrotte, con prima battuta alle ore 18, la Domar Matera in quella che sar\u00e0 l'ultima gara casalinga del girone di andata e l'ultima gara interna del 2014.","og_url":"https:\/\/www.materdominivolley.it\/home\/2014\/12\/22\/con-matera-per-lultima-del-2014-al-palagrotte\/","og_site_name":"materdominivolley","article_publisher":"https:\/\/www.facebook.com\/materdominivolleyit\/","article_published_time":"2014-12-22T10:17:51+00:00","og_image":[{"width":1300,"height":531,"url":"https:\/\/www.materdominivolley.it\/home\/wp-content\/uploads\/2019\/09\/matteo_pedron_web1.jpg","type":"image\/jpeg"}],"author":"admin-mater","twitter_card":"summary_large_image","twitter_misc":{"Scritto da":"admin-mater","Tempo di lettura stimato":"2 minuti"},"schema":{"@context":"https:\/\/schema.org","@graph":[{"@type":"Article","@id":"https:\/\/www.materdominivolley.it\/home\/2014\/12\/22\/con-matera-per-lultima-del-2014-al-palagrotte\/#article","isPartOf":{"@id":"https:\/\/www.materdominivolley.it\/home\/2014\/12\/22\/con-matera-per-lultima-del-2014-al-palagrotte\/"},"author":{"name":"admin-mater","@id":"https:\/\/www.materdominivolley.it\/home\/#\/schema\/person\/86961330b970aecf0b9729df84069339"},"headline":"Con Matera per l&#8217;ultima del 2014 al PalaGrotte","datePublished":"2014-12-22T10:17:51+00:00","mainEntityOfPage":{"@id":"https:\/\/www.materdominivolley.it\/home\/2014\/12\/22\/con-matera-per-lultima-del-2014-al-palagrotte\/"},"wordCount":344,"commentCount":0,"publisher":{"@id":"https:\/\/www.materdominivolley.it\/home\/#organization"},"image":{"@id":"https:\/\/www.materdominivolley.it\/home\/2014\/12\/22\/con-matera-per-lultima-del-2014-al-palagrotte\/#primaryimage"},"thumbnailUrl":"https:\/\/www.materdominivolley.it\/home\/wp-content\/uploads\/2019\/09\/matteo_pedron_web1.jpg","articleSection":["Serie A2"],"inLanguage":"it-IT","potentialAction":[{"@type":"CommentAction","name":"Comment","target":["https:\/\/www.materdominivolley.it\/home\/2014\/12\/22\/con-matera-per-lultima-del-2014-al-palagrotte\/#respond"]}]},{"@type":"WebPage","@id":"https:\/\/www.materdominivolley.it\/home\/2014\/12\/22\/con-matera-per-lultima-del-2014-al-palagrotte\/","url":"https:\/\/www.materdominivolley.it\/home\/2014\/12\/22\/con-matera-per-lultima-del-2014-al-palagrotte\/","name":"Con Matera per l'ultima del 2014 al PalaGrotte - materdominivolley","isPartOf":{"@id":"https:\/\/www.materdominivolley.it\/home\/#website"},"primaryImageOfPage":{"@id":"https:\/\/www.materdominivolley.it\/home\/2014\/12\/22\/con-matera-per-lultima-del-2014-al-palagrotte\/#primaryimage"},"image":{"@id":"https:\/\/www.materdominivolley.it\/home\/2014\/12\/22\/con-matera-per-lultima-del-2014-al-palagrotte\/#primaryimage"},"thumbnailUrl":"https:\/\/www.materdominivolley.it\/home\/wp-content\/uploads\/2019\/09\/matteo_pedron_web1.jpg","datePublished":"2014-12-22T10:17:51+00:00","breadcrumb":{"@id":"https:\/\/www.materdominivolley.it\/home\/2014\/12\/22\/con-matera-per-lultima-del-2014-al-palagrotte\/#breadcrumb"},"inLanguage":"it-IT","potentialAction":[{"@type":"ReadAction","target":["https:\/\/www.materdominivolley.it\/home\/2014\/12\/22\/con-matera-per-lultima-del-2014-al-palagrotte\/"]}]},{"@type":"ImageObject","inLanguage":"it-IT","@id":"https:\/\/www.materdominivolley.it\/home\/2014\/12\/22\/con-matera-per-lultima-del-2014-al-palagrotte\/#primaryimage","url":"https:\/\/www.materdominivolley.it\/home\/wp-content\/uploads\/2019\/09\/matteo_pedron_web1.jpg","contentUrl":"https:\/\/www.materdominivolley.it\/home\/wp-content\/uploads\/2019\/09\/matteo_pedron_web1.jpg","width":1300,"height":531},{"@type":"BreadcrumbList","@id":"https:\/\/www.materdominivolley.it\/home\/2014\/12\/22\/con-matera-per-lultima-del-2014-al-palagrotte\/#breadcrumb","itemListElement":[{"@type":"ListItem","position":1,"name":"Home","item":"https:\/\/www.materdominivolley.it\/home\/"},{"@type":"ListItem","position":2,"name":"Con Matera per l&#8217;ultima del 2014 al PalaGrotte"}]},{"@type":"WebSite","@id":"https:\/\/www.materdominivolley.it\/home\/#website","url":"https:\/\/www.materdominivolley.it\/home\/","name":"materdominivolley","description":"","publisher":{"@id":"https:\/\/www.materdominivolley.it\/home\/#organization"},"potentialAction":[{"@type":"SearchAction","target":{"@type":"EntryPoint","urlTemplate":"https:\/\/www.materdominivolley.it\/home\/?s={search_term_string}"},"query-input":{"@type":"PropertyValueSpecification","valueRequired":true,"valueName":"search_term_string"}}],"inLanguage":"it-IT"},{"@type":"Organization","@id":"https:\/\/www.materdominivolley.it\/home\/#organization","name":"Materdominivolley.it","url":"https:\/\/www.materdominivolley.it\/home\/","logo":{"@type":"ImageObject","inLanguage":"it-IT","@id":"https:\/\/www.materdominivolley.it\/home\/#\/schema\/logo\/image\/","url":"https:\/\/www.materdominivolley.it\/home\/wp-content\/uploads\/2019\/10\/Senza-titolo-1-2.png","contentUrl":"https:\/\/www.materdominivolley.it\/home\/wp-content\/uploads\/2019\/10\/Senza-titolo-1-2.png","width":180,"height":250,"caption":"Materdominivolley.it"},"image":{"@id":"https:\/\/www.materdominivolley.it\/home\/#\/schema\/logo\/image\/"},"sameAs":["https:\/\/www.facebook.com\/materdominivolleyit\/"]},{"@type":"Person","@id":"https:\/\/www.materdominivolley.it\/home\/#\/schema\/person\/86961330b970aecf0b9729df84069339","name":"admin-mater","image":{"@type":"ImageObject","inLanguage":"it-IT","@id":"https:\/\/secure.gravatar.com\/avatar\/71d088b9255aa52813637243630e63af9ffd99251cfb71c8536f2d3794cac08e?s=96&d=mm&r=g","url":"https:\/\/secure.gravatar.com\/avatar\/71d088b9255aa52813637243630e63af9ffd99251cfb71c8536f2d3794cac08e?s=96&d=mm&r=g","contentUrl":"https:\/\/secure.gravatar.com\/avatar\/71d088b9255aa52813637243630e63af9ffd99251cfb71c8536f2d3794cac08e?s=96&d=mm&r=g","caption":"admin-mater"},"url":"https:\/\/www.materdominivolley.it\/home\/author\/admin-mater\/"}]}},"_links":{"self":[{"href":"https:\/\/www.materdominivolley.it\/home\/wp-json\/wp\/v2\/posts\/1294","targetHints":{"allow":["GET"]}}],"collection":[{"href":"https:\/\/www.materdominivolley.it\/home\/wp-json\/wp\/v2\/posts"}],"about":[{"href":"https:\/\/www.materdominivolley.it\/home\/wp-json\/wp\/v2\/types\/post"}],"author":[{"embeddable":true,"href":"https:\/\/www.materdominivolley.it\/home\/wp-json\/wp\/v2\/users\/1"}],"replies":[{"embeddable":true,"href":"https:\/\/www.materdominivolley.it\/home\/wp-json\/wp\/v2\/comments?post=1294"}],"version-history":[{"count":0,"href":"https:\/\/www.materdominivolley.it\/home\/wp-json\/wp\/v2\/posts\/1294\/revisions"}],"wp:featuredmedia":[{"embeddable":true,"href":"https:\/\/www.materdominivolley.it\/home\/wp-json\/wp\/v2\/media\/1167"}],"wp:attachment":[{"href":"https:\/\/www.materdominivolley.it\/home\/wp-json\/wp\/v2\/media?parent=1294"}],"wp:term":[{"taxonomy":"category","embeddable":true,"href":"https:\/\/www.materdominivolley.it\/home\/wp-json\/wp\/v2\/categories?post=1294"},{"taxonomy":"post_tag","embeddable":true,"href":"https:\/\/www.materdominivolley.it\/home\/wp-json\/wp\/v2\/tags?post=1294"}],"curies":[{"name":"wp","href":"https:\/\/api.w.org\/{rel}","templated":true}]}}