{"id":1334,"date":"2014-10-22T14:23:14","date_gmt":"2014-10-22T12:23:14","guid":{"rendered":"https:\/\/www.materdominivolley.it\/home\/2014\/10\/22\/un-punto-dallesordio-a-corigliano\/"},"modified":"2014-10-22T14:23:14","modified_gmt":"2014-10-22T12:23:14","slug":"un-punto-dallesordio-a-corigliano","status":"publish","type":"post","link":"https:\/\/www.materdominivolley.it\/home\/2014\/10\/22\/un-punto-dallesordio-a-corigliano\/","title":{"rendered":"Un punto dall&#8217;esordio a Corigliano"},"content":{"rendered":"\n        <p>\n\tPer la <strong>Materdominivolley.it Castellana Grotte<\/strong> debutto positivo nel campionato nazionale serie A2 UnipolSai di pallavolo maschile. La formazione allenata dal tecnico <strong>Vincenzo Fanizza<\/strong> cede solo tie-break contro la <strong>Caff\u00e8 Aiello Corigliano<\/strong> (25-22, 25-20, 21-25, 21-25, 15-13) nella partita valida per la prima giornata del campionato cadetto. La trasferta calabrese si rivela, quindi, come previsto, particolarmente ostica per il sodalizio della citt\u00e0 delle Grotte che comunque con una prova corale e di carattere mette in classifica un importantissimo punto, conquistato tra l\u2019altro in rimonta sul campo di una delle formazioni meglio allestite del\u00a0 torneo.<\/p>\n<p>\n\tA fine gara, infatti, \u00e8 stato lo stesso tecnico Fanizza a commentare con soddisfazione: \u201cEsordio positivo ma con rammarico. Peccato solo perch\u00e9 siamo partiti male ed avremmo potuto tranquillamente fare meglio nei primi due set. In ogni modo questo punto \u00e8 importante perch\u00e9 conquistato su un campo caldo con avversari di particolare valore\u201d.<\/p>\n<p>\n\t<strong>CRONACA &#8211;<\/strong>Alla prima battuta Corigliano si schiera con Izzo al palleggio, Mariano e Walker in attacco, Calonico e Tomasselo al centro, Bander\u00f2 opposto, Taliani libero. Per la Materdominivolley.it Pedron in cabina di regia, Spadavecchia e Giosa al centro, di banda Castellano e Libraro, opposto Morelli, Primavera libero.<\/p>\n<p>\n\tAlla prima battuta la formazione di casa parte determinata e conquista il tempo tecnico (12-8) per poi accelerare portandosi sul 14-9. I cosentini spingono nuovamente e si portano sul 22-17. La reazione giallobl\u00f9 non si fa attendere ma l\u2019aggancio non riesce e si ferma sul 23-22. Sono, infine, padroni di casa a trovare la chiusura (25-22).\u00a0<\/p>\n<p>\n\tAvvio del secondo set in equilibrio: si prosegue palla su palla fino al tempo tecnico con Corigliano che trova il vantaggio (15-12). La Mater insegue (19-16) ma i calabresi avanzano spediti e sigillano il 25-20.<\/p>\n<p>\n\tNel terzo set piena stabilit\u00e0 nella fase iniziale con i castellanesi che stavolta cambiano ritmo ed innescano il break vincente: raggiungono il tempo tecnico (10-12) e conducono in progressione prima sul 14-18, poi sul 16-22 ed infine sul 21-25.\u00a0<\/p>\n<p>\n\tQuarto set avvincente. Subito Mater (2-4) fino all\u2019aggancio sul 9 pari. Si prosegue sul filo dell\u2019equilibrio fino al sedicesimo punto a cui segue un break giallobl\u00f9 di +4. Libraro e Morelli martellano fino al 21-25 e portano la gara al tie-break.<\/p>\n<p>\n\tQuinto set combattutissimo con le due formazioni attente a non cedere vantaggi. La situazione si sblocca a favore della Mater (10-12) ma la Caff\u00e8 Aiello recupera e sigla il 15-13.<\/p>\n<p>\n\tLa sfida tra Corigliano e Materdomini Castellana sar\u00e0 trasmessa in differita <strong>marted\u00ec 21<\/strong> <strong>ottobre<\/strong> alle ore 20.30 su RaiSport 1.<\/p>\n<p>\n\tAltre informazioni sul sito ufficiale del club <strong>www.materdominivolley.it <\/strong>e sulla pagina facebook <strong>MaterdominiVolley.it<\/strong>.<\/p>\n        ","protected":false},"excerpt":{"rendered":"<p><!-- wp:paragraph --><br \/>\n        La formazione allenata dal tecnico Vincenzo Fanizza cede solo tie-break contro la Caff\u00e8 Aiello Corigliano (25-22, 25-20, 21-25, 21-25, 15-13) nella partita valida per la prima giornata del campionato cadetto.<br \/>\n        <!-- \/wp:paragraph --><\/p>\n","protected":false},"author":1,"featured_media":497,"comment_status":"open","ping_status":"closed","sticky":false,"template":"","format":"standard","meta":{"footnotes":""},"categories":[13],"tags":[],"class_list":["post-1334","post","type-post","status-publish","format-standard","has-post-thumbnail","hentry","category-serie-a2"],"yoast_head":"<!-- This site is optimized with the Yoast SEO plugin v27.4 - https:\/\/yoast.com\/product\/yoast-seo-wordpress\/ -->\n<title>Un punto dall&#039;esordio a Corigliano - materdominivolley<\/title>\n<meta name=\"robots\" content=\"index, follow, max-snippet:-1, max-image-preview:large, max-video-preview:-1\" \/>\n<link rel=\"canonical\" href=\"https:\/\/www.materdominivolley.it\/home\/2014\/10\/22\/un-punto-dallesordio-a-corigliano\/\" \/>\n<meta property=\"og:locale\" content=\"it_IT\" \/>\n<meta property=\"og:type\" content=\"article\" \/>\n<meta property=\"og:title\" content=\"Un punto dall&#039;esordio a Corigliano - materdominivolley\" \/>\n<meta property=\"og:description\" content=\"La formazione allenata dal tecnico Vincenzo Fanizza cede solo tie-break contro la Caff\u00e8 Aiello Corigliano (25-22, 25-20, 21-25, 21-25, 15-13) nella partita valida per la prima giornata del campionato cadetto.\" \/>\n<meta property=\"og:url\" content=\"https:\/\/www.materdominivolley.it\/home\/2014\/10\/22\/un-punto-dallesordio-a-corigliano\/\" \/>\n<meta property=\"og:site_name\" content=\"materdominivolley\" \/>\n<meta property=\"article:publisher\" content=\"https:\/\/www.facebook.com\/materdominivolleyit\/\" \/>\n<meta property=\"article:published_time\" content=\"2014-10-22T12:23:14+00:00\" \/>\n<meta property=\"og:image\" content=\"https:\/\/www.materdominivolley.it\/home\/wp-content\/uploads\/2019\/09\/fanizza_parla.jpg\" \/>\n\t<meta property=\"og:image:width\" content=\"980\" \/>\n\t<meta property=\"og:image:height\" content=\"400\" \/>\n\t<meta property=\"og:image:type\" content=\"image\/jpeg\" \/>\n<meta name=\"author\" content=\"admin-mater\" \/>\n<meta name=\"twitter:card\" content=\"summary_large_image\" \/>\n<meta name=\"twitter:label1\" content=\"Scritto da\" \/>\n\t<meta name=\"twitter:data1\" content=\"admin-mater\" \/>\n\t<meta name=\"twitter:label2\" content=\"Tempo di lettura stimato\" \/>\n\t<meta name=\"twitter:data2\" content=\"2 minuti\" \/>\n<script type=\"application\/ld+json\" class=\"yoast-schema-graph\">{\"@context\":\"https:\\\/\\\/schema.org\",\"@graph\":[{\"@type\":\"Article\",\"@id\":\"https:\\\/\\\/www.materdominivolley.it\\\/home\\\/2014\\\/10\\\/22\\\/un-punto-dallesordio-a-corigliano\\\/#article\",\"isPartOf\":{\"@id\":\"https:\\\/\\\/www.materdominivolley.it\\\/home\\\/2014\\\/10\\\/22\\\/un-punto-dallesordio-a-corigliano\\\/\"},\"author\":{\"name\":\"admin-mater\",\"@id\":\"https:\\\/\\\/www.materdominivolley.it\\\/home\\\/#\\\/schema\\\/person\\\/86961330b970aecf0b9729df84069339\"},\"headline\":\"Un punto dall&#8217;esordio a Corigliano\",\"datePublished\":\"2014-10-22T12:23:14+00:00\",\"mainEntityOfPage\":{\"@id\":\"https:\\\/\\\/www.materdominivolley.it\\\/home\\\/2014\\\/10\\\/22\\\/un-punto-dallesordio-a-corigliano\\\/\"},\"wordCount\":435,\"commentCount\":0,\"publisher\":{\"@id\":\"https:\\\/\\\/www.materdominivolley.it\\\/home\\\/#organization\"},\"image\":{\"@id\":\"https:\\\/\\\/www.materdominivolley.it\\\/home\\\/2014\\\/10\\\/22\\\/un-punto-dallesordio-a-corigliano\\\/#primaryimage\"},\"thumbnailUrl\":\"https:\\\/\\\/www.materdominivolley.it\\\/home\\\/wp-content\\\/uploads\\\/2019\\\/09\\\/fanizza_parla.jpg\",\"articleSection\":[\"Serie A2\"],\"inLanguage\":\"it-IT\",\"potentialAction\":[{\"@type\":\"CommentAction\",\"name\":\"Comment\",\"target\":[\"https:\\\/\\\/www.materdominivolley.it\\\/home\\\/2014\\\/10\\\/22\\\/un-punto-dallesordio-a-corigliano\\\/#respond\"]}]},{\"@type\":\"WebPage\",\"@id\":\"https:\\\/\\\/www.materdominivolley.it\\\/home\\\/2014\\\/10\\\/22\\\/un-punto-dallesordio-a-corigliano\\\/\",\"url\":\"https:\\\/\\\/www.materdominivolley.it\\\/home\\\/2014\\\/10\\\/22\\\/un-punto-dallesordio-a-corigliano\\\/\",\"name\":\"Un punto dall'esordio a Corigliano - materdominivolley\",\"isPartOf\":{\"@id\":\"https:\\\/\\\/www.materdominivolley.it\\\/home\\\/#website\"},\"primaryImageOfPage\":{\"@id\":\"https:\\\/\\\/www.materdominivolley.it\\\/home\\\/2014\\\/10\\\/22\\\/un-punto-dallesordio-a-corigliano\\\/#primaryimage\"},\"image\":{\"@id\":\"https:\\\/\\\/www.materdominivolley.it\\\/home\\\/2014\\\/10\\\/22\\\/un-punto-dallesordio-a-corigliano\\\/#primaryimage\"},\"thumbnailUrl\":\"https:\\\/\\\/www.materdominivolley.it\\\/home\\\/wp-content\\\/uploads\\\/2019\\\/09\\\/fanizza_parla.jpg\",\"datePublished\":\"2014-10-22T12:23:14+00:00\",\"breadcrumb\":{\"@id\":\"https:\\\/\\\/www.materdominivolley.it\\\/home\\\/2014\\\/10\\\/22\\\/un-punto-dallesordio-a-corigliano\\\/#breadcrumb\"},\"inLanguage\":\"it-IT\",\"potentialAction\":[{\"@type\":\"ReadAction\",\"target\":[\"https:\\\/\\\/www.materdominivolley.it\\\/home\\\/2014\\\/10\\\/22\\\/un-punto-dallesordio-a-corigliano\\\/\"]}]},{\"@type\":\"ImageObject\",\"inLanguage\":\"it-IT\",\"@id\":\"https:\\\/\\\/www.materdominivolley.it\\\/home\\\/2014\\\/10\\\/22\\\/un-punto-dallesordio-a-corigliano\\\/#primaryimage\",\"url\":\"https:\\\/\\\/www.materdominivolley.it\\\/home\\\/wp-content\\\/uploads\\\/2019\\\/09\\\/fanizza_parla.jpg\",\"contentUrl\":\"https:\\\/\\\/www.materdominivolley.it\\\/home\\\/wp-content\\\/uploads\\\/2019\\\/09\\\/fanizza_parla.jpg\",\"width\":980,\"height\":400},{\"@type\":\"BreadcrumbList\",\"@id\":\"https:\\\/\\\/www.materdominivolley.it\\\/home\\\/2014\\\/10\\\/22\\\/un-punto-dallesordio-a-corigliano\\\/#breadcrumb\",\"itemListElement\":[{\"@type\":\"ListItem\",\"position\":1,\"name\":\"Home\",\"item\":\"https:\\\/\\\/www.materdominivolley.it\\\/home\\\/\"},{\"@type\":\"ListItem\",\"position\":2,\"name\":\"Un punto dall&#8217;esordio a Corigliano\"}]},{\"@type\":\"WebSite\",\"@id\":\"https:\\\/\\\/www.materdominivolley.it\\\/home\\\/#website\",\"url\":\"https:\\\/\\\/www.materdominivolley.it\\\/home\\\/\",\"name\":\"materdominivolley\",\"description\":\"\",\"publisher\":{\"@id\":\"https:\\\/\\\/www.materdominivolley.it\\\/home\\\/#organization\"},\"potentialAction\":[{\"@type\":\"SearchAction\",\"target\":{\"@type\":\"EntryPoint\",\"urlTemplate\":\"https:\\\/\\\/www.materdominivolley.it\\\/home\\\/?s={search_term_string}\"},\"query-input\":{\"@type\":\"PropertyValueSpecification\",\"valueRequired\":true,\"valueName\":\"search_term_string\"}}],\"inLanguage\":\"it-IT\"},{\"@type\":\"Organization\",\"@id\":\"https:\\\/\\\/www.materdominivolley.it\\\/home\\\/#organization\",\"name\":\"Materdominivolley.it\",\"url\":\"https:\\\/\\\/www.materdominivolley.it\\\/home\\\/\",\"logo\":{\"@type\":\"ImageObject\",\"inLanguage\":\"it-IT\",\"@id\":\"https:\\\/\\\/www.materdominivolley.it\\\/home\\\/#\\\/schema\\\/logo\\\/image\\\/\",\"url\":\"https:\\\/\\\/www.materdominivolley.it\\\/home\\\/wp-content\\\/uploads\\\/2019\\\/10\\\/Senza-titolo-1-2.png\",\"contentUrl\":\"https:\\\/\\\/www.materdominivolley.it\\\/home\\\/wp-content\\\/uploads\\\/2019\\\/10\\\/Senza-titolo-1-2.png\",\"width\":180,\"height\":250,\"caption\":\"Materdominivolley.it\"},\"image\":{\"@id\":\"https:\\\/\\\/www.materdominivolley.it\\\/home\\\/#\\\/schema\\\/logo\\\/image\\\/\"},\"sameAs\":[\"https:\\\/\\\/www.facebook.com\\\/materdominivolleyit\\\/\"]},{\"@type\":\"Person\",\"@id\":\"https:\\\/\\\/www.materdominivolley.it\\\/home\\\/#\\\/schema\\\/person\\\/86961330b970aecf0b9729df84069339\",\"name\":\"admin-mater\",\"image\":{\"@type\":\"ImageObject\",\"inLanguage\":\"it-IT\",\"@id\":\"https:\\\/\\\/secure.gravatar.com\\\/avatar\\\/71d088b9255aa52813637243630e63af9ffd99251cfb71c8536f2d3794cac08e?s=96&d=mm&r=g\",\"url\":\"https:\\\/\\\/secure.gravatar.com\\\/avatar\\\/71d088b9255aa52813637243630e63af9ffd99251cfb71c8536f2d3794cac08e?s=96&d=mm&r=g\",\"contentUrl\":\"https:\\\/\\\/secure.gravatar.com\\\/avatar\\\/71d088b9255aa52813637243630e63af9ffd99251cfb71c8536f2d3794cac08e?s=96&d=mm&r=g\",\"caption\":\"admin-mater\"},\"url\":\"https:\\\/\\\/www.materdominivolley.it\\\/home\\\/author\\\/admin-mater\\\/\"}]}<\/script>\n<!-- \/ Yoast SEO plugin. -->","yoast_head_json":{"title":"Un punto dall'esordio a Corigliano - materdominivolley","robots":{"index":"index","follow":"follow","max-snippet":"max-snippet:-1","max-image-preview":"max-image-preview:large","max-video-preview":"max-video-preview:-1"},"canonical":"https:\/\/www.materdominivolley.it\/home\/2014\/10\/22\/un-punto-dallesordio-a-corigliano\/","og_locale":"it_IT","og_type":"article","og_title":"Un punto dall'esordio a Corigliano - materdominivolley","og_description":"La formazione allenata dal tecnico Vincenzo Fanizza cede solo tie-break contro la Caff\u00e8 Aiello Corigliano (25-22, 25-20, 21-25, 21-25, 15-13) nella partita valida per la prima giornata del campionato cadetto.","og_url":"https:\/\/www.materdominivolley.it\/home\/2014\/10\/22\/un-punto-dallesordio-a-corigliano\/","og_site_name":"materdominivolley","article_publisher":"https:\/\/www.facebook.com\/materdominivolleyit\/","article_published_time":"2014-10-22T12:23:14+00:00","og_image":[{"width":980,"height":400,"url":"https:\/\/www.materdominivolley.it\/home\/wp-content\/uploads\/2019\/09\/fanizza_parla.jpg","type":"image\/jpeg"}],"author":"admin-mater","twitter_card":"summary_large_image","twitter_misc":{"Scritto da":"admin-mater","Tempo di lettura stimato":"2 minuti"},"schema":{"@context":"https:\/\/schema.org","@graph":[{"@type":"Article","@id":"https:\/\/www.materdominivolley.it\/home\/2014\/10\/22\/un-punto-dallesordio-a-corigliano\/#article","isPartOf":{"@id":"https:\/\/www.materdominivolley.it\/home\/2014\/10\/22\/un-punto-dallesordio-a-corigliano\/"},"author":{"name":"admin-mater","@id":"https:\/\/www.materdominivolley.it\/home\/#\/schema\/person\/86961330b970aecf0b9729df84069339"},"headline":"Un punto dall&#8217;esordio a Corigliano","datePublished":"2014-10-22T12:23:14+00:00","mainEntityOfPage":{"@id":"https:\/\/www.materdominivolley.it\/home\/2014\/10\/22\/un-punto-dallesordio-a-corigliano\/"},"wordCount":435,"commentCount":0,"publisher":{"@id":"https:\/\/www.materdominivolley.it\/home\/#organization"},"image":{"@id":"https:\/\/www.materdominivolley.it\/home\/2014\/10\/22\/un-punto-dallesordio-a-corigliano\/#primaryimage"},"thumbnailUrl":"https:\/\/www.materdominivolley.it\/home\/wp-content\/uploads\/2019\/09\/fanizza_parla.jpg","articleSection":["Serie A2"],"inLanguage":"it-IT","potentialAction":[{"@type":"CommentAction","name":"Comment","target":["https:\/\/www.materdominivolley.it\/home\/2014\/10\/22\/un-punto-dallesordio-a-corigliano\/#respond"]}]},{"@type":"WebPage","@id":"https:\/\/www.materdominivolley.it\/home\/2014\/10\/22\/un-punto-dallesordio-a-corigliano\/","url":"https:\/\/www.materdominivolley.it\/home\/2014\/10\/22\/un-punto-dallesordio-a-corigliano\/","name":"Un punto dall'esordio a Corigliano - materdominivolley","isPartOf":{"@id":"https:\/\/www.materdominivolley.it\/home\/#website"},"primaryImageOfPage":{"@id":"https:\/\/www.materdominivolley.it\/home\/2014\/10\/22\/un-punto-dallesordio-a-corigliano\/#primaryimage"},"image":{"@id":"https:\/\/www.materdominivolley.it\/home\/2014\/10\/22\/un-punto-dallesordio-a-corigliano\/#primaryimage"},"thumbnailUrl":"https:\/\/www.materdominivolley.it\/home\/wp-content\/uploads\/2019\/09\/fanizza_parla.jpg","datePublished":"2014-10-22T12:23:14+00:00","breadcrumb":{"@id":"https:\/\/www.materdominivolley.it\/home\/2014\/10\/22\/un-punto-dallesordio-a-corigliano\/#breadcrumb"},"inLanguage":"it-IT","potentialAction":[{"@type":"ReadAction","target":["https:\/\/www.materdominivolley.it\/home\/2014\/10\/22\/un-punto-dallesordio-a-corigliano\/"]}]},{"@type":"ImageObject","inLanguage":"it-IT","@id":"https:\/\/www.materdominivolley.it\/home\/2014\/10\/22\/un-punto-dallesordio-a-corigliano\/#primaryimage","url":"https:\/\/www.materdominivolley.it\/home\/wp-content\/uploads\/2019\/09\/fanizza_parla.jpg","contentUrl":"https:\/\/www.materdominivolley.it\/home\/wp-content\/uploads\/2019\/09\/fanizza_parla.jpg","width":980,"height":400},{"@type":"BreadcrumbList","@id":"https:\/\/www.materdominivolley.it\/home\/2014\/10\/22\/un-punto-dallesordio-a-corigliano\/#breadcrumb","itemListElement":[{"@type":"ListItem","position":1,"name":"Home","item":"https:\/\/www.materdominivolley.it\/home\/"},{"@type":"ListItem","position":2,"name":"Un punto dall&#8217;esordio a Corigliano"}]},{"@type":"WebSite","@id":"https:\/\/www.materdominivolley.it\/home\/#website","url":"https:\/\/www.materdominivolley.it\/home\/","name":"materdominivolley","description":"","publisher":{"@id":"https:\/\/www.materdominivolley.it\/home\/#organization"},"potentialAction":[{"@type":"SearchAction","target":{"@type":"EntryPoint","urlTemplate":"https:\/\/www.materdominivolley.it\/home\/?s={search_term_string}"},"query-input":{"@type":"PropertyValueSpecification","valueRequired":true,"valueName":"search_term_string"}}],"inLanguage":"it-IT"},{"@type":"Organization","@id":"https:\/\/www.materdominivolley.it\/home\/#organization","name":"Materdominivolley.it","url":"https:\/\/www.materdominivolley.it\/home\/","logo":{"@type":"ImageObject","inLanguage":"it-IT","@id":"https:\/\/www.materdominivolley.it\/home\/#\/schema\/logo\/image\/","url":"https:\/\/www.materdominivolley.it\/home\/wp-content\/uploads\/2019\/10\/Senza-titolo-1-2.png","contentUrl":"https:\/\/www.materdominivolley.it\/home\/wp-content\/uploads\/2019\/10\/Senza-titolo-1-2.png","width":180,"height":250,"caption":"Materdominivolley.it"},"image":{"@id":"https:\/\/www.materdominivolley.it\/home\/#\/schema\/logo\/image\/"},"sameAs":["https:\/\/www.facebook.com\/materdominivolleyit\/"]},{"@type":"Person","@id":"https:\/\/www.materdominivolley.it\/home\/#\/schema\/person\/86961330b970aecf0b9729df84069339","name":"admin-mater","image":{"@type":"ImageObject","inLanguage":"it-IT","@id":"https:\/\/secure.gravatar.com\/avatar\/71d088b9255aa52813637243630e63af9ffd99251cfb71c8536f2d3794cac08e?s=96&d=mm&r=g","url":"https:\/\/secure.gravatar.com\/avatar\/71d088b9255aa52813637243630e63af9ffd99251cfb71c8536f2d3794cac08e?s=96&d=mm&r=g","contentUrl":"https:\/\/secure.gravatar.com\/avatar\/71d088b9255aa52813637243630e63af9ffd99251cfb71c8536f2d3794cac08e?s=96&d=mm&r=g","caption":"admin-mater"},"url":"https:\/\/www.materdominivolley.it\/home\/author\/admin-mater\/"}]}},"_links":{"self":[{"href":"https:\/\/www.materdominivolley.it\/home\/wp-json\/wp\/v2\/posts\/1334","targetHints":{"allow":["GET"]}}],"collection":[{"href":"https:\/\/www.materdominivolley.it\/home\/wp-json\/wp\/v2\/posts"}],"about":[{"href":"https:\/\/www.materdominivolley.it\/home\/wp-json\/wp\/v2\/types\/post"}],"author":[{"embeddable":true,"href":"https:\/\/www.materdominivolley.it\/home\/wp-json\/wp\/v2\/users\/1"}],"replies":[{"embeddable":true,"href":"https:\/\/www.materdominivolley.it\/home\/wp-json\/wp\/v2\/comments?post=1334"}],"version-history":[{"count":0,"href":"https:\/\/www.materdominivolley.it\/home\/wp-json\/wp\/v2\/posts\/1334\/revisions"}],"wp:featuredmedia":[{"embeddable":true,"href":"https:\/\/www.materdominivolley.it\/home\/wp-json\/wp\/v2\/media\/497"}],"wp:attachment":[{"href":"https:\/\/www.materdominivolley.it\/home\/wp-json\/wp\/v2\/media?parent=1334"}],"wp:term":[{"taxonomy":"category","embeddable":true,"href":"https:\/\/www.materdominivolley.it\/home\/wp-json\/wp\/v2\/categories?post=1334"},{"taxonomy":"post_tag","embeddable":true,"href":"https:\/\/www.materdominivolley.it\/home\/wp-json\/wp\/v2\/tags?post=1334"}],"curies":[{"name":"wp","href":"https:\/\/api.w.org\/{rel}","templated":true}]}}