{"id":1342,"date":"2014-10-14T13:21:18","date_gmt":"2014-10-14T11:21:18","guid":{"rendered":"https:\/\/www.materdominivolley.it\/home\/2014\/10\/14\/radici-nel-passato-testa-al-futuro\/"},"modified":"2014-10-14T13:21:18","modified_gmt":"2014-10-14T11:21:18","slug":"radici-nel-passato-testa-al-futuro","status":"publish","type":"post","link":"https:\/\/www.materdominivolley.it\/home\/2014\/10\/14\/radici-nel-passato-testa-al-futuro\/","title":{"rendered":"Radici nel passato, testa al futuro"},"content":{"rendered":"\n        <p>\n\tCon il ricordo dei playoff della passata stagione, della conquista del titolo nazionale giovanile della Boy League U14 e della prima gara in serie A2 giocata il 16 ottobre 1994, si \u00e8 aperta la presentazione ufficiale della <strong>Materdominivolley.it Castellana Grotte<\/strong> per la stagione 2014\/2015. Da una parte la nona partecipazione al campionato nazionale serie A2 UnipolSai di pallavolo maschile, dall&#39;altra il progetto Accademia del volley giovanile che continua a crescere. Si \u00e8 svelata ieri, marted\u00ec 7 ottobre, nella Sala Giunta del Palazzo Municipale, alla presenza delle istituzioni cittadine e dei principali partners la nuova Materdomini. E&#39; stato il presidente <strong>Michele Miccolis<\/strong> a introdurre, alla presenza del sindaco <strong>Francesco Tricase<\/strong> e dell&#39;assessore <strong>Maurizio Pace<\/strong>, i temi della serata parlando della societ\u00e0 &#8220;come risorsa per il territorio, oltre che come realt\u00e0 che affonda le radici nel passato ma guarda con orgoglio e speranze al futuro. La Materdomini \u00e8 una societ\u00e0 storica per Castellana e non solo, ma al tempo stesso ha saputo rinnovarsi per reggere al peso delle difficolt\u00e0 economiche e strutturali, grazie agli sponsor e a tutti i collaboratori&#8221;.<\/p>\n<p>\n\tPoi \u00e8 stato il turno della presentazione del roster: dal numero 1 Morelli al numero 18 Libraro, dal pi\u00f9 esperto (oltre che capitano) Castellano al pi\u00f9 giovane Nero, dagli acquisti Latorre, Pedron e Giosa alle conferme Nanni Primavera e Spadavecchia passando per i tanti prodotti del vivaio Marzo, Sorrenti, Kouznetsov, Cirocco, De Serio e Alessandro Primavera. Hanno parlato anche il tecnico <strong>Vincenzo Fanizza <\/strong>e il direttore sportivo <strong>Vito Primavera<\/strong>, in rappresentanza dello staff dirigenziale, tecnico e medico-sanitario.<\/p>\n<p>\n\tPresenti i partner stagionali: nuovi come nel caso di Asics sponsor tecnico, storici come Bcc Castellana Grotte (presente l&#39;<strong>avv. Augusto dell&#39;Erba<\/strong>, presidente dell&#39;Istituto di credito), Chimica D\u2019Agostino (presente il <strong>dott. Donato D&#39;Agostino<\/strong>, amministratore unico dell&#39;azienda), Diatek e Sabatelli Gastronomia (presente <strong>Donato Sabatelli<\/strong>, da quest&#39;anno anche vicepresidente del club) e di impatto sociale come Admo e Aguvs (rappresentate rispettivamente da <strong>Maria Stea<\/strong> presidente Admo Puglia e <strong>Stefania Bruno<\/strong>).<\/p>\n<p>\n\tAltre informazioni sul sito ufficiale del club <strong>www.materdominivolley.it<\/strong> e gallery fotografica sulla pagina facebook <strong>MaterdominiVolley.it<\/strong>.<\/p>\n        ","protected":false},"excerpt":{"rendered":"<p><!-- wp:paragraph --><br \/>\n        Avvio ufficiale della stagione nella Sala Giunta del Palazzo Municipale di Castellana. Il presidente Miccolis: &#8220;Siamo una societ\u00e0 storica, ma al tempo stesso abbiamo saputo rinnovarci per reggere al peso delle difficolt\u00e0 economiche e strutturali&#8221;<br \/>\n        <!-- \/wp:paragraph --><\/p>\n","protected":false},"author":1,"featured_media":1331,"comment_status":"open","ping_status":"closed","sticky":false,"template":"","format":"standard","meta":{"footnotes":""},"categories":[],"tags":[],"class_list":["post-1342","post","type-post","status-publish","format-standard","has-post-thumbnail","hentry"],"yoast_head":"<!-- This site is optimized with the Yoast SEO plugin v27.4 - https:\/\/yoast.com\/product\/yoast-seo-wordpress\/ -->\n<title>Radici nel passato, testa al futuro - materdominivolley<\/title>\n<meta name=\"robots\" content=\"index, follow, max-snippet:-1, max-image-preview:large, max-video-preview:-1\" \/>\n<link rel=\"canonical\" href=\"https:\/\/www.materdominivolley.it\/home\/2014\/10\/14\/radici-nel-passato-testa-al-futuro\/\" \/>\n<meta property=\"og:locale\" content=\"it_IT\" \/>\n<meta property=\"og:type\" content=\"article\" \/>\n<meta property=\"og:title\" content=\"Radici nel passato, testa al futuro - materdominivolley\" \/>\n<meta property=\"og:description\" content=\"Avvio ufficiale della stagione nella Sala Giunta del Palazzo Municipale di Castellana. Il presidente Miccolis: &quot;Siamo una societ\u00e0 storica, ma al tempo stesso abbiamo saputo rinnovarci per reggere al peso delle difficolt\u00e0 economiche e strutturali&quot;\" \/>\n<meta property=\"og:url\" content=\"https:\/\/www.materdominivolley.it\/home\/2014\/10\/14\/radici-nel-passato-testa-al-futuro\/\" \/>\n<meta property=\"og:site_name\" content=\"materdominivolley\" \/>\n<meta property=\"article:publisher\" content=\"https:\/\/www.facebook.com\/materdominivolleyit\/\" \/>\n<meta property=\"article:published_time\" content=\"2014-10-14T11:21:18+00:00\" \/>\n<meta property=\"og:image\" content=\"https:\/\/www.materdominivolley.it\/home\/wp-content\/uploads\/2019\/09\/presentazione1415.jpg\" \/>\n\t<meta property=\"og:image:width\" content=\"980\" \/>\n\t<meta property=\"og:image:height\" content=\"400\" \/>\n\t<meta property=\"og:image:type\" content=\"image\/jpeg\" \/>\n<meta name=\"author\" content=\"admin-mater\" \/>\n<meta name=\"twitter:card\" content=\"summary_large_image\" \/>\n<meta name=\"twitter:label1\" content=\"Scritto da\" \/>\n\t<meta name=\"twitter:data1\" content=\"admin-mater\" \/>\n\t<meta name=\"twitter:label2\" content=\"Tempo di lettura stimato\" \/>\n\t<meta name=\"twitter:data2\" content=\"2 minuti\" \/>\n<script type=\"application\/ld+json\" class=\"yoast-schema-graph\">{\"@context\":\"https:\\\/\\\/schema.org\",\"@graph\":[{\"@type\":\"Article\",\"@id\":\"https:\\\/\\\/www.materdominivolley.it\\\/home\\\/2014\\\/10\\\/14\\\/radici-nel-passato-testa-al-futuro\\\/#article\",\"isPartOf\":{\"@id\":\"https:\\\/\\\/www.materdominivolley.it\\\/home\\\/2014\\\/10\\\/14\\\/radici-nel-passato-testa-al-futuro\\\/\"},\"author\":{\"name\":\"admin-mater\",\"@id\":\"https:\\\/\\\/www.materdominivolley.it\\\/home\\\/#\\\/schema\\\/person\\\/86961330b970aecf0b9729df84069339\"},\"headline\":\"Radici nel passato, testa al futuro\",\"datePublished\":\"2014-10-14T11:21:18+00:00\",\"mainEntityOfPage\":{\"@id\":\"https:\\\/\\\/www.materdominivolley.it\\\/home\\\/2014\\\/10\\\/14\\\/radici-nel-passato-testa-al-futuro\\\/\"},\"wordCount\":346,\"commentCount\":0,\"publisher\":{\"@id\":\"https:\\\/\\\/www.materdominivolley.it\\\/home\\\/#organization\"},\"image\":{\"@id\":\"https:\\\/\\\/www.materdominivolley.it\\\/home\\\/2014\\\/10\\\/14\\\/radici-nel-passato-testa-al-futuro\\\/#primaryimage\"},\"thumbnailUrl\":\"https:\\\/\\\/www.materdominivolley.it\\\/home\\\/wp-content\\\/uploads\\\/2019\\\/09\\\/presentazione1415.jpg\",\"inLanguage\":\"it-IT\",\"potentialAction\":[{\"@type\":\"CommentAction\",\"name\":\"Comment\",\"target\":[\"https:\\\/\\\/www.materdominivolley.it\\\/home\\\/2014\\\/10\\\/14\\\/radici-nel-passato-testa-al-futuro\\\/#respond\"]}]},{\"@type\":\"WebPage\",\"@id\":\"https:\\\/\\\/www.materdominivolley.it\\\/home\\\/2014\\\/10\\\/14\\\/radici-nel-passato-testa-al-futuro\\\/\",\"url\":\"https:\\\/\\\/www.materdominivolley.it\\\/home\\\/2014\\\/10\\\/14\\\/radici-nel-passato-testa-al-futuro\\\/\",\"name\":\"Radici nel passato, testa al futuro - materdominivolley\",\"isPartOf\":{\"@id\":\"https:\\\/\\\/www.materdominivolley.it\\\/home\\\/#website\"},\"primaryImageOfPage\":{\"@id\":\"https:\\\/\\\/www.materdominivolley.it\\\/home\\\/2014\\\/10\\\/14\\\/radici-nel-passato-testa-al-futuro\\\/#primaryimage\"},\"image\":{\"@id\":\"https:\\\/\\\/www.materdominivolley.it\\\/home\\\/2014\\\/10\\\/14\\\/radici-nel-passato-testa-al-futuro\\\/#primaryimage\"},\"thumbnailUrl\":\"https:\\\/\\\/www.materdominivolley.it\\\/home\\\/wp-content\\\/uploads\\\/2019\\\/09\\\/presentazione1415.jpg\",\"datePublished\":\"2014-10-14T11:21:18+00:00\",\"breadcrumb\":{\"@id\":\"https:\\\/\\\/www.materdominivolley.it\\\/home\\\/2014\\\/10\\\/14\\\/radici-nel-passato-testa-al-futuro\\\/#breadcrumb\"},\"inLanguage\":\"it-IT\",\"potentialAction\":[{\"@type\":\"ReadAction\",\"target\":[\"https:\\\/\\\/www.materdominivolley.it\\\/home\\\/2014\\\/10\\\/14\\\/radici-nel-passato-testa-al-futuro\\\/\"]}]},{\"@type\":\"ImageObject\",\"inLanguage\":\"it-IT\",\"@id\":\"https:\\\/\\\/www.materdominivolley.it\\\/home\\\/2014\\\/10\\\/14\\\/radici-nel-passato-testa-al-futuro\\\/#primaryimage\",\"url\":\"https:\\\/\\\/www.materdominivolley.it\\\/home\\\/wp-content\\\/uploads\\\/2019\\\/09\\\/presentazione1415.jpg\",\"contentUrl\":\"https:\\\/\\\/www.materdominivolley.it\\\/home\\\/wp-content\\\/uploads\\\/2019\\\/09\\\/presentazione1415.jpg\",\"width\":980,\"height\":400},{\"@type\":\"BreadcrumbList\",\"@id\":\"https:\\\/\\\/www.materdominivolley.it\\\/home\\\/2014\\\/10\\\/14\\\/radici-nel-passato-testa-al-futuro\\\/#breadcrumb\",\"itemListElement\":[{\"@type\":\"ListItem\",\"position\":1,\"name\":\"Home\",\"item\":\"https:\\\/\\\/www.materdominivolley.it\\\/home\\\/\"},{\"@type\":\"ListItem\",\"position\":2,\"name\":\"Radici nel passato, testa al futuro\"}]},{\"@type\":\"WebSite\",\"@id\":\"https:\\\/\\\/www.materdominivolley.it\\\/home\\\/#website\",\"url\":\"https:\\\/\\\/www.materdominivolley.it\\\/home\\\/\",\"name\":\"materdominivolley\",\"description\":\"\",\"publisher\":{\"@id\":\"https:\\\/\\\/www.materdominivolley.it\\\/home\\\/#organization\"},\"potentialAction\":[{\"@type\":\"SearchAction\",\"target\":{\"@type\":\"EntryPoint\",\"urlTemplate\":\"https:\\\/\\\/www.materdominivolley.it\\\/home\\\/?s={search_term_string}\"},\"query-input\":{\"@type\":\"PropertyValueSpecification\",\"valueRequired\":true,\"valueName\":\"search_term_string\"}}],\"inLanguage\":\"it-IT\"},{\"@type\":\"Organization\",\"@id\":\"https:\\\/\\\/www.materdominivolley.it\\\/home\\\/#organization\",\"name\":\"Materdominivolley.it\",\"url\":\"https:\\\/\\\/www.materdominivolley.it\\\/home\\\/\",\"logo\":{\"@type\":\"ImageObject\",\"inLanguage\":\"it-IT\",\"@id\":\"https:\\\/\\\/www.materdominivolley.it\\\/home\\\/#\\\/schema\\\/logo\\\/image\\\/\",\"url\":\"https:\\\/\\\/www.materdominivolley.it\\\/home\\\/wp-content\\\/uploads\\\/2019\\\/10\\\/Senza-titolo-1-2.png\",\"contentUrl\":\"https:\\\/\\\/www.materdominivolley.it\\\/home\\\/wp-content\\\/uploads\\\/2019\\\/10\\\/Senza-titolo-1-2.png\",\"width\":180,\"height\":250,\"caption\":\"Materdominivolley.it\"},\"image\":{\"@id\":\"https:\\\/\\\/www.materdominivolley.it\\\/home\\\/#\\\/schema\\\/logo\\\/image\\\/\"},\"sameAs\":[\"https:\\\/\\\/www.facebook.com\\\/materdominivolleyit\\\/\"]},{\"@type\":\"Person\",\"@id\":\"https:\\\/\\\/www.materdominivolley.it\\\/home\\\/#\\\/schema\\\/person\\\/86961330b970aecf0b9729df84069339\",\"name\":\"admin-mater\",\"image\":{\"@type\":\"ImageObject\",\"inLanguage\":\"it-IT\",\"@id\":\"https:\\\/\\\/secure.gravatar.com\\\/avatar\\\/71d088b9255aa52813637243630e63af9ffd99251cfb71c8536f2d3794cac08e?s=96&d=mm&r=g\",\"url\":\"https:\\\/\\\/secure.gravatar.com\\\/avatar\\\/71d088b9255aa52813637243630e63af9ffd99251cfb71c8536f2d3794cac08e?s=96&d=mm&r=g\",\"contentUrl\":\"https:\\\/\\\/secure.gravatar.com\\\/avatar\\\/71d088b9255aa52813637243630e63af9ffd99251cfb71c8536f2d3794cac08e?s=96&d=mm&r=g\",\"caption\":\"admin-mater\"},\"url\":\"https:\\\/\\\/www.materdominivolley.it\\\/home\\\/author\\\/admin-mater\\\/\"}]}<\/script>\n<!-- \/ Yoast SEO plugin. -->","yoast_head_json":{"title":"Radici nel passato, testa al futuro - materdominivolley","robots":{"index":"index","follow":"follow","max-snippet":"max-snippet:-1","max-image-preview":"max-image-preview:large","max-video-preview":"max-video-preview:-1"},"canonical":"https:\/\/www.materdominivolley.it\/home\/2014\/10\/14\/radici-nel-passato-testa-al-futuro\/","og_locale":"it_IT","og_type":"article","og_title":"Radici nel passato, testa al futuro - materdominivolley","og_description":"Avvio ufficiale della stagione nella Sala Giunta del Palazzo Municipale di Castellana. Il presidente Miccolis: \"Siamo una societ\u00e0 storica, ma al tempo stesso abbiamo saputo rinnovarci per reggere al peso delle difficolt\u00e0 economiche e strutturali\"","og_url":"https:\/\/www.materdominivolley.it\/home\/2014\/10\/14\/radici-nel-passato-testa-al-futuro\/","og_site_name":"materdominivolley","article_publisher":"https:\/\/www.facebook.com\/materdominivolleyit\/","article_published_time":"2014-10-14T11:21:18+00:00","og_image":[{"width":980,"height":400,"url":"https:\/\/www.materdominivolley.it\/home\/wp-content\/uploads\/2019\/09\/presentazione1415.jpg","type":"image\/jpeg"}],"author":"admin-mater","twitter_card":"summary_large_image","twitter_misc":{"Scritto da":"admin-mater","Tempo di lettura stimato":"2 minuti"},"schema":{"@context":"https:\/\/schema.org","@graph":[{"@type":"Article","@id":"https:\/\/www.materdominivolley.it\/home\/2014\/10\/14\/radici-nel-passato-testa-al-futuro\/#article","isPartOf":{"@id":"https:\/\/www.materdominivolley.it\/home\/2014\/10\/14\/radici-nel-passato-testa-al-futuro\/"},"author":{"name":"admin-mater","@id":"https:\/\/www.materdominivolley.it\/home\/#\/schema\/person\/86961330b970aecf0b9729df84069339"},"headline":"Radici nel passato, testa al futuro","datePublished":"2014-10-14T11:21:18+00:00","mainEntityOfPage":{"@id":"https:\/\/www.materdominivolley.it\/home\/2014\/10\/14\/radici-nel-passato-testa-al-futuro\/"},"wordCount":346,"commentCount":0,"publisher":{"@id":"https:\/\/www.materdominivolley.it\/home\/#organization"},"image":{"@id":"https:\/\/www.materdominivolley.it\/home\/2014\/10\/14\/radici-nel-passato-testa-al-futuro\/#primaryimage"},"thumbnailUrl":"https:\/\/www.materdominivolley.it\/home\/wp-content\/uploads\/2019\/09\/presentazione1415.jpg","inLanguage":"it-IT","potentialAction":[{"@type":"CommentAction","name":"Comment","target":["https:\/\/www.materdominivolley.it\/home\/2014\/10\/14\/radici-nel-passato-testa-al-futuro\/#respond"]}]},{"@type":"WebPage","@id":"https:\/\/www.materdominivolley.it\/home\/2014\/10\/14\/radici-nel-passato-testa-al-futuro\/","url":"https:\/\/www.materdominivolley.it\/home\/2014\/10\/14\/radici-nel-passato-testa-al-futuro\/","name":"Radici nel passato, testa al futuro - materdominivolley","isPartOf":{"@id":"https:\/\/www.materdominivolley.it\/home\/#website"},"primaryImageOfPage":{"@id":"https:\/\/www.materdominivolley.it\/home\/2014\/10\/14\/radici-nel-passato-testa-al-futuro\/#primaryimage"},"image":{"@id":"https:\/\/www.materdominivolley.it\/home\/2014\/10\/14\/radici-nel-passato-testa-al-futuro\/#primaryimage"},"thumbnailUrl":"https:\/\/www.materdominivolley.it\/home\/wp-content\/uploads\/2019\/09\/presentazione1415.jpg","datePublished":"2014-10-14T11:21:18+00:00","breadcrumb":{"@id":"https:\/\/www.materdominivolley.it\/home\/2014\/10\/14\/radici-nel-passato-testa-al-futuro\/#breadcrumb"},"inLanguage":"it-IT","potentialAction":[{"@type":"ReadAction","target":["https:\/\/www.materdominivolley.it\/home\/2014\/10\/14\/radici-nel-passato-testa-al-futuro\/"]}]},{"@type":"ImageObject","inLanguage":"it-IT","@id":"https:\/\/www.materdominivolley.it\/home\/2014\/10\/14\/radici-nel-passato-testa-al-futuro\/#primaryimage","url":"https:\/\/www.materdominivolley.it\/home\/wp-content\/uploads\/2019\/09\/presentazione1415.jpg","contentUrl":"https:\/\/www.materdominivolley.it\/home\/wp-content\/uploads\/2019\/09\/presentazione1415.jpg","width":980,"height":400},{"@type":"BreadcrumbList","@id":"https:\/\/www.materdominivolley.it\/home\/2014\/10\/14\/radici-nel-passato-testa-al-futuro\/#breadcrumb","itemListElement":[{"@type":"ListItem","position":1,"name":"Home","item":"https:\/\/www.materdominivolley.it\/home\/"},{"@type":"ListItem","position":2,"name":"Radici nel passato, testa al futuro"}]},{"@type":"WebSite","@id":"https:\/\/www.materdominivolley.it\/home\/#website","url":"https:\/\/www.materdominivolley.it\/home\/","name":"materdominivolley","description":"","publisher":{"@id":"https:\/\/www.materdominivolley.it\/home\/#organization"},"potentialAction":[{"@type":"SearchAction","target":{"@type":"EntryPoint","urlTemplate":"https:\/\/www.materdominivolley.it\/home\/?s={search_term_string}"},"query-input":{"@type":"PropertyValueSpecification","valueRequired":true,"valueName":"search_term_string"}}],"inLanguage":"it-IT"},{"@type":"Organization","@id":"https:\/\/www.materdominivolley.it\/home\/#organization","name":"Materdominivolley.it","url":"https:\/\/www.materdominivolley.it\/home\/","logo":{"@type":"ImageObject","inLanguage":"it-IT","@id":"https:\/\/www.materdominivolley.it\/home\/#\/schema\/logo\/image\/","url":"https:\/\/www.materdominivolley.it\/home\/wp-content\/uploads\/2019\/10\/Senza-titolo-1-2.png","contentUrl":"https:\/\/www.materdominivolley.it\/home\/wp-content\/uploads\/2019\/10\/Senza-titolo-1-2.png","width":180,"height":250,"caption":"Materdominivolley.it"},"image":{"@id":"https:\/\/www.materdominivolley.it\/home\/#\/schema\/logo\/image\/"},"sameAs":["https:\/\/www.facebook.com\/materdominivolleyit\/"]},{"@type":"Person","@id":"https:\/\/www.materdominivolley.it\/home\/#\/schema\/person\/86961330b970aecf0b9729df84069339","name":"admin-mater","image":{"@type":"ImageObject","inLanguage":"it-IT","@id":"https:\/\/secure.gravatar.com\/avatar\/71d088b9255aa52813637243630e63af9ffd99251cfb71c8536f2d3794cac08e?s=96&d=mm&r=g","url":"https:\/\/secure.gravatar.com\/avatar\/71d088b9255aa52813637243630e63af9ffd99251cfb71c8536f2d3794cac08e?s=96&d=mm&r=g","contentUrl":"https:\/\/secure.gravatar.com\/avatar\/71d088b9255aa52813637243630e63af9ffd99251cfb71c8536f2d3794cac08e?s=96&d=mm&r=g","caption":"admin-mater"},"url":"https:\/\/www.materdominivolley.it\/home\/author\/admin-mater\/"}]}},"_links":{"self":[{"href":"https:\/\/www.materdominivolley.it\/home\/wp-json\/wp\/v2\/posts\/1342","targetHints":{"allow":["GET"]}}],"collection":[{"href":"https:\/\/www.materdominivolley.it\/home\/wp-json\/wp\/v2\/posts"}],"about":[{"href":"https:\/\/www.materdominivolley.it\/home\/wp-json\/wp\/v2\/types\/post"}],"author":[{"embeddable":true,"href":"https:\/\/www.materdominivolley.it\/home\/wp-json\/wp\/v2\/users\/1"}],"replies":[{"embeddable":true,"href":"https:\/\/www.materdominivolley.it\/home\/wp-json\/wp\/v2\/comments?post=1342"}],"version-history":[{"count":0,"href":"https:\/\/www.materdominivolley.it\/home\/wp-json\/wp\/v2\/posts\/1342\/revisions"}],"wp:featuredmedia":[{"embeddable":true,"href":"https:\/\/www.materdominivolley.it\/home\/wp-json\/wp\/v2\/media\/1331"}],"wp:attachment":[{"href":"https:\/\/www.materdominivolley.it\/home\/wp-json\/wp\/v2\/media?parent=1342"}],"wp:term":[{"taxonomy":"category","embeddable":true,"href":"https:\/\/www.materdominivolley.it\/home\/wp-json\/wp\/v2\/categories?post=1342"},{"taxonomy":"post_tag","embeddable":true,"href":"https:\/\/www.materdominivolley.it\/home\/wp-json\/wp\/v2\/tags?post=1342"}],"curies":[{"name":"wp","href":"https:\/\/api.w.org\/{rel}","templated":true}]}}