{"id":1346,"date":"2014-10-06T11:58:27","date_gmt":"2014-10-06T09:58:27","guid":{"rendered":"https:\/\/www.materdominivolley.it\/home\/2014\/10\/06\/ottimo-debutto-interno-con-corigliano\/"},"modified":"2014-10-06T11:58:27","modified_gmt":"2014-10-06T09:58:27","slug":"ottimo-debutto-interno-con-corigliano","status":"publish","type":"post","link":"https:\/\/www.materdominivolley.it\/home\/2014\/10\/06\/ottimo-debutto-interno-con-corigliano\/","title":{"rendered":"Ottimo debutto interno con Corigliano"},"content":{"rendered":"\n        <p>\n\tAl via la quinta settimana di lavoro per la <strong>Materdominivolley.it Castellana Grotte<\/strong>,\u00a0sodalizio iscritto al prossimo campionato nazionale serie A2 UnipolSai di pallavolo maschile, che gi\u00e0 da oggi, luned\u00ec 29, si \u00e8 ritrovata in palestra al servizio del preparatore atletico <strong>Luigi Ditano<\/strong>.<\/p>\n<p>\n\tIntanto la settimana precedente si \u00e8 chiusa in positivo con un ottimo debutto casalingo: l&#39;amichevole tra il club del presidente <strong>Michele Miccolis<\/strong> e la <strong>Caff\u00e8 Aiello Corigliano<\/strong>, disputata lo scorso sabato presso il PalaGrotte, infatti, \u00e8 finita in pareggio (2-2). Le due ore di confronto concordate tra i club, quindi, non sono bastate a decretare nessun vincitore, ma hanno offerto al tecnico <strong>Vincenzo Fanizza<\/strong> altre buone indicazioni dopo l&#39;eccellente prova del Memorial De Giorgio ad Alberobello.<\/p>\n<p>\n\tIl risultato, cos\u00ec, lascia soddisfatta la Materdomini. In evidenza in questo primo confronto casalingo anche e soprattutto i giovanissimi dell&#39;accademia a cui Fanizza ha dato ancora particolare fiducia nelle fasi pi\u00f9 delicate del match. A fine gara l\u2019appena ventenne <strong>Pietro Luca Latorre<\/strong> autore di un\u2019ottima prestazione in cabina di regia ha commentato: \u201cSono molto soddisfatto di questa prova. Al di l\u00e0 del risultato in campo la squadra sta crescendo ed i miglioramenti sono sotto gli occhi di tutti. C\u2019\u00e8 tanto da lavorare sotto tutti gli aspetti. Io personalmente ho tanta voglia di imparare, mi pongo al servizio del gruppo, a piena disposizione dell\u2019allenatore impegnandomi a farmi trovare pronto ogni qual volta sar\u00f2 chiamato in causa. Intanto cresce l\u2019emozione &#8211; conclude il palleggiatore di Manduria &#8211; per la prima di campionato e sono certo che anche in quella occasione disputeremo un\u2019ottima gara\u201d.\u00a0\u00a0\u00a0\u00a0<\/p>\n<p>\n\tQuella contro Corigliano, intanto, ha rappresentato la prima di tre amichevoli in sequenza, tutte in casa. La Mater sar\u00e0 impegnata, infatti, anche il 4 ottobre contro Matera e l\u20198 ottobre contro Alessano. La serata di presentazione del roster dell&#39;A2 e della nuova stagione, infine, \u00e8 fissata per il 7 ottobre nella Sala Giunta del Palazzo Comunale di Castellana Grotte.<\/p>\n<p>\n\tAltre informazioni sul sito ufficiale del club <strong>www.materdominivolley.it<\/strong> e sulla pagina facebook <strong>MaterdominiVolley.it<\/strong>.<\/p>\n        ","protected":false},"excerpt":{"rendered":"<p><!-- wp:paragraph --><br \/>\n        L&#8217;amichevole con la Caff\u00e8 Aiello Corigliano \u00e8 finita in pareggio (2-2). Le due ore di confronto non sono bastate a decretare un vincitore ma hanno offerto a mister Fanizza altre buone indicazioni, dopo il memorial De Giorgio.<br \/>\n        <!-- \/wp:paragraph --><\/p>\n","protected":false},"author":1,"featured_media":1284,"comment_status":"open","ping_status":"closed","sticky":false,"template":"","format":"standard","meta":{"footnotes":""},"categories":[13],"tags":[],"class_list":["post-1346","post","type-post","status-publish","format-standard","has-post-thumbnail","hentry","category-serie-a2"],"yoast_head":"<!-- This site is optimized with the Yoast SEO plugin v27.4 - https:\/\/yoast.com\/product\/yoast-seo-wordpress\/ -->\n<title>Ottimo debutto interno con Corigliano - materdominivolley<\/title>\n<meta name=\"robots\" content=\"index, follow, max-snippet:-1, max-image-preview:large, max-video-preview:-1\" \/>\n<link rel=\"canonical\" href=\"https:\/\/www.materdominivolley.it\/home\/2014\/10\/06\/ottimo-debutto-interno-con-corigliano\/\" \/>\n<meta property=\"og:locale\" content=\"it_IT\" \/>\n<meta property=\"og:type\" content=\"article\" \/>\n<meta property=\"og:title\" content=\"Ottimo debutto interno con Corigliano - materdominivolley\" \/>\n<meta property=\"og:description\" content=\"L&#039;amichevole con la Caff\u00e8 Aiello Corigliano \u00e8 finita in pareggio (2-2). Le due ore di confronto non sono bastate a decretare un vincitore ma hanno offerto a mister Fanizza altre buone indicazioni, dopo il memorial De Giorgio.\" \/>\n<meta property=\"og:url\" content=\"https:\/\/www.materdominivolley.it\/home\/2014\/10\/06\/ottimo-debutto-interno-con-corigliano\/\" \/>\n<meta property=\"og:site_name\" content=\"materdominivolley\" \/>\n<meta property=\"article:publisher\" content=\"https:\/\/www.facebook.com\/materdominivolleyit\/\" \/>\n<meta property=\"article:published_time\" content=\"2014-10-06T09:58:27+00:00\" \/>\n<meta property=\"og:image\" content=\"https:\/\/www.materdominivolley.it\/home\/wp-content\/uploads\/2019\/09\/mater-corigliano.jpg\" \/>\n\t<meta property=\"og:image:width\" content=\"1300\" \/>\n\t<meta property=\"og:image:height\" content=\"531\" \/>\n\t<meta property=\"og:image:type\" content=\"image\/jpeg\" \/>\n<meta name=\"author\" content=\"admin-mater\" \/>\n<meta name=\"twitter:card\" content=\"summary_large_image\" \/>\n<meta name=\"twitter:label1\" content=\"Scritto da\" \/>\n\t<meta name=\"twitter:data1\" content=\"admin-mater\" \/>\n\t<meta name=\"twitter:label2\" content=\"Tempo di lettura stimato\" \/>\n\t<meta name=\"twitter:data2\" content=\"2 minuti\" \/>\n<script type=\"application\/ld+json\" class=\"yoast-schema-graph\">{\"@context\":\"https:\\\/\\\/schema.org\",\"@graph\":[{\"@type\":\"Article\",\"@id\":\"https:\\\/\\\/www.materdominivolley.it\\\/home\\\/2014\\\/10\\\/06\\\/ottimo-debutto-interno-con-corigliano\\\/#article\",\"isPartOf\":{\"@id\":\"https:\\\/\\\/www.materdominivolley.it\\\/home\\\/2014\\\/10\\\/06\\\/ottimo-debutto-interno-con-corigliano\\\/\"},\"author\":{\"name\":\"admin-mater\",\"@id\":\"https:\\\/\\\/www.materdominivolley.it\\\/home\\\/#\\\/schema\\\/person\\\/86961330b970aecf0b9729df84069339\"},\"headline\":\"Ottimo debutto interno con Corigliano\",\"datePublished\":\"2014-10-06T09:58:27+00:00\",\"mainEntityOfPage\":{\"@id\":\"https:\\\/\\\/www.materdominivolley.it\\\/home\\\/2014\\\/10\\\/06\\\/ottimo-debutto-interno-con-corigliano\\\/\"},\"wordCount\":342,\"commentCount\":0,\"publisher\":{\"@id\":\"https:\\\/\\\/www.materdominivolley.it\\\/home\\\/#organization\"},\"image\":{\"@id\":\"https:\\\/\\\/www.materdominivolley.it\\\/home\\\/2014\\\/10\\\/06\\\/ottimo-debutto-interno-con-corigliano\\\/#primaryimage\"},\"thumbnailUrl\":\"https:\\\/\\\/www.materdominivolley.it\\\/home\\\/wp-content\\\/uploads\\\/2019\\\/09\\\/mater-corigliano.jpg\",\"articleSection\":[\"Serie A2\"],\"inLanguage\":\"it-IT\",\"potentialAction\":[{\"@type\":\"CommentAction\",\"name\":\"Comment\",\"target\":[\"https:\\\/\\\/www.materdominivolley.it\\\/home\\\/2014\\\/10\\\/06\\\/ottimo-debutto-interno-con-corigliano\\\/#respond\"]}]},{\"@type\":\"WebPage\",\"@id\":\"https:\\\/\\\/www.materdominivolley.it\\\/home\\\/2014\\\/10\\\/06\\\/ottimo-debutto-interno-con-corigliano\\\/\",\"url\":\"https:\\\/\\\/www.materdominivolley.it\\\/home\\\/2014\\\/10\\\/06\\\/ottimo-debutto-interno-con-corigliano\\\/\",\"name\":\"Ottimo debutto interno con Corigliano - materdominivolley\",\"isPartOf\":{\"@id\":\"https:\\\/\\\/www.materdominivolley.it\\\/home\\\/#website\"},\"primaryImageOfPage\":{\"@id\":\"https:\\\/\\\/www.materdominivolley.it\\\/home\\\/2014\\\/10\\\/06\\\/ottimo-debutto-interno-con-corigliano\\\/#primaryimage\"},\"image\":{\"@id\":\"https:\\\/\\\/www.materdominivolley.it\\\/home\\\/2014\\\/10\\\/06\\\/ottimo-debutto-interno-con-corigliano\\\/#primaryimage\"},\"thumbnailUrl\":\"https:\\\/\\\/www.materdominivolley.it\\\/home\\\/wp-content\\\/uploads\\\/2019\\\/09\\\/mater-corigliano.jpg\",\"datePublished\":\"2014-10-06T09:58:27+00:00\",\"breadcrumb\":{\"@id\":\"https:\\\/\\\/www.materdominivolley.it\\\/home\\\/2014\\\/10\\\/06\\\/ottimo-debutto-interno-con-corigliano\\\/#breadcrumb\"},\"inLanguage\":\"it-IT\",\"potentialAction\":[{\"@type\":\"ReadAction\",\"target\":[\"https:\\\/\\\/www.materdominivolley.it\\\/home\\\/2014\\\/10\\\/06\\\/ottimo-debutto-interno-con-corigliano\\\/\"]}]},{\"@type\":\"ImageObject\",\"inLanguage\":\"it-IT\",\"@id\":\"https:\\\/\\\/www.materdominivolley.it\\\/home\\\/2014\\\/10\\\/06\\\/ottimo-debutto-interno-con-corigliano\\\/#primaryimage\",\"url\":\"https:\\\/\\\/www.materdominivolley.it\\\/home\\\/wp-content\\\/uploads\\\/2019\\\/09\\\/mater-corigliano.jpg\",\"contentUrl\":\"https:\\\/\\\/www.materdominivolley.it\\\/home\\\/wp-content\\\/uploads\\\/2019\\\/09\\\/mater-corigliano.jpg\",\"width\":1300,\"height\":531},{\"@type\":\"BreadcrumbList\",\"@id\":\"https:\\\/\\\/www.materdominivolley.it\\\/home\\\/2014\\\/10\\\/06\\\/ottimo-debutto-interno-con-corigliano\\\/#breadcrumb\",\"itemListElement\":[{\"@type\":\"ListItem\",\"position\":1,\"name\":\"Home\",\"item\":\"https:\\\/\\\/www.materdominivolley.it\\\/home\\\/\"},{\"@type\":\"ListItem\",\"position\":2,\"name\":\"Ottimo debutto interno con Corigliano\"}]},{\"@type\":\"WebSite\",\"@id\":\"https:\\\/\\\/www.materdominivolley.it\\\/home\\\/#website\",\"url\":\"https:\\\/\\\/www.materdominivolley.it\\\/home\\\/\",\"name\":\"materdominivolley\",\"description\":\"\",\"publisher\":{\"@id\":\"https:\\\/\\\/www.materdominivolley.it\\\/home\\\/#organization\"},\"potentialAction\":[{\"@type\":\"SearchAction\",\"target\":{\"@type\":\"EntryPoint\",\"urlTemplate\":\"https:\\\/\\\/www.materdominivolley.it\\\/home\\\/?s={search_term_string}\"},\"query-input\":{\"@type\":\"PropertyValueSpecification\",\"valueRequired\":true,\"valueName\":\"search_term_string\"}}],\"inLanguage\":\"it-IT\"},{\"@type\":\"Organization\",\"@id\":\"https:\\\/\\\/www.materdominivolley.it\\\/home\\\/#organization\",\"name\":\"Materdominivolley.it\",\"url\":\"https:\\\/\\\/www.materdominivolley.it\\\/home\\\/\",\"logo\":{\"@type\":\"ImageObject\",\"inLanguage\":\"it-IT\",\"@id\":\"https:\\\/\\\/www.materdominivolley.it\\\/home\\\/#\\\/schema\\\/logo\\\/image\\\/\",\"url\":\"https:\\\/\\\/www.materdominivolley.it\\\/home\\\/wp-content\\\/uploads\\\/2019\\\/10\\\/Senza-titolo-1-2.png\",\"contentUrl\":\"https:\\\/\\\/www.materdominivolley.it\\\/home\\\/wp-content\\\/uploads\\\/2019\\\/10\\\/Senza-titolo-1-2.png\",\"width\":180,\"height\":250,\"caption\":\"Materdominivolley.it\"},\"image\":{\"@id\":\"https:\\\/\\\/www.materdominivolley.it\\\/home\\\/#\\\/schema\\\/logo\\\/image\\\/\"},\"sameAs\":[\"https:\\\/\\\/www.facebook.com\\\/materdominivolleyit\\\/\"]},{\"@type\":\"Person\",\"@id\":\"https:\\\/\\\/www.materdominivolley.it\\\/home\\\/#\\\/schema\\\/person\\\/86961330b970aecf0b9729df84069339\",\"name\":\"admin-mater\",\"image\":{\"@type\":\"ImageObject\",\"inLanguage\":\"it-IT\",\"@id\":\"https:\\\/\\\/secure.gravatar.com\\\/avatar\\\/71d088b9255aa52813637243630e63af9ffd99251cfb71c8536f2d3794cac08e?s=96&d=mm&r=g\",\"url\":\"https:\\\/\\\/secure.gravatar.com\\\/avatar\\\/71d088b9255aa52813637243630e63af9ffd99251cfb71c8536f2d3794cac08e?s=96&d=mm&r=g\",\"contentUrl\":\"https:\\\/\\\/secure.gravatar.com\\\/avatar\\\/71d088b9255aa52813637243630e63af9ffd99251cfb71c8536f2d3794cac08e?s=96&d=mm&r=g\",\"caption\":\"admin-mater\"},\"url\":\"https:\\\/\\\/www.materdominivolley.it\\\/home\\\/author\\\/admin-mater\\\/\"}]}<\/script>\n<!-- \/ Yoast SEO plugin. -->","yoast_head_json":{"title":"Ottimo debutto interno con Corigliano - materdominivolley","robots":{"index":"index","follow":"follow","max-snippet":"max-snippet:-1","max-image-preview":"max-image-preview:large","max-video-preview":"max-video-preview:-1"},"canonical":"https:\/\/www.materdominivolley.it\/home\/2014\/10\/06\/ottimo-debutto-interno-con-corigliano\/","og_locale":"it_IT","og_type":"article","og_title":"Ottimo debutto interno con Corigliano - materdominivolley","og_description":"L'amichevole con la Caff\u00e8 Aiello Corigliano \u00e8 finita in pareggio (2-2). Le due ore di confronto non sono bastate a decretare un vincitore ma hanno offerto a mister Fanizza altre buone indicazioni, dopo il memorial De Giorgio.","og_url":"https:\/\/www.materdominivolley.it\/home\/2014\/10\/06\/ottimo-debutto-interno-con-corigliano\/","og_site_name":"materdominivolley","article_publisher":"https:\/\/www.facebook.com\/materdominivolleyit\/","article_published_time":"2014-10-06T09:58:27+00:00","og_image":[{"width":1300,"height":531,"url":"https:\/\/www.materdominivolley.it\/home\/wp-content\/uploads\/2019\/09\/mater-corigliano.jpg","type":"image\/jpeg"}],"author":"admin-mater","twitter_card":"summary_large_image","twitter_misc":{"Scritto da":"admin-mater","Tempo di lettura stimato":"2 minuti"},"schema":{"@context":"https:\/\/schema.org","@graph":[{"@type":"Article","@id":"https:\/\/www.materdominivolley.it\/home\/2014\/10\/06\/ottimo-debutto-interno-con-corigliano\/#article","isPartOf":{"@id":"https:\/\/www.materdominivolley.it\/home\/2014\/10\/06\/ottimo-debutto-interno-con-corigliano\/"},"author":{"name":"admin-mater","@id":"https:\/\/www.materdominivolley.it\/home\/#\/schema\/person\/86961330b970aecf0b9729df84069339"},"headline":"Ottimo debutto interno con Corigliano","datePublished":"2014-10-06T09:58:27+00:00","mainEntityOfPage":{"@id":"https:\/\/www.materdominivolley.it\/home\/2014\/10\/06\/ottimo-debutto-interno-con-corigliano\/"},"wordCount":342,"commentCount":0,"publisher":{"@id":"https:\/\/www.materdominivolley.it\/home\/#organization"},"image":{"@id":"https:\/\/www.materdominivolley.it\/home\/2014\/10\/06\/ottimo-debutto-interno-con-corigliano\/#primaryimage"},"thumbnailUrl":"https:\/\/www.materdominivolley.it\/home\/wp-content\/uploads\/2019\/09\/mater-corigliano.jpg","articleSection":["Serie A2"],"inLanguage":"it-IT","potentialAction":[{"@type":"CommentAction","name":"Comment","target":["https:\/\/www.materdominivolley.it\/home\/2014\/10\/06\/ottimo-debutto-interno-con-corigliano\/#respond"]}]},{"@type":"WebPage","@id":"https:\/\/www.materdominivolley.it\/home\/2014\/10\/06\/ottimo-debutto-interno-con-corigliano\/","url":"https:\/\/www.materdominivolley.it\/home\/2014\/10\/06\/ottimo-debutto-interno-con-corigliano\/","name":"Ottimo debutto interno con Corigliano - materdominivolley","isPartOf":{"@id":"https:\/\/www.materdominivolley.it\/home\/#website"},"primaryImageOfPage":{"@id":"https:\/\/www.materdominivolley.it\/home\/2014\/10\/06\/ottimo-debutto-interno-con-corigliano\/#primaryimage"},"image":{"@id":"https:\/\/www.materdominivolley.it\/home\/2014\/10\/06\/ottimo-debutto-interno-con-corigliano\/#primaryimage"},"thumbnailUrl":"https:\/\/www.materdominivolley.it\/home\/wp-content\/uploads\/2019\/09\/mater-corigliano.jpg","datePublished":"2014-10-06T09:58:27+00:00","breadcrumb":{"@id":"https:\/\/www.materdominivolley.it\/home\/2014\/10\/06\/ottimo-debutto-interno-con-corigliano\/#breadcrumb"},"inLanguage":"it-IT","potentialAction":[{"@type":"ReadAction","target":["https:\/\/www.materdominivolley.it\/home\/2014\/10\/06\/ottimo-debutto-interno-con-corigliano\/"]}]},{"@type":"ImageObject","inLanguage":"it-IT","@id":"https:\/\/www.materdominivolley.it\/home\/2014\/10\/06\/ottimo-debutto-interno-con-corigliano\/#primaryimage","url":"https:\/\/www.materdominivolley.it\/home\/wp-content\/uploads\/2019\/09\/mater-corigliano.jpg","contentUrl":"https:\/\/www.materdominivolley.it\/home\/wp-content\/uploads\/2019\/09\/mater-corigliano.jpg","width":1300,"height":531},{"@type":"BreadcrumbList","@id":"https:\/\/www.materdominivolley.it\/home\/2014\/10\/06\/ottimo-debutto-interno-con-corigliano\/#breadcrumb","itemListElement":[{"@type":"ListItem","position":1,"name":"Home","item":"https:\/\/www.materdominivolley.it\/home\/"},{"@type":"ListItem","position":2,"name":"Ottimo debutto interno con Corigliano"}]},{"@type":"WebSite","@id":"https:\/\/www.materdominivolley.it\/home\/#website","url":"https:\/\/www.materdominivolley.it\/home\/","name":"materdominivolley","description":"","publisher":{"@id":"https:\/\/www.materdominivolley.it\/home\/#organization"},"potentialAction":[{"@type":"SearchAction","target":{"@type":"EntryPoint","urlTemplate":"https:\/\/www.materdominivolley.it\/home\/?s={search_term_string}"},"query-input":{"@type":"PropertyValueSpecification","valueRequired":true,"valueName":"search_term_string"}}],"inLanguage":"it-IT"},{"@type":"Organization","@id":"https:\/\/www.materdominivolley.it\/home\/#organization","name":"Materdominivolley.it","url":"https:\/\/www.materdominivolley.it\/home\/","logo":{"@type":"ImageObject","inLanguage":"it-IT","@id":"https:\/\/www.materdominivolley.it\/home\/#\/schema\/logo\/image\/","url":"https:\/\/www.materdominivolley.it\/home\/wp-content\/uploads\/2019\/10\/Senza-titolo-1-2.png","contentUrl":"https:\/\/www.materdominivolley.it\/home\/wp-content\/uploads\/2019\/10\/Senza-titolo-1-2.png","width":180,"height":250,"caption":"Materdominivolley.it"},"image":{"@id":"https:\/\/www.materdominivolley.it\/home\/#\/schema\/logo\/image\/"},"sameAs":["https:\/\/www.facebook.com\/materdominivolleyit\/"]},{"@type":"Person","@id":"https:\/\/www.materdominivolley.it\/home\/#\/schema\/person\/86961330b970aecf0b9729df84069339","name":"admin-mater","image":{"@type":"ImageObject","inLanguage":"it-IT","@id":"https:\/\/secure.gravatar.com\/avatar\/71d088b9255aa52813637243630e63af9ffd99251cfb71c8536f2d3794cac08e?s=96&d=mm&r=g","url":"https:\/\/secure.gravatar.com\/avatar\/71d088b9255aa52813637243630e63af9ffd99251cfb71c8536f2d3794cac08e?s=96&d=mm&r=g","contentUrl":"https:\/\/secure.gravatar.com\/avatar\/71d088b9255aa52813637243630e63af9ffd99251cfb71c8536f2d3794cac08e?s=96&d=mm&r=g","caption":"admin-mater"},"url":"https:\/\/www.materdominivolley.it\/home\/author\/admin-mater\/"}]}},"_links":{"self":[{"href":"https:\/\/www.materdominivolley.it\/home\/wp-json\/wp\/v2\/posts\/1346","targetHints":{"allow":["GET"]}}],"collection":[{"href":"https:\/\/www.materdominivolley.it\/home\/wp-json\/wp\/v2\/posts"}],"about":[{"href":"https:\/\/www.materdominivolley.it\/home\/wp-json\/wp\/v2\/types\/post"}],"author":[{"embeddable":true,"href":"https:\/\/www.materdominivolley.it\/home\/wp-json\/wp\/v2\/users\/1"}],"replies":[{"embeddable":true,"href":"https:\/\/www.materdominivolley.it\/home\/wp-json\/wp\/v2\/comments?post=1346"}],"version-history":[{"count":0,"href":"https:\/\/www.materdominivolley.it\/home\/wp-json\/wp\/v2\/posts\/1346\/revisions"}],"wp:featuredmedia":[{"embeddable":true,"href":"https:\/\/www.materdominivolley.it\/home\/wp-json\/wp\/v2\/media\/1284"}],"wp:attachment":[{"href":"https:\/\/www.materdominivolley.it\/home\/wp-json\/wp\/v2\/media?parent=1346"}],"wp:term":[{"taxonomy":"category","embeddable":true,"href":"https:\/\/www.materdominivolley.it\/home\/wp-json\/wp\/v2\/categories?post=1346"},{"taxonomy":"post_tag","embeddable":true,"href":"https:\/\/www.materdominivolley.it\/home\/wp-json\/wp\/v2\/tags?post=1346"}],"curies":[{"name":"wp","href":"https:\/\/api.w.org\/{rel}","templated":true}]}}