{"id":1354,"date":"2014-09-18T10:06:44","date_gmt":"2014-09-18T08:06:44","guid":{"rendered":"https:\/\/www.materdominivolley.it\/home\/2014\/09\/18\/giosa-soddisfatti-dalle-prime-settimane\/"},"modified":"2014-09-18T10:06:44","modified_gmt":"2014-09-18T08:06:44","slug":"giosa-soddisfatti-dalle-prime-settimane","status":"publish","type":"post","link":"https:\/\/www.materdominivolley.it\/home\/2014\/09\/18\/giosa-soddisfatti-dalle-prime-settimane\/","title":{"rendered":"Giosa: &#8220;Soddisfatti dalle prime settimane&#8221;"},"content":{"rendered":"\n        <p>\n\tAl via la terza settimana di preparazione per la <strong>Materdominivolley.it Castellana Grotte<\/strong>, club iscritto al prossimo campionato nazionale serie A2 UnipolSai di pallavolo maschile. Quest\u2019altro ciclo di allenamenti si chiuder\u00e0 sabato 20 settembre in occasione della terza edizione del Memorial Leonardo De Giorgio che vedr\u00e0 la formazione della Citt\u00e0 delle Grotte scendere in campo ad Alberobello, alle ore 18, per un amichevole con la Tonno Callipo Vibo Valentia.<\/p>\n<p>\n\tIntanto, la seconda settimana di palestra si \u00e8 conclusa con l\u2019amichevole giocata sabato scorso a Corigliano contro la Caff\u00e8 Aiello. Al di l\u00e0 del risultato sul campo, che ha visto la squadra di casa avere la meglio per 3-1, nel team del tecnico <strong>Vincenzo Fanizza<\/strong> c\u2019\u00e8 soddisfazione per il test calabrese. \u201cNon possiamo che essere entusiasti della partita di Corigliano &#8211; ha commentato il centrale <strong>Alessandro Giosa<\/strong> &#8211; Certamente il risultato in campo \u00e8 importante, ma in questa prima amichevole, a cui siamo arrivati piuttosto appesantiti dal lavoro settimanale, \u00e8 stato fondamentale per testare gli equilibri di un gruppo nuovo e con diversi elementi da inserire. Ritengo &#8211; ha continuato l&#39;esperto centrale pugliese classe 1977 &#8211; che la squadra abbia risposto bene ed a tratti si \u00e8 vista dell\u2019ottima pallavolo. Sono soprattutto soddisfatto della risposta che hanno dato gli under che si sono mostrati pronti e determinati. Questo progetto di volley giovanile punta tutto su di loro e credo che questa gara li abbia entusiasmati. Da oggi si riprende con il doppio allenamento quotidiano al servizio del preparatore atletico Luigi Ditano, il quale, sta portando avanti, al pari di tutti i tecnici, dell\u2019ottimo lavoro che nel corso della stagione porter\u00e0 i suoi frutti\u201d.\u00a0\u00a0\u00a0<\/p>\n<p>\n\tAltre informazioni sul sito ufficiale del club <strong>www.materdominivolley.it<\/strong> e sulla pagina facebook <strong>Materdomini Volley.it<\/strong>.<\/p>\n        ","protected":false},"excerpt":{"rendered":"<p><!-- wp:paragraph --><br \/>\n        La seconda settimana di palestra, si \u00e8 conclusa con l\u2019amichevole giocata sabato scorso a Corigliano contro la Caff\u00e8 Aiello. Al di l\u00e0 del risultato, che ha visto la squadra di casa avere la meglio per 3-1, c&#8217;\u00e8 soddisfazione nell&#8217;ambiente giallobl\u00f9<br \/>\n        <!-- \/wp:paragraph --><\/p>\n","protected":false},"author":1,"featured_media":1355,"comment_status":"open","ping_status":"closed","sticky":false,"template":"","format":"standard","meta":{"footnotes":""},"categories":[13],"tags":[],"class_list":["post-1354","post","type-post","status-publish","format-standard","has-post-thumbnail","hentry","category-serie-a2"],"yoast_head":"<!-- This site is optimized with the Yoast SEO plugin v27.4 - https:\/\/yoast.com\/product\/yoast-seo-wordpress\/ -->\n<title>Giosa: &quot;Soddisfatti dalle prime settimane&quot; - materdominivolley<\/title>\n<meta name=\"robots\" content=\"index, follow, max-snippet:-1, max-image-preview:large, max-video-preview:-1\" \/>\n<link rel=\"canonical\" href=\"https:\/\/www.materdominivolley.it\/home\/2014\/09\/18\/giosa-soddisfatti-dalle-prime-settimane\/\" \/>\n<meta property=\"og:locale\" content=\"it_IT\" \/>\n<meta property=\"og:type\" content=\"article\" \/>\n<meta property=\"og:title\" content=\"Giosa: &quot;Soddisfatti dalle prime settimane&quot; - materdominivolley\" \/>\n<meta property=\"og:description\" content=\"La seconda settimana di palestra, si \u00e8 conclusa con l\u2019amichevole giocata sabato scorso a Corigliano contro la Caff\u00e8 Aiello. Al di l\u00e0 del risultato, che ha visto la squadra di casa avere la meglio per 3-1, c&#039;\u00e8 soddisfazione nell&#039;ambiente giallobl\u00f9\" \/>\n<meta property=\"og:url\" content=\"https:\/\/www.materdominivolley.it\/home\/2014\/09\/18\/giosa-soddisfatti-dalle-prime-settimane\/\" \/>\n<meta property=\"og:site_name\" content=\"materdominivolley\" \/>\n<meta property=\"article:publisher\" content=\"https:\/\/www.facebook.com\/materdominivolleyit\/\" \/>\n<meta property=\"article:published_time\" content=\"2014-09-18T08:06:44+00:00\" \/>\n<meta property=\"og:image\" content=\"https:\/\/www.materdominivolley.it\/home\/wp-content\/uploads\/2019\/09\/alessandro_giosa.jpg\" \/>\n\t<meta property=\"og:image:width\" content=\"980\" \/>\n\t<meta property=\"og:image:height\" content=\"400\" \/>\n\t<meta property=\"og:image:type\" content=\"image\/jpeg\" \/>\n<meta name=\"author\" content=\"admin-mater\" \/>\n<meta name=\"twitter:card\" content=\"summary_large_image\" \/>\n<meta name=\"twitter:label1\" content=\"Scritto da\" \/>\n\t<meta name=\"twitter:data1\" content=\"admin-mater\" \/>\n\t<meta name=\"twitter:label2\" content=\"Tempo di lettura stimato\" \/>\n\t<meta name=\"twitter:data2\" content=\"1 minuto\" \/>\n<script type=\"application\/ld+json\" class=\"yoast-schema-graph\">{\"@context\":\"https:\\\/\\\/schema.org\",\"@graph\":[{\"@type\":\"Article\",\"@id\":\"https:\\\/\\\/www.materdominivolley.it\\\/home\\\/2014\\\/09\\\/18\\\/giosa-soddisfatti-dalle-prime-settimane\\\/#article\",\"isPartOf\":{\"@id\":\"https:\\\/\\\/www.materdominivolley.it\\\/home\\\/2014\\\/09\\\/18\\\/giosa-soddisfatti-dalle-prime-settimane\\\/\"},\"author\":{\"name\":\"admin-mater\",\"@id\":\"https:\\\/\\\/www.materdominivolley.it\\\/home\\\/#\\\/schema\\\/person\\\/86961330b970aecf0b9729df84069339\"},\"headline\":\"Giosa: &#8220;Soddisfatti dalle prime settimane&#8221;\",\"datePublished\":\"2014-09-18T08:06:44+00:00\",\"mainEntityOfPage\":{\"@id\":\"https:\\\/\\\/www.materdominivolley.it\\\/home\\\/2014\\\/09\\\/18\\\/giosa-soddisfatti-dalle-prime-settimane\\\/\"},\"wordCount\":292,\"commentCount\":0,\"publisher\":{\"@id\":\"https:\\\/\\\/www.materdominivolley.it\\\/home\\\/#organization\"},\"image\":{\"@id\":\"https:\\\/\\\/www.materdominivolley.it\\\/home\\\/2014\\\/09\\\/18\\\/giosa-soddisfatti-dalle-prime-settimane\\\/#primaryimage\"},\"thumbnailUrl\":\"https:\\\/\\\/www.materdominivolley.it\\\/home\\\/wp-content\\\/uploads\\\/2019\\\/09\\\/alessandro_giosa.jpg\",\"articleSection\":[\"Serie A2\"],\"inLanguage\":\"it-IT\",\"potentialAction\":[{\"@type\":\"CommentAction\",\"name\":\"Comment\",\"target\":[\"https:\\\/\\\/www.materdominivolley.it\\\/home\\\/2014\\\/09\\\/18\\\/giosa-soddisfatti-dalle-prime-settimane\\\/#respond\"]}]},{\"@type\":\"WebPage\",\"@id\":\"https:\\\/\\\/www.materdominivolley.it\\\/home\\\/2014\\\/09\\\/18\\\/giosa-soddisfatti-dalle-prime-settimane\\\/\",\"url\":\"https:\\\/\\\/www.materdominivolley.it\\\/home\\\/2014\\\/09\\\/18\\\/giosa-soddisfatti-dalle-prime-settimane\\\/\",\"name\":\"Giosa: \\\"Soddisfatti dalle prime settimane\\\" - materdominivolley\",\"isPartOf\":{\"@id\":\"https:\\\/\\\/www.materdominivolley.it\\\/home\\\/#website\"},\"primaryImageOfPage\":{\"@id\":\"https:\\\/\\\/www.materdominivolley.it\\\/home\\\/2014\\\/09\\\/18\\\/giosa-soddisfatti-dalle-prime-settimane\\\/#primaryimage\"},\"image\":{\"@id\":\"https:\\\/\\\/www.materdominivolley.it\\\/home\\\/2014\\\/09\\\/18\\\/giosa-soddisfatti-dalle-prime-settimane\\\/#primaryimage\"},\"thumbnailUrl\":\"https:\\\/\\\/www.materdominivolley.it\\\/home\\\/wp-content\\\/uploads\\\/2019\\\/09\\\/alessandro_giosa.jpg\",\"datePublished\":\"2014-09-18T08:06:44+00:00\",\"breadcrumb\":{\"@id\":\"https:\\\/\\\/www.materdominivolley.it\\\/home\\\/2014\\\/09\\\/18\\\/giosa-soddisfatti-dalle-prime-settimane\\\/#breadcrumb\"},\"inLanguage\":\"it-IT\",\"potentialAction\":[{\"@type\":\"ReadAction\",\"target\":[\"https:\\\/\\\/www.materdominivolley.it\\\/home\\\/2014\\\/09\\\/18\\\/giosa-soddisfatti-dalle-prime-settimane\\\/\"]}]},{\"@type\":\"ImageObject\",\"inLanguage\":\"it-IT\",\"@id\":\"https:\\\/\\\/www.materdominivolley.it\\\/home\\\/2014\\\/09\\\/18\\\/giosa-soddisfatti-dalle-prime-settimane\\\/#primaryimage\",\"url\":\"https:\\\/\\\/www.materdominivolley.it\\\/home\\\/wp-content\\\/uploads\\\/2019\\\/09\\\/alessandro_giosa.jpg\",\"contentUrl\":\"https:\\\/\\\/www.materdominivolley.it\\\/home\\\/wp-content\\\/uploads\\\/2019\\\/09\\\/alessandro_giosa.jpg\",\"width\":980,\"height\":400},{\"@type\":\"BreadcrumbList\",\"@id\":\"https:\\\/\\\/www.materdominivolley.it\\\/home\\\/2014\\\/09\\\/18\\\/giosa-soddisfatti-dalle-prime-settimane\\\/#breadcrumb\",\"itemListElement\":[{\"@type\":\"ListItem\",\"position\":1,\"name\":\"Home\",\"item\":\"https:\\\/\\\/www.materdominivolley.it\\\/home\\\/\"},{\"@type\":\"ListItem\",\"position\":2,\"name\":\"Giosa: &#8220;Soddisfatti dalle prime settimane&#8221;\"}]},{\"@type\":\"WebSite\",\"@id\":\"https:\\\/\\\/www.materdominivolley.it\\\/home\\\/#website\",\"url\":\"https:\\\/\\\/www.materdominivolley.it\\\/home\\\/\",\"name\":\"materdominivolley\",\"description\":\"\",\"publisher\":{\"@id\":\"https:\\\/\\\/www.materdominivolley.it\\\/home\\\/#organization\"},\"potentialAction\":[{\"@type\":\"SearchAction\",\"target\":{\"@type\":\"EntryPoint\",\"urlTemplate\":\"https:\\\/\\\/www.materdominivolley.it\\\/home\\\/?s={search_term_string}\"},\"query-input\":{\"@type\":\"PropertyValueSpecification\",\"valueRequired\":true,\"valueName\":\"search_term_string\"}}],\"inLanguage\":\"it-IT\"},{\"@type\":\"Organization\",\"@id\":\"https:\\\/\\\/www.materdominivolley.it\\\/home\\\/#organization\",\"name\":\"Materdominivolley.it\",\"url\":\"https:\\\/\\\/www.materdominivolley.it\\\/home\\\/\",\"logo\":{\"@type\":\"ImageObject\",\"inLanguage\":\"it-IT\",\"@id\":\"https:\\\/\\\/www.materdominivolley.it\\\/home\\\/#\\\/schema\\\/logo\\\/image\\\/\",\"url\":\"https:\\\/\\\/www.materdominivolley.it\\\/home\\\/wp-content\\\/uploads\\\/2019\\\/10\\\/Senza-titolo-1-2.png\",\"contentUrl\":\"https:\\\/\\\/www.materdominivolley.it\\\/home\\\/wp-content\\\/uploads\\\/2019\\\/10\\\/Senza-titolo-1-2.png\",\"width\":180,\"height\":250,\"caption\":\"Materdominivolley.it\"},\"image\":{\"@id\":\"https:\\\/\\\/www.materdominivolley.it\\\/home\\\/#\\\/schema\\\/logo\\\/image\\\/\"},\"sameAs\":[\"https:\\\/\\\/www.facebook.com\\\/materdominivolleyit\\\/\"]},{\"@type\":\"Person\",\"@id\":\"https:\\\/\\\/www.materdominivolley.it\\\/home\\\/#\\\/schema\\\/person\\\/86961330b970aecf0b9729df84069339\",\"name\":\"admin-mater\",\"image\":{\"@type\":\"ImageObject\",\"inLanguage\":\"it-IT\",\"@id\":\"https:\\\/\\\/secure.gravatar.com\\\/avatar\\\/71d088b9255aa52813637243630e63af9ffd99251cfb71c8536f2d3794cac08e?s=96&d=mm&r=g\",\"url\":\"https:\\\/\\\/secure.gravatar.com\\\/avatar\\\/71d088b9255aa52813637243630e63af9ffd99251cfb71c8536f2d3794cac08e?s=96&d=mm&r=g\",\"contentUrl\":\"https:\\\/\\\/secure.gravatar.com\\\/avatar\\\/71d088b9255aa52813637243630e63af9ffd99251cfb71c8536f2d3794cac08e?s=96&d=mm&r=g\",\"caption\":\"admin-mater\"},\"url\":\"https:\\\/\\\/www.materdominivolley.it\\\/home\\\/author\\\/admin-mater\\\/\"}]}<\/script>\n<!-- \/ Yoast SEO plugin. -->","yoast_head_json":{"title":"Giosa: \"Soddisfatti dalle prime settimane\" - materdominivolley","robots":{"index":"index","follow":"follow","max-snippet":"max-snippet:-1","max-image-preview":"max-image-preview:large","max-video-preview":"max-video-preview:-1"},"canonical":"https:\/\/www.materdominivolley.it\/home\/2014\/09\/18\/giosa-soddisfatti-dalle-prime-settimane\/","og_locale":"it_IT","og_type":"article","og_title":"Giosa: \"Soddisfatti dalle prime settimane\" - materdominivolley","og_description":"La seconda settimana di palestra, si \u00e8 conclusa con l\u2019amichevole giocata sabato scorso a Corigliano contro la Caff\u00e8 Aiello. Al di l\u00e0 del risultato, che ha visto la squadra di casa avere la meglio per 3-1, c'\u00e8 soddisfazione nell'ambiente giallobl\u00f9","og_url":"https:\/\/www.materdominivolley.it\/home\/2014\/09\/18\/giosa-soddisfatti-dalle-prime-settimane\/","og_site_name":"materdominivolley","article_publisher":"https:\/\/www.facebook.com\/materdominivolleyit\/","article_published_time":"2014-09-18T08:06:44+00:00","og_image":[{"width":980,"height":400,"url":"https:\/\/www.materdominivolley.it\/home\/wp-content\/uploads\/2019\/09\/alessandro_giosa.jpg","type":"image\/jpeg"}],"author":"admin-mater","twitter_card":"summary_large_image","twitter_misc":{"Scritto da":"admin-mater","Tempo di lettura stimato":"1 minuto"},"schema":{"@context":"https:\/\/schema.org","@graph":[{"@type":"Article","@id":"https:\/\/www.materdominivolley.it\/home\/2014\/09\/18\/giosa-soddisfatti-dalle-prime-settimane\/#article","isPartOf":{"@id":"https:\/\/www.materdominivolley.it\/home\/2014\/09\/18\/giosa-soddisfatti-dalle-prime-settimane\/"},"author":{"name":"admin-mater","@id":"https:\/\/www.materdominivolley.it\/home\/#\/schema\/person\/86961330b970aecf0b9729df84069339"},"headline":"Giosa: &#8220;Soddisfatti dalle prime settimane&#8221;","datePublished":"2014-09-18T08:06:44+00:00","mainEntityOfPage":{"@id":"https:\/\/www.materdominivolley.it\/home\/2014\/09\/18\/giosa-soddisfatti-dalle-prime-settimane\/"},"wordCount":292,"commentCount":0,"publisher":{"@id":"https:\/\/www.materdominivolley.it\/home\/#organization"},"image":{"@id":"https:\/\/www.materdominivolley.it\/home\/2014\/09\/18\/giosa-soddisfatti-dalle-prime-settimane\/#primaryimage"},"thumbnailUrl":"https:\/\/www.materdominivolley.it\/home\/wp-content\/uploads\/2019\/09\/alessandro_giosa.jpg","articleSection":["Serie A2"],"inLanguage":"it-IT","potentialAction":[{"@type":"CommentAction","name":"Comment","target":["https:\/\/www.materdominivolley.it\/home\/2014\/09\/18\/giosa-soddisfatti-dalle-prime-settimane\/#respond"]}]},{"@type":"WebPage","@id":"https:\/\/www.materdominivolley.it\/home\/2014\/09\/18\/giosa-soddisfatti-dalle-prime-settimane\/","url":"https:\/\/www.materdominivolley.it\/home\/2014\/09\/18\/giosa-soddisfatti-dalle-prime-settimane\/","name":"Giosa: \"Soddisfatti dalle prime settimane\" - materdominivolley","isPartOf":{"@id":"https:\/\/www.materdominivolley.it\/home\/#website"},"primaryImageOfPage":{"@id":"https:\/\/www.materdominivolley.it\/home\/2014\/09\/18\/giosa-soddisfatti-dalle-prime-settimane\/#primaryimage"},"image":{"@id":"https:\/\/www.materdominivolley.it\/home\/2014\/09\/18\/giosa-soddisfatti-dalle-prime-settimane\/#primaryimage"},"thumbnailUrl":"https:\/\/www.materdominivolley.it\/home\/wp-content\/uploads\/2019\/09\/alessandro_giosa.jpg","datePublished":"2014-09-18T08:06:44+00:00","breadcrumb":{"@id":"https:\/\/www.materdominivolley.it\/home\/2014\/09\/18\/giosa-soddisfatti-dalle-prime-settimane\/#breadcrumb"},"inLanguage":"it-IT","potentialAction":[{"@type":"ReadAction","target":["https:\/\/www.materdominivolley.it\/home\/2014\/09\/18\/giosa-soddisfatti-dalle-prime-settimane\/"]}]},{"@type":"ImageObject","inLanguage":"it-IT","@id":"https:\/\/www.materdominivolley.it\/home\/2014\/09\/18\/giosa-soddisfatti-dalle-prime-settimane\/#primaryimage","url":"https:\/\/www.materdominivolley.it\/home\/wp-content\/uploads\/2019\/09\/alessandro_giosa.jpg","contentUrl":"https:\/\/www.materdominivolley.it\/home\/wp-content\/uploads\/2019\/09\/alessandro_giosa.jpg","width":980,"height":400},{"@type":"BreadcrumbList","@id":"https:\/\/www.materdominivolley.it\/home\/2014\/09\/18\/giosa-soddisfatti-dalle-prime-settimane\/#breadcrumb","itemListElement":[{"@type":"ListItem","position":1,"name":"Home","item":"https:\/\/www.materdominivolley.it\/home\/"},{"@type":"ListItem","position":2,"name":"Giosa: &#8220;Soddisfatti dalle prime settimane&#8221;"}]},{"@type":"WebSite","@id":"https:\/\/www.materdominivolley.it\/home\/#website","url":"https:\/\/www.materdominivolley.it\/home\/","name":"materdominivolley","description":"","publisher":{"@id":"https:\/\/www.materdominivolley.it\/home\/#organization"},"potentialAction":[{"@type":"SearchAction","target":{"@type":"EntryPoint","urlTemplate":"https:\/\/www.materdominivolley.it\/home\/?s={search_term_string}"},"query-input":{"@type":"PropertyValueSpecification","valueRequired":true,"valueName":"search_term_string"}}],"inLanguage":"it-IT"},{"@type":"Organization","@id":"https:\/\/www.materdominivolley.it\/home\/#organization","name":"Materdominivolley.it","url":"https:\/\/www.materdominivolley.it\/home\/","logo":{"@type":"ImageObject","inLanguage":"it-IT","@id":"https:\/\/www.materdominivolley.it\/home\/#\/schema\/logo\/image\/","url":"https:\/\/www.materdominivolley.it\/home\/wp-content\/uploads\/2019\/10\/Senza-titolo-1-2.png","contentUrl":"https:\/\/www.materdominivolley.it\/home\/wp-content\/uploads\/2019\/10\/Senza-titolo-1-2.png","width":180,"height":250,"caption":"Materdominivolley.it"},"image":{"@id":"https:\/\/www.materdominivolley.it\/home\/#\/schema\/logo\/image\/"},"sameAs":["https:\/\/www.facebook.com\/materdominivolleyit\/"]},{"@type":"Person","@id":"https:\/\/www.materdominivolley.it\/home\/#\/schema\/person\/86961330b970aecf0b9729df84069339","name":"admin-mater","image":{"@type":"ImageObject","inLanguage":"it-IT","@id":"https:\/\/secure.gravatar.com\/avatar\/71d088b9255aa52813637243630e63af9ffd99251cfb71c8536f2d3794cac08e?s=96&d=mm&r=g","url":"https:\/\/secure.gravatar.com\/avatar\/71d088b9255aa52813637243630e63af9ffd99251cfb71c8536f2d3794cac08e?s=96&d=mm&r=g","contentUrl":"https:\/\/secure.gravatar.com\/avatar\/71d088b9255aa52813637243630e63af9ffd99251cfb71c8536f2d3794cac08e?s=96&d=mm&r=g","caption":"admin-mater"},"url":"https:\/\/www.materdominivolley.it\/home\/author\/admin-mater\/"}]}},"_links":{"self":[{"href":"https:\/\/www.materdominivolley.it\/home\/wp-json\/wp\/v2\/posts\/1354","targetHints":{"allow":["GET"]}}],"collection":[{"href":"https:\/\/www.materdominivolley.it\/home\/wp-json\/wp\/v2\/posts"}],"about":[{"href":"https:\/\/www.materdominivolley.it\/home\/wp-json\/wp\/v2\/types\/post"}],"author":[{"embeddable":true,"href":"https:\/\/www.materdominivolley.it\/home\/wp-json\/wp\/v2\/users\/1"}],"replies":[{"embeddable":true,"href":"https:\/\/www.materdominivolley.it\/home\/wp-json\/wp\/v2\/comments?post=1354"}],"version-history":[{"count":0,"href":"https:\/\/www.materdominivolley.it\/home\/wp-json\/wp\/v2\/posts\/1354\/revisions"}],"wp:featuredmedia":[{"embeddable":true,"href":"https:\/\/www.materdominivolley.it\/home\/wp-json\/wp\/v2\/media\/1355"}],"wp:attachment":[{"href":"https:\/\/www.materdominivolley.it\/home\/wp-json\/wp\/v2\/media?parent=1354"}],"wp:term":[{"taxonomy":"category","embeddable":true,"href":"https:\/\/www.materdominivolley.it\/home\/wp-json\/wp\/v2\/categories?post=1354"},{"taxonomy":"post_tag","embeddable":true,"href":"https:\/\/www.materdominivolley.it\/home\/wp-json\/wp\/v2\/tags?post=1354"}],"curies":[{"name":"wp","href":"https:\/\/api.w.org\/{rel}","templated":true}]}}