{"id":1361,"date":"2014-09-01T14:31:16","date_gmt":"2014-09-01T12:31:16","guid":{"rendered":"https:\/\/www.materdominivolley.it\/home\/2014\/09\/01\/nuovo-cda-miccolis-vicepresidente-di-lega\/"},"modified":"2014-09-01T14:31:16","modified_gmt":"2014-09-01T12:31:16","slug":"nuovo-cda-miccolis-vicepresidente-di-lega","status":"publish","type":"post","link":"https:\/\/www.materdominivolley.it\/home\/2014\/09\/01\/nuovo-cda-miccolis-vicepresidente-di-lega\/","title":{"rendered":"Nuovo CdA, Miccolis vicepresidente di Lega"},"content":{"rendered":"\n        <p>\n\tSi \u00e8 riunito ieri, gioved\u00ec 28 agosto, a Bologna, il nuovo Consiglio di Amministrazione della Lega Pallavolo Serie A. Tra gli atti pi\u00f9 importanti, nominati vicepresidenti <strong>Gianrio Falivene<\/strong> della Top Volley Latina (vicario in quota Superlega) e <strong>Michele Miccolis<\/strong> della <strong>Materdominivolley.it Castellana Grotte<\/strong> (in quota serie A2). A seguire, il Consiglio ha analizzato attivit\u00e0 e appuntamenti da definire in vista dell\u2019avvio della nuova stagione sportiva: approvati il bilancio preconsuntivo 2013-2014 ed il bilancio preventivo per la stagione 2014-2015, preso atto della richiesta del Comune di Brindisi di ospitare la Del Monte Supercoppa 2014, discusse e decise la data e la sede della presentazione del 70esimo Campionato di Serie A UnipolSai 2014-2015 che avr\u00e0 luogo a Roma gioved\u00ec 16 ottobre, nominata la Supercommissione dei dirigenti di Serie A con compiti progettuali, propositivi e programmatici, nonch\u00e9 con competenze su tutte le tematiche inerenti alle attivit\u00e0 della Lega Pallavolo, valutata la possibilit\u00e0 di riproporre la manifestazione Volley Land e l\u2019organizzazione di un evento post season da realizzare nelle piazze delle citt\u00e0 italiane.<\/p>\n<p>\n\t\u201cQuesto riconoscimento mi fa particolarmente onore e gratifica anche il lavoro svolto dal club che rappresento- ha commentato Miccolis in merito alla nomina alla vicepresidenza del nuovo CdA &#8211; Intanto, vorrei ringraziare il presidente Albino Massaccesi che mi ha proposto al consiglio di amministrazione e tutta l\u2019assemblea che mi ha accordato la propria fiducia. Inoltre, un particolare ringraziamento va a tutte le societ\u00e0 di A2 che mi hanno sostenuto come consigliere del CdA. Questa carica cos\u00ec gratificante mi impegna ad operare con particolare dedizione al servizio della Lega. Ieri, la giornata di lavoro \u00e8 stata molto intensa ma soddisfacente, soprattutto, perch\u00e9 si \u00e8 agito in senso costruttivo e propositivo. Spero, quindi, di ricambiare tutta la stima che mi \u00e8 stata data con l\u2019entusiasmo che ha sempre contraddistinto il mio operato. Sono certo che questo consiglio, coadiuvato dalla professionalit\u00e0 dell\u2019amministratore delegato Massimo Righi, otterr\u00e0 ottimi risultati promuovendo e migliorando sempre pi\u00f9 la crescita di questo splendido sport\u201d.<\/p>\n        ","protected":false},"excerpt":{"rendered":"<p><!-- wp:paragraph --><br \/>\n        Il dirigente castellanese: \u201cQuesto riconoscimento mi fa particolarmente onore e gratifica anche il lavoro svolto dal club che rappresento&#8221;<br \/>\n        <!-- \/wp:paragraph --><\/p>\n","protected":false},"author":1,"featured_media":1362,"comment_status":"open","ping_status":"closed","sticky":false,"template":"","format":"standard","meta":{"footnotes":""},"categories":[13],"tags":[],"class_list":["post-1361","post","type-post","status-publish","format-standard","has-post-thumbnail","hentry","category-serie-a2"],"yoast_head":"<!-- This site is optimized with the Yoast SEO plugin v27.4 - https:\/\/yoast.com\/product\/yoast-seo-wordpress\/ -->\n<title>Nuovo CdA, Miccolis vicepresidente di Lega - materdominivolley<\/title>\n<meta name=\"robots\" content=\"index, follow, max-snippet:-1, max-image-preview:large, max-video-preview:-1\" \/>\n<link rel=\"canonical\" href=\"https:\/\/www.materdominivolley.it\/home\/2014\/09\/01\/nuovo-cda-miccolis-vicepresidente-di-lega\/\" \/>\n<meta property=\"og:locale\" content=\"it_IT\" \/>\n<meta property=\"og:type\" content=\"article\" \/>\n<meta property=\"og:title\" content=\"Nuovo CdA, Miccolis vicepresidente di Lega - materdominivolley\" \/>\n<meta property=\"og:description\" content=\"Il dirigente castellanese: \u201cQuesto riconoscimento mi fa particolarmente onore e gratifica anche il lavoro svolto dal club che rappresento&quot;\" \/>\n<meta property=\"og:url\" content=\"https:\/\/www.materdominivolley.it\/home\/2014\/09\/01\/nuovo-cda-miccolis-vicepresidente-di-lega\/\" \/>\n<meta property=\"og:site_name\" content=\"materdominivolley\" \/>\n<meta property=\"article:publisher\" content=\"https:\/\/www.facebook.com\/materdominivolleyit\/\" \/>\n<meta property=\"article:published_time\" content=\"2014-09-01T12:31:16+00:00\" \/>\n<meta property=\"og:image\" content=\"https:\/\/www.materdominivolley.it\/home\/wp-content\/uploads\/2019\/09\/nuovo_cda_web.jpg\" \/>\n\t<meta property=\"og:image:width\" content=\"980\" \/>\n\t<meta property=\"og:image:height\" content=\"400\" \/>\n\t<meta property=\"og:image:type\" content=\"image\/jpeg\" \/>\n<meta name=\"author\" content=\"admin-mater\" \/>\n<meta name=\"twitter:card\" content=\"summary_large_image\" \/>\n<meta name=\"twitter:label1\" content=\"Scritto da\" \/>\n\t<meta name=\"twitter:data1\" content=\"admin-mater\" \/>\n\t<meta name=\"twitter:label2\" content=\"Tempo di lettura stimato\" \/>\n\t<meta name=\"twitter:data2\" content=\"2 minuti\" \/>\n<script type=\"application\/ld+json\" class=\"yoast-schema-graph\">{\"@context\":\"https:\\\/\\\/schema.org\",\"@graph\":[{\"@type\":\"Article\",\"@id\":\"https:\\\/\\\/www.materdominivolley.it\\\/home\\\/2014\\\/09\\\/01\\\/nuovo-cda-miccolis-vicepresidente-di-lega\\\/#article\",\"isPartOf\":{\"@id\":\"https:\\\/\\\/www.materdominivolley.it\\\/home\\\/2014\\\/09\\\/01\\\/nuovo-cda-miccolis-vicepresidente-di-lega\\\/\"},\"author\":{\"name\":\"admin-mater\",\"@id\":\"https:\\\/\\\/www.materdominivolley.it\\\/home\\\/#\\\/schema\\\/person\\\/86961330b970aecf0b9729df84069339\"},\"headline\":\"Nuovo CdA, Miccolis vicepresidente di Lega\",\"datePublished\":\"2014-09-01T12:31:16+00:00\",\"mainEntityOfPage\":{\"@id\":\"https:\\\/\\\/www.materdominivolley.it\\\/home\\\/2014\\\/09\\\/01\\\/nuovo-cda-miccolis-vicepresidente-di-lega\\\/\"},\"wordCount\":330,\"commentCount\":0,\"publisher\":{\"@id\":\"https:\\\/\\\/www.materdominivolley.it\\\/home\\\/#organization\"},\"image\":{\"@id\":\"https:\\\/\\\/www.materdominivolley.it\\\/home\\\/2014\\\/09\\\/01\\\/nuovo-cda-miccolis-vicepresidente-di-lega\\\/#primaryimage\"},\"thumbnailUrl\":\"https:\\\/\\\/www.materdominivolley.it\\\/home\\\/wp-content\\\/uploads\\\/2019\\\/09\\\/nuovo_cda_web.jpg\",\"articleSection\":[\"Serie A2\"],\"inLanguage\":\"it-IT\",\"potentialAction\":[{\"@type\":\"CommentAction\",\"name\":\"Comment\",\"target\":[\"https:\\\/\\\/www.materdominivolley.it\\\/home\\\/2014\\\/09\\\/01\\\/nuovo-cda-miccolis-vicepresidente-di-lega\\\/#respond\"]}]},{\"@type\":\"WebPage\",\"@id\":\"https:\\\/\\\/www.materdominivolley.it\\\/home\\\/2014\\\/09\\\/01\\\/nuovo-cda-miccolis-vicepresidente-di-lega\\\/\",\"url\":\"https:\\\/\\\/www.materdominivolley.it\\\/home\\\/2014\\\/09\\\/01\\\/nuovo-cda-miccolis-vicepresidente-di-lega\\\/\",\"name\":\"Nuovo CdA, Miccolis vicepresidente di Lega - materdominivolley\",\"isPartOf\":{\"@id\":\"https:\\\/\\\/www.materdominivolley.it\\\/home\\\/#website\"},\"primaryImageOfPage\":{\"@id\":\"https:\\\/\\\/www.materdominivolley.it\\\/home\\\/2014\\\/09\\\/01\\\/nuovo-cda-miccolis-vicepresidente-di-lega\\\/#primaryimage\"},\"image\":{\"@id\":\"https:\\\/\\\/www.materdominivolley.it\\\/home\\\/2014\\\/09\\\/01\\\/nuovo-cda-miccolis-vicepresidente-di-lega\\\/#primaryimage\"},\"thumbnailUrl\":\"https:\\\/\\\/www.materdominivolley.it\\\/home\\\/wp-content\\\/uploads\\\/2019\\\/09\\\/nuovo_cda_web.jpg\",\"datePublished\":\"2014-09-01T12:31:16+00:00\",\"breadcrumb\":{\"@id\":\"https:\\\/\\\/www.materdominivolley.it\\\/home\\\/2014\\\/09\\\/01\\\/nuovo-cda-miccolis-vicepresidente-di-lega\\\/#breadcrumb\"},\"inLanguage\":\"it-IT\",\"potentialAction\":[{\"@type\":\"ReadAction\",\"target\":[\"https:\\\/\\\/www.materdominivolley.it\\\/home\\\/2014\\\/09\\\/01\\\/nuovo-cda-miccolis-vicepresidente-di-lega\\\/\"]}]},{\"@type\":\"ImageObject\",\"inLanguage\":\"it-IT\",\"@id\":\"https:\\\/\\\/www.materdominivolley.it\\\/home\\\/2014\\\/09\\\/01\\\/nuovo-cda-miccolis-vicepresidente-di-lega\\\/#primaryimage\",\"url\":\"https:\\\/\\\/www.materdominivolley.it\\\/home\\\/wp-content\\\/uploads\\\/2019\\\/09\\\/nuovo_cda_web.jpg\",\"contentUrl\":\"https:\\\/\\\/www.materdominivolley.it\\\/home\\\/wp-content\\\/uploads\\\/2019\\\/09\\\/nuovo_cda_web.jpg\",\"width\":980,\"height\":400},{\"@type\":\"BreadcrumbList\",\"@id\":\"https:\\\/\\\/www.materdominivolley.it\\\/home\\\/2014\\\/09\\\/01\\\/nuovo-cda-miccolis-vicepresidente-di-lega\\\/#breadcrumb\",\"itemListElement\":[{\"@type\":\"ListItem\",\"position\":1,\"name\":\"Home\",\"item\":\"https:\\\/\\\/www.materdominivolley.it\\\/home\\\/\"},{\"@type\":\"ListItem\",\"position\":2,\"name\":\"Nuovo CdA, Miccolis vicepresidente di Lega\"}]},{\"@type\":\"WebSite\",\"@id\":\"https:\\\/\\\/www.materdominivolley.it\\\/home\\\/#website\",\"url\":\"https:\\\/\\\/www.materdominivolley.it\\\/home\\\/\",\"name\":\"materdominivolley\",\"description\":\"\",\"publisher\":{\"@id\":\"https:\\\/\\\/www.materdominivolley.it\\\/home\\\/#organization\"},\"potentialAction\":[{\"@type\":\"SearchAction\",\"target\":{\"@type\":\"EntryPoint\",\"urlTemplate\":\"https:\\\/\\\/www.materdominivolley.it\\\/home\\\/?s={search_term_string}\"},\"query-input\":{\"@type\":\"PropertyValueSpecification\",\"valueRequired\":true,\"valueName\":\"search_term_string\"}}],\"inLanguage\":\"it-IT\"},{\"@type\":\"Organization\",\"@id\":\"https:\\\/\\\/www.materdominivolley.it\\\/home\\\/#organization\",\"name\":\"Materdominivolley.it\",\"url\":\"https:\\\/\\\/www.materdominivolley.it\\\/home\\\/\",\"logo\":{\"@type\":\"ImageObject\",\"inLanguage\":\"it-IT\",\"@id\":\"https:\\\/\\\/www.materdominivolley.it\\\/home\\\/#\\\/schema\\\/logo\\\/image\\\/\",\"url\":\"https:\\\/\\\/www.materdominivolley.it\\\/home\\\/wp-content\\\/uploads\\\/2019\\\/10\\\/Senza-titolo-1-2.png\",\"contentUrl\":\"https:\\\/\\\/www.materdominivolley.it\\\/home\\\/wp-content\\\/uploads\\\/2019\\\/10\\\/Senza-titolo-1-2.png\",\"width\":180,\"height\":250,\"caption\":\"Materdominivolley.it\"},\"image\":{\"@id\":\"https:\\\/\\\/www.materdominivolley.it\\\/home\\\/#\\\/schema\\\/logo\\\/image\\\/\"},\"sameAs\":[\"https:\\\/\\\/www.facebook.com\\\/materdominivolleyit\\\/\"]},{\"@type\":\"Person\",\"@id\":\"https:\\\/\\\/www.materdominivolley.it\\\/home\\\/#\\\/schema\\\/person\\\/86961330b970aecf0b9729df84069339\",\"name\":\"admin-mater\",\"image\":{\"@type\":\"ImageObject\",\"inLanguage\":\"it-IT\",\"@id\":\"https:\\\/\\\/secure.gravatar.com\\\/avatar\\\/71d088b9255aa52813637243630e63af9ffd99251cfb71c8536f2d3794cac08e?s=96&d=mm&r=g\",\"url\":\"https:\\\/\\\/secure.gravatar.com\\\/avatar\\\/71d088b9255aa52813637243630e63af9ffd99251cfb71c8536f2d3794cac08e?s=96&d=mm&r=g\",\"contentUrl\":\"https:\\\/\\\/secure.gravatar.com\\\/avatar\\\/71d088b9255aa52813637243630e63af9ffd99251cfb71c8536f2d3794cac08e?s=96&d=mm&r=g\",\"caption\":\"admin-mater\"},\"url\":\"https:\\\/\\\/www.materdominivolley.it\\\/home\\\/author\\\/admin-mater\\\/\"}]}<\/script>\n<!-- \/ Yoast SEO plugin. -->","yoast_head_json":{"title":"Nuovo CdA, Miccolis vicepresidente di Lega - materdominivolley","robots":{"index":"index","follow":"follow","max-snippet":"max-snippet:-1","max-image-preview":"max-image-preview:large","max-video-preview":"max-video-preview:-1"},"canonical":"https:\/\/www.materdominivolley.it\/home\/2014\/09\/01\/nuovo-cda-miccolis-vicepresidente-di-lega\/","og_locale":"it_IT","og_type":"article","og_title":"Nuovo CdA, Miccolis vicepresidente di Lega - materdominivolley","og_description":"Il dirigente castellanese: \u201cQuesto riconoscimento mi fa particolarmente onore e gratifica anche il lavoro svolto dal club che rappresento\"","og_url":"https:\/\/www.materdominivolley.it\/home\/2014\/09\/01\/nuovo-cda-miccolis-vicepresidente-di-lega\/","og_site_name":"materdominivolley","article_publisher":"https:\/\/www.facebook.com\/materdominivolleyit\/","article_published_time":"2014-09-01T12:31:16+00:00","og_image":[{"width":980,"height":400,"url":"https:\/\/www.materdominivolley.it\/home\/wp-content\/uploads\/2019\/09\/nuovo_cda_web.jpg","type":"image\/jpeg"}],"author":"admin-mater","twitter_card":"summary_large_image","twitter_misc":{"Scritto da":"admin-mater","Tempo di lettura stimato":"2 minuti"},"schema":{"@context":"https:\/\/schema.org","@graph":[{"@type":"Article","@id":"https:\/\/www.materdominivolley.it\/home\/2014\/09\/01\/nuovo-cda-miccolis-vicepresidente-di-lega\/#article","isPartOf":{"@id":"https:\/\/www.materdominivolley.it\/home\/2014\/09\/01\/nuovo-cda-miccolis-vicepresidente-di-lega\/"},"author":{"name":"admin-mater","@id":"https:\/\/www.materdominivolley.it\/home\/#\/schema\/person\/86961330b970aecf0b9729df84069339"},"headline":"Nuovo CdA, Miccolis vicepresidente di Lega","datePublished":"2014-09-01T12:31:16+00:00","mainEntityOfPage":{"@id":"https:\/\/www.materdominivolley.it\/home\/2014\/09\/01\/nuovo-cda-miccolis-vicepresidente-di-lega\/"},"wordCount":330,"commentCount":0,"publisher":{"@id":"https:\/\/www.materdominivolley.it\/home\/#organization"},"image":{"@id":"https:\/\/www.materdominivolley.it\/home\/2014\/09\/01\/nuovo-cda-miccolis-vicepresidente-di-lega\/#primaryimage"},"thumbnailUrl":"https:\/\/www.materdominivolley.it\/home\/wp-content\/uploads\/2019\/09\/nuovo_cda_web.jpg","articleSection":["Serie A2"],"inLanguage":"it-IT","potentialAction":[{"@type":"CommentAction","name":"Comment","target":["https:\/\/www.materdominivolley.it\/home\/2014\/09\/01\/nuovo-cda-miccolis-vicepresidente-di-lega\/#respond"]}]},{"@type":"WebPage","@id":"https:\/\/www.materdominivolley.it\/home\/2014\/09\/01\/nuovo-cda-miccolis-vicepresidente-di-lega\/","url":"https:\/\/www.materdominivolley.it\/home\/2014\/09\/01\/nuovo-cda-miccolis-vicepresidente-di-lega\/","name":"Nuovo CdA, Miccolis vicepresidente di Lega - materdominivolley","isPartOf":{"@id":"https:\/\/www.materdominivolley.it\/home\/#website"},"primaryImageOfPage":{"@id":"https:\/\/www.materdominivolley.it\/home\/2014\/09\/01\/nuovo-cda-miccolis-vicepresidente-di-lega\/#primaryimage"},"image":{"@id":"https:\/\/www.materdominivolley.it\/home\/2014\/09\/01\/nuovo-cda-miccolis-vicepresidente-di-lega\/#primaryimage"},"thumbnailUrl":"https:\/\/www.materdominivolley.it\/home\/wp-content\/uploads\/2019\/09\/nuovo_cda_web.jpg","datePublished":"2014-09-01T12:31:16+00:00","breadcrumb":{"@id":"https:\/\/www.materdominivolley.it\/home\/2014\/09\/01\/nuovo-cda-miccolis-vicepresidente-di-lega\/#breadcrumb"},"inLanguage":"it-IT","potentialAction":[{"@type":"ReadAction","target":["https:\/\/www.materdominivolley.it\/home\/2014\/09\/01\/nuovo-cda-miccolis-vicepresidente-di-lega\/"]}]},{"@type":"ImageObject","inLanguage":"it-IT","@id":"https:\/\/www.materdominivolley.it\/home\/2014\/09\/01\/nuovo-cda-miccolis-vicepresidente-di-lega\/#primaryimage","url":"https:\/\/www.materdominivolley.it\/home\/wp-content\/uploads\/2019\/09\/nuovo_cda_web.jpg","contentUrl":"https:\/\/www.materdominivolley.it\/home\/wp-content\/uploads\/2019\/09\/nuovo_cda_web.jpg","width":980,"height":400},{"@type":"BreadcrumbList","@id":"https:\/\/www.materdominivolley.it\/home\/2014\/09\/01\/nuovo-cda-miccolis-vicepresidente-di-lega\/#breadcrumb","itemListElement":[{"@type":"ListItem","position":1,"name":"Home","item":"https:\/\/www.materdominivolley.it\/home\/"},{"@type":"ListItem","position":2,"name":"Nuovo CdA, Miccolis vicepresidente di Lega"}]},{"@type":"WebSite","@id":"https:\/\/www.materdominivolley.it\/home\/#website","url":"https:\/\/www.materdominivolley.it\/home\/","name":"materdominivolley","description":"","publisher":{"@id":"https:\/\/www.materdominivolley.it\/home\/#organization"},"potentialAction":[{"@type":"SearchAction","target":{"@type":"EntryPoint","urlTemplate":"https:\/\/www.materdominivolley.it\/home\/?s={search_term_string}"},"query-input":{"@type":"PropertyValueSpecification","valueRequired":true,"valueName":"search_term_string"}}],"inLanguage":"it-IT"},{"@type":"Organization","@id":"https:\/\/www.materdominivolley.it\/home\/#organization","name":"Materdominivolley.it","url":"https:\/\/www.materdominivolley.it\/home\/","logo":{"@type":"ImageObject","inLanguage":"it-IT","@id":"https:\/\/www.materdominivolley.it\/home\/#\/schema\/logo\/image\/","url":"https:\/\/www.materdominivolley.it\/home\/wp-content\/uploads\/2019\/10\/Senza-titolo-1-2.png","contentUrl":"https:\/\/www.materdominivolley.it\/home\/wp-content\/uploads\/2019\/10\/Senza-titolo-1-2.png","width":180,"height":250,"caption":"Materdominivolley.it"},"image":{"@id":"https:\/\/www.materdominivolley.it\/home\/#\/schema\/logo\/image\/"},"sameAs":["https:\/\/www.facebook.com\/materdominivolleyit\/"]},{"@type":"Person","@id":"https:\/\/www.materdominivolley.it\/home\/#\/schema\/person\/86961330b970aecf0b9729df84069339","name":"admin-mater","image":{"@type":"ImageObject","inLanguage":"it-IT","@id":"https:\/\/secure.gravatar.com\/avatar\/71d088b9255aa52813637243630e63af9ffd99251cfb71c8536f2d3794cac08e?s=96&d=mm&r=g","url":"https:\/\/secure.gravatar.com\/avatar\/71d088b9255aa52813637243630e63af9ffd99251cfb71c8536f2d3794cac08e?s=96&d=mm&r=g","contentUrl":"https:\/\/secure.gravatar.com\/avatar\/71d088b9255aa52813637243630e63af9ffd99251cfb71c8536f2d3794cac08e?s=96&d=mm&r=g","caption":"admin-mater"},"url":"https:\/\/www.materdominivolley.it\/home\/author\/admin-mater\/"}]}},"_links":{"self":[{"href":"https:\/\/www.materdominivolley.it\/home\/wp-json\/wp\/v2\/posts\/1361","targetHints":{"allow":["GET"]}}],"collection":[{"href":"https:\/\/www.materdominivolley.it\/home\/wp-json\/wp\/v2\/posts"}],"about":[{"href":"https:\/\/www.materdominivolley.it\/home\/wp-json\/wp\/v2\/types\/post"}],"author":[{"embeddable":true,"href":"https:\/\/www.materdominivolley.it\/home\/wp-json\/wp\/v2\/users\/1"}],"replies":[{"embeddable":true,"href":"https:\/\/www.materdominivolley.it\/home\/wp-json\/wp\/v2\/comments?post=1361"}],"version-history":[{"count":0,"href":"https:\/\/www.materdominivolley.it\/home\/wp-json\/wp\/v2\/posts\/1361\/revisions"}],"wp:featuredmedia":[{"embeddable":true,"href":"https:\/\/www.materdominivolley.it\/home\/wp-json\/wp\/v2\/media\/1362"}],"wp:attachment":[{"href":"https:\/\/www.materdominivolley.it\/home\/wp-json\/wp\/v2\/media?parent=1361"}],"wp:term":[{"taxonomy":"category","embeddable":true,"href":"https:\/\/www.materdominivolley.it\/home\/wp-json\/wp\/v2\/categories?post=1361"},{"taxonomy":"post_tag","embeddable":true,"href":"https:\/\/www.materdominivolley.it\/home\/wp-json\/wp\/v2\/tags?post=1361"}],"curies":[{"name":"wp","href":"https:\/\/api.w.org\/{rel}","templated":true}]}}