{"id":1363,"date":"2014-09-19T11:03:28","date_gmt":"2014-09-19T09:03:28","guid":{"rendered":"https:\/\/www.materdominivolley.it\/home\/2014\/09\/19\/ecco-amichevoli-e-numeri-di-maglia\/"},"modified":"2014-09-19T11:03:28","modified_gmt":"2014-09-19T09:03:28","slug":"ecco-amichevoli-e-numeri-di-maglia","status":"publish","type":"post","link":"https:\/\/www.materdominivolley.it\/home\/2014\/09\/19\/ecco-amichevoli-e-numeri-di-maglia\/","title":{"rendered":"Ecco amichevoli e numeri di maglia"},"content":{"rendered":"\n        <p>\n\tLa <strong style=\"z-index: 498300;\">Materdominivolley.it Castellana Grotte<\/strong>, societ\u00e0 iscritta al prossimo campionato nazionale serie A2 Unipolsai di pallavolo maschile, si prepara all\u2019inaugurazione del nuovo anno sportivo, con il raduno in calendario per domenica 31 agosto in sede e l\u2019inizio della preparazione atletica in programma per luned\u00ec 1 settembre alle ore 9 presso il PalaGrotte.<br style=\"z-index: 498290;\" \/>\n\t<br style=\"z-index: 498280;\" \/>\n\tLa societ\u00e0, intanto, rende ufficiale il calendario delle amichevoli di precampionato e i numeri di maglia scelti dai giocatori. Il direttore sportivo <strong style=\"z-index: 498270;\">Vito Primavera<\/strong> presenta cos\u00ec il programma delle tappe di avvicinamento al debutto ufficiale che si terr\u00e0 il 19 ottobre per la prima gara di campionato a Corigliano.<br style=\"z-index: 498260;\" \/>\n\t<br style=\"z-index: 498250;\" \/>\n\t\u201cIl debutto stagionale &#8211; commenta Primavera &#8211; si terr\u00e0 sabato 13 settembre a Corigliano contro la Caff\u00e8 Aiello, mentre il 20 settembre sfideremo ad Alberobello nell\u2019ambito del Memorial De Giorgio la formazione del Vibo Valentia. Seguir\u00e0 un ciclo di tre gare casalinghe: il 27 settembre sempre contro Corigliano, il 4 ottobre contro Matera ed a chiudere l\u20198 ottobre contro l\u2019Alessano\u00a0\u00a0Infine l\u2019ultimo test di avvicinamento al campionato si giocher\u00e0 l\u201911 ottobre a Matera contro i padroni di casa. L\u2019auspicio \u00e8 quello di crescere partita dopo partita affinch\u00e9 si arrivi alla prima gara ufficiale ben preparati. Affronteremo &#8211; conclude il ds giallobl\u00f9 &#8211; una stagione pi\u00f9 impegnativa rispetto a quella appena trascorsa, il livello tecnico delle squadre si \u00e8 alzato ed il nostro obiettivo \u00e8 quello di bissare l\u2019ottimo risultato ottenuto nella scorso campionato\u201d.<br \/>\n\t<br style=\"z-index: 498220;\" \/>\n\tUfficializzati anche i numeri di maglia. Questo l&#39;elenco completo del roster a disposizione del tecnico <strong style=\"z-index: 498210;\">Vincenzo Fanizza<\/strong>: 1 Michele Morelli (o), 2 Luca Marzo (o), 3 Giovanni Primavera (l), 4 Pietro Luca Latorre (p), 5 Alessandro Nero (l), 6 Mattia Sorrenti (s), 7 Andrea Kouznetsov (s), 8 Maurizio Castellano (s), 9 Alessandro Cirocco (c), 10 Michele De Serio (c), 11 Alessandro Primavera (s), 12 Matteo Pedron (p), 13 Vincenzo Spadavecchia (c), 14 Alessandro Giosa (c), 18 Enrico Libraro (s).<br style=\"z-index: 498200;\" \/>\n\t<br style=\"z-index: 498190;\" \/>\n\tAltre informazioni e news sul sito ufficiale www.materdominivolley.it e sulla pagina facebook Materdomini Volley.it.Altre informazioni e news sul sito ufficiale www.materdominivolley.it e sulla pagina facebook Materdomini Volley.it.<\/p>\n        ","protected":false},"excerpt":{"rendered":"<p><!-- wp:paragraph --><br \/>\n        Sei gare di avvicinamento al campionato, tre in casa e tre in trasferta. Scelti i numeri di maglia: a Libraro il 18, Giosa sceglie il 14, Pedron e Morelli rispettivamente il 12 e l&#8217;1. Parla il diesse Vito Primavera alla vigilia del raduno.<br \/>\n        <!-- \/wp:paragraph --><\/p>\n","protected":false},"author":1,"featured_media":1113,"comment_status":"open","ping_status":"closed","sticky":false,"template":"","format":"standard","meta":{"footnotes":""},"categories":[13],"tags":[],"class_list":["post-1363","post","type-post","status-publish","format-standard","has-post-thumbnail","hentry","category-serie-a2"],"yoast_head":"<!-- This site is optimized with the Yoast SEO plugin v27.4 - https:\/\/yoast.com\/product\/yoast-seo-wordpress\/ -->\n<title>Ecco amichevoli e numeri di maglia - materdominivolley<\/title>\n<meta name=\"robots\" content=\"index, follow, max-snippet:-1, max-image-preview:large, max-video-preview:-1\" \/>\n<link rel=\"canonical\" href=\"https:\/\/www.materdominivolley.it\/home\/2014\/09\/19\/ecco-amichevoli-e-numeri-di-maglia\/\" \/>\n<meta property=\"og:locale\" content=\"it_IT\" \/>\n<meta property=\"og:type\" content=\"article\" \/>\n<meta property=\"og:title\" content=\"Ecco amichevoli e numeri di maglia - materdominivolley\" \/>\n<meta property=\"og:description\" content=\"Sei gare di avvicinamento al campionato, tre in casa e tre in trasferta. Scelti i numeri di maglia: a Libraro il 18, Giosa sceglie il 14, Pedron e Morelli rispettivamente il 12 e l&#039;1. Parla il diesse Vito Primavera alla vigilia del raduno.\" \/>\n<meta property=\"og:url\" content=\"https:\/\/www.materdominivolley.it\/home\/2014\/09\/19\/ecco-amichevoli-e-numeri-di-maglia\/\" \/>\n<meta property=\"og:site_name\" content=\"materdominivolley\" \/>\n<meta property=\"article:publisher\" content=\"https:\/\/www.facebook.com\/materdominivolleyit\/\" \/>\n<meta property=\"article:published_time\" content=\"2014-09-19T09:03:28+00:00\" \/>\n<meta property=\"og:image\" content=\"https:\/\/www.materdominivolley.it\/home\/wp-content\/uploads\/2019\/09\/primaveravito.jpg\" \/>\n\t<meta property=\"og:image:width\" content=\"980\" \/>\n\t<meta property=\"og:image:height\" content=\"400\" \/>\n\t<meta property=\"og:image:type\" content=\"image\/jpeg\" \/>\n<meta name=\"author\" content=\"admin-mater\" \/>\n<meta name=\"twitter:card\" content=\"summary_large_image\" \/>\n<meta name=\"twitter:label1\" content=\"Scritto da\" \/>\n\t<meta name=\"twitter:data1\" content=\"admin-mater\" \/>\n\t<meta name=\"twitter:label2\" content=\"Tempo di lettura stimato\" \/>\n\t<meta name=\"twitter:data2\" content=\"2 minuti\" \/>\n<script type=\"application\/ld+json\" class=\"yoast-schema-graph\">{\"@context\":\"https:\\\/\\\/schema.org\",\"@graph\":[{\"@type\":\"Article\",\"@id\":\"https:\\\/\\\/www.materdominivolley.it\\\/home\\\/2014\\\/09\\\/19\\\/ecco-amichevoli-e-numeri-di-maglia\\\/#article\",\"isPartOf\":{\"@id\":\"https:\\\/\\\/www.materdominivolley.it\\\/home\\\/2014\\\/09\\\/19\\\/ecco-amichevoli-e-numeri-di-maglia\\\/\"},\"author\":{\"name\":\"admin-mater\",\"@id\":\"https:\\\/\\\/www.materdominivolley.it\\\/home\\\/#\\\/schema\\\/person\\\/86961330b970aecf0b9729df84069339\"},\"headline\":\"Ecco amichevoli e numeri di maglia\",\"datePublished\":\"2014-09-19T09:03:28+00:00\",\"mainEntityOfPage\":{\"@id\":\"https:\\\/\\\/www.materdominivolley.it\\\/home\\\/2014\\\/09\\\/19\\\/ecco-amichevoli-e-numeri-di-maglia\\\/\"},\"wordCount\":335,\"commentCount\":0,\"publisher\":{\"@id\":\"https:\\\/\\\/www.materdominivolley.it\\\/home\\\/#organization\"},\"image\":{\"@id\":\"https:\\\/\\\/www.materdominivolley.it\\\/home\\\/2014\\\/09\\\/19\\\/ecco-amichevoli-e-numeri-di-maglia\\\/#primaryimage\"},\"thumbnailUrl\":\"https:\\\/\\\/www.materdominivolley.it\\\/home\\\/wp-content\\\/uploads\\\/2019\\\/09\\\/primaveravito.jpg\",\"articleSection\":[\"Serie A2\"],\"inLanguage\":\"it-IT\",\"potentialAction\":[{\"@type\":\"CommentAction\",\"name\":\"Comment\",\"target\":[\"https:\\\/\\\/www.materdominivolley.it\\\/home\\\/2014\\\/09\\\/19\\\/ecco-amichevoli-e-numeri-di-maglia\\\/#respond\"]}]},{\"@type\":\"WebPage\",\"@id\":\"https:\\\/\\\/www.materdominivolley.it\\\/home\\\/2014\\\/09\\\/19\\\/ecco-amichevoli-e-numeri-di-maglia\\\/\",\"url\":\"https:\\\/\\\/www.materdominivolley.it\\\/home\\\/2014\\\/09\\\/19\\\/ecco-amichevoli-e-numeri-di-maglia\\\/\",\"name\":\"Ecco amichevoli e numeri di maglia - materdominivolley\",\"isPartOf\":{\"@id\":\"https:\\\/\\\/www.materdominivolley.it\\\/home\\\/#website\"},\"primaryImageOfPage\":{\"@id\":\"https:\\\/\\\/www.materdominivolley.it\\\/home\\\/2014\\\/09\\\/19\\\/ecco-amichevoli-e-numeri-di-maglia\\\/#primaryimage\"},\"image\":{\"@id\":\"https:\\\/\\\/www.materdominivolley.it\\\/home\\\/2014\\\/09\\\/19\\\/ecco-amichevoli-e-numeri-di-maglia\\\/#primaryimage\"},\"thumbnailUrl\":\"https:\\\/\\\/www.materdominivolley.it\\\/home\\\/wp-content\\\/uploads\\\/2019\\\/09\\\/primaveravito.jpg\",\"datePublished\":\"2014-09-19T09:03:28+00:00\",\"breadcrumb\":{\"@id\":\"https:\\\/\\\/www.materdominivolley.it\\\/home\\\/2014\\\/09\\\/19\\\/ecco-amichevoli-e-numeri-di-maglia\\\/#breadcrumb\"},\"inLanguage\":\"it-IT\",\"potentialAction\":[{\"@type\":\"ReadAction\",\"target\":[\"https:\\\/\\\/www.materdominivolley.it\\\/home\\\/2014\\\/09\\\/19\\\/ecco-amichevoli-e-numeri-di-maglia\\\/\"]}]},{\"@type\":\"ImageObject\",\"inLanguage\":\"it-IT\",\"@id\":\"https:\\\/\\\/www.materdominivolley.it\\\/home\\\/2014\\\/09\\\/19\\\/ecco-amichevoli-e-numeri-di-maglia\\\/#primaryimage\",\"url\":\"https:\\\/\\\/www.materdominivolley.it\\\/home\\\/wp-content\\\/uploads\\\/2019\\\/09\\\/primaveravito.jpg\",\"contentUrl\":\"https:\\\/\\\/www.materdominivolley.it\\\/home\\\/wp-content\\\/uploads\\\/2019\\\/09\\\/primaveravito.jpg\",\"width\":980,\"height\":400},{\"@type\":\"BreadcrumbList\",\"@id\":\"https:\\\/\\\/www.materdominivolley.it\\\/home\\\/2014\\\/09\\\/19\\\/ecco-amichevoli-e-numeri-di-maglia\\\/#breadcrumb\",\"itemListElement\":[{\"@type\":\"ListItem\",\"position\":1,\"name\":\"Home\",\"item\":\"https:\\\/\\\/www.materdominivolley.it\\\/home\\\/\"},{\"@type\":\"ListItem\",\"position\":2,\"name\":\"Ecco amichevoli e numeri di maglia\"}]},{\"@type\":\"WebSite\",\"@id\":\"https:\\\/\\\/www.materdominivolley.it\\\/home\\\/#website\",\"url\":\"https:\\\/\\\/www.materdominivolley.it\\\/home\\\/\",\"name\":\"materdominivolley\",\"description\":\"\",\"publisher\":{\"@id\":\"https:\\\/\\\/www.materdominivolley.it\\\/home\\\/#organization\"},\"potentialAction\":[{\"@type\":\"SearchAction\",\"target\":{\"@type\":\"EntryPoint\",\"urlTemplate\":\"https:\\\/\\\/www.materdominivolley.it\\\/home\\\/?s={search_term_string}\"},\"query-input\":{\"@type\":\"PropertyValueSpecification\",\"valueRequired\":true,\"valueName\":\"search_term_string\"}}],\"inLanguage\":\"it-IT\"},{\"@type\":\"Organization\",\"@id\":\"https:\\\/\\\/www.materdominivolley.it\\\/home\\\/#organization\",\"name\":\"Materdominivolley.it\",\"url\":\"https:\\\/\\\/www.materdominivolley.it\\\/home\\\/\",\"logo\":{\"@type\":\"ImageObject\",\"inLanguage\":\"it-IT\",\"@id\":\"https:\\\/\\\/www.materdominivolley.it\\\/home\\\/#\\\/schema\\\/logo\\\/image\\\/\",\"url\":\"https:\\\/\\\/www.materdominivolley.it\\\/home\\\/wp-content\\\/uploads\\\/2019\\\/10\\\/Senza-titolo-1-2.png\",\"contentUrl\":\"https:\\\/\\\/www.materdominivolley.it\\\/home\\\/wp-content\\\/uploads\\\/2019\\\/10\\\/Senza-titolo-1-2.png\",\"width\":180,\"height\":250,\"caption\":\"Materdominivolley.it\"},\"image\":{\"@id\":\"https:\\\/\\\/www.materdominivolley.it\\\/home\\\/#\\\/schema\\\/logo\\\/image\\\/\"},\"sameAs\":[\"https:\\\/\\\/www.facebook.com\\\/materdominivolleyit\\\/\"]},{\"@type\":\"Person\",\"@id\":\"https:\\\/\\\/www.materdominivolley.it\\\/home\\\/#\\\/schema\\\/person\\\/86961330b970aecf0b9729df84069339\",\"name\":\"admin-mater\",\"image\":{\"@type\":\"ImageObject\",\"inLanguage\":\"it-IT\",\"@id\":\"https:\\\/\\\/secure.gravatar.com\\\/avatar\\\/71d088b9255aa52813637243630e63af9ffd99251cfb71c8536f2d3794cac08e?s=96&d=mm&r=g\",\"url\":\"https:\\\/\\\/secure.gravatar.com\\\/avatar\\\/71d088b9255aa52813637243630e63af9ffd99251cfb71c8536f2d3794cac08e?s=96&d=mm&r=g\",\"contentUrl\":\"https:\\\/\\\/secure.gravatar.com\\\/avatar\\\/71d088b9255aa52813637243630e63af9ffd99251cfb71c8536f2d3794cac08e?s=96&d=mm&r=g\",\"caption\":\"admin-mater\"},\"url\":\"https:\\\/\\\/www.materdominivolley.it\\\/home\\\/author\\\/admin-mater\\\/\"}]}<\/script>\n<!-- \/ Yoast SEO plugin. -->","yoast_head_json":{"title":"Ecco amichevoli e numeri di maglia - materdominivolley","robots":{"index":"index","follow":"follow","max-snippet":"max-snippet:-1","max-image-preview":"max-image-preview:large","max-video-preview":"max-video-preview:-1"},"canonical":"https:\/\/www.materdominivolley.it\/home\/2014\/09\/19\/ecco-amichevoli-e-numeri-di-maglia\/","og_locale":"it_IT","og_type":"article","og_title":"Ecco amichevoli e numeri di maglia - materdominivolley","og_description":"Sei gare di avvicinamento al campionato, tre in casa e tre in trasferta. Scelti i numeri di maglia: a Libraro il 18, Giosa sceglie il 14, Pedron e Morelli rispettivamente il 12 e l'1. Parla il diesse Vito Primavera alla vigilia del raduno.","og_url":"https:\/\/www.materdominivolley.it\/home\/2014\/09\/19\/ecco-amichevoli-e-numeri-di-maglia\/","og_site_name":"materdominivolley","article_publisher":"https:\/\/www.facebook.com\/materdominivolleyit\/","article_published_time":"2014-09-19T09:03:28+00:00","og_image":[{"width":980,"height":400,"url":"https:\/\/www.materdominivolley.it\/home\/wp-content\/uploads\/2019\/09\/primaveravito.jpg","type":"image\/jpeg"}],"author":"admin-mater","twitter_card":"summary_large_image","twitter_misc":{"Scritto da":"admin-mater","Tempo di lettura stimato":"2 minuti"},"schema":{"@context":"https:\/\/schema.org","@graph":[{"@type":"Article","@id":"https:\/\/www.materdominivolley.it\/home\/2014\/09\/19\/ecco-amichevoli-e-numeri-di-maglia\/#article","isPartOf":{"@id":"https:\/\/www.materdominivolley.it\/home\/2014\/09\/19\/ecco-amichevoli-e-numeri-di-maglia\/"},"author":{"name":"admin-mater","@id":"https:\/\/www.materdominivolley.it\/home\/#\/schema\/person\/86961330b970aecf0b9729df84069339"},"headline":"Ecco amichevoli e numeri di maglia","datePublished":"2014-09-19T09:03:28+00:00","mainEntityOfPage":{"@id":"https:\/\/www.materdominivolley.it\/home\/2014\/09\/19\/ecco-amichevoli-e-numeri-di-maglia\/"},"wordCount":335,"commentCount":0,"publisher":{"@id":"https:\/\/www.materdominivolley.it\/home\/#organization"},"image":{"@id":"https:\/\/www.materdominivolley.it\/home\/2014\/09\/19\/ecco-amichevoli-e-numeri-di-maglia\/#primaryimage"},"thumbnailUrl":"https:\/\/www.materdominivolley.it\/home\/wp-content\/uploads\/2019\/09\/primaveravito.jpg","articleSection":["Serie A2"],"inLanguage":"it-IT","potentialAction":[{"@type":"CommentAction","name":"Comment","target":["https:\/\/www.materdominivolley.it\/home\/2014\/09\/19\/ecco-amichevoli-e-numeri-di-maglia\/#respond"]}]},{"@type":"WebPage","@id":"https:\/\/www.materdominivolley.it\/home\/2014\/09\/19\/ecco-amichevoli-e-numeri-di-maglia\/","url":"https:\/\/www.materdominivolley.it\/home\/2014\/09\/19\/ecco-amichevoli-e-numeri-di-maglia\/","name":"Ecco amichevoli e numeri di maglia - materdominivolley","isPartOf":{"@id":"https:\/\/www.materdominivolley.it\/home\/#website"},"primaryImageOfPage":{"@id":"https:\/\/www.materdominivolley.it\/home\/2014\/09\/19\/ecco-amichevoli-e-numeri-di-maglia\/#primaryimage"},"image":{"@id":"https:\/\/www.materdominivolley.it\/home\/2014\/09\/19\/ecco-amichevoli-e-numeri-di-maglia\/#primaryimage"},"thumbnailUrl":"https:\/\/www.materdominivolley.it\/home\/wp-content\/uploads\/2019\/09\/primaveravito.jpg","datePublished":"2014-09-19T09:03:28+00:00","breadcrumb":{"@id":"https:\/\/www.materdominivolley.it\/home\/2014\/09\/19\/ecco-amichevoli-e-numeri-di-maglia\/#breadcrumb"},"inLanguage":"it-IT","potentialAction":[{"@type":"ReadAction","target":["https:\/\/www.materdominivolley.it\/home\/2014\/09\/19\/ecco-amichevoli-e-numeri-di-maglia\/"]}]},{"@type":"ImageObject","inLanguage":"it-IT","@id":"https:\/\/www.materdominivolley.it\/home\/2014\/09\/19\/ecco-amichevoli-e-numeri-di-maglia\/#primaryimage","url":"https:\/\/www.materdominivolley.it\/home\/wp-content\/uploads\/2019\/09\/primaveravito.jpg","contentUrl":"https:\/\/www.materdominivolley.it\/home\/wp-content\/uploads\/2019\/09\/primaveravito.jpg","width":980,"height":400},{"@type":"BreadcrumbList","@id":"https:\/\/www.materdominivolley.it\/home\/2014\/09\/19\/ecco-amichevoli-e-numeri-di-maglia\/#breadcrumb","itemListElement":[{"@type":"ListItem","position":1,"name":"Home","item":"https:\/\/www.materdominivolley.it\/home\/"},{"@type":"ListItem","position":2,"name":"Ecco amichevoli e numeri di maglia"}]},{"@type":"WebSite","@id":"https:\/\/www.materdominivolley.it\/home\/#website","url":"https:\/\/www.materdominivolley.it\/home\/","name":"materdominivolley","description":"","publisher":{"@id":"https:\/\/www.materdominivolley.it\/home\/#organization"},"potentialAction":[{"@type":"SearchAction","target":{"@type":"EntryPoint","urlTemplate":"https:\/\/www.materdominivolley.it\/home\/?s={search_term_string}"},"query-input":{"@type":"PropertyValueSpecification","valueRequired":true,"valueName":"search_term_string"}}],"inLanguage":"it-IT"},{"@type":"Organization","@id":"https:\/\/www.materdominivolley.it\/home\/#organization","name":"Materdominivolley.it","url":"https:\/\/www.materdominivolley.it\/home\/","logo":{"@type":"ImageObject","inLanguage":"it-IT","@id":"https:\/\/www.materdominivolley.it\/home\/#\/schema\/logo\/image\/","url":"https:\/\/www.materdominivolley.it\/home\/wp-content\/uploads\/2019\/10\/Senza-titolo-1-2.png","contentUrl":"https:\/\/www.materdominivolley.it\/home\/wp-content\/uploads\/2019\/10\/Senza-titolo-1-2.png","width":180,"height":250,"caption":"Materdominivolley.it"},"image":{"@id":"https:\/\/www.materdominivolley.it\/home\/#\/schema\/logo\/image\/"},"sameAs":["https:\/\/www.facebook.com\/materdominivolleyit\/"]},{"@type":"Person","@id":"https:\/\/www.materdominivolley.it\/home\/#\/schema\/person\/86961330b970aecf0b9729df84069339","name":"admin-mater","image":{"@type":"ImageObject","inLanguage":"it-IT","@id":"https:\/\/secure.gravatar.com\/avatar\/71d088b9255aa52813637243630e63af9ffd99251cfb71c8536f2d3794cac08e?s=96&d=mm&r=g","url":"https:\/\/secure.gravatar.com\/avatar\/71d088b9255aa52813637243630e63af9ffd99251cfb71c8536f2d3794cac08e?s=96&d=mm&r=g","contentUrl":"https:\/\/secure.gravatar.com\/avatar\/71d088b9255aa52813637243630e63af9ffd99251cfb71c8536f2d3794cac08e?s=96&d=mm&r=g","caption":"admin-mater"},"url":"https:\/\/www.materdominivolley.it\/home\/author\/admin-mater\/"}]}},"_links":{"self":[{"href":"https:\/\/www.materdominivolley.it\/home\/wp-json\/wp\/v2\/posts\/1363","targetHints":{"allow":["GET"]}}],"collection":[{"href":"https:\/\/www.materdominivolley.it\/home\/wp-json\/wp\/v2\/posts"}],"about":[{"href":"https:\/\/www.materdominivolley.it\/home\/wp-json\/wp\/v2\/types\/post"}],"author":[{"embeddable":true,"href":"https:\/\/www.materdominivolley.it\/home\/wp-json\/wp\/v2\/users\/1"}],"replies":[{"embeddable":true,"href":"https:\/\/www.materdominivolley.it\/home\/wp-json\/wp\/v2\/comments?post=1363"}],"version-history":[{"count":0,"href":"https:\/\/www.materdominivolley.it\/home\/wp-json\/wp\/v2\/posts\/1363\/revisions"}],"wp:featuredmedia":[{"embeddable":true,"href":"https:\/\/www.materdominivolley.it\/home\/wp-json\/wp\/v2\/media\/1113"}],"wp:attachment":[{"href":"https:\/\/www.materdominivolley.it\/home\/wp-json\/wp\/v2\/media?parent=1363"}],"wp:term":[{"taxonomy":"category","embeddable":true,"href":"https:\/\/www.materdominivolley.it\/home\/wp-json\/wp\/v2\/categories?post=1363"},{"taxonomy":"post_tag","embeddable":true,"href":"https:\/\/www.materdominivolley.it\/home\/wp-json\/wp\/v2\/tags?post=1363"}],"curies":[{"name":"wp","href":"https:\/\/api.w.org\/{rel}","templated":true}]}}