{"id":1366,"date":"2014-08-28T14:58:18","date_gmt":"2014-08-28T12:58:18","guid":{"rendered":"https:\/\/www.materdominivolley.it\/home\/2014\/08\/28\/verso-la-preparazione-confermato-ditano\/"},"modified":"2014-08-28T14:58:18","modified_gmt":"2014-08-28T12:58:18","slug":"verso-la-preparazione-confermato-ditano","status":"publish","type":"post","link":"https:\/\/www.materdominivolley.it\/home\/2014\/08\/28\/verso-la-preparazione-confermato-ditano\/","title":{"rendered":"Verso la preparazione: confermato Ditano"},"content":{"rendered":"\n        <p>\n\tLa <strong>Materdominivolley.it Castellana Grotte<\/strong>, societ\u00e0 iscritta al prossimo campionato nazionale serie A2 Unipolsai di pallavolo maschile, affida nuovamente la preparazione fisica della prima squadra e dell\u2019accademia di volley alle cure di <strong>Luigi Ditano<\/strong>. Il rinnovo con Ditano, esperto professionista nel settore, gi\u00e0 preparatore per ben tre stagioni (2010-2013) della Caff\u00e8 Aiello Corigliano in serie A2, si \u00e8 concretizzato negli scorsi giorni. Siglato il rinnovo con il club, alla presenza del direttore sportivo Vito Primavera.\u00a0<\/p>\n<p>\n\tDitano affiancher\u00e0 cos\u00ec il tecnico <strong>Vincenzo Fanizza<\/strong> nel corso di tutto l\u2019anno sportivo non solo come istruttore motorio del roster di serie A2 ma anche come riferimento dell\u2019intero settore giovanile. \u201cSi inizier\u00e0 &#8211; ha commentato lo stesso Ditano &#8211; con le prove fisiche di routine per poi proseguire nei giorni successivi con il protocollo di allenamenti che ho concordato con Fanizza. Si tratter\u00e0 di una preparazione meno intensa con carichi ridotti rispetto a quella dello scorso anno al fine di arrivare ad inizio campionato in perfetta forma. Intanto, nei primi giorni di allenamenti si valuter\u00e0 lo stato fisico del gruppo di cui conosco quasi tutti e questo per un preparatore \u00e8 gi\u00e0 di per s\u00e9 un grande vantaggio\u201d.<\/p>\n<p>\n\tPer la Materdominivolley.it Castellana, raduno ufficiale in calendario domenica 31 agosto presso la sede di via Sonnino, inizio della preparazione in programma luned\u00ec 1 settembre alle ore 9 presso il PalaGrotte.<\/p>\n<p>\n\tAltre informazioni e news sul sito ufficiale <strong>www.materdominivolley.it<\/strong> e sulla pagina facebook <strong>Materdomini Volley.it<\/strong>.<\/p>\n        ","protected":false},"excerpt":{"rendered":"<p><!-- wp:paragraph --><br \/>\n        Si rinnova il legame col preparatore atletico della scorsa stagione: sar\u00e0 ancora lui a &#8220;lavorare&#8221; sui giocatori della prima squadra e del settore giovanile.<br \/>\n        <!-- \/wp:paragraph --><\/p>\n","protected":false},"author":1,"featured_media":1367,"comment_status":"open","ping_status":"closed","sticky":false,"template":"","format":"standard","meta":{"footnotes":""},"categories":[21],"tags":[],"class_list":["post-1366","post","type-post","status-publish","format-standard","has-post-thumbnail","hentry","category-comunicati"],"yoast_head":"<!-- This site is optimized with the Yoast SEO plugin v27.4 - https:\/\/yoast.com\/product\/yoast-seo-wordpress\/ -->\n<title>Verso la preparazione: confermato Ditano - materdominivolley<\/title>\n<meta name=\"robots\" content=\"index, follow, max-snippet:-1, max-image-preview:large, max-video-preview:-1\" \/>\n<link rel=\"canonical\" href=\"https:\/\/www.materdominivolley.it\/home\/2014\/08\/28\/verso-la-preparazione-confermato-ditano\/\" \/>\n<meta property=\"og:locale\" content=\"it_IT\" \/>\n<meta property=\"og:type\" content=\"article\" \/>\n<meta property=\"og:title\" content=\"Verso la preparazione: confermato Ditano - materdominivolley\" \/>\n<meta property=\"og:description\" content=\"Si rinnova il legame col preparatore atletico della scorsa stagione: sar\u00e0 ancora lui a &quot;lavorare&quot; sui giocatori della prima squadra e del settore giovanile.\" \/>\n<meta property=\"og:url\" content=\"https:\/\/www.materdominivolley.it\/home\/2014\/08\/28\/verso-la-preparazione-confermato-ditano\/\" \/>\n<meta property=\"og:site_name\" content=\"materdominivolley\" \/>\n<meta property=\"article:publisher\" content=\"https:\/\/www.facebook.com\/materdominivolleyit\/\" \/>\n<meta property=\"article:published_time\" content=\"2014-08-28T12:58:18+00:00\" \/>\n<meta property=\"og:image\" content=\"https:\/\/www.materdominivolley.it\/home\/wp-content\/uploads\/2019\/09\/ditano.jpg\" \/>\n\t<meta property=\"og:image:width\" content=\"980\" \/>\n\t<meta property=\"og:image:height\" content=\"400\" \/>\n\t<meta property=\"og:image:type\" content=\"image\/jpeg\" \/>\n<meta name=\"author\" content=\"admin-mater\" \/>\n<meta name=\"twitter:card\" content=\"summary_large_image\" \/>\n<meta name=\"twitter:label1\" content=\"Scritto da\" \/>\n\t<meta name=\"twitter:data1\" content=\"admin-mater\" \/>\n\t<meta name=\"twitter:label2\" content=\"Tempo di lettura stimato\" \/>\n\t<meta name=\"twitter:data2\" content=\"1 minuto\" \/>\n<script type=\"application\/ld+json\" class=\"yoast-schema-graph\">{\"@context\":\"https:\\\/\\\/schema.org\",\"@graph\":[{\"@type\":\"Article\",\"@id\":\"https:\\\/\\\/www.materdominivolley.it\\\/home\\\/2014\\\/08\\\/28\\\/verso-la-preparazione-confermato-ditano\\\/#article\",\"isPartOf\":{\"@id\":\"https:\\\/\\\/www.materdominivolley.it\\\/home\\\/2014\\\/08\\\/28\\\/verso-la-preparazione-confermato-ditano\\\/\"},\"author\":{\"name\":\"admin-mater\",\"@id\":\"https:\\\/\\\/www.materdominivolley.it\\\/home\\\/#\\\/schema\\\/person\\\/86961330b970aecf0b9729df84069339\"},\"headline\":\"Verso la preparazione: confermato Ditano\",\"datePublished\":\"2014-08-28T12:58:18+00:00\",\"mainEntityOfPage\":{\"@id\":\"https:\\\/\\\/www.materdominivolley.it\\\/home\\\/2014\\\/08\\\/28\\\/verso-la-preparazione-confermato-ditano\\\/\"},\"wordCount\":245,\"commentCount\":0,\"publisher\":{\"@id\":\"https:\\\/\\\/www.materdominivolley.it\\\/home\\\/#organization\"},\"image\":{\"@id\":\"https:\\\/\\\/www.materdominivolley.it\\\/home\\\/2014\\\/08\\\/28\\\/verso-la-preparazione-confermato-ditano\\\/#primaryimage\"},\"thumbnailUrl\":\"https:\\\/\\\/www.materdominivolley.it\\\/home\\\/wp-content\\\/uploads\\\/2019\\\/09\\\/ditano.jpg\",\"articleSection\":[\"comunicati\"],\"inLanguage\":\"it-IT\",\"potentialAction\":[{\"@type\":\"CommentAction\",\"name\":\"Comment\",\"target\":[\"https:\\\/\\\/www.materdominivolley.it\\\/home\\\/2014\\\/08\\\/28\\\/verso-la-preparazione-confermato-ditano\\\/#respond\"]}]},{\"@type\":\"WebPage\",\"@id\":\"https:\\\/\\\/www.materdominivolley.it\\\/home\\\/2014\\\/08\\\/28\\\/verso-la-preparazione-confermato-ditano\\\/\",\"url\":\"https:\\\/\\\/www.materdominivolley.it\\\/home\\\/2014\\\/08\\\/28\\\/verso-la-preparazione-confermato-ditano\\\/\",\"name\":\"Verso la preparazione: confermato Ditano - materdominivolley\",\"isPartOf\":{\"@id\":\"https:\\\/\\\/www.materdominivolley.it\\\/home\\\/#website\"},\"primaryImageOfPage\":{\"@id\":\"https:\\\/\\\/www.materdominivolley.it\\\/home\\\/2014\\\/08\\\/28\\\/verso-la-preparazione-confermato-ditano\\\/#primaryimage\"},\"image\":{\"@id\":\"https:\\\/\\\/www.materdominivolley.it\\\/home\\\/2014\\\/08\\\/28\\\/verso-la-preparazione-confermato-ditano\\\/#primaryimage\"},\"thumbnailUrl\":\"https:\\\/\\\/www.materdominivolley.it\\\/home\\\/wp-content\\\/uploads\\\/2019\\\/09\\\/ditano.jpg\",\"datePublished\":\"2014-08-28T12:58:18+00:00\",\"breadcrumb\":{\"@id\":\"https:\\\/\\\/www.materdominivolley.it\\\/home\\\/2014\\\/08\\\/28\\\/verso-la-preparazione-confermato-ditano\\\/#breadcrumb\"},\"inLanguage\":\"it-IT\",\"potentialAction\":[{\"@type\":\"ReadAction\",\"target\":[\"https:\\\/\\\/www.materdominivolley.it\\\/home\\\/2014\\\/08\\\/28\\\/verso-la-preparazione-confermato-ditano\\\/\"]}]},{\"@type\":\"ImageObject\",\"inLanguage\":\"it-IT\",\"@id\":\"https:\\\/\\\/www.materdominivolley.it\\\/home\\\/2014\\\/08\\\/28\\\/verso-la-preparazione-confermato-ditano\\\/#primaryimage\",\"url\":\"https:\\\/\\\/www.materdominivolley.it\\\/home\\\/wp-content\\\/uploads\\\/2019\\\/09\\\/ditano.jpg\",\"contentUrl\":\"https:\\\/\\\/www.materdominivolley.it\\\/home\\\/wp-content\\\/uploads\\\/2019\\\/09\\\/ditano.jpg\",\"width\":980,\"height\":400},{\"@type\":\"BreadcrumbList\",\"@id\":\"https:\\\/\\\/www.materdominivolley.it\\\/home\\\/2014\\\/08\\\/28\\\/verso-la-preparazione-confermato-ditano\\\/#breadcrumb\",\"itemListElement\":[{\"@type\":\"ListItem\",\"position\":1,\"name\":\"Home\",\"item\":\"https:\\\/\\\/www.materdominivolley.it\\\/home\\\/\"},{\"@type\":\"ListItem\",\"position\":2,\"name\":\"Verso la preparazione: confermato Ditano\"}]},{\"@type\":\"WebSite\",\"@id\":\"https:\\\/\\\/www.materdominivolley.it\\\/home\\\/#website\",\"url\":\"https:\\\/\\\/www.materdominivolley.it\\\/home\\\/\",\"name\":\"materdominivolley\",\"description\":\"\",\"publisher\":{\"@id\":\"https:\\\/\\\/www.materdominivolley.it\\\/home\\\/#organization\"},\"potentialAction\":[{\"@type\":\"SearchAction\",\"target\":{\"@type\":\"EntryPoint\",\"urlTemplate\":\"https:\\\/\\\/www.materdominivolley.it\\\/home\\\/?s={search_term_string}\"},\"query-input\":{\"@type\":\"PropertyValueSpecification\",\"valueRequired\":true,\"valueName\":\"search_term_string\"}}],\"inLanguage\":\"it-IT\"},{\"@type\":\"Organization\",\"@id\":\"https:\\\/\\\/www.materdominivolley.it\\\/home\\\/#organization\",\"name\":\"Materdominivolley.it\",\"url\":\"https:\\\/\\\/www.materdominivolley.it\\\/home\\\/\",\"logo\":{\"@type\":\"ImageObject\",\"inLanguage\":\"it-IT\",\"@id\":\"https:\\\/\\\/www.materdominivolley.it\\\/home\\\/#\\\/schema\\\/logo\\\/image\\\/\",\"url\":\"https:\\\/\\\/www.materdominivolley.it\\\/home\\\/wp-content\\\/uploads\\\/2019\\\/10\\\/Senza-titolo-1-2.png\",\"contentUrl\":\"https:\\\/\\\/www.materdominivolley.it\\\/home\\\/wp-content\\\/uploads\\\/2019\\\/10\\\/Senza-titolo-1-2.png\",\"width\":180,\"height\":250,\"caption\":\"Materdominivolley.it\"},\"image\":{\"@id\":\"https:\\\/\\\/www.materdominivolley.it\\\/home\\\/#\\\/schema\\\/logo\\\/image\\\/\"},\"sameAs\":[\"https:\\\/\\\/www.facebook.com\\\/materdominivolleyit\\\/\"]},{\"@type\":\"Person\",\"@id\":\"https:\\\/\\\/www.materdominivolley.it\\\/home\\\/#\\\/schema\\\/person\\\/86961330b970aecf0b9729df84069339\",\"name\":\"admin-mater\",\"image\":{\"@type\":\"ImageObject\",\"inLanguage\":\"it-IT\",\"@id\":\"https:\\\/\\\/secure.gravatar.com\\\/avatar\\\/71d088b9255aa52813637243630e63af9ffd99251cfb71c8536f2d3794cac08e?s=96&d=mm&r=g\",\"url\":\"https:\\\/\\\/secure.gravatar.com\\\/avatar\\\/71d088b9255aa52813637243630e63af9ffd99251cfb71c8536f2d3794cac08e?s=96&d=mm&r=g\",\"contentUrl\":\"https:\\\/\\\/secure.gravatar.com\\\/avatar\\\/71d088b9255aa52813637243630e63af9ffd99251cfb71c8536f2d3794cac08e?s=96&d=mm&r=g\",\"caption\":\"admin-mater\"},\"url\":\"https:\\\/\\\/www.materdominivolley.it\\\/home\\\/author\\\/admin-mater\\\/\"}]}<\/script>\n<!-- \/ Yoast SEO plugin. -->","yoast_head_json":{"title":"Verso la preparazione: confermato Ditano - materdominivolley","robots":{"index":"index","follow":"follow","max-snippet":"max-snippet:-1","max-image-preview":"max-image-preview:large","max-video-preview":"max-video-preview:-1"},"canonical":"https:\/\/www.materdominivolley.it\/home\/2014\/08\/28\/verso-la-preparazione-confermato-ditano\/","og_locale":"it_IT","og_type":"article","og_title":"Verso la preparazione: confermato Ditano - materdominivolley","og_description":"Si rinnova il legame col preparatore atletico della scorsa stagione: sar\u00e0 ancora lui a \"lavorare\" sui giocatori della prima squadra e del settore giovanile.","og_url":"https:\/\/www.materdominivolley.it\/home\/2014\/08\/28\/verso-la-preparazione-confermato-ditano\/","og_site_name":"materdominivolley","article_publisher":"https:\/\/www.facebook.com\/materdominivolleyit\/","article_published_time":"2014-08-28T12:58:18+00:00","og_image":[{"width":980,"height":400,"url":"https:\/\/www.materdominivolley.it\/home\/wp-content\/uploads\/2019\/09\/ditano.jpg","type":"image\/jpeg"}],"author":"admin-mater","twitter_card":"summary_large_image","twitter_misc":{"Scritto da":"admin-mater","Tempo di lettura stimato":"1 minuto"},"schema":{"@context":"https:\/\/schema.org","@graph":[{"@type":"Article","@id":"https:\/\/www.materdominivolley.it\/home\/2014\/08\/28\/verso-la-preparazione-confermato-ditano\/#article","isPartOf":{"@id":"https:\/\/www.materdominivolley.it\/home\/2014\/08\/28\/verso-la-preparazione-confermato-ditano\/"},"author":{"name":"admin-mater","@id":"https:\/\/www.materdominivolley.it\/home\/#\/schema\/person\/86961330b970aecf0b9729df84069339"},"headline":"Verso la preparazione: confermato Ditano","datePublished":"2014-08-28T12:58:18+00:00","mainEntityOfPage":{"@id":"https:\/\/www.materdominivolley.it\/home\/2014\/08\/28\/verso-la-preparazione-confermato-ditano\/"},"wordCount":245,"commentCount":0,"publisher":{"@id":"https:\/\/www.materdominivolley.it\/home\/#organization"},"image":{"@id":"https:\/\/www.materdominivolley.it\/home\/2014\/08\/28\/verso-la-preparazione-confermato-ditano\/#primaryimage"},"thumbnailUrl":"https:\/\/www.materdominivolley.it\/home\/wp-content\/uploads\/2019\/09\/ditano.jpg","articleSection":["comunicati"],"inLanguage":"it-IT","potentialAction":[{"@type":"CommentAction","name":"Comment","target":["https:\/\/www.materdominivolley.it\/home\/2014\/08\/28\/verso-la-preparazione-confermato-ditano\/#respond"]}]},{"@type":"WebPage","@id":"https:\/\/www.materdominivolley.it\/home\/2014\/08\/28\/verso-la-preparazione-confermato-ditano\/","url":"https:\/\/www.materdominivolley.it\/home\/2014\/08\/28\/verso-la-preparazione-confermato-ditano\/","name":"Verso la preparazione: confermato Ditano - materdominivolley","isPartOf":{"@id":"https:\/\/www.materdominivolley.it\/home\/#website"},"primaryImageOfPage":{"@id":"https:\/\/www.materdominivolley.it\/home\/2014\/08\/28\/verso-la-preparazione-confermato-ditano\/#primaryimage"},"image":{"@id":"https:\/\/www.materdominivolley.it\/home\/2014\/08\/28\/verso-la-preparazione-confermato-ditano\/#primaryimage"},"thumbnailUrl":"https:\/\/www.materdominivolley.it\/home\/wp-content\/uploads\/2019\/09\/ditano.jpg","datePublished":"2014-08-28T12:58:18+00:00","breadcrumb":{"@id":"https:\/\/www.materdominivolley.it\/home\/2014\/08\/28\/verso-la-preparazione-confermato-ditano\/#breadcrumb"},"inLanguage":"it-IT","potentialAction":[{"@type":"ReadAction","target":["https:\/\/www.materdominivolley.it\/home\/2014\/08\/28\/verso-la-preparazione-confermato-ditano\/"]}]},{"@type":"ImageObject","inLanguage":"it-IT","@id":"https:\/\/www.materdominivolley.it\/home\/2014\/08\/28\/verso-la-preparazione-confermato-ditano\/#primaryimage","url":"https:\/\/www.materdominivolley.it\/home\/wp-content\/uploads\/2019\/09\/ditano.jpg","contentUrl":"https:\/\/www.materdominivolley.it\/home\/wp-content\/uploads\/2019\/09\/ditano.jpg","width":980,"height":400},{"@type":"BreadcrumbList","@id":"https:\/\/www.materdominivolley.it\/home\/2014\/08\/28\/verso-la-preparazione-confermato-ditano\/#breadcrumb","itemListElement":[{"@type":"ListItem","position":1,"name":"Home","item":"https:\/\/www.materdominivolley.it\/home\/"},{"@type":"ListItem","position":2,"name":"Verso la preparazione: confermato Ditano"}]},{"@type":"WebSite","@id":"https:\/\/www.materdominivolley.it\/home\/#website","url":"https:\/\/www.materdominivolley.it\/home\/","name":"materdominivolley","description":"","publisher":{"@id":"https:\/\/www.materdominivolley.it\/home\/#organization"},"potentialAction":[{"@type":"SearchAction","target":{"@type":"EntryPoint","urlTemplate":"https:\/\/www.materdominivolley.it\/home\/?s={search_term_string}"},"query-input":{"@type":"PropertyValueSpecification","valueRequired":true,"valueName":"search_term_string"}}],"inLanguage":"it-IT"},{"@type":"Organization","@id":"https:\/\/www.materdominivolley.it\/home\/#organization","name":"Materdominivolley.it","url":"https:\/\/www.materdominivolley.it\/home\/","logo":{"@type":"ImageObject","inLanguage":"it-IT","@id":"https:\/\/www.materdominivolley.it\/home\/#\/schema\/logo\/image\/","url":"https:\/\/www.materdominivolley.it\/home\/wp-content\/uploads\/2019\/10\/Senza-titolo-1-2.png","contentUrl":"https:\/\/www.materdominivolley.it\/home\/wp-content\/uploads\/2019\/10\/Senza-titolo-1-2.png","width":180,"height":250,"caption":"Materdominivolley.it"},"image":{"@id":"https:\/\/www.materdominivolley.it\/home\/#\/schema\/logo\/image\/"},"sameAs":["https:\/\/www.facebook.com\/materdominivolleyit\/"]},{"@type":"Person","@id":"https:\/\/www.materdominivolley.it\/home\/#\/schema\/person\/86961330b970aecf0b9729df84069339","name":"admin-mater","image":{"@type":"ImageObject","inLanguage":"it-IT","@id":"https:\/\/secure.gravatar.com\/avatar\/71d088b9255aa52813637243630e63af9ffd99251cfb71c8536f2d3794cac08e?s=96&d=mm&r=g","url":"https:\/\/secure.gravatar.com\/avatar\/71d088b9255aa52813637243630e63af9ffd99251cfb71c8536f2d3794cac08e?s=96&d=mm&r=g","contentUrl":"https:\/\/secure.gravatar.com\/avatar\/71d088b9255aa52813637243630e63af9ffd99251cfb71c8536f2d3794cac08e?s=96&d=mm&r=g","caption":"admin-mater"},"url":"https:\/\/www.materdominivolley.it\/home\/author\/admin-mater\/"}]}},"_links":{"self":[{"href":"https:\/\/www.materdominivolley.it\/home\/wp-json\/wp\/v2\/posts\/1366","targetHints":{"allow":["GET"]}}],"collection":[{"href":"https:\/\/www.materdominivolley.it\/home\/wp-json\/wp\/v2\/posts"}],"about":[{"href":"https:\/\/www.materdominivolley.it\/home\/wp-json\/wp\/v2\/types\/post"}],"author":[{"embeddable":true,"href":"https:\/\/www.materdominivolley.it\/home\/wp-json\/wp\/v2\/users\/1"}],"replies":[{"embeddable":true,"href":"https:\/\/www.materdominivolley.it\/home\/wp-json\/wp\/v2\/comments?post=1366"}],"version-history":[{"count":0,"href":"https:\/\/www.materdominivolley.it\/home\/wp-json\/wp\/v2\/posts\/1366\/revisions"}],"wp:featuredmedia":[{"embeddable":true,"href":"https:\/\/www.materdominivolley.it\/home\/wp-json\/wp\/v2\/media\/1367"}],"wp:attachment":[{"href":"https:\/\/www.materdominivolley.it\/home\/wp-json\/wp\/v2\/media?parent=1366"}],"wp:term":[{"taxonomy":"category","embeddable":true,"href":"https:\/\/www.materdominivolley.it\/home\/wp-json\/wp\/v2\/categories?post=1366"},{"taxonomy":"post_tag","embeddable":true,"href":"https:\/\/www.materdominivolley.it\/home\/wp-json\/wp\/v2\/tags?post=1366"}],"curies":[{"name":"wp","href":"https:\/\/api.w.org\/{rel}","templated":true}]}}