{"id":1370,"date":"2014-08-30T12:55:57","date_gmt":"2014-08-30T10:55:57","guid":{"rendered":"https:\/\/www.materdominivolley.it\/home\/2014\/08\/30\/miccolis-nel-nuovo-cda-della-lega-pallavolo\/"},"modified":"2014-08-30T12:55:57","modified_gmt":"2014-08-30T10:55:57","slug":"miccolis-nel-nuovo-cda-della-lega-pallavolo","status":"publish","type":"post","link":"https:\/\/www.materdominivolley.it\/home\/2014\/08\/30\/miccolis-nel-nuovo-cda-della-lega-pallavolo\/","title":{"rendered":"Miccolis nel nuovo CdA della Lega Pallavolo"},"content":{"rendered":"\n        <p>\n\tSi \u00e8 tenuta questa mattina a Bologna l&#39;Assemblea delle Associate della Lega Pallavolo Serie A che ha eletto come nuovo presidente <strong>Albino Massacesi<\/strong>, vice presidente e amministratore delegato della Lube Macerata, e come nuovo presidente onorario <strong>Diego Mosna<\/strong>, presidente della Trentino Volley. Eletto anche il nuovo Consiglio di Amministrazione: il nuovo board vedr\u00e0 Gianrio Falivene (Top Volley Latina), Gino Sirci (Sir Safety Perugia), Arveno Joan (Altotevere Citt\u00e0 di Castello-Sansepolcro) e Giuseppe Cormio (CMC Ravenna) per la SuperLega, <strong>Michele Miccolis<\/strong> (Materdominivolley.it Castellana Grotte) e Massimo D\u2019Onofrio (Sieco Service Ortona) per la Serie A2. Voto assembleare anche per Massimo Righi (Amministratore Delegato di Lega), confermato nel nuovo CdA.<\/p>\n<p>\n\tPer Miccolis si tratta di un ritorno nel CdA della Lega Pallavolo, avendo ricoperto tale ruolo gi\u00e0 nella stagione 1996\/1997 (fu il primo dei pugliesi ad essere inserito nel board di Lega). Grande soddisfazione, al termine della votazione, in tutto l&#39;ambiente giallobl\u00f9. &#8220;Sono contento perch\u00e9 Castellana \u00e8 una piazza che merita tale riconoscimento per storia e prestigio \u00ad- ha commentato lo stesso Miccolis &#8211; Naturalmente, oltre che per l&#39;ambiente tutto, \u00e8 anche una grande soddisfazione personale. Nel ricoprire questo ruolo, rispetter\u00f2 e sosterr\u00f2, assieme al collega D&#39;Onofrio, tutte le necessit\u00e0 e i bisogni delle associate di serie A2 perch\u00e9 si possano creare sistemi virtuosi di condivisione e miglioramento dell&#39;intero movimento pallavolistico. Fin da ora mi dichiaro disponibile a confrontarmi con tutti, in linea con quanto dichiarato dal nuovo presidente, a lavorare con grande seriet\u00e0 per raggiungere gli obiettivi comuni&#8221;.<\/p>\n        ","protected":false},"excerpt":{"rendered":"<p><!-- wp:paragraph --><br \/>\n        Miccolis: &#8220;Fin da ora mi dichiaro disponibile a confrontarmi con tutti, in linea con quanto dichiarato dal nuovo presidente, a lavorare con grande seriet\u00e0 per raggiungere gli obiettivi comuni&#8221;<br \/>\n        <!-- \/wp:paragraph --><\/p>\n","protected":false},"author":1,"featured_media":1362,"comment_status":"open","ping_status":"closed","sticky":false,"template":"","format":"standard","meta":{"footnotes":""},"categories":[],"tags":[],"class_list":["post-1370","post","type-post","status-publish","format-standard","has-post-thumbnail","hentry"],"yoast_head":"<!-- This site is optimized with the Yoast SEO plugin v27.4 - https:\/\/yoast.com\/product\/yoast-seo-wordpress\/ -->\n<title>Miccolis nel nuovo CdA della Lega Pallavolo - materdominivolley<\/title>\n<meta name=\"robots\" content=\"index, follow, max-snippet:-1, max-image-preview:large, max-video-preview:-1\" \/>\n<link rel=\"canonical\" href=\"https:\/\/www.materdominivolley.it\/home\/2014\/08\/30\/miccolis-nel-nuovo-cda-della-lega-pallavolo\/\" \/>\n<meta property=\"og:locale\" content=\"it_IT\" \/>\n<meta property=\"og:type\" content=\"article\" \/>\n<meta property=\"og:title\" content=\"Miccolis nel nuovo CdA della Lega Pallavolo - materdominivolley\" \/>\n<meta property=\"og:description\" content=\"Miccolis: &quot;Fin da ora mi dichiaro disponibile a confrontarmi con tutti, in linea con quanto dichiarato dal nuovo presidente, a lavorare con grande seriet\u00e0 per raggiungere gli obiettivi comuni&quot;\" \/>\n<meta property=\"og:url\" content=\"https:\/\/www.materdominivolley.it\/home\/2014\/08\/30\/miccolis-nel-nuovo-cda-della-lega-pallavolo\/\" \/>\n<meta property=\"og:site_name\" content=\"materdominivolley\" \/>\n<meta property=\"article:publisher\" content=\"https:\/\/www.facebook.com\/materdominivolleyit\/\" \/>\n<meta property=\"article:published_time\" content=\"2014-08-30T10:55:57+00:00\" \/>\n<meta property=\"og:image\" content=\"https:\/\/www.materdominivolley.it\/home\/wp-content\/uploads\/2019\/09\/nuovo_cda_web.jpg\" \/>\n\t<meta property=\"og:image:width\" content=\"980\" \/>\n\t<meta property=\"og:image:height\" content=\"400\" \/>\n\t<meta property=\"og:image:type\" content=\"image\/jpeg\" \/>\n<meta name=\"author\" content=\"admin-mater\" \/>\n<meta name=\"twitter:card\" content=\"summary_large_image\" \/>\n<meta name=\"twitter:label1\" content=\"Scritto da\" \/>\n\t<meta name=\"twitter:data1\" content=\"admin-mater\" \/>\n\t<meta name=\"twitter:label2\" content=\"Tempo di lettura stimato\" \/>\n\t<meta name=\"twitter:data2\" content=\"1 minuto\" \/>\n<script type=\"application\/ld+json\" class=\"yoast-schema-graph\">{\"@context\":\"https:\\\/\\\/schema.org\",\"@graph\":[{\"@type\":\"Article\",\"@id\":\"https:\\\/\\\/www.materdominivolley.it\\\/home\\\/2014\\\/08\\\/30\\\/miccolis-nel-nuovo-cda-della-lega-pallavolo\\\/#article\",\"isPartOf\":{\"@id\":\"https:\\\/\\\/www.materdominivolley.it\\\/home\\\/2014\\\/08\\\/30\\\/miccolis-nel-nuovo-cda-della-lega-pallavolo\\\/\"},\"author\":{\"name\":\"admin-mater\",\"@id\":\"https:\\\/\\\/www.materdominivolley.it\\\/home\\\/#\\\/schema\\\/person\\\/86961330b970aecf0b9729df84069339\"},\"headline\":\"Miccolis nel nuovo CdA della Lega Pallavolo\",\"datePublished\":\"2014-08-30T10:55:57+00:00\",\"mainEntityOfPage\":{\"@id\":\"https:\\\/\\\/www.materdominivolley.it\\\/home\\\/2014\\\/08\\\/30\\\/miccolis-nel-nuovo-cda-della-lega-pallavolo\\\/\"},\"wordCount\":255,\"commentCount\":0,\"publisher\":{\"@id\":\"https:\\\/\\\/www.materdominivolley.it\\\/home\\\/#organization\"},\"image\":{\"@id\":\"https:\\\/\\\/www.materdominivolley.it\\\/home\\\/2014\\\/08\\\/30\\\/miccolis-nel-nuovo-cda-della-lega-pallavolo\\\/#primaryimage\"},\"thumbnailUrl\":\"https:\\\/\\\/www.materdominivolley.it\\\/home\\\/wp-content\\\/uploads\\\/2019\\\/09\\\/nuovo_cda_web.jpg\",\"inLanguage\":\"it-IT\",\"potentialAction\":[{\"@type\":\"CommentAction\",\"name\":\"Comment\",\"target\":[\"https:\\\/\\\/www.materdominivolley.it\\\/home\\\/2014\\\/08\\\/30\\\/miccolis-nel-nuovo-cda-della-lega-pallavolo\\\/#respond\"]}]},{\"@type\":\"WebPage\",\"@id\":\"https:\\\/\\\/www.materdominivolley.it\\\/home\\\/2014\\\/08\\\/30\\\/miccolis-nel-nuovo-cda-della-lega-pallavolo\\\/\",\"url\":\"https:\\\/\\\/www.materdominivolley.it\\\/home\\\/2014\\\/08\\\/30\\\/miccolis-nel-nuovo-cda-della-lega-pallavolo\\\/\",\"name\":\"Miccolis nel nuovo CdA della Lega Pallavolo - materdominivolley\",\"isPartOf\":{\"@id\":\"https:\\\/\\\/www.materdominivolley.it\\\/home\\\/#website\"},\"primaryImageOfPage\":{\"@id\":\"https:\\\/\\\/www.materdominivolley.it\\\/home\\\/2014\\\/08\\\/30\\\/miccolis-nel-nuovo-cda-della-lega-pallavolo\\\/#primaryimage\"},\"image\":{\"@id\":\"https:\\\/\\\/www.materdominivolley.it\\\/home\\\/2014\\\/08\\\/30\\\/miccolis-nel-nuovo-cda-della-lega-pallavolo\\\/#primaryimage\"},\"thumbnailUrl\":\"https:\\\/\\\/www.materdominivolley.it\\\/home\\\/wp-content\\\/uploads\\\/2019\\\/09\\\/nuovo_cda_web.jpg\",\"datePublished\":\"2014-08-30T10:55:57+00:00\",\"breadcrumb\":{\"@id\":\"https:\\\/\\\/www.materdominivolley.it\\\/home\\\/2014\\\/08\\\/30\\\/miccolis-nel-nuovo-cda-della-lega-pallavolo\\\/#breadcrumb\"},\"inLanguage\":\"it-IT\",\"potentialAction\":[{\"@type\":\"ReadAction\",\"target\":[\"https:\\\/\\\/www.materdominivolley.it\\\/home\\\/2014\\\/08\\\/30\\\/miccolis-nel-nuovo-cda-della-lega-pallavolo\\\/\"]}]},{\"@type\":\"ImageObject\",\"inLanguage\":\"it-IT\",\"@id\":\"https:\\\/\\\/www.materdominivolley.it\\\/home\\\/2014\\\/08\\\/30\\\/miccolis-nel-nuovo-cda-della-lega-pallavolo\\\/#primaryimage\",\"url\":\"https:\\\/\\\/www.materdominivolley.it\\\/home\\\/wp-content\\\/uploads\\\/2019\\\/09\\\/nuovo_cda_web.jpg\",\"contentUrl\":\"https:\\\/\\\/www.materdominivolley.it\\\/home\\\/wp-content\\\/uploads\\\/2019\\\/09\\\/nuovo_cda_web.jpg\",\"width\":980,\"height\":400},{\"@type\":\"BreadcrumbList\",\"@id\":\"https:\\\/\\\/www.materdominivolley.it\\\/home\\\/2014\\\/08\\\/30\\\/miccolis-nel-nuovo-cda-della-lega-pallavolo\\\/#breadcrumb\",\"itemListElement\":[{\"@type\":\"ListItem\",\"position\":1,\"name\":\"Home\",\"item\":\"https:\\\/\\\/www.materdominivolley.it\\\/home\\\/\"},{\"@type\":\"ListItem\",\"position\":2,\"name\":\"Miccolis nel nuovo CdA della Lega Pallavolo\"}]},{\"@type\":\"WebSite\",\"@id\":\"https:\\\/\\\/www.materdominivolley.it\\\/home\\\/#website\",\"url\":\"https:\\\/\\\/www.materdominivolley.it\\\/home\\\/\",\"name\":\"materdominivolley\",\"description\":\"\",\"publisher\":{\"@id\":\"https:\\\/\\\/www.materdominivolley.it\\\/home\\\/#organization\"},\"potentialAction\":[{\"@type\":\"SearchAction\",\"target\":{\"@type\":\"EntryPoint\",\"urlTemplate\":\"https:\\\/\\\/www.materdominivolley.it\\\/home\\\/?s={search_term_string}\"},\"query-input\":{\"@type\":\"PropertyValueSpecification\",\"valueRequired\":true,\"valueName\":\"search_term_string\"}}],\"inLanguage\":\"it-IT\"},{\"@type\":\"Organization\",\"@id\":\"https:\\\/\\\/www.materdominivolley.it\\\/home\\\/#organization\",\"name\":\"Materdominivolley.it\",\"url\":\"https:\\\/\\\/www.materdominivolley.it\\\/home\\\/\",\"logo\":{\"@type\":\"ImageObject\",\"inLanguage\":\"it-IT\",\"@id\":\"https:\\\/\\\/www.materdominivolley.it\\\/home\\\/#\\\/schema\\\/logo\\\/image\\\/\",\"url\":\"https:\\\/\\\/www.materdominivolley.it\\\/home\\\/wp-content\\\/uploads\\\/2019\\\/10\\\/Senza-titolo-1-2.png\",\"contentUrl\":\"https:\\\/\\\/www.materdominivolley.it\\\/home\\\/wp-content\\\/uploads\\\/2019\\\/10\\\/Senza-titolo-1-2.png\",\"width\":180,\"height\":250,\"caption\":\"Materdominivolley.it\"},\"image\":{\"@id\":\"https:\\\/\\\/www.materdominivolley.it\\\/home\\\/#\\\/schema\\\/logo\\\/image\\\/\"},\"sameAs\":[\"https:\\\/\\\/www.facebook.com\\\/materdominivolleyit\\\/\"]},{\"@type\":\"Person\",\"@id\":\"https:\\\/\\\/www.materdominivolley.it\\\/home\\\/#\\\/schema\\\/person\\\/86961330b970aecf0b9729df84069339\",\"name\":\"admin-mater\",\"image\":{\"@type\":\"ImageObject\",\"inLanguage\":\"it-IT\",\"@id\":\"https:\\\/\\\/secure.gravatar.com\\\/avatar\\\/71d088b9255aa52813637243630e63af9ffd99251cfb71c8536f2d3794cac08e?s=96&d=mm&r=g\",\"url\":\"https:\\\/\\\/secure.gravatar.com\\\/avatar\\\/71d088b9255aa52813637243630e63af9ffd99251cfb71c8536f2d3794cac08e?s=96&d=mm&r=g\",\"contentUrl\":\"https:\\\/\\\/secure.gravatar.com\\\/avatar\\\/71d088b9255aa52813637243630e63af9ffd99251cfb71c8536f2d3794cac08e?s=96&d=mm&r=g\",\"caption\":\"admin-mater\"},\"url\":\"https:\\\/\\\/www.materdominivolley.it\\\/home\\\/author\\\/admin-mater\\\/\"}]}<\/script>\n<!-- \/ Yoast SEO plugin. -->","yoast_head_json":{"title":"Miccolis nel nuovo CdA della Lega Pallavolo - materdominivolley","robots":{"index":"index","follow":"follow","max-snippet":"max-snippet:-1","max-image-preview":"max-image-preview:large","max-video-preview":"max-video-preview:-1"},"canonical":"https:\/\/www.materdominivolley.it\/home\/2014\/08\/30\/miccolis-nel-nuovo-cda-della-lega-pallavolo\/","og_locale":"it_IT","og_type":"article","og_title":"Miccolis nel nuovo CdA della Lega Pallavolo - materdominivolley","og_description":"Miccolis: \"Fin da ora mi dichiaro disponibile a confrontarmi con tutti, in linea con quanto dichiarato dal nuovo presidente, a lavorare con grande seriet\u00e0 per raggiungere gli obiettivi comuni\"","og_url":"https:\/\/www.materdominivolley.it\/home\/2014\/08\/30\/miccolis-nel-nuovo-cda-della-lega-pallavolo\/","og_site_name":"materdominivolley","article_publisher":"https:\/\/www.facebook.com\/materdominivolleyit\/","article_published_time":"2014-08-30T10:55:57+00:00","og_image":[{"width":980,"height":400,"url":"https:\/\/www.materdominivolley.it\/home\/wp-content\/uploads\/2019\/09\/nuovo_cda_web.jpg","type":"image\/jpeg"}],"author":"admin-mater","twitter_card":"summary_large_image","twitter_misc":{"Scritto da":"admin-mater","Tempo di lettura stimato":"1 minuto"},"schema":{"@context":"https:\/\/schema.org","@graph":[{"@type":"Article","@id":"https:\/\/www.materdominivolley.it\/home\/2014\/08\/30\/miccolis-nel-nuovo-cda-della-lega-pallavolo\/#article","isPartOf":{"@id":"https:\/\/www.materdominivolley.it\/home\/2014\/08\/30\/miccolis-nel-nuovo-cda-della-lega-pallavolo\/"},"author":{"name":"admin-mater","@id":"https:\/\/www.materdominivolley.it\/home\/#\/schema\/person\/86961330b970aecf0b9729df84069339"},"headline":"Miccolis nel nuovo CdA della Lega Pallavolo","datePublished":"2014-08-30T10:55:57+00:00","mainEntityOfPage":{"@id":"https:\/\/www.materdominivolley.it\/home\/2014\/08\/30\/miccolis-nel-nuovo-cda-della-lega-pallavolo\/"},"wordCount":255,"commentCount":0,"publisher":{"@id":"https:\/\/www.materdominivolley.it\/home\/#organization"},"image":{"@id":"https:\/\/www.materdominivolley.it\/home\/2014\/08\/30\/miccolis-nel-nuovo-cda-della-lega-pallavolo\/#primaryimage"},"thumbnailUrl":"https:\/\/www.materdominivolley.it\/home\/wp-content\/uploads\/2019\/09\/nuovo_cda_web.jpg","inLanguage":"it-IT","potentialAction":[{"@type":"CommentAction","name":"Comment","target":["https:\/\/www.materdominivolley.it\/home\/2014\/08\/30\/miccolis-nel-nuovo-cda-della-lega-pallavolo\/#respond"]}]},{"@type":"WebPage","@id":"https:\/\/www.materdominivolley.it\/home\/2014\/08\/30\/miccolis-nel-nuovo-cda-della-lega-pallavolo\/","url":"https:\/\/www.materdominivolley.it\/home\/2014\/08\/30\/miccolis-nel-nuovo-cda-della-lega-pallavolo\/","name":"Miccolis nel nuovo CdA della Lega Pallavolo - materdominivolley","isPartOf":{"@id":"https:\/\/www.materdominivolley.it\/home\/#website"},"primaryImageOfPage":{"@id":"https:\/\/www.materdominivolley.it\/home\/2014\/08\/30\/miccolis-nel-nuovo-cda-della-lega-pallavolo\/#primaryimage"},"image":{"@id":"https:\/\/www.materdominivolley.it\/home\/2014\/08\/30\/miccolis-nel-nuovo-cda-della-lega-pallavolo\/#primaryimage"},"thumbnailUrl":"https:\/\/www.materdominivolley.it\/home\/wp-content\/uploads\/2019\/09\/nuovo_cda_web.jpg","datePublished":"2014-08-30T10:55:57+00:00","breadcrumb":{"@id":"https:\/\/www.materdominivolley.it\/home\/2014\/08\/30\/miccolis-nel-nuovo-cda-della-lega-pallavolo\/#breadcrumb"},"inLanguage":"it-IT","potentialAction":[{"@type":"ReadAction","target":["https:\/\/www.materdominivolley.it\/home\/2014\/08\/30\/miccolis-nel-nuovo-cda-della-lega-pallavolo\/"]}]},{"@type":"ImageObject","inLanguage":"it-IT","@id":"https:\/\/www.materdominivolley.it\/home\/2014\/08\/30\/miccolis-nel-nuovo-cda-della-lega-pallavolo\/#primaryimage","url":"https:\/\/www.materdominivolley.it\/home\/wp-content\/uploads\/2019\/09\/nuovo_cda_web.jpg","contentUrl":"https:\/\/www.materdominivolley.it\/home\/wp-content\/uploads\/2019\/09\/nuovo_cda_web.jpg","width":980,"height":400},{"@type":"BreadcrumbList","@id":"https:\/\/www.materdominivolley.it\/home\/2014\/08\/30\/miccolis-nel-nuovo-cda-della-lega-pallavolo\/#breadcrumb","itemListElement":[{"@type":"ListItem","position":1,"name":"Home","item":"https:\/\/www.materdominivolley.it\/home\/"},{"@type":"ListItem","position":2,"name":"Miccolis nel nuovo CdA della Lega Pallavolo"}]},{"@type":"WebSite","@id":"https:\/\/www.materdominivolley.it\/home\/#website","url":"https:\/\/www.materdominivolley.it\/home\/","name":"materdominivolley","description":"","publisher":{"@id":"https:\/\/www.materdominivolley.it\/home\/#organization"},"potentialAction":[{"@type":"SearchAction","target":{"@type":"EntryPoint","urlTemplate":"https:\/\/www.materdominivolley.it\/home\/?s={search_term_string}"},"query-input":{"@type":"PropertyValueSpecification","valueRequired":true,"valueName":"search_term_string"}}],"inLanguage":"it-IT"},{"@type":"Organization","@id":"https:\/\/www.materdominivolley.it\/home\/#organization","name":"Materdominivolley.it","url":"https:\/\/www.materdominivolley.it\/home\/","logo":{"@type":"ImageObject","inLanguage":"it-IT","@id":"https:\/\/www.materdominivolley.it\/home\/#\/schema\/logo\/image\/","url":"https:\/\/www.materdominivolley.it\/home\/wp-content\/uploads\/2019\/10\/Senza-titolo-1-2.png","contentUrl":"https:\/\/www.materdominivolley.it\/home\/wp-content\/uploads\/2019\/10\/Senza-titolo-1-2.png","width":180,"height":250,"caption":"Materdominivolley.it"},"image":{"@id":"https:\/\/www.materdominivolley.it\/home\/#\/schema\/logo\/image\/"},"sameAs":["https:\/\/www.facebook.com\/materdominivolleyit\/"]},{"@type":"Person","@id":"https:\/\/www.materdominivolley.it\/home\/#\/schema\/person\/86961330b970aecf0b9729df84069339","name":"admin-mater","image":{"@type":"ImageObject","inLanguage":"it-IT","@id":"https:\/\/secure.gravatar.com\/avatar\/71d088b9255aa52813637243630e63af9ffd99251cfb71c8536f2d3794cac08e?s=96&d=mm&r=g","url":"https:\/\/secure.gravatar.com\/avatar\/71d088b9255aa52813637243630e63af9ffd99251cfb71c8536f2d3794cac08e?s=96&d=mm&r=g","contentUrl":"https:\/\/secure.gravatar.com\/avatar\/71d088b9255aa52813637243630e63af9ffd99251cfb71c8536f2d3794cac08e?s=96&d=mm&r=g","caption":"admin-mater"},"url":"https:\/\/www.materdominivolley.it\/home\/author\/admin-mater\/"}]}},"_links":{"self":[{"href":"https:\/\/www.materdominivolley.it\/home\/wp-json\/wp\/v2\/posts\/1370","targetHints":{"allow":["GET"]}}],"collection":[{"href":"https:\/\/www.materdominivolley.it\/home\/wp-json\/wp\/v2\/posts"}],"about":[{"href":"https:\/\/www.materdominivolley.it\/home\/wp-json\/wp\/v2\/types\/post"}],"author":[{"embeddable":true,"href":"https:\/\/www.materdominivolley.it\/home\/wp-json\/wp\/v2\/users\/1"}],"replies":[{"embeddable":true,"href":"https:\/\/www.materdominivolley.it\/home\/wp-json\/wp\/v2\/comments?post=1370"}],"version-history":[{"count":0,"href":"https:\/\/www.materdominivolley.it\/home\/wp-json\/wp\/v2\/posts\/1370\/revisions"}],"wp:featuredmedia":[{"embeddable":true,"href":"https:\/\/www.materdominivolley.it\/home\/wp-json\/wp\/v2\/media\/1362"}],"wp:attachment":[{"href":"https:\/\/www.materdominivolley.it\/home\/wp-json\/wp\/v2\/media?parent=1370"}],"wp:term":[{"taxonomy":"category","embeddable":true,"href":"https:\/\/www.materdominivolley.it\/home\/wp-json\/wp\/v2\/categories?post=1370"},{"taxonomy":"post_tag","embeddable":true,"href":"https:\/\/www.materdominivolley.it\/home\/wp-json\/wp\/v2\/tags?post=1370"}],"curies":[{"name":"wp","href":"https:\/\/api.w.org\/{rel}","templated":true}]}}