{"id":1373,"date":"2014-07-15T15:33:28","date_gmt":"2014-07-15T13:33:28","guid":{"rendered":"https:\/\/www.materdominivolley.it\/home\/2014\/07\/15\/in-a2-altri-due-talenti-dellaccademia\/"},"modified":"2014-07-15T15:33:28","modified_gmt":"2014-07-15T13:33:28","slug":"in-a2-altri-due-talenti-dellaccademia","status":"publish","type":"post","link":"https:\/\/www.materdominivolley.it\/home\/2014\/07\/15\/in-a2-altri-due-talenti-dellaccademia\/","title":{"rendered":"In A2 altri due talenti dell&#8217;accademia"},"content":{"rendered":"\n        <p>\n\tContinua a crescere il numero di ragazzi che la<strong>Materdominivolley.it Castellana Grotte<\/strong> porta con s\u00e9 nel prossimo campionato nazionale serie A2 Unipolsai di pallavolo maschile. Il presidente <strong>Michele Miccolis<\/strong> e il direttore sportivo <strong>Vito Primavera<\/strong> hanno infatti ufficializzato a inizio settimana la promozione in prima squadra di altri due talenti dell&#39;accademia del volley giovanile di Puglia: <strong>Luca Marzo<\/strong> e <strong>Alessandro Nero<\/strong> si aggiungono cos\u00ec alle conferme del libero Primavera e del centrale Spadavecchia.<\/p>\n<p>\n\tMarzo, opposto classe 1994, nato a Ravenna, 190 cm, ha giocato le ultime due stagioni in serie B2, prima ad Alessano e poi a Torricella. Con la Materdominivolley.it ha giocato le finali nazionali U18 e U19. Recentemente si \u00e8 laureato campione italiano U21 di beach volley in coppia con l&#39;ex giallobl\u00f9 Pellegrino e, sempre sulla sabbia, nel 2012\/2013 \u00e8 stato primo nella classifica del campionato italiano U20.<\/p>\n<p>\n\tNero, libero classe 1997, nato a Roma ma originario della provincia di Benevento, 185 cm, entra nel roster della serie A2 dopo che gi\u00e0 nella passata stagione aveva esordito a Brolo in gara 2 degli ottavi dei playoff scudetto e dopo diversi campionati di serie C e D. Negli scorsi anni ha giocato anche le finali nazionali U17 e U16. &#8220;Sono felicissimo per l&#39;occasione che mi \u00e8 stata data &#8211; ha commentato Nero -Per me si realizza un sogno pur non considerandolo un punto di arrivo, ma di partenza. Sono sicuro che sar\u00e0 un anno di crescita anche grazie alla presenza di giocatori esperti. Ringrazio la societ\u00e0 e mister Fanizza per l&#39;opportunit\u00e0 che mi hanno concesso, dato che \u00e8 difficile trovare societ\u00e0 e tecnici che danno la possibilit\u00e0 a ragazzi della mia et\u00e0 di partecipare ad un campionato di serie A&#8221;. La scelta di Nero \u00e8 stata dettata, oltre che da un turnover naturale, anche dal trasferimento di Leo Battista al Club Italia.<\/p>\n        ","protected":false},"excerpt":{"rendered":"<p><!-- wp:paragraph --><br \/>\n        Promozione in prima squadra di altri due talenti dell&#8217;accademia del volley giovanile di Puglia: il primo \u00e8 Luca Marzo, opposto classe 1994, il secondo \u00e8 Alessandro Nero, libero classe 1997.<br \/>\n        <!-- \/wp:paragraph --><\/p>\n","protected":false},"author":1,"featured_media":1374,"comment_status":"open","ping_status":"closed","sticky":false,"template":"","format":"standard","meta":{"footnotes":""},"categories":[13],"tags":[],"class_list":["post-1373","post","type-post","status-publish","format-standard","has-post-thumbnail","hentry","category-serie-a2"],"yoast_head":"<!-- This site is optimized with the Yoast SEO plugin v27.4 - https:\/\/yoast.com\/product\/yoast-seo-wordpress\/ -->\n<title>In A2 altri due talenti dell&#039;accademia - materdominivolley<\/title>\n<meta name=\"robots\" content=\"index, follow, max-snippet:-1, max-image-preview:large, max-video-preview:-1\" \/>\n<link rel=\"canonical\" href=\"https:\/\/www.materdominivolley.it\/home\/2014\/07\/15\/in-a2-altri-due-talenti-dellaccademia\/\" \/>\n<meta property=\"og:locale\" content=\"it_IT\" \/>\n<meta property=\"og:type\" content=\"article\" \/>\n<meta property=\"og:title\" content=\"In A2 altri due talenti dell&#039;accademia - materdominivolley\" \/>\n<meta property=\"og:description\" content=\"Promozione in prima squadra di altri due talenti dell&#039;accademia del volley giovanile di Puglia: il primo \u00e8 Luca Marzo, opposto classe 1994, il secondo \u00e8 Alessandro Nero, libero classe 1997.\" \/>\n<meta property=\"og:url\" content=\"https:\/\/www.materdominivolley.it\/home\/2014\/07\/15\/in-a2-altri-due-talenti-dellaccademia\/\" \/>\n<meta property=\"og:site_name\" content=\"materdominivolley\" \/>\n<meta property=\"article:publisher\" content=\"https:\/\/www.facebook.com\/materdominivolleyit\/\" \/>\n<meta property=\"article:published_time\" content=\"2014-07-15T13:33:28+00:00\" \/>\n<meta property=\"og:image\" content=\"https:\/\/www.materdominivolley.it\/home\/wp-content\/uploads\/2019\/09\/marzo_nero.jpg\" \/>\n\t<meta property=\"og:image:width\" content=\"980\" \/>\n\t<meta property=\"og:image:height\" content=\"400\" \/>\n\t<meta property=\"og:image:type\" content=\"image\/jpeg\" \/>\n<meta name=\"author\" content=\"admin-mater\" \/>\n<meta name=\"twitter:card\" content=\"summary_large_image\" \/>\n<meta name=\"twitter:label1\" content=\"Scritto da\" \/>\n\t<meta name=\"twitter:data1\" content=\"admin-mater\" \/>\n\t<meta name=\"twitter:label2\" content=\"Tempo di lettura stimato\" \/>\n\t<meta name=\"twitter:data2\" content=\"1 minuto\" \/>\n<script type=\"application\/ld+json\" class=\"yoast-schema-graph\">{\"@context\":\"https:\\\/\\\/schema.org\",\"@graph\":[{\"@type\":\"Article\",\"@id\":\"https:\\\/\\\/www.materdominivolley.it\\\/home\\\/2014\\\/07\\\/15\\\/in-a2-altri-due-talenti-dellaccademia\\\/#article\",\"isPartOf\":{\"@id\":\"https:\\\/\\\/www.materdominivolley.it\\\/home\\\/2014\\\/07\\\/15\\\/in-a2-altri-due-talenti-dellaccademia\\\/\"},\"author\":{\"name\":\"admin-mater\",\"@id\":\"https:\\\/\\\/www.materdominivolley.it\\\/home\\\/#\\\/schema\\\/person\\\/86961330b970aecf0b9729df84069339\"},\"headline\":\"In A2 altri due talenti dell&#8217;accademia\",\"datePublished\":\"2014-07-15T13:33:28+00:00\",\"mainEntityOfPage\":{\"@id\":\"https:\\\/\\\/www.materdominivolley.it\\\/home\\\/2014\\\/07\\\/15\\\/in-a2-altri-due-talenti-dellaccademia\\\/\"},\"wordCount\":304,\"commentCount\":0,\"publisher\":{\"@id\":\"https:\\\/\\\/www.materdominivolley.it\\\/home\\\/#organization\"},\"image\":{\"@id\":\"https:\\\/\\\/www.materdominivolley.it\\\/home\\\/2014\\\/07\\\/15\\\/in-a2-altri-due-talenti-dellaccademia\\\/#primaryimage\"},\"thumbnailUrl\":\"https:\\\/\\\/www.materdominivolley.it\\\/home\\\/wp-content\\\/uploads\\\/2019\\\/09\\\/marzo_nero.jpg\",\"articleSection\":[\"Serie A2\"],\"inLanguage\":\"it-IT\",\"potentialAction\":[{\"@type\":\"CommentAction\",\"name\":\"Comment\",\"target\":[\"https:\\\/\\\/www.materdominivolley.it\\\/home\\\/2014\\\/07\\\/15\\\/in-a2-altri-due-talenti-dellaccademia\\\/#respond\"]}]},{\"@type\":\"WebPage\",\"@id\":\"https:\\\/\\\/www.materdominivolley.it\\\/home\\\/2014\\\/07\\\/15\\\/in-a2-altri-due-talenti-dellaccademia\\\/\",\"url\":\"https:\\\/\\\/www.materdominivolley.it\\\/home\\\/2014\\\/07\\\/15\\\/in-a2-altri-due-talenti-dellaccademia\\\/\",\"name\":\"In A2 altri due talenti dell'accademia - materdominivolley\",\"isPartOf\":{\"@id\":\"https:\\\/\\\/www.materdominivolley.it\\\/home\\\/#website\"},\"primaryImageOfPage\":{\"@id\":\"https:\\\/\\\/www.materdominivolley.it\\\/home\\\/2014\\\/07\\\/15\\\/in-a2-altri-due-talenti-dellaccademia\\\/#primaryimage\"},\"image\":{\"@id\":\"https:\\\/\\\/www.materdominivolley.it\\\/home\\\/2014\\\/07\\\/15\\\/in-a2-altri-due-talenti-dellaccademia\\\/#primaryimage\"},\"thumbnailUrl\":\"https:\\\/\\\/www.materdominivolley.it\\\/home\\\/wp-content\\\/uploads\\\/2019\\\/09\\\/marzo_nero.jpg\",\"datePublished\":\"2014-07-15T13:33:28+00:00\",\"breadcrumb\":{\"@id\":\"https:\\\/\\\/www.materdominivolley.it\\\/home\\\/2014\\\/07\\\/15\\\/in-a2-altri-due-talenti-dellaccademia\\\/#breadcrumb\"},\"inLanguage\":\"it-IT\",\"potentialAction\":[{\"@type\":\"ReadAction\",\"target\":[\"https:\\\/\\\/www.materdominivolley.it\\\/home\\\/2014\\\/07\\\/15\\\/in-a2-altri-due-talenti-dellaccademia\\\/\"]}]},{\"@type\":\"ImageObject\",\"inLanguage\":\"it-IT\",\"@id\":\"https:\\\/\\\/www.materdominivolley.it\\\/home\\\/2014\\\/07\\\/15\\\/in-a2-altri-due-talenti-dellaccademia\\\/#primaryimage\",\"url\":\"https:\\\/\\\/www.materdominivolley.it\\\/home\\\/wp-content\\\/uploads\\\/2019\\\/09\\\/marzo_nero.jpg\",\"contentUrl\":\"https:\\\/\\\/www.materdominivolley.it\\\/home\\\/wp-content\\\/uploads\\\/2019\\\/09\\\/marzo_nero.jpg\",\"width\":980,\"height\":400},{\"@type\":\"BreadcrumbList\",\"@id\":\"https:\\\/\\\/www.materdominivolley.it\\\/home\\\/2014\\\/07\\\/15\\\/in-a2-altri-due-talenti-dellaccademia\\\/#breadcrumb\",\"itemListElement\":[{\"@type\":\"ListItem\",\"position\":1,\"name\":\"Home\",\"item\":\"https:\\\/\\\/www.materdominivolley.it\\\/home\\\/\"},{\"@type\":\"ListItem\",\"position\":2,\"name\":\"In A2 altri due talenti dell&#8217;accademia\"}]},{\"@type\":\"WebSite\",\"@id\":\"https:\\\/\\\/www.materdominivolley.it\\\/home\\\/#website\",\"url\":\"https:\\\/\\\/www.materdominivolley.it\\\/home\\\/\",\"name\":\"materdominivolley\",\"description\":\"\",\"publisher\":{\"@id\":\"https:\\\/\\\/www.materdominivolley.it\\\/home\\\/#organization\"},\"potentialAction\":[{\"@type\":\"SearchAction\",\"target\":{\"@type\":\"EntryPoint\",\"urlTemplate\":\"https:\\\/\\\/www.materdominivolley.it\\\/home\\\/?s={search_term_string}\"},\"query-input\":{\"@type\":\"PropertyValueSpecification\",\"valueRequired\":true,\"valueName\":\"search_term_string\"}}],\"inLanguage\":\"it-IT\"},{\"@type\":\"Organization\",\"@id\":\"https:\\\/\\\/www.materdominivolley.it\\\/home\\\/#organization\",\"name\":\"Materdominivolley.it\",\"url\":\"https:\\\/\\\/www.materdominivolley.it\\\/home\\\/\",\"logo\":{\"@type\":\"ImageObject\",\"inLanguage\":\"it-IT\",\"@id\":\"https:\\\/\\\/www.materdominivolley.it\\\/home\\\/#\\\/schema\\\/logo\\\/image\\\/\",\"url\":\"https:\\\/\\\/www.materdominivolley.it\\\/home\\\/wp-content\\\/uploads\\\/2019\\\/10\\\/Senza-titolo-1-2.png\",\"contentUrl\":\"https:\\\/\\\/www.materdominivolley.it\\\/home\\\/wp-content\\\/uploads\\\/2019\\\/10\\\/Senza-titolo-1-2.png\",\"width\":180,\"height\":250,\"caption\":\"Materdominivolley.it\"},\"image\":{\"@id\":\"https:\\\/\\\/www.materdominivolley.it\\\/home\\\/#\\\/schema\\\/logo\\\/image\\\/\"},\"sameAs\":[\"https:\\\/\\\/www.facebook.com\\\/materdominivolleyit\\\/\"]},{\"@type\":\"Person\",\"@id\":\"https:\\\/\\\/www.materdominivolley.it\\\/home\\\/#\\\/schema\\\/person\\\/86961330b970aecf0b9729df84069339\",\"name\":\"admin-mater\",\"image\":{\"@type\":\"ImageObject\",\"inLanguage\":\"it-IT\",\"@id\":\"https:\\\/\\\/secure.gravatar.com\\\/avatar\\\/71d088b9255aa52813637243630e63af9ffd99251cfb71c8536f2d3794cac08e?s=96&d=mm&r=g\",\"url\":\"https:\\\/\\\/secure.gravatar.com\\\/avatar\\\/71d088b9255aa52813637243630e63af9ffd99251cfb71c8536f2d3794cac08e?s=96&d=mm&r=g\",\"contentUrl\":\"https:\\\/\\\/secure.gravatar.com\\\/avatar\\\/71d088b9255aa52813637243630e63af9ffd99251cfb71c8536f2d3794cac08e?s=96&d=mm&r=g\",\"caption\":\"admin-mater\"},\"url\":\"https:\\\/\\\/www.materdominivolley.it\\\/home\\\/author\\\/admin-mater\\\/\"}]}<\/script>\n<!-- \/ Yoast SEO plugin. -->","yoast_head_json":{"title":"In A2 altri due talenti dell'accademia - materdominivolley","robots":{"index":"index","follow":"follow","max-snippet":"max-snippet:-1","max-image-preview":"max-image-preview:large","max-video-preview":"max-video-preview:-1"},"canonical":"https:\/\/www.materdominivolley.it\/home\/2014\/07\/15\/in-a2-altri-due-talenti-dellaccademia\/","og_locale":"it_IT","og_type":"article","og_title":"In A2 altri due talenti dell'accademia - materdominivolley","og_description":"Promozione in prima squadra di altri due talenti dell'accademia del volley giovanile di Puglia: il primo \u00e8 Luca Marzo, opposto classe 1994, il secondo \u00e8 Alessandro Nero, libero classe 1997.","og_url":"https:\/\/www.materdominivolley.it\/home\/2014\/07\/15\/in-a2-altri-due-talenti-dellaccademia\/","og_site_name":"materdominivolley","article_publisher":"https:\/\/www.facebook.com\/materdominivolleyit\/","article_published_time":"2014-07-15T13:33:28+00:00","og_image":[{"width":980,"height":400,"url":"https:\/\/www.materdominivolley.it\/home\/wp-content\/uploads\/2019\/09\/marzo_nero.jpg","type":"image\/jpeg"}],"author":"admin-mater","twitter_card":"summary_large_image","twitter_misc":{"Scritto da":"admin-mater","Tempo di lettura stimato":"1 minuto"},"schema":{"@context":"https:\/\/schema.org","@graph":[{"@type":"Article","@id":"https:\/\/www.materdominivolley.it\/home\/2014\/07\/15\/in-a2-altri-due-talenti-dellaccademia\/#article","isPartOf":{"@id":"https:\/\/www.materdominivolley.it\/home\/2014\/07\/15\/in-a2-altri-due-talenti-dellaccademia\/"},"author":{"name":"admin-mater","@id":"https:\/\/www.materdominivolley.it\/home\/#\/schema\/person\/86961330b970aecf0b9729df84069339"},"headline":"In A2 altri due talenti dell&#8217;accademia","datePublished":"2014-07-15T13:33:28+00:00","mainEntityOfPage":{"@id":"https:\/\/www.materdominivolley.it\/home\/2014\/07\/15\/in-a2-altri-due-talenti-dellaccademia\/"},"wordCount":304,"commentCount":0,"publisher":{"@id":"https:\/\/www.materdominivolley.it\/home\/#organization"},"image":{"@id":"https:\/\/www.materdominivolley.it\/home\/2014\/07\/15\/in-a2-altri-due-talenti-dellaccademia\/#primaryimage"},"thumbnailUrl":"https:\/\/www.materdominivolley.it\/home\/wp-content\/uploads\/2019\/09\/marzo_nero.jpg","articleSection":["Serie A2"],"inLanguage":"it-IT","potentialAction":[{"@type":"CommentAction","name":"Comment","target":["https:\/\/www.materdominivolley.it\/home\/2014\/07\/15\/in-a2-altri-due-talenti-dellaccademia\/#respond"]}]},{"@type":"WebPage","@id":"https:\/\/www.materdominivolley.it\/home\/2014\/07\/15\/in-a2-altri-due-talenti-dellaccademia\/","url":"https:\/\/www.materdominivolley.it\/home\/2014\/07\/15\/in-a2-altri-due-talenti-dellaccademia\/","name":"In A2 altri due talenti dell'accademia - materdominivolley","isPartOf":{"@id":"https:\/\/www.materdominivolley.it\/home\/#website"},"primaryImageOfPage":{"@id":"https:\/\/www.materdominivolley.it\/home\/2014\/07\/15\/in-a2-altri-due-talenti-dellaccademia\/#primaryimage"},"image":{"@id":"https:\/\/www.materdominivolley.it\/home\/2014\/07\/15\/in-a2-altri-due-talenti-dellaccademia\/#primaryimage"},"thumbnailUrl":"https:\/\/www.materdominivolley.it\/home\/wp-content\/uploads\/2019\/09\/marzo_nero.jpg","datePublished":"2014-07-15T13:33:28+00:00","breadcrumb":{"@id":"https:\/\/www.materdominivolley.it\/home\/2014\/07\/15\/in-a2-altri-due-talenti-dellaccademia\/#breadcrumb"},"inLanguage":"it-IT","potentialAction":[{"@type":"ReadAction","target":["https:\/\/www.materdominivolley.it\/home\/2014\/07\/15\/in-a2-altri-due-talenti-dellaccademia\/"]}]},{"@type":"ImageObject","inLanguage":"it-IT","@id":"https:\/\/www.materdominivolley.it\/home\/2014\/07\/15\/in-a2-altri-due-talenti-dellaccademia\/#primaryimage","url":"https:\/\/www.materdominivolley.it\/home\/wp-content\/uploads\/2019\/09\/marzo_nero.jpg","contentUrl":"https:\/\/www.materdominivolley.it\/home\/wp-content\/uploads\/2019\/09\/marzo_nero.jpg","width":980,"height":400},{"@type":"BreadcrumbList","@id":"https:\/\/www.materdominivolley.it\/home\/2014\/07\/15\/in-a2-altri-due-talenti-dellaccademia\/#breadcrumb","itemListElement":[{"@type":"ListItem","position":1,"name":"Home","item":"https:\/\/www.materdominivolley.it\/home\/"},{"@type":"ListItem","position":2,"name":"In A2 altri due talenti dell&#8217;accademia"}]},{"@type":"WebSite","@id":"https:\/\/www.materdominivolley.it\/home\/#website","url":"https:\/\/www.materdominivolley.it\/home\/","name":"materdominivolley","description":"","publisher":{"@id":"https:\/\/www.materdominivolley.it\/home\/#organization"},"potentialAction":[{"@type":"SearchAction","target":{"@type":"EntryPoint","urlTemplate":"https:\/\/www.materdominivolley.it\/home\/?s={search_term_string}"},"query-input":{"@type":"PropertyValueSpecification","valueRequired":true,"valueName":"search_term_string"}}],"inLanguage":"it-IT"},{"@type":"Organization","@id":"https:\/\/www.materdominivolley.it\/home\/#organization","name":"Materdominivolley.it","url":"https:\/\/www.materdominivolley.it\/home\/","logo":{"@type":"ImageObject","inLanguage":"it-IT","@id":"https:\/\/www.materdominivolley.it\/home\/#\/schema\/logo\/image\/","url":"https:\/\/www.materdominivolley.it\/home\/wp-content\/uploads\/2019\/10\/Senza-titolo-1-2.png","contentUrl":"https:\/\/www.materdominivolley.it\/home\/wp-content\/uploads\/2019\/10\/Senza-titolo-1-2.png","width":180,"height":250,"caption":"Materdominivolley.it"},"image":{"@id":"https:\/\/www.materdominivolley.it\/home\/#\/schema\/logo\/image\/"},"sameAs":["https:\/\/www.facebook.com\/materdominivolleyit\/"]},{"@type":"Person","@id":"https:\/\/www.materdominivolley.it\/home\/#\/schema\/person\/86961330b970aecf0b9729df84069339","name":"admin-mater","image":{"@type":"ImageObject","inLanguage":"it-IT","@id":"https:\/\/secure.gravatar.com\/avatar\/71d088b9255aa52813637243630e63af9ffd99251cfb71c8536f2d3794cac08e?s=96&d=mm&r=g","url":"https:\/\/secure.gravatar.com\/avatar\/71d088b9255aa52813637243630e63af9ffd99251cfb71c8536f2d3794cac08e?s=96&d=mm&r=g","contentUrl":"https:\/\/secure.gravatar.com\/avatar\/71d088b9255aa52813637243630e63af9ffd99251cfb71c8536f2d3794cac08e?s=96&d=mm&r=g","caption":"admin-mater"},"url":"https:\/\/www.materdominivolley.it\/home\/author\/admin-mater\/"}]}},"_links":{"self":[{"href":"https:\/\/www.materdominivolley.it\/home\/wp-json\/wp\/v2\/posts\/1373","targetHints":{"allow":["GET"]}}],"collection":[{"href":"https:\/\/www.materdominivolley.it\/home\/wp-json\/wp\/v2\/posts"}],"about":[{"href":"https:\/\/www.materdominivolley.it\/home\/wp-json\/wp\/v2\/types\/post"}],"author":[{"embeddable":true,"href":"https:\/\/www.materdominivolley.it\/home\/wp-json\/wp\/v2\/users\/1"}],"replies":[{"embeddable":true,"href":"https:\/\/www.materdominivolley.it\/home\/wp-json\/wp\/v2\/comments?post=1373"}],"version-history":[{"count":0,"href":"https:\/\/www.materdominivolley.it\/home\/wp-json\/wp\/v2\/posts\/1373\/revisions"}],"wp:featuredmedia":[{"embeddable":true,"href":"https:\/\/www.materdominivolley.it\/home\/wp-json\/wp\/v2\/media\/1374"}],"wp:attachment":[{"href":"https:\/\/www.materdominivolley.it\/home\/wp-json\/wp\/v2\/media?parent=1373"}],"wp:term":[{"taxonomy":"category","embeddable":true,"href":"https:\/\/www.materdominivolley.it\/home\/wp-json\/wp\/v2\/categories?post=1373"},{"taxonomy":"post_tag","embeddable":true,"href":"https:\/\/www.materdominivolley.it\/home\/wp-json\/wp\/v2\/tags?post=1373"}],"curies":[{"name":"wp","href":"https:\/\/api.w.org\/{rel}","templated":true}]}}