{"id":1391,"date":"2014-05-26T12:09:58","date_gmt":"2014-05-26T10:09:58","guid":{"rendered":"https:\/\/www.materdominivolley.it\/home\/2014\/05\/26\/u19-al-via-la-23esima-junior-league\/"},"modified":"2014-05-26T12:09:58","modified_gmt":"2014-05-26T10:09:58","slug":"u19-al-via-la-23esima-junior-league","status":"publish","type":"post","link":"https:\/\/www.materdominivolley.it\/home\/2014\/05\/26\/u19-al-via-la-23esima-junior-league\/","title":{"rendered":"U19: al via la 23esima Junior League"},"content":{"rendered":"\n        <p>\n\tAl via la 23esima edizione della <strong>Del Monte Junior League<\/strong> &#8211; Trofeo Massimo Serenelli, competizione organizzata dalla Lega Pallavolo con la collaborazione del Volley Potentino e della Pallavolo Loreto e riservata alle formazioni under 19. Si gioca da domani, <strong>gioved\u00ec 22 maggio<\/strong>, fino a domenica 25 maggio, nelle Marche, a Loreto e Potenza Picena.<\/p>\n<p>\n\tParte cos\u00ec l&#39;edizione pi\u00f9 ricca di sempre della Junior League con ben dieci formazioni partecipanti e suddivise in due gironi eliminatori: la <strong>Materdominivolley.it Castellana Grotte<\/strong> allenata da <strong>Vincenzo Fanizza<\/strong> \u00e8 inserita nel raggruppamento B Itas Assicurazioni Trentino, Bre Banca Lannutti Cuneo, Casa Modena e Calzedonia Verona, ovvero quattro team di serie A1.<\/p>\n<p>\n\tI gironi si disputano con formula all\u2019italiana e gare di sola andata. Le prime due classificate di ogni raggruppamento disputeranno le semifinali e le finali dal 1\u00b0 al 4\u00b0 posto. Tutte le altre squadre, a seconda della classifica del proprio raggruppamento, disputeranno le finaline per stabilire la graduatoria finale dal 5\u00b0 al 10\u00b0 posto. Per la Materdomini il debutto \u00e8 fissato domani, gioved\u00ec, alle ore 15 contro Modena. Sempre domani, gioved\u00ec, in calendario alle ore 19 la sfida al Cuneo. Nella mattinata e nel pomeriggio di venerd\u00ec, infine, le altre due gare del girone: alle 9,30 contro Trento e alle ore 15 contro Verona.<\/p>\n<p>\n\tLa finalissima \u00e8 in programma domenica 25 maggio alle ore 15,30 al Pala Serenelli di Loreto e sar\u00e0 trasmessa in diretta streaming sul portale Sportube.tv. Prevista anche una differita del match luned\u00ec 26 maggio alle ore 21.00 su Tvrs (canale 11 del digitale terrestre).<\/p>\n<p>\n\tCos\u00ec come dichiarato nei giorni scorsi dallo stesso Fanizza, obiettivo della Materdomini sar\u00e0 &#8220;fare il meglio possibile&#8221;, considerato anche un girone eliminatorio tostissimo che presenta le due squadre che hanno vinto tre delle ultime quattro edizioni (due volte Cuneo nel 2010 e nel 2012, una volta Trento nel 2011, nel 2013 ha trionfato Macerata).<\/p>\n        ","protected":false},"excerpt":{"rendered":"<p><!-- wp:paragraph --><br \/>\n        Parte cos\u00ec l&#8217;edizione pi\u00f9 ricca di sempre della Junior League con ben dieci formazioni partecipanti e suddivise in due gironi eliminatori: la Materdominivolley.it Castellana Grotte allenata da Vincenzo Fanizza \u00e8 inserita nel raggruppamento B.<br \/>\n        <!-- \/wp:paragraph --><\/p>\n","protected":false},"author":1,"featured_media":1386,"comment_status":"open","ping_status":"closed","sticky":false,"template":"","format":"standard","meta":{"footnotes":""},"categories":[23],"tags":[],"class_list":["post-1391","post","type-post","status-publish","format-standard","has-post-thumbnail","hentry","category-under-19"],"yoast_head":"<!-- This site is optimized with the Yoast SEO plugin v27.4 - https:\/\/yoast.com\/product\/yoast-seo-wordpress\/ -->\n<title>U19: al via la 23esima Junior League - materdominivolley<\/title>\n<meta name=\"robots\" content=\"index, follow, max-snippet:-1, max-image-preview:large, max-video-preview:-1\" \/>\n<link rel=\"canonical\" href=\"https:\/\/www.materdominivolley.it\/home\/2014\/05\/26\/u19-al-via-la-23esima-junior-league\/\" \/>\n<meta property=\"og:locale\" content=\"it_IT\" \/>\n<meta property=\"og:type\" content=\"article\" \/>\n<meta property=\"og:title\" content=\"U19: al via la 23esima Junior League - materdominivolley\" \/>\n<meta property=\"og:description\" content=\"Parte cos\u00ec l&#039;edizione pi\u00f9 ricca di sempre della Junior League con ben dieci formazioni partecipanti e suddivise in due gironi eliminatori: la Materdominivolley.it Castellana Grotte allenata da Vincenzo Fanizza \u00e8 inserita nel raggruppamento B.\" \/>\n<meta property=\"og:url\" content=\"https:\/\/www.materdominivolley.it\/home\/2014\/05\/26\/u19-al-via-la-23esima-junior-league\/\" \/>\n<meta property=\"og:site_name\" content=\"materdominivolley\" \/>\n<meta property=\"article:publisher\" content=\"https:\/\/www.facebook.com\/materdominivolleyit\/\" \/>\n<meta property=\"article:published_time\" content=\"2014-05-26T10:09:58+00:00\" \/>\n<meta property=\"og:image\" content=\"https:\/\/www.materdominivolley.it\/home\/wp-content\/uploads\/2019\/09\/u19.jpg\" \/>\n\t<meta property=\"og:image:width\" content=\"980\" \/>\n\t<meta property=\"og:image:height\" content=\"400\" \/>\n\t<meta property=\"og:image:type\" content=\"image\/jpeg\" \/>\n<meta name=\"author\" content=\"admin-mater\" \/>\n<meta name=\"twitter:card\" content=\"summary_large_image\" \/>\n<meta name=\"twitter:label1\" content=\"Scritto da\" \/>\n\t<meta name=\"twitter:data1\" content=\"admin-mater\" \/>\n\t<meta name=\"twitter:label2\" content=\"Tempo di lettura stimato\" \/>\n\t<meta name=\"twitter:data2\" content=\"1 minuto\" \/>\n<script type=\"application\/ld+json\" class=\"yoast-schema-graph\">{\"@context\":\"https:\\\/\\\/schema.org\",\"@graph\":[{\"@type\":\"Article\",\"@id\":\"https:\\\/\\\/www.materdominivolley.it\\\/home\\\/2014\\\/05\\\/26\\\/u19-al-via-la-23esima-junior-league\\\/#article\",\"isPartOf\":{\"@id\":\"https:\\\/\\\/www.materdominivolley.it\\\/home\\\/2014\\\/05\\\/26\\\/u19-al-via-la-23esima-junior-league\\\/\"},\"author\":{\"name\":\"admin-mater\",\"@id\":\"https:\\\/\\\/www.materdominivolley.it\\\/home\\\/#\\\/schema\\\/person\\\/86961330b970aecf0b9729df84069339\"},\"headline\":\"U19: al via la 23esima Junior League\",\"datePublished\":\"2014-05-26T10:09:58+00:00\",\"mainEntityOfPage\":{\"@id\":\"https:\\\/\\\/www.materdominivolley.it\\\/home\\\/2014\\\/05\\\/26\\\/u19-al-via-la-23esima-junior-league\\\/\"},\"wordCount\":296,\"commentCount\":0,\"publisher\":{\"@id\":\"https:\\\/\\\/www.materdominivolley.it\\\/home\\\/#organization\"},\"image\":{\"@id\":\"https:\\\/\\\/www.materdominivolley.it\\\/home\\\/2014\\\/05\\\/26\\\/u19-al-via-la-23esima-junior-league\\\/#primaryimage\"},\"thumbnailUrl\":\"https:\\\/\\\/www.materdominivolley.it\\\/home\\\/wp-content\\\/uploads\\\/2019\\\/09\\\/u19.jpg\",\"articleSection\":[\"under 19\"],\"inLanguage\":\"it-IT\",\"potentialAction\":[{\"@type\":\"CommentAction\",\"name\":\"Comment\",\"target\":[\"https:\\\/\\\/www.materdominivolley.it\\\/home\\\/2014\\\/05\\\/26\\\/u19-al-via-la-23esima-junior-league\\\/#respond\"]}]},{\"@type\":\"WebPage\",\"@id\":\"https:\\\/\\\/www.materdominivolley.it\\\/home\\\/2014\\\/05\\\/26\\\/u19-al-via-la-23esima-junior-league\\\/\",\"url\":\"https:\\\/\\\/www.materdominivolley.it\\\/home\\\/2014\\\/05\\\/26\\\/u19-al-via-la-23esima-junior-league\\\/\",\"name\":\"U19: al via la 23esima Junior League - materdominivolley\",\"isPartOf\":{\"@id\":\"https:\\\/\\\/www.materdominivolley.it\\\/home\\\/#website\"},\"primaryImageOfPage\":{\"@id\":\"https:\\\/\\\/www.materdominivolley.it\\\/home\\\/2014\\\/05\\\/26\\\/u19-al-via-la-23esima-junior-league\\\/#primaryimage\"},\"image\":{\"@id\":\"https:\\\/\\\/www.materdominivolley.it\\\/home\\\/2014\\\/05\\\/26\\\/u19-al-via-la-23esima-junior-league\\\/#primaryimage\"},\"thumbnailUrl\":\"https:\\\/\\\/www.materdominivolley.it\\\/home\\\/wp-content\\\/uploads\\\/2019\\\/09\\\/u19.jpg\",\"datePublished\":\"2014-05-26T10:09:58+00:00\",\"breadcrumb\":{\"@id\":\"https:\\\/\\\/www.materdominivolley.it\\\/home\\\/2014\\\/05\\\/26\\\/u19-al-via-la-23esima-junior-league\\\/#breadcrumb\"},\"inLanguage\":\"it-IT\",\"potentialAction\":[{\"@type\":\"ReadAction\",\"target\":[\"https:\\\/\\\/www.materdominivolley.it\\\/home\\\/2014\\\/05\\\/26\\\/u19-al-via-la-23esima-junior-league\\\/\"]}]},{\"@type\":\"ImageObject\",\"inLanguage\":\"it-IT\",\"@id\":\"https:\\\/\\\/www.materdominivolley.it\\\/home\\\/2014\\\/05\\\/26\\\/u19-al-via-la-23esima-junior-league\\\/#primaryimage\",\"url\":\"https:\\\/\\\/www.materdominivolley.it\\\/home\\\/wp-content\\\/uploads\\\/2019\\\/09\\\/u19.jpg\",\"contentUrl\":\"https:\\\/\\\/www.materdominivolley.it\\\/home\\\/wp-content\\\/uploads\\\/2019\\\/09\\\/u19.jpg\",\"width\":980,\"height\":400},{\"@type\":\"BreadcrumbList\",\"@id\":\"https:\\\/\\\/www.materdominivolley.it\\\/home\\\/2014\\\/05\\\/26\\\/u19-al-via-la-23esima-junior-league\\\/#breadcrumb\",\"itemListElement\":[{\"@type\":\"ListItem\",\"position\":1,\"name\":\"Home\",\"item\":\"https:\\\/\\\/www.materdominivolley.it\\\/home\\\/\"},{\"@type\":\"ListItem\",\"position\":2,\"name\":\"U19: al via la 23esima Junior League\"}]},{\"@type\":\"WebSite\",\"@id\":\"https:\\\/\\\/www.materdominivolley.it\\\/home\\\/#website\",\"url\":\"https:\\\/\\\/www.materdominivolley.it\\\/home\\\/\",\"name\":\"materdominivolley\",\"description\":\"\",\"publisher\":{\"@id\":\"https:\\\/\\\/www.materdominivolley.it\\\/home\\\/#organization\"},\"potentialAction\":[{\"@type\":\"SearchAction\",\"target\":{\"@type\":\"EntryPoint\",\"urlTemplate\":\"https:\\\/\\\/www.materdominivolley.it\\\/home\\\/?s={search_term_string}\"},\"query-input\":{\"@type\":\"PropertyValueSpecification\",\"valueRequired\":true,\"valueName\":\"search_term_string\"}}],\"inLanguage\":\"it-IT\"},{\"@type\":\"Organization\",\"@id\":\"https:\\\/\\\/www.materdominivolley.it\\\/home\\\/#organization\",\"name\":\"Materdominivolley.it\",\"url\":\"https:\\\/\\\/www.materdominivolley.it\\\/home\\\/\",\"logo\":{\"@type\":\"ImageObject\",\"inLanguage\":\"it-IT\",\"@id\":\"https:\\\/\\\/www.materdominivolley.it\\\/home\\\/#\\\/schema\\\/logo\\\/image\\\/\",\"url\":\"https:\\\/\\\/www.materdominivolley.it\\\/home\\\/wp-content\\\/uploads\\\/2019\\\/10\\\/Senza-titolo-1-2.png\",\"contentUrl\":\"https:\\\/\\\/www.materdominivolley.it\\\/home\\\/wp-content\\\/uploads\\\/2019\\\/10\\\/Senza-titolo-1-2.png\",\"width\":180,\"height\":250,\"caption\":\"Materdominivolley.it\"},\"image\":{\"@id\":\"https:\\\/\\\/www.materdominivolley.it\\\/home\\\/#\\\/schema\\\/logo\\\/image\\\/\"},\"sameAs\":[\"https:\\\/\\\/www.facebook.com\\\/materdominivolleyit\\\/\"]},{\"@type\":\"Person\",\"@id\":\"https:\\\/\\\/www.materdominivolley.it\\\/home\\\/#\\\/schema\\\/person\\\/86961330b970aecf0b9729df84069339\",\"name\":\"admin-mater\",\"image\":{\"@type\":\"ImageObject\",\"inLanguage\":\"it-IT\",\"@id\":\"https:\\\/\\\/secure.gravatar.com\\\/avatar\\\/71d088b9255aa52813637243630e63af9ffd99251cfb71c8536f2d3794cac08e?s=96&d=mm&r=g\",\"url\":\"https:\\\/\\\/secure.gravatar.com\\\/avatar\\\/71d088b9255aa52813637243630e63af9ffd99251cfb71c8536f2d3794cac08e?s=96&d=mm&r=g\",\"contentUrl\":\"https:\\\/\\\/secure.gravatar.com\\\/avatar\\\/71d088b9255aa52813637243630e63af9ffd99251cfb71c8536f2d3794cac08e?s=96&d=mm&r=g\",\"caption\":\"admin-mater\"},\"url\":\"https:\\\/\\\/www.materdominivolley.it\\\/home\\\/author\\\/admin-mater\\\/\"}]}<\/script>\n<!-- \/ Yoast SEO plugin. -->","yoast_head_json":{"title":"U19: al via la 23esima Junior League - materdominivolley","robots":{"index":"index","follow":"follow","max-snippet":"max-snippet:-1","max-image-preview":"max-image-preview:large","max-video-preview":"max-video-preview:-1"},"canonical":"https:\/\/www.materdominivolley.it\/home\/2014\/05\/26\/u19-al-via-la-23esima-junior-league\/","og_locale":"it_IT","og_type":"article","og_title":"U19: al via la 23esima Junior League - materdominivolley","og_description":"Parte cos\u00ec l'edizione pi\u00f9 ricca di sempre della Junior League con ben dieci formazioni partecipanti e suddivise in due gironi eliminatori: la Materdominivolley.it Castellana Grotte allenata da Vincenzo Fanizza \u00e8 inserita nel raggruppamento B.","og_url":"https:\/\/www.materdominivolley.it\/home\/2014\/05\/26\/u19-al-via-la-23esima-junior-league\/","og_site_name":"materdominivolley","article_publisher":"https:\/\/www.facebook.com\/materdominivolleyit\/","article_published_time":"2014-05-26T10:09:58+00:00","og_image":[{"width":980,"height":400,"url":"https:\/\/www.materdominivolley.it\/home\/wp-content\/uploads\/2019\/09\/u19.jpg","type":"image\/jpeg"}],"author":"admin-mater","twitter_card":"summary_large_image","twitter_misc":{"Scritto da":"admin-mater","Tempo di lettura stimato":"1 minuto"},"schema":{"@context":"https:\/\/schema.org","@graph":[{"@type":"Article","@id":"https:\/\/www.materdominivolley.it\/home\/2014\/05\/26\/u19-al-via-la-23esima-junior-league\/#article","isPartOf":{"@id":"https:\/\/www.materdominivolley.it\/home\/2014\/05\/26\/u19-al-via-la-23esima-junior-league\/"},"author":{"name":"admin-mater","@id":"https:\/\/www.materdominivolley.it\/home\/#\/schema\/person\/86961330b970aecf0b9729df84069339"},"headline":"U19: al via la 23esima Junior League","datePublished":"2014-05-26T10:09:58+00:00","mainEntityOfPage":{"@id":"https:\/\/www.materdominivolley.it\/home\/2014\/05\/26\/u19-al-via-la-23esima-junior-league\/"},"wordCount":296,"commentCount":0,"publisher":{"@id":"https:\/\/www.materdominivolley.it\/home\/#organization"},"image":{"@id":"https:\/\/www.materdominivolley.it\/home\/2014\/05\/26\/u19-al-via-la-23esima-junior-league\/#primaryimage"},"thumbnailUrl":"https:\/\/www.materdominivolley.it\/home\/wp-content\/uploads\/2019\/09\/u19.jpg","articleSection":["under 19"],"inLanguage":"it-IT","potentialAction":[{"@type":"CommentAction","name":"Comment","target":["https:\/\/www.materdominivolley.it\/home\/2014\/05\/26\/u19-al-via-la-23esima-junior-league\/#respond"]}]},{"@type":"WebPage","@id":"https:\/\/www.materdominivolley.it\/home\/2014\/05\/26\/u19-al-via-la-23esima-junior-league\/","url":"https:\/\/www.materdominivolley.it\/home\/2014\/05\/26\/u19-al-via-la-23esima-junior-league\/","name":"U19: al via la 23esima Junior League - materdominivolley","isPartOf":{"@id":"https:\/\/www.materdominivolley.it\/home\/#website"},"primaryImageOfPage":{"@id":"https:\/\/www.materdominivolley.it\/home\/2014\/05\/26\/u19-al-via-la-23esima-junior-league\/#primaryimage"},"image":{"@id":"https:\/\/www.materdominivolley.it\/home\/2014\/05\/26\/u19-al-via-la-23esima-junior-league\/#primaryimage"},"thumbnailUrl":"https:\/\/www.materdominivolley.it\/home\/wp-content\/uploads\/2019\/09\/u19.jpg","datePublished":"2014-05-26T10:09:58+00:00","breadcrumb":{"@id":"https:\/\/www.materdominivolley.it\/home\/2014\/05\/26\/u19-al-via-la-23esima-junior-league\/#breadcrumb"},"inLanguage":"it-IT","potentialAction":[{"@type":"ReadAction","target":["https:\/\/www.materdominivolley.it\/home\/2014\/05\/26\/u19-al-via-la-23esima-junior-league\/"]}]},{"@type":"ImageObject","inLanguage":"it-IT","@id":"https:\/\/www.materdominivolley.it\/home\/2014\/05\/26\/u19-al-via-la-23esima-junior-league\/#primaryimage","url":"https:\/\/www.materdominivolley.it\/home\/wp-content\/uploads\/2019\/09\/u19.jpg","contentUrl":"https:\/\/www.materdominivolley.it\/home\/wp-content\/uploads\/2019\/09\/u19.jpg","width":980,"height":400},{"@type":"BreadcrumbList","@id":"https:\/\/www.materdominivolley.it\/home\/2014\/05\/26\/u19-al-via-la-23esima-junior-league\/#breadcrumb","itemListElement":[{"@type":"ListItem","position":1,"name":"Home","item":"https:\/\/www.materdominivolley.it\/home\/"},{"@type":"ListItem","position":2,"name":"U19: al via la 23esima Junior League"}]},{"@type":"WebSite","@id":"https:\/\/www.materdominivolley.it\/home\/#website","url":"https:\/\/www.materdominivolley.it\/home\/","name":"materdominivolley","description":"","publisher":{"@id":"https:\/\/www.materdominivolley.it\/home\/#organization"},"potentialAction":[{"@type":"SearchAction","target":{"@type":"EntryPoint","urlTemplate":"https:\/\/www.materdominivolley.it\/home\/?s={search_term_string}"},"query-input":{"@type":"PropertyValueSpecification","valueRequired":true,"valueName":"search_term_string"}}],"inLanguage":"it-IT"},{"@type":"Organization","@id":"https:\/\/www.materdominivolley.it\/home\/#organization","name":"Materdominivolley.it","url":"https:\/\/www.materdominivolley.it\/home\/","logo":{"@type":"ImageObject","inLanguage":"it-IT","@id":"https:\/\/www.materdominivolley.it\/home\/#\/schema\/logo\/image\/","url":"https:\/\/www.materdominivolley.it\/home\/wp-content\/uploads\/2019\/10\/Senza-titolo-1-2.png","contentUrl":"https:\/\/www.materdominivolley.it\/home\/wp-content\/uploads\/2019\/10\/Senza-titolo-1-2.png","width":180,"height":250,"caption":"Materdominivolley.it"},"image":{"@id":"https:\/\/www.materdominivolley.it\/home\/#\/schema\/logo\/image\/"},"sameAs":["https:\/\/www.facebook.com\/materdominivolleyit\/"]},{"@type":"Person","@id":"https:\/\/www.materdominivolley.it\/home\/#\/schema\/person\/86961330b970aecf0b9729df84069339","name":"admin-mater","image":{"@type":"ImageObject","inLanguage":"it-IT","@id":"https:\/\/secure.gravatar.com\/avatar\/71d088b9255aa52813637243630e63af9ffd99251cfb71c8536f2d3794cac08e?s=96&d=mm&r=g","url":"https:\/\/secure.gravatar.com\/avatar\/71d088b9255aa52813637243630e63af9ffd99251cfb71c8536f2d3794cac08e?s=96&d=mm&r=g","contentUrl":"https:\/\/secure.gravatar.com\/avatar\/71d088b9255aa52813637243630e63af9ffd99251cfb71c8536f2d3794cac08e?s=96&d=mm&r=g","caption":"admin-mater"},"url":"https:\/\/www.materdominivolley.it\/home\/author\/admin-mater\/"}]}},"_links":{"self":[{"href":"https:\/\/www.materdominivolley.it\/home\/wp-json\/wp\/v2\/posts\/1391","targetHints":{"allow":["GET"]}}],"collection":[{"href":"https:\/\/www.materdominivolley.it\/home\/wp-json\/wp\/v2\/posts"}],"about":[{"href":"https:\/\/www.materdominivolley.it\/home\/wp-json\/wp\/v2\/types\/post"}],"author":[{"embeddable":true,"href":"https:\/\/www.materdominivolley.it\/home\/wp-json\/wp\/v2\/users\/1"}],"replies":[{"embeddable":true,"href":"https:\/\/www.materdominivolley.it\/home\/wp-json\/wp\/v2\/comments?post=1391"}],"version-history":[{"count":0,"href":"https:\/\/www.materdominivolley.it\/home\/wp-json\/wp\/v2\/posts\/1391\/revisions"}],"wp:featuredmedia":[{"embeddable":true,"href":"https:\/\/www.materdominivolley.it\/home\/wp-json\/wp\/v2\/media\/1386"}],"wp:attachment":[{"href":"https:\/\/www.materdominivolley.it\/home\/wp-json\/wp\/v2\/media?parent=1391"}],"wp:term":[{"taxonomy":"category","embeddable":true,"href":"https:\/\/www.materdominivolley.it\/home\/wp-json\/wp\/v2\/categories?post=1391"},{"taxonomy":"post_tag","embeddable":true,"href":"https:\/\/www.materdominivolley.it\/home\/wp-json\/wp\/v2\/tags?post=1391"}],"curies":[{"name":"wp","href":"https:\/\/api.w.org\/{rel}","templated":true}]}}