{"id":1416,"date":"2014-03-27T09:44:12","date_gmt":"2014-03-27T08:44:12","guid":{"rendered":"https:\/\/www.materdominivolley.it\/home\/2014\/03\/27\/mater-brolo-per-la-quinta-volta-e-dentro-fuori\/"},"modified":"2014-03-27T09:44:12","modified_gmt":"2014-03-27T08:44:12","slug":"mater-brolo-per-la-quinta-volta-e-dentro-fuori","status":"publish","type":"post","link":"https:\/\/www.materdominivolley.it\/home\/2014\/03\/27\/mater-brolo-per-la-quinta-volta-e-dentro-fuori\/","title":{"rendered":"Mater-Brolo per la quinta volta: \u00e8 dentro-fuori"},"content":{"rendered":"\n        <p>\n\t<strong>Materdominivolley.it Castellana Grotte<\/strong>e <strong>Elettrosud Brolo<\/strong> incrociano per la quinta volta il proprio cammino in questa stagione. E lo fanno in gara 3 degli ottavi dei playoff del campionato nazionale serie A2 di pallavolo maschile. Dopo le due vittorie castellanesi in regular season e dopo il pareggio con rispetto del fattore casa (3-0 per il Castellana in Puglia, 3-1 per il Brolo in Sicilia) nella serie della post season, <strong>mercoled\u00ec 26 marzo<\/strong> con prima battuta alle <strong>ore 20,30<\/strong> \u00e8 in programma al Pala Grotte la &#8220;bella&#8221;. Chi perde, \u00e8 fuori. Chi vince, prosegue e domenica sar\u00e0 in Lazio per la prima partita dei quarti di finale contro il Sora.<\/p>\n<p>\n\tPer la Materdominivolley.it, partita con la migliore posizione in classifica al termine della regular season, l&#39;occasione per arricchire ulteriormente una stagione gi\u00e0 fortunata e continuare sull&#39;ottimo trend casalingo del 2014 (sempre a punti nelle 6 partite giocate da gennaio ad oggi, con 4 vittorie e due sconfitte). Anche se, la formazione allenata da <strong>Vincenzo Fanizza<\/strong> arriva alla sfida di domani con l&#39;infermeria piena e con i dubbi legati a <strong>Enrico Libraro<\/strong>, <strong>Alessandro Ciavarella<\/strong> e <strong>Leo Battista<\/strong>.<\/p>\n<p>\n\t\u201cInevitabilmente la nostra vigilia \u00e8 condizionata dalla situazione degli infortunati, in particolare per quanto riguarda il settore degli schiacciatori- ha commentato lo stesso Fanizza &#8211; Per Libraro sapremo solo domani (mercoled\u00ec, ndr) se potr\u00e0 essere disponibile o meno. Non ha partecipato alla trasferta di Brolo perch\u00e9 sta lavorando duro in piscina e palestra. Lo staff sanitario mi dir\u00e0 se \u00e8 ok o meno solo nell\u2019immediata vigilia. Gli under Ciavarella e Sorrenti sono anche loro sono in dubbio. Gi\u00e0 a Brolo abbiamo fatto esordire in un giro in ricezione <strong>Alessandro Nero<\/strong>, schiacciatore dell\u2019accademia giovanile, classe 1997. Anche Battista resta in dubbio. E\u2019 inevitabile &#8211; ha concluso il tecnico brindisino &#8211; che le condizioni fisiche incideranno sulla gara. Dobbiamo fare in modo che tutti lavorino per compensare queste eventuali assenze e che tutti sappiano affrontare il match con il giusto approccio. Bisogna vincere e questo conta\u201d.<\/p>\n        ","protected":false},"excerpt":{"rendered":"<p><!-- wp:paragraph --><br \/>\n        Dopo il pareggio con rispetto del fattore casa (3-0 per il Castellana in Puglia, 3-1 per il Brolo in Sicilia) nella serie della post season, mercoled\u00ec 26 marzo con prima battuta alle ore 20,30 \u00e8 in programma al Pala Grotte la &#8220;bella&#8221;<br \/>\n        <!-- \/wp:paragraph --><\/p>\n","protected":false},"author":1,"featured_media":753,"comment_status":"open","ping_status":"closed","sticky":false,"template":"","format":"standard","meta":{"footnotes":""},"categories":[13],"tags":[],"class_list":["post-1416","post","type-post","status-publish","format-standard","has-post-thumbnail","hentry","category-serie-a2"],"yoast_head":"<!-- This site is optimized with the Yoast SEO plugin v27.4 - https:\/\/yoast.com\/product\/yoast-seo-wordpress\/ -->\n<title>Mater-Brolo per la quinta volta: \u00e8 dentro-fuori - materdominivolley<\/title>\n<meta name=\"robots\" content=\"index, follow, max-snippet:-1, max-image-preview:large, max-video-preview:-1\" \/>\n<link rel=\"canonical\" href=\"https:\/\/www.materdominivolley.it\/home\/2014\/03\/27\/mater-brolo-per-la-quinta-volta-e-dentro-fuori\/\" \/>\n<meta property=\"og:locale\" content=\"it_IT\" \/>\n<meta property=\"og:type\" content=\"article\" \/>\n<meta property=\"og:title\" content=\"Mater-Brolo per la quinta volta: \u00e8 dentro-fuori - materdominivolley\" \/>\n<meta property=\"og:description\" content=\"Dopo il pareggio con rispetto del fattore casa (3-0 per il Castellana in Puglia, 3-1 per il Brolo in Sicilia) nella serie della post season, mercoled\u00ec 26 marzo con prima battuta alle ore 20,30 \u00e8 in programma al Pala Grotte la &quot;bella&quot;\" \/>\n<meta property=\"og:url\" content=\"https:\/\/www.materdominivolley.it\/home\/2014\/03\/27\/mater-brolo-per-la-quinta-volta-e-dentro-fuori\/\" \/>\n<meta property=\"og:site_name\" content=\"materdominivolley\" \/>\n<meta property=\"article:publisher\" content=\"https:\/\/www.facebook.com\/materdominivolleyit\/\" \/>\n<meta property=\"article:published_time\" content=\"2014-03-27T08:44:12+00:00\" \/>\n<meta property=\"og:image\" content=\"https:\/\/www.materdominivolley.it\/home\/wp-content\/uploads\/2019\/09\/sciarpata.jpg\" \/>\n\t<meta property=\"og:image:width\" content=\"980\" \/>\n\t<meta property=\"og:image:height\" content=\"400\" \/>\n\t<meta property=\"og:image:type\" content=\"image\/jpeg\" \/>\n<meta name=\"author\" content=\"admin-mater\" \/>\n<meta name=\"twitter:card\" content=\"summary_large_image\" \/>\n<meta name=\"twitter:label1\" content=\"Scritto da\" \/>\n\t<meta name=\"twitter:data1\" content=\"admin-mater\" \/>\n\t<meta name=\"twitter:label2\" content=\"Tempo di lettura stimato\" \/>\n\t<meta name=\"twitter:data2\" content=\"2 minuti\" \/>\n<script type=\"application\/ld+json\" class=\"yoast-schema-graph\">{\"@context\":\"https:\\\/\\\/schema.org\",\"@graph\":[{\"@type\":\"Article\",\"@id\":\"https:\\\/\\\/www.materdominivolley.it\\\/home\\\/2014\\\/03\\\/27\\\/mater-brolo-per-la-quinta-volta-e-dentro-fuori\\\/#article\",\"isPartOf\":{\"@id\":\"https:\\\/\\\/www.materdominivolley.it\\\/home\\\/2014\\\/03\\\/27\\\/mater-brolo-per-la-quinta-volta-e-dentro-fuori\\\/\"},\"author\":{\"name\":\"admin-mater\",\"@id\":\"https:\\\/\\\/www.materdominivolley.it\\\/home\\\/#\\\/schema\\\/person\\\/86961330b970aecf0b9729df84069339\"},\"headline\":\"Mater-Brolo per la quinta volta: \u00e8 dentro-fuori\",\"datePublished\":\"2014-03-27T08:44:12+00:00\",\"mainEntityOfPage\":{\"@id\":\"https:\\\/\\\/www.materdominivolley.it\\\/home\\\/2014\\\/03\\\/27\\\/mater-brolo-per-la-quinta-volta-e-dentro-fuori\\\/\"},\"wordCount\":330,\"commentCount\":0,\"publisher\":{\"@id\":\"https:\\\/\\\/www.materdominivolley.it\\\/home\\\/#organization\"},\"image\":{\"@id\":\"https:\\\/\\\/www.materdominivolley.it\\\/home\\\/2014\\\/03\\\/27\\\/mater-brolo-per-la-quinta-volta-e-dentro-fuori\\\/#primaryimage\"},\"thumbnailUrl\":\"https:\\\/\\\/www.materdominivolley.it\\\/home\\\/wp-content\\\/uploads\\\/2019\\\/09\\\/sciarpata.jpg\",\"articleSection\":[\"Serie A2\"],\"inLanguage\":\"it-IT\",\"potentialAction\":[{\"@type\":\"CommentAction\",\"name\":\"Comment\",\"target\":[\"https:\\\/\\\/www.materdominivolley.it\\\/home\\\/2014\\\/03\\\/27\\\/mater-brolo-per-la-quinta-volta-e-dentro-fuori\\\/#respond\"]}]},{\"@type\":\"WebPage\",\"@id\":\"https:\\\/\\\/www.materdominivolley.it\\\/home\\\/2014\\\/03\\\/27\\\/mater-brolo-per-la-quinta-volta-e-dentro-fuori\\\/\",\"url\":\"https:\\\/\\\/www.materdominivolley.it\\\/home\\\/2014\\\/03\\\/27\\\/mater-brolo-per-la-quinta-volta-e-dentro-fuori\\\/\",\"name\":\"Mater-Brolo per la quinta volta: \u00e8 dentro-fuori - materdominivolley\",\"isPartOf\":{\"@id\":\"https:\\\/\\\/www.materdominivolley.it\\\/home\\\/#website\"},\"primaryImageOfPage\":{\"@id\":\"https:\\\/\\\/www.materdominivolley.it\\\/home\\\/2014\\\/03\\\/27\\\/mater-brolo-per-la-quinta-volta-e-dentro-fuori\\\/#primaryimage\"},\"image\":{\"@id\":\"https:\\\/\\\/www.materdominivolley.it\\\/home\\\/2014\\\/03\\\/27\\\/mater-brolo-per-la-quinta-volta-e-dentro-fuori\\\/#primaryimage\"},\"thumbnailUrl\":\"https:\\\/\\\/www.materdominivolley.it\\\/home\\\/wp-content\\\/uploads\\\/2019\\\/09\\\/sciarpata.jpg\",\"datePublished\":\"2014-03-27T08:44:12+00:00\",\"breadcrumb\":{\"@id\":\"https:\\\/\\\/www.materdominivolley.it\\\/home\\\/2014\\\/03\\\/27\\\/mater-brolo-per-la-quinta-volta-e-dentro-fuori\\\/#breadcrumb\"},\"inLanguage\":\"it-IT\",\"potentialAction\":[{\"@type\":\"ReadAction\",\"target\":[\"https:\\\/\\\/www.materdominivolley.it\\\/home\\\/2014\\\/03\\\/27\\\/mater-brolo-per-la-quinta-volta-e-dentro-fuori\\\/\"]}]},{\"@type\":\"ImageObject\",\"inLanguage\":\"it-IT\",\"@id\":\"https:\\\/\\\/www.materdominivolley.it\\\/home\\\/2014\\\/03\\\/27\\\/mater-brolo-per-la-quinta-volta-e-dentro-fuori\\\/#primaryimage\",\"url\":\"https:\\\/\\\/www.materdominivolley.it\\\/home\\\/wp-content\\\/uploads\\\/2019\\\/09\\\/sciarpata.jpg\",\"contentUrl\":\"https:\\\/\\\/www.materdominivolley.it\\\/home\\\/wp-content\\\/uploads\\\/2019\\\/09\\\/sciarpata.jpg\",\"width\":980,\"height\":400},{\"@type\":\"BreadcrumbList\",\"@id\":\"https:\\\/\\\/www.materdominivolley.it\\\/home\\\/2014\\\/03\\\/27\\\/mater-brolo-per-la-quinta-volta-e-dentro-fuori\\\/#breadcrumb\",\"itemListElement\":[{\"@type\":\"ListItem\",\"position\":1,\"name\":\"Home\",\"item\":\"https:\\\/\\\/www.materdominivolley.it\\\/home\\\/\"},{\"@type\":\"ListItem\",\"position\":2,\"name\":\"Mater-Brolo per la quinta volta: \u00e8 dentro-fuori\"}]},{\"@type\":\"WebSite\",\"@id\":\"https:\\\/\\\/www.materdominivolley.it\\\/home\\\/#website\",\"url\":\"https:\\\/\\\/www.materdominivolley.it\\\/home\\\/\",\"name\":\"materdominivolley\",\"description\":\"\",\"publisher\":{\"@id\":\"https:\\\/\\\/www.materdominivolley.it\\\/home\\\/#organization\"},\"potentialAction\":[{\"@type\":\"SearchAction\",\"target\":{\"@type\":\"EntryPoint\",\"urlTemplate\":\"https:\\\/\\\/www.materdominivolley.it\\\/home\\\/?s={search_term_string}\"},\"query-input\":{\"@type\":\"PropertyValueSpecification\",\"valueRequired\":true,\"valueName\":\"search_term_string\"}}],\"inLanguage\":\"it-IT\"},{\"@type\":\"Organization\",\"@id\":\"https:\\\/\\\/www.materdominivolley.it\\\/home\\\/#organization\",\"name\":\"Materdominivolley.it\",\"url\":\"https:\\\/\\\/www.materdominivolley.it\\\/home\\\/\",\"logo\":{\"@type\":\"ImageObject\",\"inLanguage\":\"it-IT\",\"@id\":\"https:\\\/\\\/www.materdominivolley.it\\\/home\\\/#\\\/schema\\\/logo\\\/image\\\/\",\"url\":\"https:\\\/\\\/www.materdominivolley.it\\\/home\\\/wp-content\\\/uploads\\\/2019\\\/10\\\/Senza-titolo-1-2.png\",\"contentUrl\":\"https:\\\/\\\/www.materdominivolley.it\\\/home\\\/wp-content\\\/uploads\\\/2019\\\/10\\\/Senza-titolo-1-2.png\",\"width\":180,\"height\":250,\"caption\":\"Materdominivolley.it\"},\"image\":{\"@id\":\"https:\\\/\\\/www.materdominivolley.it\\\/home\\\/#\\\/schema\\\/logo\\\/image\\\/\"},\"sameAs\":[\"https:\\\/\\\/www.facebook.com\\\/materdominivolleyit\\\/\"]},{\"@type\":\"Person\",\"@id\":\"https:\\\/\\\/www.materdominivolley.it\\\/home\\\/#\\\/schema\\\/person\\\/86961330b970aecf0b9729df84069339\",\"name\":\"admin-mater\",\"image\":{\"@type\":\"ImageObject\",\"inLanguage\":\"it-IT\",\"@id\":\"https:\\\/\\\/secure.gravatar.com\\\/avatar\\\/71d088b9255aa52813637243630e63af9ffd99251cfb71c8536f2d3794cac08e?s=96&d=mm&r=g\",\"url\":\"https:\\\/\\\/secure.gravatar.com\\\/avatar\\\/71d088b9255aa52813637243630e63af9ffd99251cfb71c8536f2d3794cac08e?s=96&d=mm&r=g\",\"contentUrl\":\"https:\\\/\\\/secure.gravatar.com\\\/avatar\\\/71d088b9255aa52813637243630e63af9ffd99251cfb71c8536f2d3794cac08e?s=96&d=mm&r=g\",\"caption\":\"admin-mater\"},\"url\":\"https:\\\/\\\/www.materdominivolley.it\\\/home\\\/author\\\/admin-mater\\\/\"}]}<\/script>\n<!-- \/ Yoast SEO plugin. -->","yoast_head_json":{"title":"Mater-Brolo per la quinta volta: \u00e8 dentro-fuori - materdominivolley","robots":{"index":"index","follow":"follow","max-snippet":"max-snippet:-1","max-image-preview":"max-image-preview:large","max-video-preview":"max-video-preview:-1"},"canonical":"https:\/\/www.materdominivolley.it\/home\/2014\/03\/27\/mater-brolo-per-la-quinta-volta-e-dentro-fuori\/","og_locale":"it_IT","og_type":"article","og_title":"Mater-Brolo per la quinta volta: \u00e8 dentro-fuori - materdominivolley","og_description":"Dopo il pareggio con rispetto del fattore casa (3-0 per il Castellana in Puglia, 3-1 per il Brolo in Sicilia) nella serie della post season, mercoled\u00ec 26 marzo con prima battuta alle ore 20,30 \u00e8 in programma al Pala Grotte la \"bella\"","og_url":"https:\/\/www.materdominivolley.it\/home\/2014\/03\/27\/mater-brolo-per-la-quinta-volta-e-dentro-fuori\/","og_site_name":"materdominivolley","article_publisher":"https:\/\/www.facebook.com\/materdominivolleyit\/","article_published_time":"2014-03-27T08:44:12+00:00","og_image":[{"width":980,"height":400,"url":"https:\/\/www.materdominivolley.it\/home\/wp-content\/uploads\/2019\/09\/sciarpata.jpg","type":"image\/jpeg"}],"author":"admin-mater","twitter_card":"summary_large_image","twitter_misc":{"Scritto da":"admin-mater","Tempo di lettura stimato":"2 minuti"},"schema":{"@context":"https:\/\/schema.org","@graph":[{"@type":"Article","@id":"https:\/\/www.materdominivolley.it\/home\/2014\/03\/27\/mater-brolo-per-la-quinta-volta-e-dentro-fuori\/#article","isPartOf":{"@id":"https:\/\/www.materdominivolley.it\/home\/2014\/03\/27\/mater-brolo-per-la-quinta-volta-e-dentro-fuori\/"},"author":{"name":"admin-mater","@id":"https:\/\/www.materdominivolley.it\/home\/#\/schema\/person\/86961330b970aecf0b9729df84069339"},"headline":"Mater-Brolo per la quinta volta: \u00e8 dentro-fuori","datePublished":"2014-03-27T08:44:12+00:00","mainEntityOfPage":{"@id":"https:\/\/www.materdominivolley.it\/home\/2014\/03\/27\/mater-brolo-per-la-quinta-volta-e-dentro-fuori\/"},"wordCount":330,"commentCount":0,"publisher":{"@id":"https:\/\/www.materdominivolley.it\/home\/#organization"},"image":{"@id":"https:\/\/www.materdominivolley.it\/home\/2014\/03\/27\/mater-brolo-per-la-quinta-volta-e-dentro-fuori\/#primaryimage"},"thumbnailUrl":"https:\/\/www.materdominivolley.it\/home\/wp-content\/uploads\/2019\/09\/sciarpata.jpg","articleSection":["Serie A2"],"inLanguage":"it-IT","potentialAction":[{"@type":"CommentAction","name":"Comment","target":["https:\/\/www.materdominivolley.it\/home\/2014\/03\/27\/mater-brolo-per-la-quinta-volta-e-dentro-fuori\/#respond"]}]},{"@type":"WebPage","@id":"https:\/\/www.materdominivolley.it\/home\/2014\/03\/27\/mater-brolo-per-la-quinta-volta-e-dentro-fuori\/","url":"https:\/\/www.materdominivolley.it\/home\/2014\/03\/27\/mater-brolo-per-la-quinta-volta-e-dentro-fuori\/","name":"Mater-Brolo per la quinta volta: \u00e8 dentro-fuori - materdominivolley","isPartOf":{"@id":"https:\/\/www.materdominivolley.it\/home\/#website"},"primaryImageOfPage":{"@id":"https:\/\/www.materdominivolley.it\/home\/2014\/03\/27\/mater-brolo-per-la-quinta-volta-e-dentro-fuori\/#primaryimage"},"image":{"@id":"https:\/\/www.materdominivolley.it\/home\/2014\/03\/27\/mater-brolo-per-la-quinta-volta-e-dentro-fuori\/#primaryimage"},"thumbnailUrl":"https:\/\/www.materdominivolley.it\/home\/wp-content\/uploads\/2019\/09\/sciarpata.jpg","datePublished":"2014-03-27T08:44:12+00:00","breadcrumb":{"@id":"https:\/\/www.materdominivolley.it\/home\/2014\/03\/27\/mater-brolo-per-la-quinta-volta-e-dentro-fuori\/#breadcrumb"},"inLanguage":"it-IT","potentialAction":[{"@type":"ReadAction","target":["https:\/\/www.materdominivolley.it\/home\/2014\/03\/27\/mater-brolo-per-la-quinta-volta-e-dentro-fuori\/"]}]},{"@type":"ImageObject","inLanguage":"it-IT","@id":"https:\/\/www.materdominivolley.it\/home\/2014\/03\/27\/mater-brolo-per-la-quinta-volta-e-dentro-fuori\/#primaryimage","url":"https:\/\/www.materdominivolley.it\/home\/wp-content\/uploads\/2019\/09\/sciarpata.jpg","contentUrl":"https:\/\/www.materdominivolley.it\/home\/wp-content\/uploads\/2019\/09\/sciarpata.jpg","width":980,"height":400},{"@type":"BreadcrumbList","@id":"https:\/\/www.materdominivolley.it\/home\/2014\/03\/27\/mater-brolo-per-la-quinta-volta-e-dentro-fuori\/#breadcrumb","itemListElement":[{"@type":"ListItem","position":1,"name":"Home","item":"https:\/\/www.materdominivolley.it\/home\/"},{"@type":"ListItem","position":2,"name":"Mater-Brolo per la quinta volta: \u00e8 dentro-fuori"}]},{"@type":"WebSite","@id":"https:\/\/www.materdominivolley.it\/home\/#website","url":"https:\/\/www.materdominivolley.it\/home\/","name":"materdominivolley","description":"","publisher":{"@id":"https:\/\/www.materdominivolley.it\/home\/#organization"},"potentialAction":[{"@type":"SearchAction","target":{"@type":"EntryPoint","urlTemplate":"https:\/\/www.materdominivolley.it\/home\/?s={search_term_string}"},"query-input":{"@type":"PropertyValueSpecification","valueRequired":true,"valueName":"search_term_string"}}],"inLanguage":"it-IT"},{"@type":"Organization","@id":"https:\/\/www.materdominivolley.it\/home\/#organization","name":"Materdominivolley.it","url":"https:\/\/www.materdominivolley.it\/home\/","logo":{"@type":"ImageObject","inLanguage":"it-IT","@id":"https:\/\/www.materdominivolley.it\/home\/#\/schema\/logo\/image\/","url":"https:\/\/www.materdominivolley.it\/home\/wp-content\/uploads\/2019\/10\/Senza-titolo-1-2.png","contentUrl":"https:\/\/www.materdominivolley.it\/home\/wp-content\/uploads\/2019\/10\/Senza-titolo-1-2.png","width":180,"height":250,"caption":"Materdominivolley.it"},"image":{"@id":"https:\/\/www.materdominivolley.it\/home\/#\/schema\/logo\/image\/"},"sameAs":["https:\/\/www.facebook.com\/materdominivolleyit\/"]},{"@type":"Person","@id":"https:\/\/www.materdominivolley.it\/home\/#\/schema\/person\/86961330b970aecf0b9729df84069339","name":"admin-mater","image":{"@type":"ImageObject","inLanguage":"it-IT","@id":"https:\/\/secure.gravatar.com\/avatar\/71d088b9255aa52813637243630e63af9ffd99251cfb71c8536f2d3794cac08e?s=96&d=mm&r=g","url":"https:\/\/secure.gravatar.com\/avatar\/71d088b9255aa52813637243630e63af9ffd99251cfb71c8536f2d3794cac08e?s=96&d=mm&r=g","contentUrl":"https:\/\/secure.gravatar.com\/avatar\/71d088b9255aa52813637243630e63af9ffd99251cfb71c8536f2d3794cac08e?s=96&d=mm&r=g","caption":"admin-mater"},"url":"https:\/\/www.materdominivolley.it\/home\/author\/admin-mater\/"}]}},"_links":{"self":[{"href":"https:\/\/www.materdominivolley.it\/home\/wp-json\/wp\/v2\/posts\/1416","targetHints":{"allow":["GET"]}}],"collection":[{"href":"https:\/\/www.materdominivolley.it\/home\/wp-json\/wp\/v2\/posts"}],"about":[{"href":"https:\/\/www.materdominivolley.it\/home\/wp-json\/wp\/v2\/types\/post"}],"author":[{"embeddable":true,"href":"https:\/\/www.materdominivolley.it\/home\/wp-json\/wp\/v2\/users\/1"}],"replies":[{"embeddable":true,"href":"https:\/\/www.materdominivolley.it\/home\/wp-json\/wp\/v2\/comments?post=1416"}],"version-history":[{"count":0,"href":"https:\/\/www.materdominivolley.it\/home\/wp-json\/wp\/v2\/posts\/1416\/revisions"}],"wp:featuredmedia":[{"embeddable":true,"href":"https:\/\/www.materdominivolley.it\/home\/wp-json\/wp\/v2\/media\/753"}],"wp:attachment":[{"href":"https:\/\/www.materdominivolley.it\/home\/wp-json\/wp\/v2\/media?parent=1416"}],"wp:term":[{"taxonomy":"category","embeddable":true,"href":"https:\/\/www.materdominivolley.it\/home\/wp-json\/wp\/v2\/categories?post=1416"},{"taxonomy":"post_tag","embeddable":true,"href":"https:\/\/www.materdominivolley.it\/home\/wp-json\/wp\/v2\/tags?post=1416"}],"curies":[{"name":"wp","href":"https:\/\/api.w.org\/{rel}","templated":true}]}}