{"id":1418,"date":"2014-03-24T09:19:35","date_gmt":"2014-03-24T08:19:35","guid":{"rendered":"https:\/\/www.materdominivolley.it\/home\/2014\/03\/24\/domani-gara-2-a-brolo-obiettivo-quarti\/"},"modified":"2014-03-24T09:19:35","modified_gmt":"2014-03-24T08:19:35","slug":"domani-gara-2-a-brolo-obiettivo-quarti","status":"publish","type":"post","link":"https:\/\/www.materdominivolley.it\/home\/2014\/03\/24\/domani-gara-2-a-brolo-obiettivo-quarti\/","title":{"rendered":"Domani gara 2 a Brolo: obiettivo quarti!"},"content":{"rendered":"\n        <p>\n\tDopo il successo per 3-0 al PalaGrotte in gara 1 giocata mercoled\u00ec sera, per la\u00a0\u00a0Materdominivollley.it Castellana Grotte \u00e8 gi\u00e0 vigilia della gara 2 degli ottavi dei playoff del campionato nazionale serie A2 di pallavolo maschile. Ad attenderla, in Sicilia, l&#39;Elettrosud Brolo. L&#39;obiettivo per la formazione allenata da Vincenzo Fanizza \u00e8 quello di chiudere la serie in due atti:\u00a0\u00a0le possibilit\u00e0 ci sono tutte, il vantaggio di una qualificazione dopo due partite sarebbe notevole.<br \/>\n\tIn questa stagione la Materdomini ha affrontato tre volte il Brolo: tre le vittorie per i pugliesi, zero per i siciliani. Nella gara di regular season dello scorso 22 dicembre il Castellana si impose per 2-3 a Brolo. E&#39; anche vero, per\u00f2, che i siciliani nell&#39;ultimo periodo hanno trovato maggiore convinzione vincendo la prima partita stagionale lo scorso 16 marzo (3-2 sul Corigliano nell&#39;ultima di campionato) e restando a lungo in partita anche a Castellana in gara 1 dei playoff (soprattutto nel secondo set).<br \/>\n\tLa Materdominivolley.it, insomma, deve affrontare la trasferta messinese con lo spirito che l&#39;ha accompagnata per tutto il 2014 (7 vittorie e 4 sconfitte di cui due al quinto set), cercando di confermare ulteriormente anche il proprio ottimo rendimento esterno (non perde in trasferta dal 2 febbraio scorso sul campo del Cant\u00f9). Anche perch\u00e9 resta in bilico la decisione sull&#39;utilizzo di Enrico Libraro, leggermente acciaccato gi\u00e0 prima dell&#39;inizio dei playoff e uscito a met\u00e0 del terzo set di gara 1 per un risentimento alla coscia sinistra.<br \/>\n\tDovesse vincere a Brolo, la Materdominivolley.it potr\u00e0 pensare con qualche giorno di anticipo alla prima sfida dei quarti (domenica 30 marzo sul campo del Sora). Dovesse perdere, invece, la bella \u00e8 in calendario gi\u00e0 mercoled\u00ec 26 marzo alle ore 20,30 al PalaGrotte. La prima battuta di gara 2, invece, \u00e8 in programma domani, domenica 23 marzo, alle ore 18 al Palazzetto dello Sport di Terranova.<\/p>\n        ","protected":false},"excerpt":{"rendered":"<p><!-- wp:paragraph --><br \/>\n        Dopo il successo 3-0 in gara 1, c&#8217;\u00e8 la possibilit\u00e0 di chiudere subito la serie. Altrimenti eventuale bella mercoled\u00ec 26 al Pala Grotte.<br \/>\n        <!-- \/wp:paragraph --><\/p>\n","protected":false},"author":1,"featured_media":1419,"comment_status":"open","ping_status":"closed","sticky":false,"template":"","format":"standard","meta":{"footnotes":""},"categories":[13],"tags":[],"class_list":["post-1418","post","type-post","status-publish","format-standard","has-post-thumbnail","hentry","category-serie-a2"],"yoast_head":"<!-- This site is optimized with the Yoast SEO plugin v27.4 - https:\/\/yoast.com\/product\/yoast-seo-wordpress\/ -->\n<title>Domani gara 2 a Brolo: obiettivo quarti! - materdominivolley<\/title>\n<meta name=\"robots\" content=\"index, follow, max-snippet:-1, max-image-preview:large, max-video-preview:-1\" \/>\n<link rel=\"canonical\" href=\"https:\/\/www.materdominivolley.it\/home\/2014\/03\/24\/domani-gara-2-a-brolo-obiettivo-quarti\/\" \/>\n<meta property=\"og:locale\" content=\"it_IT\" \/>\n<meta property=\"og:type\" content=\"article\" \/>\n<meta property=\"og:title\" content=\"Domani gara 2 a Brolo: obiettivo quarti! - materdominivolley\" \/>\n<meta property=\"og:description\" content=\"Dopo il successo 3-0 in gara 1, c&#039;\u00e8 la possibilit\u00e0 di chiudere subito la serie. Altrimenti eventuale bella mercoled\u00ec 26 al Pala Grotte.\" \/>\n<meta property=\"og:url\" content=\"https:\/\/www.materdominivolley.it\/home\/2014\/03\/24\/domani-gara-2-a-brolo-obiettivo-quarti\/\" \/>\n<meta property=\"og:site_name\" content=\"materdominivolley\" \/>\n<meta property=\"article:publisher\" content=\"https:\/\/www.facebook.com\/materdominivolleyit\/\" \/>\n<meta property=\"article:published_time\" content=\"2014-03-24T08:19:35+00:00\" \/>\n<meta property=\"og:image\" content=\"https:\/\/www.materdominivolley.it\/home\/wp-content\/uploads\/2019\/09\/mater-brolo_gara2.jpg\" \/>\n\t<meta property=\"og:image:width\" content=\"980\" \/>\n\t<meta property=\"og:image:height\" content=\"400\" \/>\n\t<meta property=\"og:image:type\" content=\"image\/jpeg\" \/>\n<meta name=\"author\" content=\"admin-mater\" \/>\n<meta name=\"twitter:card\" content=\"summary_large_image\" \/>\n<meta name=\"twitter:label1\" content=\"Scritto da\" \/>\n\t<meta name=\"twitter:data1\" content=\"admin-mater\" \/>\n\t<meta name=\"twitter:label2\" content=\"Tempo di lettura stimato\" \/>\n\t<meta name=\"twitter:data2\" content=\"1 minuto\" \/>\n<script type=\"application\/ld+json\" class=\"yoast-schema-graph\">{\"@context\":\"https:\\\/\\\/schema.org\",\"@graph\":[{\"@type\":\"Article\",\"@id\":\"https:\\\/\\\/www.materdominivolley.it\\\/home\\\/2014\\\/03\\\/24\\\/domani-gara-2-a-brolo-obiettivo-quarti\\\/#article\",\"isPartOf\":{\"@id\":\"https:\\\/\\\/www.materdominivolley.it\\\/home\\\/2014\\\/03\\\/24\\\/domani-gara-2-a-brolo-obiettivo-quarti\\\/\"},\"author\":{\"name\":\"admin-mater\",\"@id\":\"https:\\\/\\\/www.materdominivolley.it\\\/home\\\/#\\\/schema\\\/person\\\/86961330b970aecf0b9729df84069339\"},\"headline\":\"Domani gara 2 a Brolo: obiettivo quarti!\",\"datePublished\":\"2014-03-24T08:19:35+00:00\",\"mainEntityOfPage\":{\"@id\":\"https:\\\/\\\/www.materdominivolley.it\\\/home\\\/2014\\\/03\\\/24\\\/domani-gara-2-a-brolo-obiettivo-quarti\\\/\"},\"wordCount\":304,\"commentCount\":0,\"publisher\":{\"@id\":\"https:\\\/\\\/www.materdominivolley.it\\\/home\\\/#organization\"},\"image\":{\"@id\":\"https:\\\/\\\/www.materdominivolley.it\\\/home\\\/2014\\\/03\\\/24\\\/domani-gara-2-a-brolo-obiettivo-quarti\\\/#primaryimage\"},\"thumbnailUrl\":\"https:\\\/\\\/www.materdominivolley.it\\\/home\\\/wp-content\\\/uploads\\\/2019\\\/09\\\/mater-brolo_gara2.jpg\",\"articleSection\":[\"Serie A2\"],\"inLanguage\":\"it-IT\",\"potentialAction\":[{\"@type\":\"CommentAction\",\"name\":\"Comment\",\"target\":[\"https:\\\/\\\/www.materdominivolley.it\\\/home\\\/2014\\\/03\\\/24\\\/domani-gara-2-a-brolo-obiettivo-quarti\\\/#respond\"]}]},{\"@type\":\"WebPage\",\"@id\":\"https:\\\/\\\/www.materdominivolley.it\\\/home\\\/2014\\\/03\\\/24\\\/domani-gara-2-a-brolo-obiettivo-quarti\\\/\",\"url\":\"https:\\\/\\\/www.materdominivolley.it\\\/home\\\/2014\\\/03\\\/24\\\/domani-gara-2-a-brolo-obiettivo-quarti\\\/\",\"name\":\"Domani gara 2 a Brolo: obiettivo quarti! - materdominivolley\",\"isPartOf\":{\"@id\":\"https:\\\/\\\/www.materdominivolley.it\\\/home\\\/#website\"},\"primaryImageOfPage\":{\"@id\":\"https:\\\/\\\/www.materdominivolley.it\\\/home\\\/2014\\\/03\\\/24\\\/domani-gara-2-a-brolo-obiettivo-quarti\\\/#primaryimage\"},\"image\":{\"@id\":\"https:\\\/\\\/www.materdominivolley.it\\\/home\\\/2014\\\/03\\\/24\\\/domani-gara-2-a-brolo-obiettivo-quarti\\\/#primaryimage\"},\"thumbnailUrl\":\"https:\\\/\\\/www.materdominivolley.it\\\/home\\\/wp-content\\\/uploads\\\/2019\\\/09\\\/mater-brolo_gara2.jpg\",\"datePublished\":\"2014-03-24T08:19:35+00:00\",\"breadcrumb\":{\"@id\":\"https:\\\/\\\/www.materdominivolley.it\\\/home\\\/2014\\\/03\\\/24\\\/domani-gara-2-a-brolo-obiettivo-quarti\\\/#breadcrumb\"},\"inLanguage\":\"it-IT\",\"potentialAction\":[{\"@type\":\"ReadAction\",\"target\":[\"https:\\\/\\\/www.materdominivolley.it\\\/home\\\/2014\\\/03\\\/24\\\/domani-gara-2-a-brolo-obiettivo-quarti\\\/\"]}]},{\"@type\":\"ImageObject\",\"inLanguage\":\"it-IT\",\"@id\":\"https:\\\/\\\/www.materdominivolley.it\\\/home\\\/2014\\\/03\\\/24\\\/domani-gara-2-a-brolo-obiettivo-quarti\\\/#primaryimage\",\"url\":\"https:\\\/\\\/www.materdominivolley.it\\\/home\\\/wp-content\\\/uploads\\\/2019\\\/09\\\/mater-brolo_gara2.jpg\",\"contentUrl\":\"https:\\\/\\\/www.materdominivolley.it\\\/home\\\/wp-content\\\/uploads\\\/2019\\\/09\\\/mater-brolo_gara2.jpg\",\"width\":980,\"height\":400},{\"@type\":\"BreadcrumbList\",\"@id\":\"https:\\\/\\\/www.materdominivolley.it\\\/home\\\/2014\\\/03\\\/24\\\/domani-gara-2-a-brolo-obiettivo-quarti\\\/#breadcrumb\",\"itemListElement\":[{\"@type\":\"ListItem\",\"position\":1,\"name\":\"Home\",\"item\":\"https:\\\/\\\/www.materdominivolley.it\\\/home\\\/\"},{\"@type\":\"ListItem\",\"position\":2,\"name\":\"Domani gara 2 a Brolo: obiettivo quarti!\"}]},{\"@type\":\"WebSite\",\"@id\":\"https:\\\/\\\/www.materdominivolley.it\\\/home\\\/#website\",\"url\":\"https:\\\/\\\/www.materdominivolley.it\\\/home\\\/\",\"name\":\"materdominivolley\",\"description\":\"\",\"publisher\":{\"@id\":\"https:\\\/\\\/www.materdominivolley.it\\\/home\\\/#organization\"},\"potentialAction\":[{\"@type\":\"SearchAction\",\"target\":{\"@type\":\"EntryPoint\",\"urlTemplate\":\"https:\\\/\\\/www.materdominivolley.it\\\/home\\\/?s={search_term_string}\"},\"query-input\":{\"@type\":\"PropertyValueSpecification\",\"valueRequired\":true,\"valueName\":\"search_term_string\"}}],\"inLanguage\":\"it-IT\"},{\"@type\":\"Organization\",\"@id\":\"https:\\\/\\\/www.materdominivolley.it\\\/home\\\/#organization\",\"name\":\"Materdominivolley.it\",\"url\":\"https:\\\/\\\/www.materdominivolley.it\\\/home\\\/\",\"logo\":{\"@type\":\"ImageObject\",\"inLanguage\":\"it-IT\",\"@id\":\"https:\\\/\\\/www.materdominivolley.it\\\/home\\\/#\\\/schema\\\/logo\\\/image\\\/\",\"url\":\"https:\\\/\\\/www.materdominivolley.it\\\/home\\\/wp-content\\\/uploads\\\/2019\\\/10\\\/Senza-titolo-1-2.png\",\"contentUrl\":\"https:\\\/\\\/www.materdominivolley.it\\\/home\\\/wp-content\\\/uploads\\\/2019\\\/10\\\/Senza-titolo-1-2.png\",\"width\":180,\"height\":250,\"caption\":\"Materdominivolley.it\"},\"image\":{\"@id\":\"https:\\\/\\\/www.materdominivolley.it\\\/home\\\/#\\\/schema\\\/logo\\\/image\\\/\"},\"sameAs\":[\"https:\\\/\\\/www.facebook.com\\\/materdominivolleyit\\\/\"]},{\"@type\":\"Person\",\"@id\":\"https:\\\/\\\/www.materdominivolley.it\\\/home\\\/#\\\/schema\\\/person\\\/86961330b970aecf0b9729df84069339\",\"name\":\"admin-mater\",\"image\":{\"@type\":\"ImageObject\",\"inLanguage\":\"it-IT\",\"@id\":\"https:\\\/\\\/secure.gravatar.com\\\/avatar\\\/71d088b9255aa52813637243630e63af9ffd99251cfb71c8536f2d3794cac08e?s=96&d=mm&r=g\",\"url\":\"https:\\\/\\\/secure.gravatar.com\\\/avatar\\\/71d088b9255aa52813637243630e63af9ffd99251cfb71c8536f2d3794cac08e?s=96&d=mm&r=g\",\"contentUrl\":\"https:\\\/\\\/secure.gravatar.com\\\/avatar\\\/71d088b9255aa52813637243630e63af9ffd99251cfb71c8536f2d3794cac08e?s=96&d=mm&r=g\",\"caption\":\"admin-mater\"},\"url\":\"https:\\\/\\\/www.materdominivolley.it\\\/home\\\/author\\\/admin-mater\\\/\"}]}<\/script>\n<!-- \/ Yoast SEO plugin. -->","yoast_head_json":{"title":"Domani gara 2 a Brolo: obiettivo quarti! - materdominivolley","robots":{"index":"index","follow":"follow","max-snippet":"max-snippet:-1","max-image-preview":"max-image-preview:large","max-video-preview":"max-video-preview:-1"},"canonical":"https:\/\/www.materdominivolley.it\/home\/2014\/03\/24\/domani-gara-2-a-brolo-obiettivo-quarti\/","og_locale":"it_IT","og_type":"article","og_title":"Domani gara 2 a Brolo: obiettivo quarti! - materdominivolley","og_description":"Dopo il successo 3-0 in gara 1, c'\u00e8 la possibilit\u00e0 di chiudere subito la serie. Altrimenti eventuale bella mercoled\u00ec 26 al Pala Grotte.","og_url":"https:\/\/www.materdominivolley.it\/home\/2014\/03\/24\/domani-gara-2-a-brolo-obiettivo-quarti\/","og_site_name":"materdominivolley","article_publisher":"https:\/\/www.facebook.com\/materdominivolleyit\/","article_published_time":"2014-03-24T08:19:35+00:00","og_image":[{"width":980,"height":400,"url":"https:\/\/www.materdominivolley.it\/home\/wp-content\/uploads\/2019\/09\/mater-brolo_gara2.jpg","type":"image\/jpeg"}],"author":"admin-mater","twitter_card":"summary_large_image","twitter_misc":{"Scritto da":"admin-mater","Tempo di lettura stimato":"1 minuto"},"schema":{"@context":"https:\/\/schema.org","@graph":[{"@type":"Article","@id":"https:\/\/www.materdominivolley.it\/home\/2014\/03\/24\/domani-gara-2-a-brolo-obiettivo-quarti\/#article","isPartOf":{"@id":"https:\/\/www.materdominivolley.it\/home\/2014\/03\/24\/domani-gara-2-a-brolo-obiettivo-quarti\/"},"author":{"name":"admin-mater","@id":"https:\/\/www.materdominivolley.it\/home\/#\/schema\/person\/86961330b970aecf0b9729df84069339"},"headline":"Domani gara 2 a Brolo: obiettivo quarti!","datePublished":"2014-03-24T08:19:35+00:00","mainEntityOfPage":{"@id":"https:\/\/www.materdominivolley.it\/home\/2014\/03\/24\/domani-gara-2-a-brolo-obiettivo-quarti\/"},"wordCount":304,"commentCount":0,"publisher":{"@id":"https:\/\/www.materdominivolley.it\/home\/#organization"},"image":{"@id":"https:\/\/www.materdominivolley.it\/home\/2014\/03\/24\/domani-gara-2-a-brolo-obiettivo-quarti\/#primaryimage"},"thumbnailUrl":"https:\/\/www.materdominivolley.it\/home\/wp-content\/uploads\/2019\/09\/mater-brolo_gara2.jpg","articleSection":["Serie A2"],"inLanguage":"it-IT","potentialAction":[{"@type":"CommentAction","name":"Comment","target":["https:\/\/www.materdominivolley.it\/home\/2014\/03\/24\/domani-gara-2-a-brolo-obiettivo-quarti\/#respond"]}]},{"@type":"WebPage","@id":"https:\/\/www.materdominivolley.it\/home\/2014\/03\/24\/domani-gara-2-a-brolo-obiettivo-quarti\/","url":"https:\/\/www.materdominivolley.it\/home\/2014\/03\/24\/domani-gara-2-a-brolo-obiettivo-quarti\/","name":"Domani gara 2 a Brolo: obiettivo quarti! - materdominivolley","isPartOf":{"@id":"https:\/\/www.materdominivolley.it\/home\/#website"},"primaryImageOfPage":{"@id":"https:\/\/www.materdominivolley.it\/home\/2014\/03\/24\/domani-gara-2-a-brolo-obiettivo-quarti\/#primaryimage"},"image":{"@id":"https:\/\/www.materdominivolley.it\/home\/2014\/03\/24\/domani-gara-2-a-brolo-obiettivo-quarti\/#primaryimage"},"thumbnailUrl":"https:\/\/www.materdominivolley.it\/home\/wp-content\/uploads\/2019\/09\/mater-brolo_gara2.jpg","datePublished":"2014-03-24T08:19:35+00:00","breadcrumb":{"@id":"https:\/\/www.materdominivolley.it\/home\/2014\/03\/24\/domani-gara-2-a-brolo-obiettivo-quarti\/#breadcrumb"},"inLanguage":"it-IT","potentialAction":[{"@type":"ReadAction","target":["https:\/\/www.materdominivolley.it\/home\/2014\/03\/24\/domani-gara-2-a-brolo-obiettivo-quarti\/"]}]},{"@type":"ImageObject","inLanguage":"it-IT","@id":"https:\/\/www.materdominivolley.it\/home\/2014\/03\/24\/domani-gara-2-a-brolo-obiettivo-quarti\/#primaryimage","url":"https:\/\/www.materdominivolley.it\/home\/wp-content\/uploads\/2019\/09\/mater-brolo_gara2.jpg","contentUrl":"https:\/\/www.materdominivolley.it\/home\/wp-content\/uploads\/2019\/09\/mater-brolo_gara2.jpg","width":980,"height":400},{"@type":"BreadcrumbList","@id":"https:\/\/www.materdominivolley.it\/home\/2014\/03\/24\/domani-gara-2-a-brolo-obiettivo-quarti\/#breadcrumb","itemListElement":[{"@type":"ListItem","position":1,"name":"Home","item":"https:\/\/www.materdominivolley.it\/home\/"},{"@type":"ListItem","position":2,"name":"Domani gara 2 a Brolo: obiettivo quarti!"}]},{"@type":"WebSite","@id":"https:\/\/www.materdominivolley.it\/home\/#website","url":"https:\/\/www.materdominivolley.it\/home\/","name":"materdominivolley","description":"","publisher":{"@id":"https:\/\/www.materdominivolley.it\/home\/#organization"},"potentialAction":[{"@type":"SearchAction","target":{"@type":"EntryPoint","urlTemplate":"https:\/\/www.materdominivolley.it\/home\/?s={search_term_string}"},"query-input":{"@type":"PropertyValueSpecification","valueRequired":true,"valueName":"search_term_string"}}],"inLanguage":"it-IT"},{"@type":"Organization","@id":"https:\/\/www.materdominivolley.it\/home\/#organization","name":"Materdominivolley.it","url":"https:\/\/www.materdominivolley.it\/home\/","logo":{"@type":"ImageObject","inLanguage":"it-IT","@id":"https:\/\/www.materdominivolley.it\/home\/#\/schema\/logo\/image\/","url":"https:\/\/www.materdominivolley.it\/home\/wp-content\/uploads\/2019\/10\/Senza-titolo-1-2.png","contentUrl":"https:\/\/www.materdominivolley.it\/home\/wp-content\/uploads\/2019\/10\/Senza-titolo-1-2.png","width":180,"height":250,"caption":"Materdominivolley.it"},"image":{"@id":"https:\/\/www.materdominivolley.it\/home\/#\/schema\/logo\/image\/"},"sameAs":["https:\/\/www.facebook.com\/materdominivolleyit\/"]},{"@type":"Person","@id":"https:\/\/www.materdominivolley.it\/home\/#\/schema\/person\/86961330b970aecf0b9729df84069339","name":"admin-mater","image":{"@type":"ImageObject","inLanguage":"it-IT","@id":"https:\/\/secure.gravatar.com\/avatar\/71d088b9255aa52813637243630e63af9ffd99251cfb71c8536f2d3794cac08e?s=96&d=mm&r=g","url":"https:\/\/secure.gravatar.com\/avatar\/71d088b9255aa52813637243630e63af9ffd99251cfb71c8536f2d3794cac08e?s=96&d=mm&r=g","contentUrl":"https:\/\/secure.gravatar.com\/avatar\/71d088b9255aa52813637243630e63af9ffd99251cfb71c8536f2d3794cac08e?s=96&d=mm&r=g","caption":"admin-mater"},"url":"https:\/\/www.materdominivolley.it\/home\/author\/admin-mater\/"}]}},"_links":{"self":[{"href":"https:\/\/www.materdominivolley.it\/home\/wp-json\/wp\/v2\/posts\/1418","targetHints":{"allow":["GET"]}}],"collection":[{"href":"https:\/\/www.materdominivolley.it\/home\/wp-json\/wp\/v2\/posts"}],"about":[{"href":"https:\/\/www.materdominivolley.it\/home\/wp-json\/wp\/v2\/types\/post"}],"author":[{"embeddable":true,"href":"https:\/\/www.materdominivolley.it\/home\/wp-json\/wp\/v2\/users\/1"}],"replies":[{"embeddable":true,"href":"https:\/\/www.materdominivolley.it\/home\/wp-json\/wp\/v2\/comments?post=1418"}],"version-history":[{"count":0,"href":"https:\/\/www.materdominivolley.it\/home\/wp-json\/wp\/v2\/posts\/1418\/revisions"}],"wp:featuredmedia":[{"embeddable":true,"href":"https:\/\/www.materdominivolley.it\/home\/wp-json\/wp\/v2\/media\/1419"}],"wp:attachment":[{"href":"https:\/\/www.materdominivolley.it\/home\/wp-json\/wp\/v2\/media?parent=1418"}],"wp:term":[{"taxonomy":"category","embeddable":true,"href":"https:\/\/www.materdominivolley.it\/home\/wp-json\/wp\/v2\/categories?post=1418"},{"taxonomy":"post_tag","embeddable":true,"href":"https:\/\/www.materdominivolley.it\/home\/wp-json\/wp\/v2\/tags?post=1418"}],"curies":[{"name":"wp","href":"https:\/\/api.w.org\/{rel}","templated":true}]}}