{"id":1422,"date":"2014-03-20T09:00:56","date_gmt":"2014-03-20T08:00:56","guid":{"rendered":"https:\/\/www.materdominivolley.it\/home\/2014\/03\/20\/al-via-con-brolo-i-playoff-promozione\/"},"modified":"2014-03-20T09:00:56","modified_gmt":"2014-03-20T08:00:56","slug":"al-via-con-brolo-i-playoff-promozione","status":"publish","type":"post","link":"https:\/\/www.materdominivolley.it\/home\/2014\/03\/20\/al-via-con-brolo-i-playoff-promozione\/","title":{"rendered":"Al via con Brolo i playoff promozione"},"content":{"rendered":"\n        <p>\n\tDa Brolo a Brolo: il PalaGrotte riapre alla <strong>Materdominivolley.it Castellana Grotte<\/strong> per gara 1 degli ottavi di finale dei playoff del campionato nazionale serie A2 di pallavolo maschile. L&#39;avversario dell&#39;ultimo turno casalingo di regular season e l&#39;avversario della prima sfida degli spareggi promozione \u00e8 sempre l&#39;<strong>Elettrosud Brolo<\/strong>. I siciliani, che hanno chiuso all&#39;undicesimo posto la stagione regolare, contenderanno alla Materdominivolley.it l&#39;accesso ai quarti di finale (la vincente di questa sfida affronter\u00e0 il Sora).<\/p>\n<p>\n\tL&#39;appuntamento per la prima sfida della serie \u00e8 per mercoled\u00ec 19 marzo alle ore 20,30. Gara 2, invece, \u00e8 in programma domenica 23 marzo. Eventuale bella, invece, mercoled\u00ec 26 marzo in Puglia. Per quanto riguarda gli ingressi alle gare playoff, cos\u00ec come annunciato gi\u00e0 in estate, la Materdominivolley.it comunica di non aver aumentato il costo del biglietto e che saranno validi gli abbonamenti sottoscritti a inizio stagione. Sar\u00e0 pertanto sufficiente presentarsi al botteghino con la tessera abbonamento per assistere alla partita.<\/p>\n<p>\n\t\u201cSono abbastanza soddisfatto di come abbiamo chiuso la regular season: una vittoria sul campo del Matera quarto in classifica \u00e8 sempre una grande soddisfazione- ha commentato <strong>Vincenzo Fanizza<\/strong>, tecnico della Materdominivolley.it &#8211; L\u2019ottavo posto \u00e8 un risultato fantastico che premia tutto il gruppo di lavoro, tecnici, atleti e dirigenti. Ora, in ottica playoff, pensiamo una partita per volta, Brolo \u00e8 il primo step e dobbiamo affrontarlo necessariamente con un approccio diverso rispetto all\u2019ultima volta. L\u2019infortunio Libraro tiene banco in questo momento, valuteremo in questi giorni le sue condizioni. Ambizioni? Continueremo a fare quello che stiamo facendo dall\u2019inizio, ovvero divertirci e crescere tecnicamente, affronteremo tutto senza nessuna pressione. Una gara per volta e vediamo a che punto saremo in grado di arrivare&#8221;.<\/p>\n<p>\n\tLa Materdominivolley.it partecipa per la seconda volta ai playoff promozione di A2. L&#39;ultima volta, nel 2006\/2007, fu eliminata in semifinale dal Corigliano al meglio delle tre gare, dopo aver superato i quarti ai danni del Crema.<\/p>\n        ","protected":false},"excerpt":{"rendered":"<p><!-- wp:paragraph --><br \/>\n        Gara 1 degli ottavi in programma domani, mercoled\u00ec 19, alle ore 20,30 al PalaGrotte. La Materdomini partecipa per la seconda volta ai playoff, l&#8217;ultima nel 2006\/2007. Fanizza: &#8220;Ambizioni? Continueremo a divertirci e crescere tecnicamente&#8221;<br \/>\n        <!-- \/wp:paragraph --><\/p>\n","protected":false},"author":1,"featured_media":1408,"comment_status":"open","ping_status":"closed","sticky":false,"template":"","format":"standard","meta":{"footnotes":""},"categories":[13],"tags":[],"class_list":["post-1422","post","type-post","status-publish","format-standard","has-post-thumbnail","hentry","category-serie-a2"],"yoast_head":"<!-- This site is optimized with the Yoast SEO plugin v27.4 - https:\/\/yoast.com\/product\/yoast-seo-wordpress\/ -->\n<title>Al via con Brolo i playoff promozione - materdominivolley<\/title>\n<meta name=\"robots\" content=\"index, follow, max-snippet:-1, max-image-preview:large, max-video-preview:-1\" \/>\n<link rel=\"canonical\" href=\"https:\/\/www.materdominivolley.it\/home\/2014\/03\/20\/al-via-con-brolo-i-playoff-promozione\/\" \/>\n<meta property=\"og:locale\" content=\"it_IT\" \/>\n<meta property=\"og:type\" content=\"article\" \/>\n<meta property=\"og:title\" content=\"Al via con Brolo i playoff promozione - materdominivolley\" \/>\n<meta property=\"og:description\" content=\"Gara 1 degli ottavi in programma domani, mercoled\u00ec 19, alle ore 20,30 al PalaGrotte. La Materdomini partecipa per la seconda volta ai playoff, l&#039;ultima nel 2006\/2007. Fanizza: &quot;Ambizioni? Continueremo a divertirci e crescere tecnicamente&quot;\" \/>\n<meta property=\"og:url\" content=\"https:\/\/www.materdominivolley.it\/home\/2014\/03\/20\/al-via-con-brolo-i-playoff-promozione\/\" \/>\n<meta property=\"og:site_name\" content=\"materdominivolley\" \/>\n<meta property=\"article:publisher\" content=\"https:\/\/www.facebook.com\/materdominivolleyit\/\" \/>\n<meta property=\"article:published_time\" content=\"2014-03-20T08:00:56+00:00\" \/>\n<meta property=\"og:image\" content=\"https:\/\/www.materdominivolley.it\/home\/wp-content\/uploads\/2019\/09\/mater_completa.jpg\" \/>\n\t<meta property=\"og:image:width\" content=\"980\" \/>\n\t<meta property=\"og:image:height\" content=\"400\" \/>\n\t<meta property=\"og:image:type\" content=\"image\/jpeg\" \/>\n<meta name=\"author\" content=\"admin-mater\" \/>\n<meta name=\"twitter:card\" content=\"summary_large_image\" \/>\n<meta name=\"twitter:label1\" content=\"Scritto da\" \/>\n\t<meta name=\"twitter:data1\" content=\"admin-mater\" \/>\n\t<meta name=\"twitter:label2\" content=\"Tempo di lettura stimato\" \/>\n\t<meta name=\"twitter:data2\" content=\"2 minuti\" \/>\n<script type=\"application\/ld+json\" class=\"yoast-schema-graph\">{\"@context\":\"https:\\\/\\\/schema.org\",\"@graph\":[{\"@type\":\"Article\",\"@id\":\"https:\\\/\\\/www.materdominivolley.it\\\/home\\\/2014\\\/03\\\/20\\\/al-via-con-brolo-i-playoff-promozione\\\/#article\",\"isPartOf\":{\"@id\":\"https:\\\/\\\/www.materdominivolley.it\\\/home\\\/2014\\\/03\\\/20\\\/al-via-con-brolo-i-playoff-promozione\\\/\"},\"author\":{\"name\":\"admin-mater\",\"@id\":\"https:\\\/\\\/www.materdominivolley.it\\\/home\\\/#\\\/schema\\\/person\\\/86961330b970aecf0b9729df84069339\"},\"headline\":\"Al via con Brolo i playoff promozione\",\"datePublished\":\"2014-03-20T08:00:56+00:00\",\"mainEntityOfPage\":{\"@id\":\"https:\\\/\\\/www.materdominivolley.it\\\/home\\\/2014\\\/03\\\/20\\\/al-via-con-brolo-i-playoff-promozione\\\/\"},\"wordCount\":322,\"commentCount\":0,\"publisher\":{\"@id\":\"https:\\\/\\\/www.materdominivolley.it\\\/home\\\/#organization\"},\"image\":{\"@id\":\"https:\\\/\\\/www.materdominivolley.it\\\/home\\\/2014\\\/03\\\/20\\\/al-via-con-brolo-i-playoff-promozione\\\/#primaryimage\"},\"thumbnailUrl\":\"https:\\\/\\\/www.materdominivolley.it\\\/home\\\/wp-content\\\/uploads\\\/2019\\\/09\\\/mater_completa.jpg\",\"articleSection\":[\"Serie A2\"],\"inLanguage\":\"it-IT\",\"potentialAction\":[{\"@type\":\"CommentAction\",\"name\":\"Comment\",\"target\":[\"https:\\\/\\\/www.materdominivolley.it\\\/home\\\/2014\\\/03\\\/20\\\/al-via-con-brolo-i-playoff-promozione\\\/#respond\"]}]},{\"@type\":\"WebPage\",\"@id\":\"https:\\\/\\\/www.materdominivolley.it\\\/home\\\/2014\\\/03\\\/20\\\/al-via-con-brolo-i-playoff-promozione\\\/\",\"url\":\"https:\\\/\\\/www.materdominivolley.it\\\/home\\\/2014\\\/03\\\/20\\\/al-via-con-brolo-i-playoff-promozione\\\/\",\"name\":\"Al via con Brolo i playoff promozione - materdominivolley\",\"isPartOf\":{\"@id\":\"https:\\\/\\\/www.materdominivolley.it\\\/home\\\/#website\"},\"primaryImageOfPage\":{\"@id\":\"https:\\\/\\\/www.materdominivolley.it\\\/home\\\/2014\\\/03\\\/20\\\/al-via-con-brolo-i-playoff-promozione\\\/#primaryimage\"},\"image\":{\"@id\":\"https:\\\/\\\/www.materdominivolley.it\\\/home\\\/2014\\\/03\\\/20\\\/al-via-con-brolo-i-playoff-promozione\\\/#primaryimage\"},\"thumbnailUrl\":\"https:\\\/\\\/www.materdominivolley.it\\\/home\\\/wp-content\\\/uploads\\\/2019\\\/09\\\/mater_completa.jpg\",\"datePublished\":\"2014-03-20T08:00:56+00:00\",\"breadcrumb\":{\"@id\":\"https:\\\/\\\/www.materdominivolley.it\\\/home\\\/2014\\\/03\\\/20\\\/al-via-con-brolo-i-playoff-promozione\\\/#breadcrumb\"},\"inLanguage\":\"it-IT\",\"potentialAction\":[{\"@type\":\"ReadAction\",\"target\":[\"https:\\\/\\\/www.materdominivolley.it\\\/home\\\/2014\\\/03\\\/20\\\/al-via-con-brolo-i-playoff-promozione\\\/\"]}]},{\"@type\":\"ImageObject\",\"inLanguage\":\"it-IT\",\"@id\":\"https:\\\/\\\/www.materdominivolley.it\\\/home\\\/2014\\\/03\\\/20\\\/al-via-con-brolo-i-playoff-promozione\\\/#primaryimage\",\"url\":\"https:\\\/\\\/www.materdominivolley.it\\\/home\\\/wp-content\\\/uploads\\\/2019\\\/09\\\/mater_completa.jpg\",\"contentUrl\":\"https:\\\/\\\/www.materdominivolley.it\\\/home\\\/wp-content\\\/uploads\\\/2019\\\/09\\\/mater_completa.jpg\",\"width\":980,\"height\":400},{\"@type\":\"BreadcrumbList\",\"@id\":\"https:\\\/\\\/www.materdominivolley.it\\\/home\\\/2014\\\/03\\\/20\\\/al-via-con-brolo-i-playoff-promozione\\\/#breadcrumb\",\"itemListElement\":[{\"@type\":\"ListItem\",\"position\":1,\"name\":\"Home\",\"item\":\"https:\\\/\\\/www.materdominivolley.it\\\/home\\\/\"},{\"@type\":\"ListItem\",\"position\":2,\"name\":\"Al via con Brolo i playoff promozione\"}]},{\"@type\":\"WebSite\",\"@id\":\"https:\\\/\\\/www.materdominivolley.it\\\/home\\\/#website\",\"url\":\"https:\\\/\\\/www.materdominivolley.it\\\/home\\\/\",\"name\":\"materdominivolley\",\"description\":\"\",\"publisher\":{\"@id\":\"https:\\\/\\\/www.materdominivolley.it\\\/home\\\/#organization\"},\"potentialAction\":[{\"@type\":\"SearchAction\",\"target\":{\"@type\":\"EntryPoint\",\"urlTemplate\":\"https:\\\/\\\/www.materdominivolley.it\\\/home\\\/?s={search_term_string}\"},\"query-input\":{\"@type\":\"PropertyValueSpecification\",\"valueRequired\":true,\"valueName\":\"search_term_string\"}}],\"inLanguage\":\"it-IT\"},{\"@type\":\"Organization\",\"@id\":\"https:\\\/\\\/www.materdominivolley.it\\\/home\\\/#organization\",\"name\":\"Materdominivolley.it\",\"url\":\"https:\\\/\\\/www.materdominivolley.it\\\/home\\\/\",\"logo\":{\"@type\":\"ImageObject\",\"inLanguage\":\"it-IT\",\"@id\":\"https:\\\/\\\/www.materdominivolley.it\\\/home\\\/#\\\/schema\\\/logo\\\/image\\\/\",\"url\":\"https:\\\/\\\/www.materdominivolley.it\\\/home\\\/wp-content\\\/uploads\\\/2019\\\/10\\\/Senza-titolo-1-2.png\",\"contentUrl\":\"https:\\\/\\\/www.materdominivolley.it\\\/home\\\/wp-content\\\/uploads\\\/2019\\\/10\\\/Senza-titolo-1-2.png\",\"width\":180,\"height\":250,\"caption\":\"Materdominivolley.it\"},\"image\":{\"@id\":\"https:\\\/\\\/www.materdominivolley.it\\\/home\\\/#\\\/schema\\\/logo\\\/image\\\/\"},\"sameAs\":[\"https:\\\/\\\/www.facebook.com\\\/materdominivolleyit\\\/\"]},{\"@type\":\"Person\",\"@id\":\"https:\\\/\\\/www.materdominivolley.it\\\/home\\\/#\\\/schema\\\/person\\\/86961330b970aecf0b9729df84069339\",\"name\":\"admin-mater\",\"image\":{\"@type\":\"ImageObject\",\"inLanguage\":\"it-IT\",\"@id\":\"https:\\\/\\\/secure.gravatar.com\\\/avatar\\\/71d088b9255aa52813637243630e63af9ffd99251cfb71c8536f2d3794cac08e?s=96&d=mm&r=g\",\"url\":\"https:\\\/\\\/secure.gravatar.com\\\/avatar\\\/71d088b9255aa52813637243630e63af9ffd99251cfb71c8536f2d3794cac08e?s=96&d=mm&r=g\",\"contentUrl\":\"https:\\\/\\\/secure.gravatar.com\\\/avatar\\\/71d088b9255aa52813637243630e63af9ffd99251cfb71c8536f2d3794cac08e?s=96&d=mm&r=g\",\"caption\":\"admin-mater\"},\"url\":\"https:\\\/\\\/www.materdominivolley.it\\\/home\\\/author\\\/admin-mater\\\/\"}]}<\/script>\n<!-- \/ Yoast SEO plugin. -->","yoast_head_json":{"title":"Al via con Brolo i playoff promozione - materdominivolley","robots":{"index":"index","follow":"follow","max-snippet":"max-snippet:-1","max-image-preview":"max-image-preview:large","max-video-preview":"max-video-preview:-1"},"canonical":"https:\/\/www.materdominivolley.it\/home\/2014\/03\/20\/al-via-con-brolo-i-playoff-promozione\/","og_locale":"it_IT","og_type":"article","og_title":"Al via con Brolo i playoff promozione - materdominivolley","og_description":"Gara 1 degli ottavi in programma domani, mercoled\u00ec 19, alle ore 20,30 al PalaGrotte. La Materdomini partecipa per la seconda volta ai playoff, l'ultima nel 2006\/2007. Fanizza: \"Ambizioni? Continueremo a divertirci e crescere tecnicamente\"","og_url":"https:\/\/www.materdominivolley.it\/home\/2014\/03\/20\/al-via-con-brolo-i-playoff-promozione\/","og_site_name":"materdominivolley","article_publisher":"https:\/\/www.facebook.com\/materdominivolleyit\/","article_published_time":"2014-03-20T08:00:56+00:00","og_image":[{"width":980,"height":400,"url":"https:\/\/www.materdominivolley.it\/home\/wp-content\/uploads\/2019\/09\/mater_completa.jpg","type":"image\/jpeg"}],"author":"admin-mater","twitter_card":"summary_large_image","twitter_misc":{"Scritto da":"admin-mater","Tempo di lettura stimato":"2 minuti"},"schema":{"@context":"https:\/\/schema.org","@graph":[{"@type":"Article","@id":"https:\/\/www.materdominivolley.it\/home\/2014\/03\/20\/al-via-con-brolo-i-playoff-promozione\/#article","isPartOf":{"@id":"https:\/\/www.materdominivolley.it\/home\/2014\/03\/20\/al-via-con-brolo-i-playoff-promozione\/"},"author":{"name":"admin-mater","@id":"https:\/\/www.materdominivolley.it\/home\/#\/schema\/person\/86961330b970aecf0b9729df84069339"},"headline":"Al via con Brolo i playoff promozione","datePublished":"2014-03-20T08:00:56+00:00","mainEntityOfPage":{"@id":"https:\/\/www.materdominivolley.it\/home\/2014\/03\/20\/al-via-con-brolo-i-playoff-promozione\/"},"wordCount":322,"commentCount":0,"publisher":{"@id":"https:\/\/www.materdominivolley.it\/home\/#organization"},"image":{"@id":"https:\/\/www.materdominivolley.it\/home\/2014\/03\/20\/al-via-con-brolo-i-playoff-promozione\/#primaryimage"},"thumbnailUrl":"https:\/\/www.materdominivolley.it\/home\/wp-content\/uploads\/2019\/09\/mater_completa.jpg","articleSection":["Serie A2"],"inLanguage":"it-IT","potentialAction":[{"@type":"CommentAction","name":"Comment","target":["https:\/\/www.materdominivolley.it\/home\/2014\/03\/20\/al-via-con-brolo-i-playoff-promozione\/#respond"]}]},{"@type":"WebPage","@id":"https:\/\/www.materdominivolley.it\/home\/2014\/03\/20\/al-via-con-brolo-i-playoff-promozione\/","url":"https:\/\/www.materdominivolley.it\/home\/2014\/03\/20\/al-via-con-brolo-i-playoff-promozione\/","name":"Al via con Brolo i playoff promozione - materdominivolley","isPartOf":{"@id":"https:\/\/www.materdominivolley.it\/home\/#website"},"primaryImageOfPage":{"@id":"https:\/\/www.materdominivolley.it\/home\/2014\/03\/20\/al-via-con-brolo-i-playoff-promozione\/#primaryimage"},"image":{"@id":"https:\/\/www.materdominivolley.it\/home\/2014\/03\/20\/al-via-con-brolo-i-playoff-promozione\/#primaryimage"},"thumbnailUrl":"https:\/\/www.materdominivolley.it\/home\/wp-content\/uploads\/2019\/09\/mater_completa.jpg","datePublished":"2014-03-20T08:00:56+00:00","breadcrumb":{"@id":"https:\/\/www.materdominivolley.it\/home\/2014\/03\/20\/al-via-con-brolo-i-playoff-promozione\/#breadcrumb"},"inLanguage":"it-IT","potentialAction":[{"@type":"ReadAction","target":["https:\/\/www.materdominivolley.it\/home\/2014\/03\/20\/al-via-con-brolo-i-playoff-promozione\/"]}]},{"@type":"ImageObject","inLanguage":"it-IT","@id":"https:\/\/www.materdominivolley.it\/home\/2014\/03\/20\/al-via-con-brolo-i-playoff-promozione\/#primaryimage","url":"https:\/\/www.materdominivolley.it\/home\/wp-content\/uploads\/2019\/09\/mater_completa.jpg","contentUrl":"https:\/\/www.materdominivolley.it\/home\/wp-content\/uploads\/2019\/09\/mater_completa.jpg","width":980,"height":400},{"@type":"BreadcrumbList","@id":"https:\/\/www.materdominivolley.it\/home\/2014\/03\/20\/al-via-con-brolo-i-playoff-promozione\/#breadcrumb","itemListElement":[{"@type":"ListItem","position":1,"name":"Home","item":"https:\/\/www.materdominivolley.it\/home\/"},{"@type":"ListItem","position":2,"name":"Al via con Brolo i playoff promozione"}]},{"@type":"WebSite","@id":"https:\/\/www.materdominivolley.it\/home\/#website","url":"https:\/\/www.materdominivolley.it\/home\/","name":"materdominivolley","description":"","publisher":{"@id":"https:\/\/www.materdominivolley.it\/home\/#organization"},"potentialAction":[{"@type":"SearchAction","target":{"@type":"EntryPoint","urlTemplate":"https:\/\/www.materdominivolley.it\/home\/?s={search_term_string}"},"query-input":{"@type":"PropertyValueSpecification","valueRequired":true,"valueName":"search_term_string"}}],"inLanguage":"it-IT"},{"@type":"Organization","@id":"https:\/\/www.materdominivolley.it\/home\/#organization","name":"Materdominivolley.it","url":"https:\/\/www.materdominivolley.it\/home\/","logo":{"@type":"ImageObject","inLanguage":"it-IT","@id":"https:\/\/www.materdominivolley.it\/home\/#\/schema\/logo\/image\/","url":"https:\/\/www.materdominivolley.it\/home\/wp-content\/uploads\/2019\/10\/Senza-titolo-1-2.png","contentUrl":"https:\/\/www.materdominivolley.it\/home\/wp-content\/uploads\/2019\/10\/Senza-titolo-1-2.png","width":180,"height":250,"caption":"Materdominivolley.it"},"image":{"@id":"https:\/\/www.materdominivolley.it\/home\/#\/schema\/logo\/image\/"},"sameAs":["https:\/\/www.facebook.com\/materdominivolleyit\/"]},{"@type":"Person","@id":"https:\/\/www.materdominivolley.it\/home\/#\/schema\/person\/86961330b970aecf0b9729df84069339","name":"admin-mater","image":{"@type":"ImageObject","inLanguage":"it-IT","@id":"https:\/\/secure.gravatar.com\/avatar\/71d088b9255aa52813637243630e63af9ffd99251cfb71c8536f2d3794cac08e?s=96&d=mm&r=g","url":"https:\/\/secure.gravatar.com\/avatar\/71d088b9255aa52813637243630e63af9ffd99251cfb71c8536f2d3794cac08e?s=96&d=mm&r=g","contentUrl":"https:\/\/secure.gravatar.com\/avatar\/71d088b9255aa52813637243630e63af9ffd99251cfb71c8536f2d3794cac08e?s=96&d=mm&r=g","caption":"admin-mater"},"url":"https:\/\/www.materdominivolley.it\/home\/author\/admin-mater\/"}]}},"_links":{"self":[{"href":"https:\/\/www.materdominivolley.it\/home\/wp-json\/wp\/v2\/posts\/1422","targetHints":{"allow":["GET"]}}],"collection":[{"href":"https:\/\/www.materdominivolley.it\/home\/wp-json\/wp\/v2\/posts"}],"about":[{"href":"https:\/\/www.materdominivolley.it\/home\/wp-json\/wp\/v2\/types\/post"}],"author":[{"embeddable":true,"href":"https:\/\/www.materdominivolley.it\/home\/wp-json\/wp\/v2\/users\/1"}],"replies":[{"embeddable":true,"href":"https:\/\/www.materdominivolley.it\/home\/wp-json\/wp\/v2\/comments?post=1422"}],"version-history":[{"count":0,"href":"https:\/\/www.materdominivolley.it\/home\/wp-json\/wp\/v2\/posts\/1422\/revisions"}],"wp:featuredmedia":[{"embeddable":true,"href":"https:\/\/www.materdominivolley.it\/home\/wp-json\/wp\/v2\/media\/1408"}],"wp:attachment":[{"href":"https:\/\/www.materdominivolley.it\/home\/wp-json\/wp\/v2\/media?parent=1422"}],"wp:term":[{"taxonomy":"category","embeddable":true,"href":"https:\/\/www.materdominivolley.it\/home\/wp-json\/wp\/v2\/categories?post=1422"},{"taxonomy":"post_tag","embeddable":true,"href":"https:\/\/www.materdominivolley.it\/home\/wp-json\/wp\/v2\/tags?post=1422"}],"curies":[{"name":"wp","href":"https:\/\/api.w.org\/{rel}","templated":true}]}}