{"id":1450,"date":"2014-02-06T11:13:37","date_gmt":"2014-02-06T10:13:37","guid":{"rendered":"https:\/\/www.materdominivolley.it\/home\/2014\/02\/06\/mater-nazionale-spadavecchia-da-berruto\/"},"modified":"2014-02-06T11:13:37","modified_gmt":"2014-02-06T10:13:37","slug":"mater-nazionale-spadavecchia-da-berruto","status":"publish","type":"post","link":"https:\/\/www.materdominivolley.it\/home\/2014\/02\/06\/mater-nazionale-spadavecchia-da-berruto\/","title":{"rendered":"Mater nazionale: Spadavecchia da Berruto"},"content":{"rendered":"\n        <p>\n\tLa <strong>Materdominivolley.it Castellana Grotte<\/strong> \u00e8 sempre pi\u00f9 azzurra. La stagione dell\u2019accademia del volley giovanile di Puglia, iscritta al campionato nazionale serie A2 di pallavolo maschile, si tinge sempre pi\u00f9 dei colori della nazionale. Dopo le convocazioni di <strong>Leonardo Battista<\/strong> e di <strong>Alessandro Ciavarella<\/strong> che rientrano proprio oggi, gioved\u00ec 30 gennaio, dai quattro giorni di allenamenti nel gruppo juniores, in via Sonnino arriva anche la chiamata di Mauro Berruto. Al servizio del ct della nazionale, il team giallobl\u00f9 sar\u00e0 cos\u00ec rappresentato da <strong>Vincenzo Spadavecchia<\/strong>. Con un collegiale di due giorni, riparte, infatti, da Roma il progetto &#8220;Rio 2016&#8221; e, nel gruppo dei quindici convocati, il club della Citt\u00e0 delle Grotte avr\u00e0 l\u2019onore di figurare con il centrale pugliese, originario di Terlizzi, classe 1993, 204 cm. L\u2019appuntamento \u00e8 fissato per luned\u00ec 10 e marted\u00ec 11 febbraio con raduno presso il Centro di Preparazione Olimpica Giulio Onesti a Roma.<\/p>\n<p>\n\tCon entusiasmo <strong>Michele Miccolis<\/strong>, patron del sodalizio castellanese, ha commentato: \u201cQuest\u2019altra convocazione ci riempie di orgoglio. In questa stagione la chiamata di Spadavecchia nel gruppo dei big si aggiunge alle due precedenti di Ciavarella e Battista nella nazionale U20, talenti tutti cresciuti nel nostro vivaio. Stiamo diventando un punto di riferimento nazionale della pallavolo giovanile. La stima, le congratulazioni ed i riconoscimenti che vengono attribuiti al nostro lavoro sono la testimonianza che anni fa abbiamo visto bene. E ripenso anche alle molte critiche subite, soprattutto da chi affermava che eravamo visionari contro corrente. Continueremo ancora nel nostro progetto &#8211; conclude Miccolis &#8211; con l&#39;obiettivo di raggiungere risultati sempre pi\u00f9 prestigiosi. Nel frattempo ci godiamo i nostri atleti convocati e la seria A2 che ci sta dando belle soddisfazioni, soprattutto di crescita tecnica\u201d.<\/p>\n        ","protected":false},"excerpt":{"rendered":"<p><!-- wp:paragraph --><br \/>\n        Dopo le convocazioni di Leonardo Battista e di Alessandro Ciavarella nel gruppo juniores, la chiamata di Mauro Berruto a Vincenzo Spadavecchia per il progetto Rio 2016<br \/>\n        <!-- \/wp:paragraph --><\/p>\n","protected":false},"author":1,"featured_media":1451,"comment_status":"open","ping_status":"closed","sticky":false,"template":"","format":"standard","meta":{"footnotes":""},"categories":[],"tags":[],"class_list":["post-1450","post","type-post","status-publish","format-standard","has-post-thumbnail","hentry"],"yoast_head":"<!-- This site is optimized with the Yoast SEO plugin v27.4 - https:\/\/yoast.com\/product\/yoast-seo-wordpress\/ -->\n<title>Mater nazionale: Spadavecchia da Berruto - materdominivolley<\/title>\n<meta name=\"robots\" content=\"index, follow, max-snippet:-1, max-image-preview:large, max-video-preview:-1\" \/>\n<link rel=\"canonical\" href=\"https:\/\/www.materdominivolley.it\/home\/2014\/02\/06\/mater-nazionale-spadavecchia-da-berruto\/\" \/>\n<meta property=\"og:locale\" content=\"it_IT\" \/>\n<meta property=\"og:type\" content=\"article\" \/>\n<meta property=\"og:title\" content=\"Mater nazionale: Spadavecchia da Berruto - materdominivolley\" \/>\n<meta property=\"og:description\" content=\"Dopo le convocazioni di Leonardo Battista e di Alessandro Ciavarella nel gruppo juniores, la chiamata di Mauro Berruto a Vincenzo Spadavecchia per il progetto Rio 2016\" \/>\n<meta property=\"og:url\" content=\"https:\/\/www.materdominivolley.it\/home\/2014\/02\/06\/mater-nazionale-spadavecchia-da-berruto\/\" \/>\n<meta property=\"og:site_name\" content=\"materdominivolley\" \/>\n<meta property=\"article:publisher\" content=\"https:\/\/www.facebook.com\/materdominivolleyit\/\" \/>\n<meta property=\"article:published_time\" content=\"2014-02-06T10:13:37+00:00\" \/>\n<meta property=\"og:image\" content=\"https:\/\/www.materdominivolley.it\/home\/wp-content\/uploads\/2019\/09\/vincenzo_spadavecchia.jpg\" \/>\n\t<meta property=\"og:image:width\" content=\"980\" \/>\n\t<meta property=\"og:image:height\" content=\"400\" \/>\n\t<meta property=\"og:image:type\" content=\"image\/jpeg\" \/>\n<meta name=\"author\" content=\"admin-mater\" \/>\n<meta name=\"twitter:card\" content=\"summary_large_image\" \/>\n<meta name=\"twitter:label1\" content=\"Scritto da\" \/>\n\t<meta name=\"twitter:data1\" content=\"admin-mater\" \/>\n\t<meta name=\"twitter:label2\" content=\"Tempo di lettura stimato\" \/>\n\t<meta name=\"twitter:data2\" content=\"1 minuto\" \/>\n<script type=\"application\/ld+json\" class=\"yoast-schema-graph\">{\"@context\":\"https:\\\/\\\/schema.org\",\"@graph\":[{\"@type\":\"Article\",\"@id\":\"https:\\\/\\\/www.materdominivolley.it\\\/home\\\/2014\\\/02\\\/06\\\/mater-nazionale-spadavecchia-da-berruto\\\/#article\",\"isPartOf\":{\"@id\":\"https:\\\/\\\/www.materdominivolley.it\\\/home\\\/2014\\\/02\\\/06\\\/mater-nazionale-spadavecchia-da-berruto\\\/\"},\"author\":{\"name\":\"admin-mater\",\"@id\":\"https:\\\/\\\/www.materdominivolley.it\\\/home\\\/#\\\/schema\\\/person\\\/86961330b970aecf0b9729df84069339\"},\"headline\":\"Mater nazionale: Spadavecchia da Berruto\",\"datePublished\":\"2014-02-06T10:13:37+00:00\",\"mainEntityOfPage\":{\"@id\":\"https:\\\/\\\/www.materdominivolley.it\\\/home\\\/2014\\\/02\\\/06\\\/mater-nazionale-spadavecchia-da-berruto\\\/\"},\"wordCount\":281,\"commentCount\":0,\"publisher\":{\"@id\":\"https:\\\/\\\/www.materdominivolley.it\\\/home\\\/#organization\"},\"image\":{\"@id\":\"https:\\\/\\\/www.materdominivolley.it\\\/home\\\/2014\\\/02\\\/06\\\/mater-nazionale-spadavecchia-da-berruto\\\/#primaryimage\"},\"thumbnailUrl\":\"https:\\\/\\\/www.materdominivolley.it\\\/home\\\/wp-content\\\/uploads\\\/2019\\\/09\\\/vincenzo_spadavecchia.jpg\",\"inLanguage\":\"it-IT\",\"potentialAction\":[{\"@type\":\"CommentAction\",\"name\":\"Comment\",\"target\":[\"https:\\\/\\\/www.materdominivolley.it\\\/home\\\/2014\\\/02\\\/06\\\/mater-nazionale-spadavecchia-da-berruto\\\/#respond\"]}]},{\"@type\":\"WebPage\",\"@id\":\"https:\\\/\\\/www.materdominivolley.it\\\/home\\\/2014\\\/02\\\/06\\\/mater-nazionale-spadavecchia-da-berruto\\\/\",\"url\":\"https:\\\/\\\/www.materdominivolley.it\\\/home\\\/2014\\\/02\\\/06\\\/mater-nazionale-spadavecchia-da-berruto\\\/\",\"name\":\"Mater nazionale: Spadavecchia da Berruto - materdominivolley\",\"isPartOf\":{\"@id\":\"https:\\\/\\\/www.materdominivolley.it\\\/home\\\/#website\"},\"primaryImageOfPage\":{\"@id\":\"https:\\\/\\\/www.materdominivolley.it\\\/home\\\/2014\\\/02\\\/06\\\/mater-nazionale-spadavecchia-da-berruto\\\/#primaryimage\"},\"image\":{\"@id\":\"https:\\\/\\\/www.materdominivolley.it\\\/home\\\/2014\\\/02\\\/06\\\/mater-nazionale-spadavecchia-da-berruto\\\/#primaryimage\"},\"thumbnailUrl\":\"https:\\\/\\\/www.materdominivolley.it\\\/home\\\/wp-content\\\/uploads\\\/2019\\\/09\\\/vincenzo_spadavecchia.jpg\",\"datePublished\":\"2014-02-06T10:13:37+00:00\",\"breadcrumb\":{\"@id\":\"https:\\\/\\\/www.materdominivolley.it\\\/home\\\/2014\\\/02\\\/06\\\/mater-nazionale-spadavecchia-da-berruto\\\/#breadcrumb\"},\"inLanguage\":\"it-IT\",\"potentialAction\":[{\"@type\":\"ReadAction\",\"target\":[\"https:\\\/\\\/www.materdominivolley.it\\\/home\\\/2014\\\/02\\\/06\\\/mater-nazionale-spadavecchia-da-berruto\\\/\"]}]},{\"@type\":\"ImageObject\",\"inLanguage\":\"it-IT\",\"@id\":\"https:\\\/\\\/www.materdominivolley.it\\\/home\\\/2014\\\/02\\\/06\\\/mater-nazionale-spadavecchia-da-berruto\\\/#primaryimage\",\"url\":\"https:\\\/\\\/www.materdominivolley.it\\\/home\\\/wp-content\\\/uploads\\\/2019\\\/09\\\/vincenzo_spadavecchia.jpg\",\"contentUrl\":\"https:\\\/\\\/www.materdominivolley.it\\\/home\\\/wp-content\\\/uploads\\\/2019\\\/09\\\/vincenzo_spadavecchia.jpg\",\"width\":980,\"height\":400},{\"@type\":\"BreadcrumbList\",\"@id\":\"https:\\\/\\\/www.materdominivolley.it\\\/home\\\/2014\\\/02\\\/06\\\/mater-nazionale-spadavecchia-da-berruto\\\/#breadcrumb\",\"itemListElement\":[{\"@type\":\"ListItem\",\"position\":1,\"name\":\"Home\",\"item\":\"https:\\\/\\\/www.materdominivolley.it\\\/home\\\/\"},{\"@type\":\"ListItem\",\"position\":2,\"name\":\"Mater nazionale: Spadavecchia da Berruto\"}]},{\"@type\":\"WebSite\",\"@id\":\"https:\\\/\\\/www.materdominivolley.it\\\/home\\\/#website\",\"url\":\"https:\\\/\\\/www.materdominivolley.it\\\/home\\\/\",\"name\":\"materdominivolley\",\"description\":\"\",\"publisher\":{\"@id\":\"https:\\\/\\\/www.materdominivolley.it\\\/home\\\/#organization\"},\"potentialAction\":[{\"@type\":\"SearchAction\",\"target\":{\"@type\":\"EntryPoint\",\"urlTemplate\":\"https:\\\/\\\/www.materdominivolley.it\\\/home\\\/?s={search_term_string}\"},\"query-input\":{\"@type\":\"PropertyValueSpecification\",\"valueRequired\":true,\"valueName\":\"search_term_string\"}}],\"inLanguage\":\"it-IT\"},{\"@type\":\"Organization\",\"@id\":\"https:\\\/\\\/www.materdominivolley.it\\\/home\\\/#organization\",\"name\":\"Materdominivolley.it\",\"url\":\"https:\\\/\\\/www.materdominivolley.it\\\/home\\\/\",\"logo\":{\"@type\":\"ImageObject\",\"inLanguage\":\"it-IT\",\"@id\":\"https:\\\/\\\/www.materdominivolley.it\\\/home\\\/#\\\/schema\\\/logo\\\/image\\\/\",\"url\":\"https:\\\/\\\/www.materdominivolley.it\\\/home\\\/wp-content\\\/uploads\\\/2019\\\/10\\\/Senza-titolo-1-2.png\",\"contentUrl\":\"https:\\\/\\\/www.materdominivolley.it\\\/home\\\/wp-content\\\/uploads\\\/2019\\\/10\\\/Senza-titolo-1-2.png\",\"width\":180,\"height\":250,\"caption\":\"Materdominivolley.it\"},\"image\":{\"@id\":\"https:\\\/\\\/www.materdominivolley.it\\\/home\\\/#\\\/schema\\\/logo\\\/image\\\/\"},\"sameAs\":[\"https:\\\/\\\/www.facebook.com\\\/materdominivolleyit\\\/\"]},{\"@type\":\"Person\",\"@id\":\"https:\\\/\\\/www.materdominivolley.it\\\/home\\\/#\\\/schema\\\/person\\\/86961330b970aecf0b9729df84069339\",\"name\":\"admin-mater\",\"image\":{\"@type\":\"ImageObject\",\"inLanguage\":\"it-IT\",\"@id\":\"https:\\\/\\\/secure.gravatar.com\\\/avatar\\\/71d088b9255aa52813637243630e63af9ffd99251cfb71c8536f2d3794cac08e?s=96&d=mm&r=g\",\"url\":\"https:\\\/\\\/secure.gravatar.com\\\/avatar\\\/71d088b9255aa52813637243630e63af9ffd99251cfb71c8536f2d3794cac08e?s=96&d=mm&r=g\",\"contentUrl\":\"https:\\\/\\\/secure.gravatar.com\\\/avatar\\\/71d088b9255aa52813637243630e63af9ffd99251cfb71c8536f2d3794cac08e?s=96&d=mm&r=g\",\"caption\":\"admin-mater\"},\"url\":\"https:\\\/\\\/www.materdominivolley.it\\\/home\\\/author\\\/admin-mater\\\/\"}]}<\/script>\n<!-- \/ Yoast SEO plugin. -->","yoast_head_json":{"title":"Mater nazionale: Spadavecchia da Berruto - materdominivolley","robots":{"index":"index","follow":"follow","max-snippet":"max-snippet:-1","max-image-preview":"max-image-preview:large","max-video-preview":"max-video-preview:-1"},"canonical":"https:\/\/www.materdominivolley.it\/home\/2014\/02\/06\/mater-nazionale-spadavecchia-da-berruto\/","og_locale":"it_IT","og_type":"article","og_title":"Mater nazionale: Spadavecchia da Berruto - materdominivolley","og_description":"Dopo le convocazioni di Leonardo Battista e di Alessandro Ciavarella nel gruppo juniores, la chiamata di Mauro Berruto a Vincenzo Spadavecchia per il progetto Rio 2016","og_url":"https:\/\/www.materdominivolley.it\/home\/2014\/02\/06\/mater-nazionale-spadavecchia-da-berruto\/","og_site_name":"materdominivolley","article_publisher":"https:\/\/www.facebook.com\/materdominivolleyit\/","article_published_time":"2014-02-06T10:13:37+00:00","og_image":[{"width":980,"height":400,"url":"https:\/\/www.materdominivolley.it\/home\/wp-content\/uploads\/2019\/09\/vincenzo_spadavecchia.jpg","type":"image\/jpeg"}],"author":"admin-mater","twitter_card":"summary_large_image","twitter_misc":{"Scritto da":"admin-mater","Tempo di lettura stimato":"1 minuto"},"schema":{"@context":"https:\/\/schema.org","@graph":[{"@type":"Article","@id":"https:\/\/www.materdominivolley.it\/home\/2014\/02\/06\/mater-nazionale-spadavecchia-da-berruto\/#article","isPartOf":{"@id":"https:\/\/www.materdominivolley.it\/home\/2014\/02\/06\/mater-nazionale-spadavecchia-da-berruto\/"},"author":{"name":"admin-mater","@id":"https:\/\/www.materdominivolley.it\/home\/#\/schema\/person\/86961330b970aecf0b9729df84069339"},"headline":"Mater nazionale: Spadavecchia da Berruto","datePublished":"2014-02-06T10:13:37+00:00","mainEntityOfPage":{"@id":"https:\/\/www.materdominivolley.it\/home\/2014\/02\/06\/mater-nazionale-spadavecchia-da-berruto\/"},"wordCount":281,"commentCount":0,"publisher":{"@id":"https:\/\/www.materdominivolley.it\/home\/#organization"},"image":{"@id":"https:\/\/www.materdominivolley.it\/home\/2014\/02\/06\/mater-nazionale-spadavecchia-da-berruto\/#primaryimage"},"thumbnailUrl":"https:\/\/www.materdominivolley.it\/home\/wp-content\/uploads\/2019\/09\/vincenzo_spadavecchia.jpg","inLanguage":"it-IT","potentialAction":[{"@type":"CommentAction","name":"Comment","target":["https:\/\/www.materdominivolley.it\/home\/2014\/02\/06\/mater-nazionale-spadavecchia-da-berruto\/#respond"]}]},{"@type":"WebPage","@id":"https:\/\/www.materdominivolley.it\/home\/2014\/02\/06\/mater-nazionale-spadavecchia-da-berruto\/","url":"https:\/\/www.materdominivolley.it\/home\/2014\/02\/06\/mater-nazionale-spadavecchia-da-berruto\/","name":"Mater nazionale: Spadavecchia da Berruto - materdominivolley","isPartOf":{"@id":"https:\/\/www.materdominivolley.it\/home\/#website"},"primaryImageOfPage":{"@id":"https:\/\/www.materdominivolley.it\/home\/2014\/02\/06\/mater-nazionale-spadavecchia-da-berruto\/#primaryimage"},"image":{"@id":"https:\/\/www.materdominivolley.it\/home\/2014\/02\/06\/mater-nazionale-spadavecchia-da-berruto\/#primaryimage"},"thumbnailUrl":"https:\/\/www.materdominivolley.it\/home\/wp-content\/uploads\/2019\/09\/vincenzo_spadavecchia.jpg","datePublished":"2014-02-06T10:13:37+00:00","breadcrumb":{"@id":"https:\/\/www.materdominivolley.it\/home\/2014\/02\/06\/mater-nazionale-spadavecchia-da-berruto\/#breadcrumb"},"inLanguage":"it-IT","potentialAction":[{"@type":"ReadAction","target":["https:\/\/www.materdominivolley.it\/home\/2014\/02\/06\/mater-nazionale-spadavecchia-da-berruto\/"]}]},{"@type":"ImageObject","inLanguage":"it-IT","@id":"https:\/\/www.materdominivolley.it\/home\/2014\/02\/06\/mater-nazionale-spadavecchia-da-berruto\/#primaryimage","url":"https:\/\/www.materdominivolley.it\/home\/wp-content\/uploads\/2019\/09\/vincenzo_spadavecchia.jpg","contentUrl":"https:\/\/www.materdominivolley.it\/home\/wp-content\/uploads\/2019\/09\/vincenzo_spadavecchia.jpg","width":980,"height":400},{"@type":"BreadcrumbList","@id":"https:\/\/www.materdominivolley.it\/home\/2014\/02\/06\/mater-nazionale-spadavecchia-da-berruto\/#breadcrumb","itemListElement":[{"@type":"ListItem","position":1,"name":"Home","item":"https:\/\/www.materdominivolley.it\/home\/"},{"@type":"ListItem","position":2,"name":"Mater nazionale: Spadavecchia da Berruto"}]},{"@type":"WebSite","@id":"https:\/\/www.materdominivolley.it\/home\/#website","url":"https:\/\/www.materdominivolley.it\/home\/","name":"materdominivolley","description":"","publisher":{"@id":"https:\/\/www.materdominivolley.it\/home\/#organization"},"potentialAction":[{"@type":"SearchAction","target":{"@type":"EntryPoint","urlTemplate":"https:\/\/www.materdominivolley.it\/home\/?s={search_term_string}"},"query-input":{"@type":"PropertyValueSpecification","valueRequired":true,"valueName":"search_term_string"}}],"inLanguage":"it-IT"},{"@type":"Organization","@id":"https:\/\/www.materdominivolley.it\/home\/#organization","name":"Materdominivolley.it","url":"https:\/\/www.materdominivolley.it\/home\/","logo":{"@type":"ImageObject","inLanguage":"it-IT","@id":"https:\/\/www.materdominivolley.it\/home\/#\/schema\/logo\/image\/","url":"https:\/\/www.materdominivolley.it\/home\/wp-content\/uploads\/2019\/10\/Senza-titolo-1-2.png","contentUrl":"https:\/\/www.materdominivolley.it\/home\/wp-content\/uploads\/2019\/10\/Senza-titolo-1-2.png","width":180,"height":250,"caption":"Materdominivolley.it"},"image":{"@id":"https:\/\/www.materdominivolley.it\/home\/#\/schema\/logo\/image\/"},"sameAs":["https:\/\/www.facebook.com\/materdominivolleyit\/"]},{"@type":"Person","@id":"https:\/\/www.materdominivolley.it\/home\/#\/schema\/person\/86961330b970aecf0b9729df84069339","name":"admin-mater","image":{"@type":"ImageObject","inLanguage":"it-IT","@id":"https:\/\/secure.gravatar.com\/avatar\/71d088b9255aa52813637243630e63af9ffd99251cfb71c8536f2d3794cac08e?s=96&d=mm&r=g","url":"https:\/\/secure.gravatar.com\/avatar\/71d088b9255aa52813637243630e63af9ffd99251cfb71c8536f2d3794cac08e?s=96&d=mm&r=g","contentUrl":"https:\/\/secure.gravatar.com\/avatar\/71d088b9255aa52813637243630e63af9ffd99251cfb71c8536f2d3794cac08e?s=96&d=mm&r=g","caption":"admin-mater"},"url":"https:\/\/www.materdominivolley.it\/home\/author\/admin-mater\/"}]}},"_links":{"self":[{"href":"https:\/\/www.materdominivolley.it\/home\/wp-json\/wp\/v2\/posts\/1450","targetHints":{"allow":["GET"]}}],"collection":[{"href":"https:\/\/www.materdominivolley.it\/home\/wp-json\/wp\/v2\/posts"}],"about":[{"href":"https:\/\/www.materdominivolley.it\/home\/wp-json\/wp\/v2\/types\/post"}],"author":[{"embeddable":true,"href":"https:\/\/www.materdominivolley.it\/home\/wp-json\/wp\/v2\/users\/1"}],"replies":[{"embeddable":true,"href":"https:\/\/www.materdominivolley.it\/home\/wp-json\/wp\/v2\/comments?post=1450"}],"version-history":[{"count":0,"href":"https:\/\/www.materdominivolley.it\/home\/wp-json\/wp\/v2\/posts\/1450\/revisions"}],"wp:featuredmedia":[{"embeddable":true,"href":"https:\/\/www.materdominivolley.it\/home\/wp-json\/wp\/v2\/media\/1451"}],"wp:attachment":[{"href":"https:\/\/www.materdominivolley.it\/home\/wp-json\/wp\/v2\/media?parent=1450"}],"wp:term":[{"taxonomy":"category","embeddable":true,"href":"https:\/\/www.materdominivolley.it\/home\/wp-json\/wp\/v2\/categories?post=1450"},{"taxonomy":"post_tag","embeddable":true,"href":"https:\/\/www.materdominivolley.it\/home\/wp-json\/wp\/v2\/tags?post=1450"}],"curies":[{"name":"wp","href":"https:\/\/api.w.org\/{rel}","templated":true}]}}