{"id":1452,"date":"2014-01-30T11:15:38","date_gmt":"2014-01-30T10:15:38","guid":{"rendered":"https:\/\/www.materdominivolley.it\/home\/2014\/01\/30\/castellana-torna-a-cantare-sora-ko\/"},"modified":"2014-01-30T11:15:38","modified_gmt":"2014-01-30T10:15:38","slug":"castellana-torna-a-cantare-sora-ko","status":"publish","type":"post","link":"https:\/\/www.materdominivolley.it\/home\/2014\/01\/30\/castellana-torna-a-cantare-sora-ko\/","title":{"rendered":"Castellana torna a cantare: Sora ko"},"content":{"rendered":"\n        <p>\n\tLa <strong>Materdominivollley.it Castellana Grotte<\/strong>, nella quarta giornata di ritorno del campionato nazionale serie A2 di pallavolo maschile, centra l&#39;impresa, batte la <strong>Globo Banca Popolare del Frusinate Sora<\/strong> per 3-1 e finalmente torna a cantare sulle note dall&#39;inno sociale. Conquista tre punti la formazione allenata da <strong>Vincenzo Fanizza<\/strong>, cos\u00ec come non accadeva dall&#39;8 dicembre scorso, sempre in casa contro Milano. Torna al successo la Materdominivolley.it, l&#39;ultima volta un mese fa, e guarda con rinnovato entusiasmo all&#39;ultima fase della regular season.<\/p>\n<p>\n\tDa una parte l&#39;ex Libraro, dall&#39;altra i pugliesi Fiore e Rizzo, oltre a Salgado gi\u00e0 visto a Castellana qualche stagione fa. Materdomini in campo con la formazione tipo: Pellegrino-Cazzaniga, Spadavecchia-Sperandio centrali, Libraro-Castellano schiacciato ri\u00e8, Primavera-Battista liberi. Sora risponde con Daldello opposto a Tamburo, Salgado e Tomassetti al centro, Allan e Fiore di banda, Rizzo libero.<\/p>\n<p>\n\tDue di Libraro e due di Cazzaniga nella buona partenza di Castellana (6-3). Castellano e il muro di Sperandio tengono avanti la Mater anche al tempo tecnico (12-10), Allan tiene nel set Sora con due block out: 14-14. Due di Spadavecchia e due di Pellegrino (anche un ace): Castellana torna avanti con i giovani (18-16). Il turno in battuta di Daldello crea ancora difficolt\u00e0 alla Mater (18-19) con Sora che passa in vantaggio ma subisce il ritorno di Cazzaniga: due e una gran difesa per il 23-22. Tocca a capitan Castellano chiudere il 25-23.<\/p>\n<p>\n\tDurante la pausa, massaggi a bordo campo per un Cazzaniga acciaccato alla coscia destra. Sora avanti con Salgado (5-8): Fanizza costretto subito al time out. Sperandio e Spadavecchia riportano su Castellana ma un altro centrale, Tomasetti, decisivo per l&#39;8-12. Sora allunga col turno in battuta di Allan (8-14), Castellana rientra con Libraro e Castellano: 11-14. Castellana lotta, ma il muro di Salgado e l&#39;ace di Fiore per il 13-19 sono una condanna. Spadavecchia e Cazzaniga fino alla fine (19-23), Tamburo e Salgado per il sigillo del 19-25.<\/p>\n<p>\n\tSi riparte da Cazzaniga, nonostante il problema fisico, e Castellano: 6-4 prima, 8-6 poi. Muro di Sperandio (10-6) e due errori laziali prima del tempo tecnico: 12-6. Castellana lavora bene dal centro: Sperandio per il 13-7. Sora accorcia con Tamburo (15-12), servono l&#39;esperienza di Libraro e Castellano per il 17-13. Tanti errori, da una parte e dall&#39;altra: 19-16. Un altro muro di Sperandio accende finalmente il PalaGrotte (20-16), Salgado e Fiore lo zittiscono: 20-18. Cazzaniga piazza diagonale (21-18) ed ace (24-20): il muro di Spadavecchia per il 25-20.<\/p>\n<p>\n\tInizio in equilibrio, poi Sperandio (due muri) e Cazzaniga cambiano il ritmo della gara: 10-6. Fenoglio prova a cambiare la regia, Sora reagisce ma continua a subire: errore di Allan per il 12-8. Funziona ancora il gioco al centro di Pellegrino: Spadavecchia per il 14-11 e Sperandio per il 17-13. Sora sbanda, il PalaGrotte salta: due di Cazzaniga per il 20-14. L&#39;opposto ci mette anche il muro del 21-14. Castellano piazza ace e pipe del 23-14. La chiude un errore del Sora sul 25-18<\/p>\n<p>\n\t\u00a0<\/p>\n<p>\n\t<strong>TABELLINO<\/strong><\/p>\n<p>\n\t\u00a0<\/p>\n<p>\n\t<strong>Materdominivolley.it Castellana Grotte \u2013 Globo Banca Popolare del Frusinate Sora 3-1<\/strong><\/p>\n<p>\n\t25-23 (29&#39;), 19-25 (24&#39;), 25-20 (26&#39;), 25-18 (24&#39;)<\/p>\n<p>\n\t\u00a0<\/p>\n<p>\n\t<strong>Castellana Grotte:<\/strong>Pellegrino 6, Castellano 16, Spadavecchia 10, Cazzaniga 21, Libraro 10, Sperandio 8, Battista (L), Primavera (L), Braico. ne Civita, Petrosillo, Mariella, Ciavarella.<\/p>\n<p>\n\tAll. Fanizza, II All. Castiglia, scout Pastore<\/p>\n<p>\n\tBattute vincenti\/errate: 4\/19<\/p>\n<p>\n\tMuri: 11<\/p>\n<p>\n\tRicezione positiva\/perfetta: 77\/41. Attacco: 50<\/p>\n<p>\n\tErrori gratuiti: 7 att \/ 5 ric<\/p>\n<p>\n\t<strong>Sora:<\/strong>Daldello 3, Fiore 12, Salgado 12, Tamburo 18, Allan 9, Tomassetti 4, Rizzo (L), Cittadino, Gradi, Beccaro, Casarin. ne Corsetti, Bonami.<\/p>\n<p>\n\tAll. Fenoglio, II All. Colucci, scout Frasca<\/p>\n<p>\n\tBattute vincenti\/errate: 2\/10<\/p>\n<p>\n\tMuri: 9<\/p>\n<p>\n\tRicezione positiva\/perfetta: 58\/34. Attacco: 44<\/p>\n<p>\n\tErrori gratuiti: 10 att \/ 5 ric<\/p>\n<p>\n\t<strong>Arbitri:<\/strong>Luca Andreoni di Lissone (Mb) e Giuseppe Piluso di Cosenza<\/p>\n<p>\n\t\u00a0<\/p>\n<p>\n\t<strong>POST PARTITA<\/strong><\/p>\n<p>\n\t\u00a0<\/p>\n<p>\n\tCazzaniga, opposto Castellana: &#8220;Una partita giocata molto bene da noi,\u00a0 una vittoria meritata. Ci siamo allenati bene per tutta la settimana e siamo riusciti a mettere in pratica tutto quello che avevamo preparato. Pellegrino secondo me ha giocato una gran partita, ma tutti nessuno escluso meritiamo questa soddisfazione. Il mio infortunio? Nel primo set, per fortuna lo staff \u00e9 riuscito a tenermi sciolto. Anche Castellano era acciaccato, non potevamo rinunciare a giocare&#8221;.<\/p>\n<p>\n\t\u00a0<\/p>\n<p>\n\tFanizza, tecnico Castellana: &#8220;Siamo contenti, partiamo da qui. Successo che affonda le radici nel ko di Potenza Picena, gara nella quale meritavano qualcosa di pi\u00f9, e nell&#39;ottimo lavoro svolto in settimana. Gi\u00e0 da marted\u00ec ero fiducioso, questa impresa conferma la nostra crescita, possiamo andare oltre le aspettative. Basti guardare che rispetto al girone di andata abbiamo quattro punti in pi\u00f9. Grandissima prestazione di tutti, non un punto di arrivo ma un punto di partenza per le prossime gare&#8221;.<\/p>\n        ","protected":false},"excerpt":{"rendered":"<p><!-- wp:paragraph --><br \/>\n        Battendo la vice capolista, conquista tre punti la formazione allenata da Vincenzo Fanizza, cos\u00ec come non accadeva dall&#8217;8 dicembre scorso, sempre in casa contro Milano. Il ritorno al successo dopo un mese.<br \/>\n        <!-- \/wp:paragraph --><\/p>\n","protected":false},"author":1,"featured_media":1453,"comment_status":"open","ping_status":"closed","sticky":false,"template":"","format":"standard","meta":{"footnotes":""},"categories":[13],"tags":[],"class_list":["post-1452","post","type-post","status-publish","format-standard","has-post-thumbnail","hentry","category-serie-a2"],"yoast_head":"<!-- This site is optimized with the Yoast SEO plugin v27.4 - https:\/\/yoast.com\/product\/yoast-seo-wordpress\/ -->\n<title>Castellana torna a cantare: Sora ko - materdominivolley<\/title>\n<meta name=\"robots\" content=\"index, follow, max-snippet:-1, max-image-preview:large, max-video-preview:-1\" \/>\n<link rel=\"canonical\" href=\"https:\/\/www.materdominivolley.it\/home\/2014\/01\/30\/castellana-torna-a-cantare-sora-ko\/\" \/>\n<meta property=\"og:locale\" content=\"it_IT\" \/>\n<meta property=\"og:type\" content=\"article\" \/>\n<meta property=\"og:title\" content=\"Castellana torna a cantare: Sora ko - materdominivolley\" \/>\n<meta property=\"og:description\" content=\"Battendo la vice capolista, conquista tre punti la formazione allenata da Vincenzo Fanizza, cos\u00ec come non accadeva dall&#039;8 dicembre scorso, sempre in casa contro Milano. Il ritorno al successo dopo un mese.\" \/>\n<meta property=\"og:url\" content=\"https:\/\/www.materdominivolley.it\/home\/2014\/01\/30\/castellana-torna-a-cantare-sora-ko\/\" \/>\n<meta property=\"og:site_name\" content=\"materdominivolley\" \/>\n<meta property=\"article:publisher\" content=\"https:\/\/www.facebook.com\/materdominivolleyit\/\" \/>\n<meta property=\"article:published_time\" content=\"2014-01-30T10:15:38+00:00\" \/>\n<meta property=\"og:image\" content=\"https:\/\/www.materdominivolley.it\/home\/wp-content\/uploads\/2019\/09\/matersquadra.jpg\" \/>\n\t<meta property=\"og:image:width\" content=\"980\" \/>\n\t<meta property=\"og:image:height\" content=\"400\" \/>\n\t<meta property=\"og:image:type\" content=\"image\/jpeg\" \/>\n<meta name=\"author\" content=\"admin-mater\" \/>\n<meta name=\"twitter:card\" content=\"summary_large_image\" \/>\n<meta name=\"twitter:label1\" content=\"Scritto da\" \/>\n\t<meta name=\"twitter:data1\" content=\"admin-mater\" \/>\n\t<meta name=\"twitter:label2\" content=\"Tempo di lettura stimato\" \/>\n\t<meta name=\"twitter:data2\" content=\"4 minuti\" \/>\n<script type=\"application\/ld+json\" class=\"yoast-schema-graph\">{\"@context\":\"https:\\\/\\\/schema.org\",\"@graph\":[{\"@type\":\"Article\",\"@id\":\"https:\\\/\\\/www.materdominivolley.it\\\/home\\\/2014\\\/01\\\/30\\\/castellana-torna-a-cantare-sora-ko\\\/#article\",\"isPartOf\":{\"@id\":\"https:\\\/\\\/www.materdominivolley.it\\\/home\\\/2014\\\/01\\\/30\\\/castellana-torna-a-cantare-sora-ko\\\/\"},\"author\":{\"name\":\"admin-mater\",\"@id\":\"https:\\\/\\\/www.materdominivolley.it\\\/home\\\/#\\\/schema\\\/person\\\/86961330b970aecf0b9729df84069339\"},\"headline\":\"Castellana torna a cantare: Sora ko\",\"datePublished\":\"2014-01-30T10:15:38+00:00\",\"mainEntityOfPage\":{\"@id\":\"https:\\\/\\\/www.materdominivolley.it\\\/home\\\/2014\\\/01\\\/30\\\/castellana-torna-a-cantare-sora-ko\\\/\"},\"wordCount\":757,\"commentCount\":0,\"publisher\":{\"@id\":\"https:\\\/\\\/www.materdominivolley.it\\\/home\\\/#organization\"},\"image\":{\"@id\":\"https:\\\/\\\/www.materdominivolley.it\\\/home\\\/2014\\\/01\\\/30\\\/castellana-torna-a-cantare-sora-ko\\\/#primaryimage\"},\"thumbnailUrl\":\"https:\\\/\\\/www.materdominivolley.it\\\/home\\\/wp-content\\\/uploads\\\/2019\\\/09\\\/matersquadra.jpg\",\"articleSection\":[\"Serie A2\"],\"inLanguage\":\"it-IT\",\"potentialAction\":[{\"@type\":\"CommentAction\",\"name\":\"Comment\",\"target\":[\"https:\\\/\\\/www.materdominivolley.it\\\/home\\\/2014\\\/01\\\/30\\\/castellana-torna-a-cantare-sora-ko\\\/#respond\"]}]},{\"@type\":\"WebPage\",\"@id\":\"https:\\\/\\\/www.materdominivolley.it\\\/home\\\/2014\\\/01\\\/30\\\/castellana-torna-a-cantare-sora-ko\\\/\",\"url\":\"https:\\\/\\\/www.materdominivolley.it\\\/home\\\/2014\\\/01\\\/30\\\/castellana-torna-a-cantare-sora-ko\\\/\",\"name\":\"Castellana torna a cantare: Sora ko - materdominivolley\",\"isPartOf\":{\"@id\":\"https:\\\/\\\/www.materdominivolley.it\\\/home\\\/#website\"},\"primaryImageOfPage\":{\"@id\":\"https:\\\/\\\/www.materdominivolley.it\\\/home\\\/2014\\\/01\\\/30\\\/castellana-torna-a-cantare-sora-ko\\\/#primaryimage\"},\"image\":{\"@id\":\"https:\\\/\\\/www.materdominivolley.it\\\/home\\\/2014\\\/01\\\/30\\\/castellana-torna-a-cantare-sora-ko\\\/#primaryimage\"},\"thumbnailUrl\":\"https:\\\/\\\/www.materdominivolley.it\\\/home\\\/wp-content\\\/uploads\\\/2019\\\/09\\\/matersquadra.jpg\",\"datePublished\":\"2014-01-30T10:15:38+00:00\",\"breadcrumb\":{\"@id\":\"https:\\\/\\\/www.materdominivolley.it\\\/home\\\/2014\\\/01\\\/30\\\/castellana-torna-a-cantare-sora-ko\\\/#breadcrumb\"},\"inLanguage\":\"it-IT\",\"potentialAction\":[{\"@type\":\"ReadAction\",\"target\":[\"https:\\\/\\\/www.materdominivolley.it\\\/home\\\/2014\\\/01\\\/30\\\/castellana-torna-a-cantare-sora-ko\\\/\"]}]},{\"@type\":\"ImageObject\",\"inLanguage\":\"it-IT\",\"@id\":\"https:\\\/\\\/www.materdominivolley.it\\\/home\\\/2014\\\/01\\\/30\\\/castellana-torna-a-cantare-sora-ko\\\/#primaryimage\",\"url\":\"https:\\\/\\\/www.materdominivolley.it\\\/home\\\/wp-content\\\/uploads\\\/2019\\\/09\\\/matersquadra.jpg\",\"contentUrl\":\"https:\\\/\\\/www.materdominivolley.it\\\/home\\\/wp-content\\\/uploads\\\/2019\\\/09\\\/matersquadra.jpg\",\"width\":980,\"height\":400},{\"@type\":\"BreadcrumbList\",\"@id\":\"https:\\\/\\\/www.materdominivolley.it\\\/home\\\/2014\\\/01\\\/30\\\/castellana-torna-a-cantare-sora-ko\\\/#breadcrumb\",\"itemListElement\":[{\"@type\":\"ListItem\",\"position\":1,\"name\":\"Home\",\"item\":\"https:\\\/\\\/www.materdominivolley.it\\\/home\\\/\"},{\"@type\":\"ListItem\",\"position\":2,\"name\":\"Castellana torna a cantare: Sora ko\"}]},{\"@type\":\"WebSite\",\"@id\":\"https:\\\/\\\/www.materdominivolley.it\\\/home\\\/#website\",\"url\":\"https:\\\/\\\/www.materdominivolley.it\\\/home\\\/\",\"name\":\"materdominivolley\",\"description\":\"\",\"publisher\":{\"@id\":\"https:\\\/\\\/www.materdominivolley.it\\\/home\\\/#organization\"},\"potentialAction\":[{\"@type\":\"SearchAction\",\"target\":{\"@type\":\"EntryPoint\",\"urlTemplate\":\"https:\\\/\\\/www.materdominivolley.it\\\/home\\\/?s={search_term_string}\"},\"query-input\":{\"@type\":\"PropertyValueSpecification\",\"valueRequired\":true,\"valueName\":\"search_term_string\"}}],\"inLanguage\":\"it-IT\"},{\"@type\":\"Organization\",\"@id\":\"https:\\\/\\\/www.materdominivolley.it\\\/home\\\/#organization\",\"name\":\"Materdominivolley.it\",\"url\":\"https:\\\/\\\/www.materdominivolley.it\\\/home\\\/\",\"logo\":{\"@type\":\"ImageObject\",\"inLanguage\":\"it-IT\",\"@id\":\"https:\\\/\\\/www.materdominivolley.it\\\/home\\\/#\\\/schema\\\/logo\\\/image\\\/\",\"url\":\"https:\\\/\\\/www.materdominivolley.it\\\/home\\\/wp-content\\\/uploads\\\/2019\\\/10\\\/Senza-titolo-1-2.png\",\"contentUrl\":\"https:\\\/\\\/www.materdominivolley.it\\\/home\\\/wp-content\\\/uploads\\\/2019\\\/10\\\/Senza-titolo-1-2.png\",\"width\":180,\"height\":250,\"caption\":\"Materdominivolley.it\"},\"image\":{\"@id\":\"https:\\\/\\\/www.materdominivolley.it\\\/home\\\/#\\\/schema\\\/logo\\\/image\\\/\"},\"sameAs\":[\"https:\\\/\\\/www.facebook.com\\\/materdominivolleyit\\\/\"]},{\"@type\":\"Person\",\"@id\":\"https:\\\/\\\/www.materdominivolley.it\\\/home\\\/#\\\/schema\\\/person\\\/86961330b970aecf0b9729df84069339\",\"name\":\"admin-mater\",\"image\":{\"@type\":\"ImageObject\",\"inLanguage\":\"it-IT\",\"@id\":\"https:\\\/\\\/secure.gravatar.com\\\/avatar\\\/71d088b9255aa52813637243630e63af9ffd99251cfb71c8536f2d3794cac08e?s=96&d=mm&r=g\",\"url\":\"https:\\\/\\\/secure.gravatar.com\\\/avatar\\\/71d088b9255aa52813637243630e63af9ffd99251cfb71c8536f2d3794cac08e?s=96&d=mm&r=g\",\"contentUrl\":\"https:\\\/\\\/secure.gravatar.com\\\/avatar\\\/71d088b9255aa52813637243630e63af9ffd99251cfb71c8536f2d3794cac08e?s=96&d=mm&r=g\",\"caption\":\"admin-mater\"},\"url\":\"https:\\\/\\\/www.materdominivolley.it\\\/home\\\/author\\\/admin-mater\\\/\"}]}<\/script>\n<!-- \/ Yoast SEO plugin. -->","yoast_head_json":{"title":"Castellana torna a cantare: Sora ko - materdominivolley","robots":{"index":"index","follow":"follow","max-snippet":"max-snippet:-1","max-image-preview":"max-image-preview:large","max-video-preview":"max-video-preview:-1"},"canonical":"https:\/\/www.materdominivolley.it\/home\/2014\/01\/30\/castellana-torna-a-cantare-sora-ko\/","og_locale":"it_IT","og_type":"article","og_title":"Castellana torna a cantare: Sora ko - materdominivolley","og_description":"Battendo la vice capolista, conquista tre punti la formazione allenata da Vincenzo Fanizza, cos\u00ec come non accadeva dall'8 dicembre scorso, sempre in casa contro Milano. Il ritorno al successo dopo un mese.","og_url":"https:\/\/www.materdominivolley.it\/home\/2014\/01\/30\/castellana-torna-a-cantare-sora-ko\/","og_site_name":"materdominivolley","article_publisher":"https:\/\/www.facebook.com\/materdominivolleyit\/","article_published_time":"2014-01-30T10:15:38+00:00","og_image":[{"width":980,"height":400,"url":"https:\/\/www.materdominivolley.it\/home\/wp-content\/uploads\/2019\/09\/matersquadra.jpg","type":"image\/jpeg"}],"author":"admin-mater","twitter_card":"summary_large_image","twitter_misc":{"Scritto da":"admin-mater","Tempo di lettura stimato":"4 minuti"},"schema":{"@context":"https:\/\/schema.org","@graph":[{"@type":"Article","@id":"https:\/\/www.materdominivolley.it\/home\/2014\/01\/30\/castellana-torna-a-cantare-sora-ko\/#article","isPartOf":{"@id":"https:\/\/www.materdominivolley.it\/home\/2014\/01\/30\/castellana-torna-a-cantare-sora-ko\/"},"author":{"name":"admin-mater","@id":"https:\/\/www.materdominivolley.it\/home\/#\/schema\/person\/86961330b970aecf0b9729df84069339"},"headline":"Castellana torna a cantare: Sora ko","datePublished":"2014-01-30T10:15:38+00:00","mainEntityOfPage":{"@id":"https:\/\/www.materdominivolley.it\/home\/2014\/01\/30\/castellana-torna-a-cantare-sora-ko\/"},"wordCount":757,"commentCount":0,"publisher":{"@id":"https:\/\/www.materdominivolley.it\/home\/#organization"},"image":{"@id":"https:\/\/www.materdominivolley.it\/home\/2014\/01\/30\/castellana-torna-a-cantare-sora-ko\/#primaryimage"},"thumbnailUrl":"https:\/\/www.materdominivolley.it\/home\/wp-content\/uploads\/2019\/09\/matersquadra.jpg","articleSection":["Serie A2"],"inLanguage":"it-IT","potentialAction":[{"@type":"CommentAction","name":"Comment","target":["https:\/\/www.materdominivolley.it\/home\/2014\/01\/30\/castellana-torna-a-cantare-sora-ko\/#respond"]}]},{"@type":"WebPage","@id":"https:\/\/www.materdominivolley.it\/home\/2014\/01\/30\/castellana-torna-a-cantare-sora-ko\/","url":"https:\/\/www.materdominivolley.it\/home\/2014\/01\/30\/castellana-torna-a-cantare-sora-ko\/","name":"Castellana torna a cantare: Sora ko - materdominivolley","isPartOf":{"@id":"https:\/\/www.materdominivolley.it\/home\/#website"},"primaryImageOfPage":{"@id":"https:\/\/www.materdominivolley.it\/home\/2014\/01\/30\/castellana-torna-a-cantare-sora-ko\/#primaryimage"},"image":{"@id":"https:\/\/www.materdominivolley.it\/home\/2014\/01\/30\/castellana-torna-a-cantare-sora-ko\/#primaryimage"},"thumbnailUrl":"https:\/\/www.materdominivolley.it\/home\/wp-content\/uploads\/2019\/09\/matersquadra.jpg","datePublished":"2014-01-30T10:15:38+00:00","breadcrumb":{"@id":"https:\/\/www.materdominivolley.it\/home\/2014\/01\/30\/castellana-torna-a-cantare-sora-ko\/#breadcrumb"},"inLanguage":"it-IT","potentialAction":[{"@type":"ReadAction","target":["https:\/\/www.materdominivolley.it\/home\/2014\/01\/30\/castellana-torna-a-cantare-sora-ko\/"]}]},{"@type":"ImageObject","inLanguage":"it-IT","@id":"https:\/\/www.materdominivolley.it\/home\/2014\/01\/30\/castellana-torna-a-cantare-sora-ko\/#primaryimage","url":"https:\/\/www.materdominivolley.it\/home\/wp-content\/uploads\/2019\/09\/matersquadra.jpg","contentUrl":"https:\/\/www.materdominivolley.it\/home\/wp-content\/uploads\/2019\/09\/matersquadra.jpg","width":980,"height":400},{"@type":"BreadcrumbList","@id":"https:\/\/www.materdominivolley.it\/home\/2014\/01\/30\/castellana-torna-a-cantare-sora-ko\/#breadcrumb","itemListElement":[{"@type":"ListItem","position":1,"name":"Home","item":"https:\/\/www.materdominivolley.it\/home\/"},{"@type":"ListItem","position":2,"name":"Castellana torna a cantare: Sora ko"}]},{"@type":"WebSite","@id":"https:\/\/www.materdominivolley.it\/home\/#website","url":"https:\/\/www.materdominivolley.it\/home\/","name":"materdominivolley","description":"","publisher":{"@id":"https:\/\/www.materdominivolley.it\/home\/#organization"},"potentialAction":[{"@type":"SearchAction","target":{"@type":"EntryPoint","urlTemplate":"https:\/\/www.materdominivolley.it\/home\/?s={search_term_string}"},"query-input":{"@type":"PropertyValueSpecification","valueRequired":true,"valueName":"search_term_string"}}],"inLanguage":"it-IT"},{"@type":"Organization","@id":"https:\/\/www.materdominivolley.it\/home\/#organization","name":"Materdominivolley.it","url":"https:\/\/www.materdominivolley.it\/home\/","logo":{"@type":"ImageObject","inLanguage":"it-IT","@id":"https:\/\/www.materdominivolley.it\/home\/#\/schema\/logo\/image\/","url":"https:\/\/www.materdominivolley.it\/home\/wp-content\/uploads\/2019\/10\/Senza-titolo-1-2.png","contentUrl":"https:\/\/www.materdominivolley.it\/home\/wp-content\/uploads\/2019\/10\/Senza-titolo-1-2.png","width":180,"height":250,"caption":"Materdominivolley.it"},"image":{"@id":"https:\/\/www.materdominivolley.it\/home\/#\/schema\/logo\/image\/"},"sameAs":["https:\/\/www.facebook.com\/materdominivolleyit\/"]},{"@type":"Person","@id":"https:\/\/www.materdominivolley.it\/home\/#\/schema\/person\/86961330b970aecf0b9729df84069339","name":"admin-mater","image":{"@type":"ImageObject","inLanguage":"it-IT","@id":"https:\/\/secure.gravatar.com\/avatar\/71d088b9255aa52813637243630e63af9ffd99251cfb71c8536f2d3794cac08e?s=96&d=mm&r=g","url":"https:\/\/secure.gravatar.com\/avatar\/71d088b9255aa52813637243630e63af9ffd99251cfb71c8536f2d3794cac08e?s=96&d=mm&r=g","contentUrl":"https:\/\/secure.gravatar.com\/avatar\/71d088b9255aa52813637243630e63af9ffd99251cfb71c8536f2d3794cac08e?s=96&d=mm&r=g","caption":"admin-mater"},"url":"https:\/\/www.materdominivolley.it\/home\/author\/admin-mater\/"}]}},"_links":{"self":[{"href":"https:\/\/www.materdominivolley.it\/home\/wp-json\/wp\/v2\/posts\/1452","targetHints":{"allow":["GET"]}}],"collection":[{"href":"https:\/\/www.materdominivolley.it\/home\/wp-json\/wp\/v2\/posts"}],"about":[{"href":"https:\/\/www.materdominivolley.it\/home\/wp-json\/wp\/v2\/types\/post"}],"author":[{"embeddable":true,"href":"https:\/\/www.materdominivolley.it\/home\/wp-json\/wp\/v2\/users\/1"}],"replies":[{"embeddable":true,"href":"https:\/\/www.materdominivolley.it\/home\/wp-json\/wp\/v2\/comments?post=1452"}],"version-history":[{"count":0,"href":"https:\/\/www.materdominivolley.it\/home\/wp-json\/wp\/v2\/posts\/1452\/revisions"}],"wp:featuredmedia":[{"embeddable":true,"href":"https:\/\/www.materdominivolley.it\/home\/wp-json\/wp\/v2\/media\/1453"}],"wp:attachment":[{"href":"https:\/\/www.materdominivolley.it\/home\/wp-json\/wp\/v2\/media?parent=1452"}],"wp:term":[{"taxonomy":"category","embeddable":true,"href":"https:\/\/www.materdominivolley.it\/home\/wp-json\/wp\/v2\/categories?post=1452"},{"taxonomy":"post_tag","embeddable":true,"href":"https:\/\/www.materdominivolley.it\/home\/wp-json\/wp\/v2\/tags?post=1452"}],"curies":[{"name":"wp","href":"https:\/\/api.w.org\/{rel}","templated":true}]}}