{"id":1462,"date":"2014-01-13T13:45:36","date_gmt":"2014-01-13T12:45:36","guid":{"rendered":"https:\/\/www.materdominivolley.it\/home\/2014\/01\/13\/al-via-la-boy-league-esordio-in-casa-per-lu14\/"},"modified":"2014-01-13T13:45:36","modified_gmt":"2014-01-13T12:45:36","slug":"al-via-la-boy-league-esordio-in-casa-per-lu14","status":"publish","type":"post","link":"https:\/\/www.materdominivolley.it\/home\/2014\/01\/13\/al-via-la-boy-league-esordio-in-casa-per-lu14\/","title":{"rendered":"Al via la Boy League: esordio in casa per l&#8217;U14"},"content":{"rendered":"\n        <p>\n\tPrimo appuntamento di Lega per il settore giovanile della <strong>Materdominivolley.it Castellana Grotte<\/strong>, societ\u00e0 iscritta al campionato nazionale serie A2 di pallavolo maschile. Toccher\u00e0 alla selezione pi\u00f9 giovane dell\u2019accademia del volley di Puglia debuttare tra le formazioni di A1 e A2 nell\u2019ambito della <strong>\u201cDel Monte Boy League\u201d<\/strong>, competizione riservata ai ragazzi under 14. Cos\u00ec per la diciannovesima edizione del torneo di Lega la formazione composta da ragazzi nati tra il 2000 e il 2003 e guidata dal tandem tecnico <strong>Vincenzo Fanizza<\/strong> &#8211; <strong>Giuseppe Gasbarro<\/strong> si contender\u00e0 la Coppa \u201cEnrico Bazan\u201d con altre undici squadre organizzate in quattro gironi. Ogni societ\u00e0 ospiter\u00e0 un concentramento in cui si giocher\u00e0 con girone all\u2019italiana di sola andata. La prima e la seconda classificata di ogni raggruppamento prenderanno parte alla Final Eight che si svolger\u00e0 il 29 e 30 marzo a Cesenatico.<\/p>\n<p>\n\tL\u2019avventura per la Materdominivolley.it, inclusa nel girone D con i pugliesi del <strong>Molfetta<\/strong> e i detentori del titolo del <strong>Macerata<\/strong>, inizier\u00e0 proprio in casa, presso il Pala Grotte, <strong>domenica 12 gennaio<\/strong> in occasione della pausa di campionato. La prima partita del triangolare \u00e8 fissata per le ore 11: in campo Castellana-Molfetta. Seguir\u00e0 alle ore 12,30 Molfetta-Macerata ed, infine, alle ore 16, Castellana-Macerata. Il sodalizio di via Sonnino garegger\u00e0 con una formazione allestita in partnership con la Green Volley Francavilla Fontana e con la Pallavolo Altamura. Con entusiasmo Fanizza, nella sua doppia veste di allenatore e responsabile tecnico del progetto Materdomini, commenta: \u201cCi accingiamo a vivere la nostra prima esperienza nella pallavolo giovanile di Lega e miriamo a qualificarci alla fase finale. In ogni modo, si tratta di una vetrina importantissima offerta ai nostri giovani talenti, chiamati a vivere un\u2019esperienza formativa di altissimo livello\u201d.\u00a0<\/p>\n<p>\n\tI restanti tre gironi sono cos\u00ec composti. Girone A: Monza, Cuneo e Milano; Girone B: Trento, Modena e Padova; Girone C: Citt\u00e0 di Castello, Perugia e Ravenna. Per ulteriori informazioni e per essere aggiornati in tempo reale su risultati e classifiche consultare il sito ufficiale della Lega Volley sezione campionati giovanili.<\/p>\n        ","protected":false},"excerpt":{"rendered":"<p><!-- wp:paragraph --><br \/>\n        Primo concentramento stagionale al PalaGrotte. Materdominivolley.it inserita nel girone D con i campioni in carica di Macerata e i pugliesi del Molfetta. Appuntamento domenica 12 gennaio alle ore 11.<br \/>\n        <!-- \/wp:paragraph --><\/p>\n","protected":false},"author":1,"featured_media":1224,"comment_status":"open","ping_status":"closed","sticky":false,"template":"","format":"standard","meta":{"footnotes":""},"categories":[12],"tags":[],"class_list":["post-1462","post","type-post","status-publish","format-standard","has-post-thumbnail","hentry","category-accademia"],"yoast_head":"<!-- This site is optimized with the Yoast SEO plugin v27.4 - https:\/\/yoast.com\/product\/yoast-seo-wordpress\/ -->\n<title>Al via la Boy League: esordio in casa per l&#039;U14 - materdominivolley<\/title>\n<meta name=\"robots\" content=\"index, follow, max-snippet:-1, max-image-preview:large, max-video-preview:-1\" \/>\n<link rel=\"canonical\" href=\"https:\/\/www.materdominivolley.it\/home\/2014\/01\/13\/al-via-la-boy-league-esordio-in-casa-per-lu14\/\" \/>\n<meta property=\"og:locale\" content=\"it_IT\" \/>\n<meta property=\"og:type\" content=\"article\" \/>\n<meta property=\"og:title\" content=\"Al via la Boy League: esordio in casa per l&#039;U14 - materdominivolley\" \/>\n<meta property=\"og:description\" content=\"Primo concentramento stagionale al PalaGrotte. Materdominivolley.it inserita nel girone D con i campioni in carica di Macerata e i pugliesi del Molfetta. Appuntamento domenica 12 gennaio alle ore 11.\" \/>\n<meta property=\"og:url\" content=\"https:\/\/www.materdominivolley.it\/home\/2014\/01\/13\/al-via-la-boy-league-esordio-in-casa-per-lu14\/\" \/>\n<meta property=\"og:site_name\" content=\"materdominivolley\" \/>\n<meta property=\"article:publisher\" content=\"https:\/\/www.facebook.com\/materdominivolleyit\/\" \/>\n<meta property=\"article:published_time\" content=\"2014-01-13T12:45:36+00:00\" \/>\n<meta property=\"og:image\" content=\"https:\/\/www.materdominivolley.it\/home\/wp-content\/uploads\/2019\/09\/fanizza1.jpg\" \/>\n\t<meta property=\"og:image:width\" content=\"980\" \/>\n\t<meta property=\"og:image:height\" content=\"400\" \/>\n\t<meta property=\"og:image:type\" content=\"image\/jpeg\" \/>\n<meta name=\"author\" content=\"admin-mater\" \/>\n<meta name=\"twitter:card\" content=\"summary_large_image\" \/>\n<meta name=\"twitter:label1\" content=\"Scritto da\" \/>\n\t<meta name=\"twitter:data1\" content=\"admin-mater\" \/>\n\t<meta name=\"twitter:label2\" content=\"Tempo di lettura stimato\" \/>\n\t<meta name=\"twitter:data2\" content=\"2 minuti\" \/>\n<script type=\"application\/ld+json\" class=\"yoast-schema-graph\">{\"@context\":\"https:\\\/\\\/schema.org\",\"@graph\":[{\"@type\":\"Article\",\"@id\":\"https:\\\/\\\/www.materdominivolley.it\\\/home\\\/2014\\\/01\\\/13\\\/al-via-la-boy-league-esordio-in-casa-per-lu14\\\/#article\",\"isPartOf\":{\"@id\":\"https:\\\/\\\/www.materdominivolley.it\\\/home\\\/2014\\\/01\\\/13\\\/al-via-la-boy-league-esordio-in-casa-per-lu14\\\/\"},\"author\":{\"name\":\"admin-mater\",\"@id\":\"https:\\\/\\\/www.materdominivolley.it\\\/home\\\/#\\\/schema\\\/person\\\/86961330b970aecf0b9729df84069339\"},\"headline\":\"Al via la Boy League: esordio in casa per l&#8217;U14\",\"datePublished\":\"2014-01-13T12:45:36+00:00\",\"mainEntityOfPage\":{\"@id\":\"https:\\\/\\\/www.materdominivolley.it\\\/home\\\/2014\\\/01\\\/13\\\/al-via-la-boy-league-esordio-in-casa-per-lu14\\\/\"},\"wordCount\":338,\"commentCount\":0,\"publisher\":{\"@id\":\"https:\\\/\\\/www.materdominivolley.it\\\/home\\\/#organization\"},\"image\":{\"@id\":\"https:\\\/\\\/www.materdominivolley.it\\\/home\\\/2014\\\/01\\\/13\\\/al-via-la-boy-league-esordio-in-casa-per-lu14\\\/#primaryimage\"},\"thumbnailUrl\":\"https:\\\/\\\/www.materdominivolley.it\\\/home\\\/wp-content\\\/uploads\\\/2019\\\/09\\\/fanizza1.jpg\",\"articleSection\":[\"Accademia\"],\"inLanguage\":\"it-IT\",\"potentialAction\":[{\"@type\":\"CommentAction\",\"name\":\"Comment\",\"target\":[\"https:\\\/\\\/www.materdominivolley.it\\\/home\\\/2014\\\/01\\\/13\\\/al-via-la-boy-league-esordio-in-casa-per-lu14\\\/#respond\"]}]},{\"@type\":\"WebPage\",\"@id\":\"https:\\\/\\\/www.materdominivolley.it\\\/home\\\/2014\\\/01\\\/13\\\/al-via-la-boy-league-esordio-in-casa-per-lu14\\\/\",\"url\":\"https:\\\/\\\/www.materdominivolley.it\\\/home\\\/2014\\\/01\\\/13\\\/al-via-la-boy-league-esordio-in-casa-per-lu14\\\/\",\"name\":\"Al via la Boy League: esordio in casa per l'U14 - materdominivolley\",\"isPartOf\":{\"@id\":\"https:\\\/\\\/www.materdominivolley.it\\\/home\\\/#website\"},\"primaryImageOfPage\":{\"@id\":\"https:\\\/\\\/www.materdominivolley.it\\\/home\\\/2014\\\/01\\\/13\\\/al-via-la-boy-league-esordio-in-casa-per-lu14\\\/#primaryimage\"},\"image\":{\"@id\":\"https:\\\/\\\/www.materdominivolley.it\\\/home\\\/2014\\\/01\\\/13\\\/al-via-la-boy-league-esordio-in-casa-per-lu14\\\/#primaryimage\"},\"thumbnailUrl\":\"https:\\\/\\\/www.materdominivolley.it\\\/home\\\/wp-content\\\/uploads\\\/2019\\\/09\\\/fanizza1.jpg\",\"datePublished\":\"2014-01-13T12:45:36+00:00\",\"breadcrumb\":{\"@id\":\"https:\\\/\\\/www.materdominivolley.it\\\/home\\\/2014\\\/01\\\/13\\\/al-via-la-boy-league-esordio-in-casa-per-lu14\\\/#breadcrumb\"},\"inLanguage\":\"it-IT\",\"potentialAction\":[{\"@type\":\"ReadAction\",\"target\":[\"https:\\\/\\\/www.materdominivolley.it\\\/home\\\/2014\\\/01\\\/13\\\/al-via-la-boy-league-esordio-in-casa-per-lu14\\\/\"]}]},{\"@type\":\"ImageObject\",\"inLanguage\":\"it-IT\",\"@id\":\"https:\\\/\\\/www.materdominivolley.it\\\/home\\\/2014\\\/01\\\/13\\\/al-via-la-boy-league-esordio-in-casa-per-lu14\\\/#primaryimage\",\"url\":\"https:\\\/\\\/www.materdominivolley.it\\\/home\\\/wp-content\\\/uploads\\\/2019\\\/09\\\/fanizza1.jpg\",\"contentUrl\":\"https:\\\/\\\/www.materdominivolley.it\\\/home\\\/wp-content\\\/uploads\\\/2019\\\/09\\\/fanizza1.jpg\",\"width\":980,\"height\":400},{\"@type\":\"BreadcrumbList\",\"@id\":\"https:\\\/\\\/www.materdominivolley.it\\\/home\\\/2014\\\/01\\\/13\\\/al-via-la-boy-league-esordio-in-casa-per-lu14\\\/#breadcrumb\",\"itemListElement\":[{\"@type\":\"ListItem\",\"position\":1,\"name\":\"Home\",\"item\":\"https:\\\/\\\/www.materdominivolley.it\\\/home\\\/\"},{\"@type\":\"ListItem\",\"position\":2,\"name\":\"Al via la Boy League: esordio in casa per l&#8217;U14\"}]},{\"@type\":\"WebSite\",\"@id\":\"https:\\\/\\\/www.materdominivolley.it\\\/home\\\/#website\",\"url\":\"https:\\\/\\\/www.materdominivolley.it\\\/home\\\/\",\"name\":\"materdominivolley\",\"description\":\"\",\"publisher\":{\"@id\":\"https:\\\/\\\/www.materdominivolley.it\\\/home\\\/#organization\"},\"potentialAction\":[{\"@type\":\"SearchAction\",\"target\":{\"@type\":\"EntryPoint\",\"urlTemplate\":\"https:\\\/\\\/www.materdominivolley.it\\\/home\\\/?s={search_term_string}\"},\"query-input\":{\"@type\":\"PropertyValueSpecification\",\"valueRequired\":true,\"valueName\":\"search_term_string\"}}],\"inLanguage\":\"it-IT\"},{\"@type\":\"Organization\",\"@id\":\"https:\\\/\\\/www.materdominivolley.it\\\/home\\\/#organization\",\"name\":\"Materdominivolley.it\",\"url\":\"https:\\\/\\\/www.materdominivolley.it\\\/home\\\/\",\"logo\":{\"@type\":\"ImageObject\",\"inLanguage\":\"it-IT\",\"@id\":\"https:\\\/\\\/www.materdominivolley.it\\\/home\\\/#\\\/schema\\\/logo\\\/image\\\/\",\"url\":\"https:\\\/\\\/www.materdominivolley.it\\\/home\\\/wp-content\\\/uploads\\\/2019\\\/10\\\/Senza-titolo-1-2.png\",\"contentUrl\":\"https:\\\/\\\/www.materdominivolley.it\\\/home\\\/wp-content\\\/uploads\\\/2019\\\/10\\\/Senza-titolo-1-2.png\",\"width\":180,\"height\":250,\"caption\":\"Materdominivolley.it\"},\"image\":{\"@id\":\"https:\\\/\\\/www.materdominivolley.it\\\/home\\\/#\\\/schema\\\/logo\\\/image\\\/\"},\"sameAs\":[\"https:\\\/\\\/www.facebook.com\\\/materdominivolleyit\\\/\"]},{\"@type\":\"Person\",\"@id\":\"https:\\\/\\\/www.materdominivolley.it\\\/home\\\/#\\\/schema\\\/person\\\/86961330b970aecf0b9729df84069339\",\"name\":\"admin-mater\",\"image\":{\"@type\":\"ImageObject\",\"inLanguage\":\"it-IT\",\"@id\":\"https:\\\/\\\/secure.gravatar.com\\\/avatar\\\/71d088b9255aa52813637243630e63af9ffd99251cfb71c8536f2d3794cac08e?s=96&d=mm&r=g\",\"url\":\"https:\\\/\\\/secure.gravatar.com\\\/avatar\\\/71d088b9255aa52813637243630e63af9ffd99251cfb71c8536f2d3794cac08e?s=96&d=mm&r=g\",\"contentUrl\":\"https:\\\/\\\/secure.gravatar.com\\\/avatar\\\/71d088b9255aa52813637243630e63af9ffd99251cfb71c8536f2d3794cac08e?s=96&d=mm&r=g\",\"caption\":\"admin-mater\"},\"url\":\"https:\\\/\\\/www.materdominivolley.it\\\/home\\\/author\\\/admin-mater\\\/\"}]}<\/script>\n<!-- \/ Yoast SEO plugin. -->","yoast_head_json":{"title":"Al via la Boy League: esordio in casa per l'U14 - materdominivolley","robots":{"index":"index","follow":"follow","max-snippet":"max-snippet:-1","max-image-preview":"max-image-preview:large","max-video-preview":"max-video-preview:-1"},"canonical":"https:\/\/www.materdominivolley.it\/home\/2014\/01\/13\/al-via-la-boy-league-esordio-in-casa-per-lu14\/","og_locale":"it_IT","og_type":"article","og_title":"Al via la Boy League: esordio in casa per l'U14 - materdominivolley","og_description":"Primo concentramento stagionale al PalaGrotte. Materdominivolley.it inserita nel girone D con i campioni in carica di Macerata e i pugliesi del Molfetta. Appuntamento domenica 12 gennaio alle ore 11.","og_url":"https:\/\/www.materdominivolley.it\/home\/2014\/01\/13\/al-via-la-boy-league-esordio-in-casa-per-lu14\/","og_site_name":"materdominivolley","article_publisher":"https:\/\/www.facebook.com\/materdominivolleyit\/","article_published_time":"2014-01-13T12:45:36+00:00","og_image":[{"width":980,"height":400,"url":"https:\/\/www.materdominivolley.it\/home\/wp-content\/uploads\/2019\/09\/fanizza1.jpg","type":"image\/jpeg"}],"author":"admin-mater","twitter_card":"summary_large_image","twitter_misc":{"Scritto da":"admin-mater","Tempo di lettura stimato":"2 minuti"},"schema":{"@context":"https:\/\/schema.org","@graph":[{"@type":"Article","@id":"https:\/\/www.materdominivolley.it\/home\/2014\/01\/13\/al-via-la-boy-league-esordio-in-casa-per-lu14\/#article","isPartOf":{"@id":"https:\/\/www.materdominivolley.it\/home\/2014\/01\/13\/al-via-la-boy-league-esordio-in-casa-per-lu14\/"},"author":{"name":"admin-mater","@id":"https:\/\/www.materdominivolley.it\/home\/#\/schema\/person\/86961330b970aecf0b9729df84069339"},"headline":"Al via la Boy League: esordio in casa per l&#8217;U14","datePublished":"2014-01-13T12:45:36+00:00","mainEntityOfPage":{"@id":"https:\/\/www.materdominivolley.it\/home\/2014\/01\/13\/al-via-la-boy-league-esordio-in-casa-per-lu14\/"},"wordCount":338,"commentCount":0,"publisher":{"@id":"https:\/\/www.materdominivolley.it\/home\/#organization"},"image":{"@id":"https:\/\/www.materdominivolley.it\/home\/2014\/01\/13\/al-via-la-boy-league-esordio-in-casa-per-lu14\/#primaryimage"},"thumbnailUrl":"https:\/\/www.materdominivolley.it\/home\/wp-content\/uploads\/2019\/09\/fanizza1.jpg","articleSection":["Accademia"],"inLanguage":"it-IT","potentialAction":[{"@type":"CommentAction","name":"Comment","target":["https:\/\/www.materdominivolley.it\/home\/2014\/01\/13\/al-via-la-boy-league-esordio-in-casa-per-lu14\/#respond"]}]},{"@type":"WebPage","@id":"https:\/\/www.materdominivolley.it\/home\/2014\/01\/13\/al-via-la-boy-league-esordio-in-casa-per-lu14\/","url":"https:\/\/www.materdominivolley.it\/home\/2014\/01\/13\/al-via-la-boy-league-esordio-in-casa-per-lu14\/","name":"Al via la Boy League: esordio in casa per l'U14 - materdominivolley","isPartOf":{"@id":"https:\/\/www.materdominivolley.it\/home\/#website"},"primaryImageOfPage":{"@id":"https:\/\/www.materdominivolley.it\/home\/2014\/01\/13\/al-via-la-boy-league-esordio-in-casa-per-lu14\/#primaryimage"},"image":{"@id":"https:\/\/www.materdominivolley.it\/home\/2014\/01\/13\/al-via-la-boy-league-esordio-in-casa-per-lu14\/#primaryimage"},"thumbnailUrl":"https:\/\/www.materdominivolley.it\/home\/wp-content\/uploads\/2019\/09\/fanizza1.jpg","datePublished":"2014-01-13T12:45:36+00:00","breadcrumb":{"@id":"https:\/\/www.materdominivolley.it\/home\/2014\/01\/13\/al-via-la-boy-league-esordio-in-casa-per-lu14\/#breadcrumb"},"inLanguage":"it-IT","potentialAction":[{"@type":"ReadAction","target":["https:\/\/www.materdominivolley.it\/home\/2014\/01\/13\/al-via-la-boy-league-esordio-in-casa-per-lu14\/"]}]},{"@type":"ImageObject","inLanguage":"it-IT","@id":"https:\/\/www.materdominivolley.it\/home\/2014\/01\/13\/al-via-la-boy-league-esordio-in-casa-per-lu14\/#primaryimage","url":"https:\/\/www.materdominivolley.it\/home\/wp-content\/uploads\/2019\/09\/fanizza1.jpg","contentUrl":"https:\/\/www.materdominivolley.it\/home\/wp-content\/uploads\/2019\/09\/fanizza1.jpg","width":980,"height":400},{"@type":"BreadcrumbList","@id":"https:\/\/www.materdominivolley.it\/home\/2014\/01\/13\/al-via-la-boy-league-esordio-in-casa-per-lu14\/#breadcrumb","itemListElement":[{"@type":"ListItem","position":1,"name":"Home","item":"https:\/\/www.materdominivolley.it\/home\/"},{"@type":"ListItem","position":2,"name":"Al via la Boy League: esordio in casa per l&#8217;U14"}]},{"@type":"WebSite","@id":"https:\/\/www.materdominivolley.it\/home\/#website","url":"https:\/\/www.materdominivolley.it\/home\/","name":"materdominivolley","description":"","publisher":{"@id":"https:\/\/www.materdominivolley.it\/home\/#organization"},"potentialAction":[{"@type":"SearchAction","target":{"@type":"EntryPoint","urlTemplate":"https:\/\/www.materdominivolley.it\/home\/?s={search_term_string}"},"query-input":{"@type":"PropertyValueSpecification","valueRequired":true,"valueName":"search_term_string"}}],"inLanguage":"it-IT"},{"@type":"Organization","@id":"https:\/\/www.materdominivolley.it\/home\/#organization","name":"Materdominivolley.it","url":"https:\/\/www.materdominivolley.it\/home\/","logo":{"@type":"ImageObject","inLanguage":"it-IT","@id":"https:\/\/www.materdominivolley.it\/home\/#\/schema\/logo\/image\/","url":"https:\/\/www.materdominivolley.it\/home\/wp-content\/uploads\/2019\/10\/Senza-titolo-1-2.png","contentUrl":"https:\/\/www.materdominivolley.it\/home\/wp-content\/uploads\/2019\/10\/Senza-titolo-1-2.png","width":180,"height":250,"caption":"Materdominivolley.it"},"image":{"@id":"https:\/\/www.materdominivolley.it\/home\/#\/schema\/logo\/image\/"},"sameAs":["https:\/\/www.facebook.com\/materdominivolleyit\/"]},{"@type":"Person","@id":"https:\/\/www.materdominivolley.it\/home\/#\/schema\/person\/86961330b970aecf0b9729df84069339","name":"admin-mater","image":{"@type":"ImageObject","inLanguage":"it-IT","@id":"https:\/\/secure.gravatar.com\/avatar\/71d088b9255aa52813637243630e63af9ffd99251cfb71c8536f2d3794cac08e?s=96&d=mm&r=g","url":"https:\/\/secure.gravatar.com\/avatar\/71d088b9255aa52813637243630e63af9ffd99251cfb71c8536f2d3794cac08e?s=96&d=mm&r=g","contentUrl":"https:\/\/secure.gravatar.com\/avatar\/71d088b9255aa52813637243630e63af9ffd99251cfb71c8536f2d3794cac08e?s=96&d=mm&r=g","caption":"admin-mater"},"url":"https:\/\/www.materdominivolley.it\/home\/author\/admin-mater\/"}]}},"_links":{"self":[{"href":"https:\/\/www.materdominivolley.it\/home\/wp-json\/wp\/v2\/posts\/1462","targetHints":{"allow":["GET"]}}],"collection":[{"href":"https:\/\/www.materdominivolley.it\/home\/wp-json\/wp\/v2\/posts"}],"about":[{"href":"https:\/\/www.materdominivolley.it\/home\/wp-json\/wp\/v2\/types\/post"}],"author":[{"embeddable":true,"href":"https:\/\/www.materdominivolley.it\/home\/wp-json\/wp\/v2\/users\/1"}],"replies":[{"embeddable":true,"href":"https:\/\/www.materdominivolley.it\/home\/wp-json\/wp\/v2\/comments?post=1462"}],"version-history":[{"count":0,"href":"https:\/\/www.materdominivolley.it\/home\/wp-json\/wp\/v2\/posts\/1462\/revisions"}],"wp:featuredmedia":[{"embeddable":true,"href":"https:\/\/www.materdominivolley.it\/home\/wp-json\/wp\/v2\/media\/1224"}],"wp:attachment":[{"href":"https:\/\/www.materdominivolley.it\/home\/wp-json\/wp\/v2\/media?parent=1462"}],"wp:term":[{"taxonomy":"category","embeddable":true,"href":"https:\/\/www.materdominivolley.it\/home\/wp-json\/wp\/v2\/categories?post=1462"},{"taxonomy":"post_tag","embeddable":true,"href":"https:\/\/www.materdominivolley.it\/home\/wp-json\/wp\/v2\/tags?post=1462"}],"curies":[{"name":"wp","href":"https:\/\/api.w.org\/{rel}","templated":true}]}}