{"id":1481,"date":"2013-12-05T13:50:23","date_gmt":"2013-12-05T12:50:23","guid":{"rendered":"https:\/\/www.materdominivolley.it\/home\/2013\/12\/05\/colpo-mercato-torna-libraro\/"},"modified":"2013-12-05T13:50:23","modified_gmt":"2013-12-05T12:50:23","slug":"colpo-mercato-torna-libraro","status":"publish","type":"post","link":"https:\/\/www.materdominivolley.it\/home\/2013\/12\/05\/colpo-mercato-torna-libraro\/","title":{"rendered":"Colpo mercato: torna Libraro!"},"content":{"rendered":"\n        <p style=\"text-align: justify\">\n\tColpo di mercato in casa <strong>Materdominivolley.it Castellana Grotte<\/strong>. <strong>Enrico Libraro<\/strong> ritorna a vestire i colori giallobl\u00f9. Lo schiacciatore, classe \u201983, alto 191 centimetri, originario di Napoli, torna quindi a Castellana Grotte dopo aver entusiasmato il tifo locale per ben cinque stagioni. Ne ha fatta di strada Enrico da quando, appena ventenne, approdato dalla Com Cavi Napoli di A2 nella Mater di B1 stagione \u201803\/\u201904, entr\u00f2 a pieno titolo nei cuori della cittadinanza con la storica promozione in A2 dell\u2019anno seguente per rimanere al servizio del presidente <strong>Michele Miccolis<\/strong> fino al 2008. Libraro cos\u00ec rincasa nel club di via Sonnino con gli onori del campione dopo aver disputato campionati di altissimo livello coronati con la Coppa Italia di A2 vinta quest\u2019anno con l\u2019Atripalda. L\u2019accordo con l\u2019ormai ex giocatore della Sidigas Avellino \u00e8 stato chiuso in mattinata, dopo che nei giorni scorsi l\u2019interesse del club del ds <strong>Vito Primavera<\/strong>, s\u2019era fatto sempre pi\u00f9 consistente. Definiti i dettagli, \u00e8 arrivata la firma dell\u2019ingaggio biennale, per cui gi\u00e0 da oggi pomeriggio Libraro sar\u00e0 a piena disposizione del tecnico Vincenzo Fanizza.<\/p>\n<p style=\"text-align: justify\">\n\tLo schiacciatore partenopeo esordir\u00e0 cos\u00ec con la maglia della Citt\u00e0 delle Grotte contro la <strong>Sieco Service<\/strong><strong>Ortona<\/strong>. La trasferta, valida per la settima giornata del campionato nazionale di volley maschile serie A2, si presenta per la Materdominivolley come una sfida insidiosa. Il match che si disputer\u00e0 domenica primo dicembre con prima battuta alle ore 18, presso il Palasport di Ortona, si prefigura comunque minato da insidie. Gli uomini del tecnico Nunzio Lanci, in classifica a quota dieci punti, forti di ben due affermazioni consecutive di certo, innanzi al proprio pubblico, vorranno garantire continuit\u00e0 di successi. La formazione capitanata da Maurizio Castellano risponde con morale alto, rinnovato entusiasmo e, soprattutto, tanta voglia di assaporare la vittoria.<\/p>\n<p style=\"text-align: justify\">\n\tDirigeranno l&#39;incontro gli arbitri Rossetti e Guarneri rispettivamente di Fabriano e di Messina.<\/p>\n<p style=\"text-align: justify\">\n\tQueste le prime parole di Libraro in giallobl\u00f9: \u201cNon nascondo che tornare a giocare a Castellana ha un suo effetto particolarmente emozionante. In ogni modo siamo nel pieno del campionato e prover\u00f2 a mettere l&#39;emozione da parte per lavorare sodo. Questa nuova sfida mi entusiasmo e dar\u00f2 il massimo. Ho gi\u00e0 affrontato Ortona con la maglia dell\u2019Avellino ed in quell\u2019occasione vincemmo 3-0. Sono avversari di alto livello che in casa si esprimono al massimo\u201d.\u00a0\u00a0 <\/p>\n<p style=\"text-align: justify\">\n\t\u00a0<\/p>\n<p>\n\tLa scheda:<\/p>\n<p>\n\t<strong>Enrico Libraro <\/strong><\/p>\n<p>\n\tRuolo: Schiacciatore<\/p>\n<p>\n\tAltezza: 191<\/p>\n<p>\n\tNascita: 15\/04\/1983<\/p>\n<p>\n\tLuogo: Napoli<\/p>\n<p>\n\t\u00a0<\/p>\n<p>\n\t<strong>Periodo\u00a0\u00a0\u00a0 \u00a0Serie\u00a0 Squadra\u00a0\u00a0\u00a0\u00a0 \u00a0\u00a0\u00a0\u00a0\u00a0\u00a0\u00a0\u00a0\u00a0\u00a0\u00a0\u00a0\u00a0\u00a0\u00a0\u00a0\u00a0 \u00a0\u00a0\u00a0\u00a0\u00a0\u00a0\u00a0\u00a0\u00a0\u00a0\u00a0\u00a0\u00a0\u00a0\u00a0\u00a0\u00a0\u00a0\u00a0\u00a0\u00a0\u00a0\u00a0\u00a0\u00a0\u00a0\u00a0\u00a0 \u00a0\u00a0\u00a0\u00a0\u00a0\u00a0\u00a0\u00a0\u00a0\u00a0\u00a0\u00a0\u00a0\u00a0\u00a0\u00a0\u00a0\u00a0\u00a0\u00a0\u00a0\u00a0\u00a0\u00a0\u00a0\u00a0\u00a0\u00a0\u00a0\u00a0\u00a0\u00a0\u00a0\u00a0\u00a0\u00a0\u00a0<\/strong><\/p>\n<p>\n\t2013-2014\u00a0\u00a0\u00a0\u00a0\u00a0 A2\u00a0\u00a0\u00a0\u00a0\u00a0\u00a0 dal 29\/11\/2013 \u2013 Materdominivolley.it<\/p>\n<p>\n\t2013-2014\u00a0\u00a0\u00a0\u00a0\u00a0 A2\u00a0\u00a0\u00a0\u00a0\u00a0\u00a0 fino al 28\/11\/2013 &#8211; Sidigas HS Avellino\u00a0\u00a0\u00a0\u00a0\u00a0\u00a0\u00a0\u00a0\u00a0\u00a0\u00a0\u00a0\u00a0\u00a0\u00a0\u00a0\u00a0\u00a0\u00a0\u00a0 \u00a0\u00a0\u00a0\u00a0\u00a0\u00a0\u00a0\u00a0\u00a0\u00a0<\/p>\n<p>\n\t2012-2013\u00a0\u00a0\u00a0\u00a0\u00a0 A2\u00a0\u00a0\u00a0\u00a0\u00a0\u00a0 Sidigas HS Atripalda\u00a0\u00a0\u00a0\u00a0\u00a0\u00a0\u00a0\u00a0\u00a0\u00a0\u00a0\u00a0\u00a0\u00a0 \u00a0\u00a0\u00a0\u00a0\u00a0\u00a0\u00a0\u00a0\u00a0\u00a0\u00a0<\/p>\n<p>\n\t2011-2012\u00a0\u00a0\u00a0\u00a0\u00a0 A2\u00a0\u00a0\u00a0\u00a0\u00a0\u00a0 Sora\u00a0\u00a0\u00a0\u00a0 \u00a0\u00a0\u00a0\u00a0\u00a0\u00a0\u00a0\u00a0\u00a0\u00a0\u00a0\u00a0\u00a0\u00a0\u00a0\u00a0\u00a0\u00a0\u00a0\u00a0\u00a0\u00a0\u00a0\u00a0\u00a0\u00a0\u00a0\u00a0\u00a0\u00a0\u00a0\u00a0\u00a0\u00a0 \u00a0\u00a0\u00a0\u00a0\u00a0\u00a0\u00a0\u00a0\u00a0\u00a0\u00a0 \u00a0<\/p>\n<p>\n\t2010-2011\u00a0\u00a0\u00a0\u00a0\u00a0 A2\u00a0\u00a0\u00a0\u00a0\u00a0\u00a0 Sora\u00a0\u00a0\u00a0\u00a0\u00a0\u00a0\u00a0\u00a0\u00a0\u00a0\u00a0\u00a0\u00a0\u00a0\u00a0<\/p>\n<p>\n\t2009-2010\u00a0\u00a0\u00a0\u00a0\u00a0 A2\u00a0\u00a0\u00a0\u00a0\u00a0\u00a0 Sora\u00a0\u00a0\u00a0\u00a0\u00a0\u00a0\u00a0\u00a0\u00a0\u00a0\u00a0\u00a0\u00a0\u00a0\u00a0\u00a0\u00a0\u00a0\u00a0\u00a0\u00a0\u00a0\u00a0\u00a0\u00a0\u00a0\u00a0<\/p>\n<p>\n\t2008-2009\u00a0\u00a0\u00a0\u00a0\u00a0 A2\u00a0\u00a0\u00a0\u00a0\u00a0\u00a0 Olio Pignatelli Isernia\u00a0\u00a0 \u00a0\u00a0\u00a0\u00a0\u00a0\u00a0\u00a0\u00a0\u00a0\u00a0\u00a0\u00a0\u00a0\u00a0\u00a0\u00a0\u00a0\u00a0\u00a0\u00a0\u00a0\u00a0\u00a0\u00a0\u00a0\u00a0\u00a0\u00a0\u00a0\u00a0\u00a0\u00a0\u00a0\u00a0\u00a0\u00a0\u00a0\u00a0\u00a0\u00a0\u00a0\u00a0\u00a0\u00a0\u00a0\u00a0 \u00a0<\/p>\n<p>\n\t2007-2008\u00a0\u00a0\u00a0\u00a0\u00a0 A2\u00a0\u00a0\u00a0\u00a0\u00a0\u00a0 Materdomini Volley.it Castellana Grotte\u00a0\u00a0\u00a0\u00a0\u00a0\u00a0\u00a0\u00a0\u00a0\u00a0\u00a0\u00a0\u00a0\u00a0\u00a0\u00a0\u00a0\u00a0\u00a0\u00a0\u00a0\u00a0\u00a0\u00a0\u00a0\u00a0\u00a0\u00a0\u00a0\u00a0\u00a0\u00a0\u00a0<\/p>\n<p>\n\t2006-2007\u00a0\u00a0\u00a0\u00a0\u00a0 A2\u00a0\u00a0\u00a0\u00a0\u00a0\u00a0 Materdomini Volley.It Castellana Grotte\u00a0\u00a0\u00a0\u00a0\u00a0\u00a0\u00a0\u00a0\u00a0<\/p>\n<p>\n\t2005-2006\u00a0\u00a0\u00a0\u00a0\u00a0 A2\u00a0\u00a0\u00a0\u00a0\u00a0\u00a0 Materdomini Volley.It Castellana Grotte\u00a0\u00a0\u00a0\u00a0\u00a0\u00a0\u00a0\u00a0\u00a0<\/p>\n<p>\n\t2003-2005\u00a0\u00a0\u00a0\u00a0\u00a0 B1\u00a0\u00a0\u00a0\u00a0\u00a0\u00a0 Materdomini Castellana Grotte (BA)\u00a0\u00a0\u00a0 \u00a0\u00a0\u00a0\u00a0\u00a0\u00a0\u00a0\u00a0\u00a0\u00a0 \u00a0\u00a0\u00a0\u00a0\u00a0\u00a0\u00a0\u00a0\u00a0\u00a0\u00a0 \u00a0<\/p>\n<p>\n\t2002-2003\u00a0\u00a0\u00a0\u00a0\u00a0 B1\u00a0\u00a0\u00a0\u00a0\u00a0\u00a0 Com Cavi Napoli\u00a0\u00a0\u00a0\u00a0\u00a0\u00a0\u00a0\u00a0 \u00a0\u00a0\u00a0\u00a0\u00a0\u00a0\u00a0\u00a0\u00a0\u00a0 \u00a0\u00a0\u00a0\u00a0\u00a0\u00a0\u00a0\u00a0\u00a0\u00a0\u00a0 \u00a0<\/p>\n<p>\n\t2001-2002\u00a0\u00a0\u00a0\u00a0\u00a0 A2\u00a0\u00a0\u00a0\u00a0\u00a0\u00a0 Com Cavi Multimedia Napoli\u00a0\u00a0\u00a0\u00a0\u00a0\u00a0\u00a0\u00a0\u00a0\u00a0\u00a0\u00a0\u00a0<\/p>\n<p>\n\t2000-2001\u00a0\u00a0\u00a0\u00a0\u00a0 A2\u00a0\u00a0\u00a0\u00a0\u00a0\u00a0 Com Cavi Multimedia Salerno\u00a0\u00a0\u00a0\u00a0\u00a0\u00a0\u00a0\u00a0\u00a0\u00a0\u00a0\u00a0<\/p>\n<p>\n\t1999-2000\u00a0\u00a0\u00a0\u00a0\u00a0 B2\u00a0\u00a0\u00a0\u00a0\u00a0\u00a0 AP Pallavolo Napoli\u00a0\u00a0\u00a0 \u00a0\u00a0\u00a0\u00a0\u00a0\u00a0\u00a0\u00a0\u00a0\u00a0 \u00a0\u00a0\u00a0\u00a0\u00a0\u00a0\u00a0\u00a0\u00a0\u00a0\u00a0 \u00a0<\/p>\n<p>\n\t1998-1999\u00a0\u00a0\u00a0\u00a0\u00a0 A2\u00a0\u00a0\u00a0\u00a0\u00a0\u00a0 Com Cavi Multimedia Napoli\u00a0\u00a0\u00a0\u00a0\u00a0\u00a0\u00a0\u00a0\u00a0\u00a0\u00a0\u00a0\u00a0<\/p>\n<p>\n\t1998-1999\u00a0\u00a0\u00a0\u00a0\u00a0 Giov.\u00a0\u00a0\u00a0 Com Cavi Napoli<\/p>\n        ","protected":false},"excerpt":{"rendered":"<p><!-- wp:paragraph --><br \/>\n        Colpo di mercato in casa Materdominivolley.it. Enrico Libraro ritorna a vestire i colori giallobl\u00f9. Lo schiacciatore, classe \u201983, alto 191 centimetri, originario di Napoli, torna quindi a Castellana Grotte dopo aver entusiasmato il tifo.<br \/>\n        <!-- \/wp:paragraph --><\/p>\n","protected":false},"author":1,"featured_media":1482,"comment_status":"open","ping_status":"closed","sticky":false,"template":"","format":"standard","meta":{"footnotes":""},"categories":[13],"tags":[],"class_list":["post-1481","post","type-post","status-publish","format-standard","has-post-thumbnail","hentry","category-serie-a2"],"yoast_head":"<!-- This site is optimized with the Yoast SEO plugin v27.4 - https:\/\/yoast.com\/product\/yoast-seo-wordpress\/ -->\n<title>Colpo mercato: torna Libraro! - materdominivolley<\/title>\n<meta name=\"robots\" content=\"index, follow, max-snippet:-1, max-image-preview:large, max-video-preview:-1\" \/>\n<link rel=\"canonical\" href=\"https:\/\/www.materdominivolley.it\/home\/2013\/12\/05\/colpo-mercato-torna-libraro\/\" \/>\n<meta property=\"og:locale\" content=\"it_IT\" \/>\n<meta property=\"og:type\" content=\"article\" \/>\n<meta property=\"og:title\" content=\"Colpo mercato: torna Libraro! - materdominivolley\" \/>\n<meta property=\"og:description\" content=\"Colpo di mercato in casa Materdominivolley.it. Enrico Libraro ritorna a vestire i colori giallobl\u00f9. Lo schiacciatore, classe \u201983, alto 191 centimetri, originario di Napoli, torna quindi a Castellana Grotte dopo aver entusiasmato il tifo.\" \/>\n<meta property=\"og:url\" content=\"https:\/\/www.materdominivolley.it\/home\/2013\/12\/05\/colpo-mercato-torna-libraro\/\" \/>\n<meta property=\"og:site_name\" content=\"materdominivolley\" \/>\n<meta property=\"article:publisher\" content=\"https:\/\/www.facebook.com\/materdominivolleyit\/\" \/>\n<meta property=\"article:published_time\" content=\"2013-12-05T12:50:23+00:00\" \/>\n<meta property=\"og:image\" content=\"https:\/\/www.materdominivolley.it\/home\/wp-content\/uploads\/2019\/09\/Enrico-Libraro-stagione-Materdomini-05-06-per-sito.jpg\" \/>\n\t<meta property=\"og:image:width\" content=\"529\" \/>\n\t<meta property=\"og:image:height\" content=\"326\" \/>\n\t<meta property=\"og:image:type\" content=\"image\/jpeg\" \/>\n<meta name=\"author\" content=\"admin-mater\" \/>\n<meta name=\"twitter:card\" content=\"summary_large_image\" \/>\n<meta name=\"twitter:label1\" content=\"Scritto da\" \/>\n\t<meta name=\"twitter:data1\" content=\"admin-mater\" \/>\n\t<meta name=\"twitter:label2\" content=\"Tempo di lettura stimato\" \/>\n\t<meta name=\"twitter:data2\" content=\"2 minuti\" \/>\n<script type=\"application\/ld+json\" class=\"yoast-schema-graph\">{\"@context\":\"https:\\\/\\\/schema.org\",\"@graph\":[{\"@type\":\"Article\",\"@id\":\"https:\\\/\\\/www.materdominivolley.it\\\/home\\\/2013\\\/12\\\/05\\\/colpo-mercato-torna-libraro\\\/#article\",\"isPartOf\":{\"@id\":\"https:\\\/\\\/www.materdominivolley.it\\\/home\\\/2013\\\/12\\\/05\\\/colpo-mercato-torna-libraro\\\/\"},\"author\":{\"name\":\"admin-mater\",\"@id\":\"https:\\\/\\\/www.materdominivolley.it\\\/home\\\/#\\\/schema\\\/person\\\/86961330b970aecf0b9729df84069339\"},\"headline\":\"Colpo mercato: torna Libraro!\",\"datePublished\":\"2013-12-05T12:50:23+00:00\",\"mainEntityOfPage\":{\"@id\":\"https:\\\/\\\/www.materdominivolley.it\\\/home\\\/2013\\\/12\\\/05\\\/colpo-mercato-torna-libraro\\\/\"},\"wordCount\":493,\"commentCount\":0,\"publisher\":{\"@id\":\"https:\\\/\\\/www.materdominivolley.it\\\/home\\\/#organization\"},\"image\":{\"@id\":\"https:\\\/\\\/www.materdominivolley.it\\\/home\\\/2013\\\/12\\\/05\\\/colpo-mercato-torna-libraro\\\/#primaryimage\"},\"thumbnailUrl\":\"https:\\\/\\\/www.materdominivolley.it\\\/home\\\/wp-content\\\/uploads\\\/2019\\\/09\\\/Enrico-Libraro-stagione-Materdomini-05-06-per-sito.jpg\",\"articleSection\":[\"Serie A2\"],\"inLanguage\":\"it-IT\",\"potentialAction\":[{\"@type\":\"CommentAction\",\"name\":\"Comment\",\"target\":[\"https:\\\/\\\/www.materdominivolley.it\\\/home\\\/2013\\\/12\\\/05\\\/colpo-mercato-torna-libraro\\\/#respond\"]}]},{\"@type\":\"WebPage\",\"@id\":\"https:\\\/\\\/www.materdominivolley.it\\\/home\\\/2013\\\/12\\\/05\\\/colpo-mercato-torna-libraro\\\/\",\"url\":\"https:\\\/\\\/www.materdominivolley.it\\\/home\\\/2013\\\/12\\\/05\\\/colpo-mercato-torna-libraro\\\/\",\"name\":\"Colpo mercato: torna Libraro! - materdominivolley\",\"isPartOf\":{\"@id\":\"https:\\\/\\\/www.materdominivolley.it\\\/home\\\/#website\"},\"primaryImageOfPage\":{\"@id\":\"https:\\\/\\\/www.materdominivolley.it\\\/home\\\/2013\\\/12\\\/05\\\/colpo-mercato-torna-libraro\\\/#primaryimage\"},\"image\":{\"@id\":\"https:\\\/\\\/www.materdominivolley.it\\\/home\\\/2013\\\/12\\\/05\\\/colpo-mercato-torna-libraro\\\/#primaryimage\"},\"thumbnailUrl\":\"https:\\\/\\\/www.materdominivolley.it\\\/home\\\/wp-content\\\/uploads\\\/2019\\\/09\\\/Enrico-Libraro-stagione-Materdomini-05-06-per-sito.jpg\",\"datePublished\":\"2013-12-05T12:50:23+00:00\",\"breadcrumb\":{\"@id\":\"https:\\\/\\\/www.materdominivolley.it\\\/home\\\/2013\\\/12\\\/05\\\/colpo-mercato-torna-libraro\\\/#breadcrumb\"},\"inLanguage\":\"it-IT\",\"potentialAction\":[{\"@type\":\"ReadAction\",\"target\":[\"https:\\\/\\\/www.materdominivolley.it\\\/home\\\/2013\\\/12\\\/05\\\/colpo-mercato-torna-libraro\\\/\"]}]},{\"@type\":\"ImageObject\",\"inLanguage\":\"it-IT\",\"@id\":\"https:\\\/\\\/www.materdominivolley.it\\\/home\\\/2013\\\/12\\\/05\\\/colpo-mercato-torna-libraro\\\/#primaryimage\",\"url\":\"https:\\\/\\\/www.materdominivolley.it\\\/home\\\/wp-content\\\/uploads\\\/2019\\\/09\\\/Enrico-Libraro-stagione-Materdomini-05-06-per-sito.jpg\",\"contentUrl\":\"https:\\\/\\\/www.materdominivolley.it\\\/home\\\/wp-content\\\/uploads\\\/2019\\\/09\\\/Enrico-Libraro-stagione-Materdomini-05-06-per-sito.jpg\",\"width\":529,\"height\":326},{\"@type\":\"BreadcrumbList\",\"@id\":\"https:\\\/\\\/www.materdominivolley.it\\\/home\\\/2013\\\/12\\\/05\\\/colpo-mercato-torna-libraro\\\/#breadcrumb\",\"itemListElement\":[{\"@type\":\"ListItem\",\"position\":1,\"name\":\"Home\",\"item\":\"https:\\\/\\\/www.materdominivolley.it\\\/home\\\/\"},{\"@type\":\"ListItem\",\"position\":2,\"name\":\"Colpo mercato: torna Libraro!\"}]},{\"@type\":\"WebSite\",\"@id\":\"https:\\\/\\\/www.materdominivolley.it\\\/home\\\/#website\",\"url\":\"https:\\\/\\\/www.materdominivolley.it\\\/home\\\/\",\"name\":\"materdominivolley\",\"description\":\"\",\"publisher\":{\"@id\":\"https:\\\/\\\/www.materdominivolley.it\\\/home\\\/#organization\"},\"potentialAction\":[{\"@type\":\"SearchAction\",\"target\":{\"@type\":\"EntryPoint\",\"urlTemplate\":\"https:\\\/\\\/www.materdominivolley.it\\\/home\\\/?s={search_term_string}\"},\"query-input\":{\"@type\":\"PropertyValueSpecification\",\"valueRequired\":true,\"valueName\":\"search_term_string\"}}],\"inLanguage\":\"it-IT\"},{\"@type\":\"Organization\",\"@id\":\"https:\\\/\\\/www.materdominivolley.it\\\/home\\\/#organization\",\"name\":\"Materdominivolley.it\",\"url\":\"https:\\\/\\\/www.materdominivolley.it\\\/home\\\/\",\"logo\":{\"@type\":\"ImageObject\",\"inLanguage\":\"it-IT\",\"@id\":\"https:\\\/\\\/www.materdominivolley.it\\\/home\\\/#\\\/schema\\\/logo\\\/image\\\/\",\"url\":\"https:\\\/\\\/www.materdominivolley.it\\\/home\\\/wp-content\\\/uploads\\\/2019\\\/10\\\/Senza-titolo-1-2.png\",\"contentUrl\":\"https:\\\/\\\/www.materdominivolley.it\\\/home\\\/wp-content\\\/uploads\\\/2019\\\/10\\\/Senza-titolo-1-2.png\",\"width\":180,\"height\":250,\"caption\":\"Materdominivolley.it\"},\"image\":{\"@id\":\"https:\\\/\\\/www.materdominivolley.it\\\/home\\\/#\\\/schema\\\/logo\\\/image\\\/\"},\"sameAs\":[\"https:\\\/\\\/www.facebook.com\\\/materdominivolleyit\\\/\"]},{\"@type\":\"Person\",\"@id\":\"https:\\\/\\\/www.materdominivolley.it\\\/home\\\/#\\\/schema\\\/person\\\/86961330b970aecf0b9729df84069339\",\"name\":\"admin-mater\",\"image\":{\"@type\":\"ImageObject\",\"inLanguage\":\"it-IT\",\"@id\":\"https:\\\/\\\/secure.gravatar.com\\\/avatar\\\/71d088b9255aa52813637243630e63af9ffd99251cfb71c8536f2d3794cac08e?s=96&d=mm&r=g\",\"url\":\"https:\\\/\\\/secure.gravatar.com\\\/avatar\\\/71d088b9255aa52813637243630e63af9ffd99251cfb71c8536f2d3794cac08e?s=96&d=mm&r=g\",\"contentUrl\":\"https:\\\/\\\/secure.gravatar.com\\\/avatar\\\/71d088b9255aa52813637243630e63af9ffd99251cfb71c8536f2d3794cac08e?s=96&d=mm&r=g\",\"caption\":\"admin-mater\"},\"url\":\"https:\\\/\\\/www.materdominivolley.it\\\/home\\\/author\\\/admin-mater\\\/\"}]}<\/script>\n<!-- \/ Yoast SEO plugin. -->","yoast_head_json":{"title":"Colpo mercato: torna Libraro! - materdominivolley","robots":{"index":"index","follow":"follow","max-snippet":"max-snippet:-1","max-image-preview":"max-image-preview:large","max-video-preview":"max-video-preview:-1"},"canonical":"https:\/\/www.materdominivolley.it\/home\/2013\/12\/05\/colpo-mercato-torna-libraro\/","og_locale":"it_IT","og_type":"article","og_title":"Colpo mercato: torna Libraro! - materdominivolley","og_description":"Colpo di mercato in casa Materdominivolley.it. Enrico Libraro ritorna a vestire i colori giallobl\u00f9. Lo schiacciatore, classe \u201983, alto 191 centimetri, originario di Napoli, torna quindi a Castellana Grotte dopo aver entusiasmato il tifo.","og_url":"https:\/\/www.materdominivolley.it\/home\/2013\/12\/05\/colpo-mercato-torna-libraro\/","og_site_name":"materdominivolley","article_publisher":"https:\/\/www.facebook.com\/materdominivolleyit\/","article_published_time":"2013-12-05T12:50:23+00:00","og_image":[{"width":529,"height":326,"url":"https:\/\/www.materdominivolley.it\/home\/wp-content\/uploads\/2019\/09\/Enrico-Libraro-stagione-Materdomini-05-06-per-sito.jpg","type":"image\/jpeg"}],"author":"admin-mater","twitter_card":"summary_large_image","twitter_misc":{"Scritto da":"admin-mater","Tempo di lettura stimato":"2 minuti"},"schema":{"@context":"https:\/\/schema.org","@graph":[{"@type":"Article","@id":"https:\/\/www.materdominivolley.it\/home\/2013\/12\/05\/colpo-mercato-torna-libraro\/#article","isPartOf":{"@id":"https:\/\/www.materdominivolley.it\/home\/2013\/12\/05\/colpo-mercato-torna-libraro\/"},"author":{"name":"admin-mater","@id":"https:\/\/www.materdominivolley.it\/home\/#\/schema\/person\/86961330b970aecf0b9729df84069339"},"headline":"Colpo mercato: torna Libraro!","datePublished":"2013-12-05T12:50:23+00:00","mainEntityOfPage":{"@id":"https:\/\/www.materdominivolley.it\/home\/2013\/12\/05\/colpo-mercato-torna-libraro\/"},"wordCount":493,"commentCount":0,"publisher":{"@id":"https:\/\/www.materdominivolley.it\/home\/#organization"},"image":{"@id":"https:\/\/www.materdominivolley.it\/home\/2013\/12\/05\/colpo-mercato-torna-libraro\/#primaryimage"},"thumbnailUrl":"https:\/\/www.materdominivolley.it\/home\/wp-content\/uploads\/2019\/09\/Enrico-Libraro-stagione-Materdomini-05-06-per-sito.jpg","articleSection":["Serie A2"],"inLanguage":"it-IT","potentialAction":[{"@type":"CommentAction","name":"Comment","target":["https:\/\/www.materdominivolley.it\/home\/2013\/12\/05\/colpo-mercato-torna-libraro\/#respond"]}]},{"@type":"WebPage","@id":"https:\/\/www.materdominivolley.it\/home\/2013\/12\/05\/colpo-mercato-torna-libraro\/","url":"https:\/\/www.materdominivolley.it\/home\/2013\/12\/05\/colpo-mercato-torna-libraro\/","name":"Colpo mercato: torna Libraro! - materdominivolley","isPartOf":{"@id":"https:\/\/www.materdominivolley.it\/home\/#website"},"primaryImageOfPage":{"@id":"https:\/\/www.materdominivolley.it\/home\/2013\/12\/05\/colpo-mercato-torna-libraro\/#primaryimage"},"image":{"@id":"https:\/\/www.materdominivolley.it\/home\/2013\/12\/05\/colpo-mercato-torna-libraro\/#primaryimage"},"thumbnailUrl":"https:\/\/www.materdominivolley.it\/home\/wp-content\/uploads\/2019\/09\/Enrico-Libraro-stagione-Materdomini-05-06-per-sito.jpg","datePublished":"2013-12-05T12:50:23+00:00","breadcrumb":{"@id":"https:\/\/www.materdominivolley.it\/home\/2013\/12\/05\/colpo-mercato-torna-libraro\/#breadcrumb"},"inLanguage":"it-IT","potentialAction":[{"@type":"ReadAction","target":["https:\/\/www.materdominivolley.it\/home\/2013\/12\/05\/colpo-mercato-torna-libraro\/"]}]},{"@type":"ImageObject","inLanguage":"it-IT","@id":"https:\/\/www.materdominivolley.it\/home\/2013\/12\/05\/colpo-mercato-torna-libraro\/#primaryimage","url":"https:\/\/www.materdominivolley.it\/home\/wp-content\/uploads\/2019\/09\/Enrico-Libraro-stagione-Materdomini-05-06-per-sito.jpg","contentUrl":"https:\/\/www.materdominivolley.it\/home\/wp-content\/uploads\/2019\/09\/Enrico-Libraro-stagione-Materdomini-05-06-per-sito.jpg","width":529,"height":326},{"@type":"BreadcrumbList","@id":"https:\/\/www.materdominivolley.it\/home\/2013\/12\/05\/colpo-mercato-torna-libraro\/#breadcrumb","itemListElement":[{"@type":"ListItem","position":1,"name":"Home","item":"https:\/\/www.materdominivolley.it\/home\/"},{"@type":"ListItem","position":2,"name":"Colpo mercato: torna Libraro!"}]},{"@type":"WebSite","@id":"https:\/\/www.materdominivolley.it\/home\/#website","url":"https:\/\/www.materdominivolley.it\/home\/","name":"materdominivolley","description":"","publisher":{"@id":"https:\/\/www.materdominivolley.it\/home\/#organization"},"potentialAction":[{"@type":"SearchAction","target":{"@type":"EntryPoint","urlTemplate":"https:\/\/www.materdominivolley.it\/home\/?s={search_term_string}"},"query-input":{"@type":"PropertyValueSpecification","valueRequired":true,"valueName":"search_term_string"}}],"inLanguage":"it-IT"},{"@type":"Organization","@id":"https:\/\/www.materdominivolley.it\/home\/#organization","name":"Materdominivolley.it","url":"https:\/\/www.materdominivolley.it\/home\/","logo":{"@type":"ImageObject","inLanguage":"it-IT","@id":"https:\/\/www.materdominivolley.it\/home\/#\/schema\/logo\/image\/","url":"https:\/\/www.materdominivolley.it\/home\/wp-content\/uploads\/2019\/10\/Senza-titolo-1-2.png","contentUrl":"https:\/\/www.materdominivolley.it\/home\/wp-content\/uploads\/2019\/10\/Senza-titolo-1-2.png","width":180,"height":250,"caption":"Materdominivolley.it"},"image":{"@id":"https:\/\/www.materdominivolley.it\/home\/#\/schema\/logo\/image\/"},"sameAs":["https:\/\/www.facebook.com\/materdominivolleyit\/"]},{"@type":"Person","@id":"https:\/\/www.materdominivolley.it\/home\/#\/schema\/person\/86961330b970aecf0b9729df84069339","name":"admin-mater","image":{"@type":"ImageObject","inLanguage":"it-IT","@id":"https:\/\/secure.gravatar.com\/avatar\/71d088b9255aa52813637243630e63af9ffd99251cfb71c8536f2d3794cac08e?s=96&d=mm&r=g","url":"https:\/\/secure.gravatar.com\/avatar\/71d088b9255aa52813637243630e63af9ffd99251cfb71c8536f2d3794cac08e?s=96&d=mm&r=g","contentUrl":"https:\/\/secure.gravatar.com\/avatar\/71d088b9255aa52813637243630e63af9ffd99251cfb71c8536f2d3794cac08e?s=96&d=mm&r=g","caption":"admin-mater"},"url":"https:\/\/www.materdominivolley.it\/home\/author\/admin-mater\/"}]}},"_links":{"self":[{"href":"https:\/\/www.materdominivolley.it\/home\/wp-json\/wp\/v2\/posts\/1481","targetHints":{"allow":["GET"]}}],"collection":[{"href":"https:\/\/www.materdominivolley.it\/home\/wp-json\/wp\/v2\/posts"}],"about":[{"href":"https:\/\/www.materdominivolley.it\/home\/wp-json\/wp\/v2\/types\/post"}],"author":[{"embeddable":true,"href":"https:\/\/www.materdominivolley.it\/home\/wp-json\/wp\/v2\/users\/1"}],"replies":[{"embeddable":true,"href":"https:\/\/www.materdominivolley.it\/home\/wp-json\/wp\/v2\/comments?post=1481"}],"version-history":[{"count":0,"href":"https:\/\/www.materdominivolley.it\/home\/wp-json\/wp\/v2\/posts\/1481\/revisions"}],"wp:featuredmedia":[{"embeddable":true,"href":"https:\/\/www.materdominivolley.it\/home\/wp-json\/wp\/v2\/media\/1482"}],"wp:attachment":[{"href":"https:\/\/www.materdominivolley.it\/home\/wp-json\/wp\/v2\/media?parent=1481"}],"wp:term":[{"taxonomy":"category","embeddable":true,"href":"https:\/\/www.materdominivolley.it\/home\/wp-json\/wp\/v2\/categories?post=1481"},{"taxonomy":"post_tag","embeddable":true,"href":"https:\/\/www.materdominivolley.it\/home\/wp-json\/wp\/v2\/tags?post=1481"}],"curies":[{"name":"wp","href":"https:\/\/api.w.org\/{rel}","templated":true}]}}