{"id":1490,"date":"2013-11-30T12:07:54","date_gmt":"2013-11-30T11:07:54","guid":{"rendered":"https:\/\/www.materdominivolley.it\/home\/2013\/11\/30\/con-cantu-arrivano-anche-le-telecamere-rai\/"},"modified":"2013-11-30T12:07:54","modified_gmt":"2013-11-30T11:07:54","slug":"con-cantu-arrivano-anche-le-telecamere-rai","status":"publish","type":"post","link":"https:\/\/www.materdominivolley.it\/home\/2013\/11\/30\/con-cantu-arrivano-anche-le-telecamere-rai\/","title":{"rendered":"Con Cant\u00f9 arrivano anche le telecamere Rai"},"content":{"rendered":"\n        <p>\n\tCi saranno anche le telecamere Rai al Pala Grotte di Castellana in occasione della sfida tra <strong>Materdominivolley.it Castellana Grotte<\/strong> e <strong>Cassa Rurale Cant\u00f9 <\/strong>valida per la quinta giornata del campionato nazionale serie A2 di pallavolo maschile. La gara, in programma <strong>domenica 17 novembre<\/strong> con prima battuta alle <strong>ore 18<\/strong>, sar\u00e0 cos\u00ec trasmessa in differita marted\u00ec 19 novembre a partire dalle ore 23,15 su Rai Sport 2.<\/p>\n<p>\n\tIn campo due delle formazioni iscritte al campionato cadetto che presentano un organico completamente &#8220;made in Italy&#8221;. Da una parte la Materdominivolley.it di <strong>Vincenzo Fanizza <\/strong>che, dopo il taglio di Ivan Benito Ruiz, ha scelto di puntare ancora sui giovani di talento e a Sora ha presentato in banda prima Civita (classe 1994) e poi Ciavarella (classe 1995). Dall&#8217;altra il Cant\u00f9 allenato da Della Rosa che, partito con l&#8217;obiettivo salvezza, ha centrato tre successi su quattro, vincendo tra l&#8217;altro con Brolo (all&#8217;esordio) e Corigliano (nell&#8217;ultimo turno). Dirigeranno l&#8217;incontro gli arbitri Bruno Frapiccini di Ancona e Davide Morgillo di Napoli.<\/p>\n<p>\n\tContro la formazione comasca, inoltre, per il Castellana si apre anche una fetta di calendario particolarmente importante con la sfida interna con Cant\u00f9 prima del doppio impegno in trasferta contro Corigliano e Ortona. In pratica, da qui alla fine dell&#8217;anno, ovvero nei prossimi due mesi circa, al Pala Grotte la Materdominivolley giocher\u00e0 solo tre volte. Sar\u00e0 proprio in queste giornate che il club della Citt\u00e0 delle Grotte dovr\u00e0 completare la crescita vista nelle ultime due giornate e costruire delle certezze in pi\u00f9 rispetto al primo mese di stagione.<\/p>\n<p>\n\tSabato 16 e domenica 17 novembre, infine, la Lega Pallavolo Serie A e le proprie associate aderiranno alla \u201cGiornata Mondiale del Ricordo delle Vittime della Strada\u201d. Nella terza domenica di novembre ricorre infatti la Giornata Mondiale ONU e l\u2019Associazione Italiana Familiari e Vittime della Strada (AIFVS) organizza iniziative finalizzate a sensibilizzare l\u2019opinione pubblica per fermare la strage stradale. La Materdominivolley.it ha sposato in maniera convinta questa iniziativa, portando anche sulle maglie il logo dell&#8217;AGUVS &#8211; Associazione Gruppi Uniti Tutela e Giustizia per le Vittime della Strada, storico partner sociale del club di via Sonnino.<\/p>\n        ","protected":false},"excerpt":{"rendered":"<p><!-- wp:paragraph --><br \/>\n        La gara, in programma domenica 17 novembre con prima battuta alle ore 18, sar\u00e0 cos\u00ec trasmessa in differita marted\u00ec 19 novembre a partire dalle ore 23,15 su Rai Sport 2.<br \/>\n        <!-- \/wp:paragraph --><\/p>\n","protected":false},"author":1,"featured_media":753,"comment_status":"open","ping_status":"closed","sticky":false,"template":"","format":"standard","meta":{"footnotes":""},"categories":[13],"tags":[],"class_list":["post-1490","post","type-post","status-publish","format-standard","has-post-thumbnail","hentry","category-serie-a2"],"yoast_head":"<!-- This site is optimized with the Yoast SEO plugin v27.4 - https:\/\/yoast.com\/product\/yoast-seo-wordpress\/ -->\n<title>Con Cant\u00f9 arrivano anche le telecamere Rai - materdominivolley<\/title>\n<meta name=\"robots\" content=\"index, follow, max-snippet:-1, max-image-preview:large, max-video-preview:-1\" \/>\n<link rel=\"canonical\" href=\"https:\/\/www.materdominivolley.it\/home\/2013\/11\/30\/con-cantu-arrivano-anche-le-telecamere-rai\/\" \/>\n<meta property=\"og:locale\" content=\"it_IT\" \/>\n<meta property=\"og:type\" content=\"article\" \/>\n<meta property=\"og:title\" content=\"Con Cant\u00f9 arrivano anche le telecamere Rai - materdominivolley\" \/>\n<meta property=\"og:description\" content=\"La gara, in programma domenica 17 novembre con prima battuta alle ore 18, sar\u00e0 cos\u00ec trasmessa in differita marted\u00ec 19 novembre a partire dalle ore 23,15 su Rai Sport 2.\" \/>\n<meta property=\"og:url\" content=\"https:\/\/www.materdominivolley.it\/home\/2013\/11\/30\/con-cantu-arrivano-anche-le-telecamere-rai\/\" \/>\n<meta property=\"og:site_name\" content=\"materdominivolley\" \/>\n<meta property=\"article:publisher\" content=\"https:\/\/www.facebook.com\/materdominivolleyit\/\" \/>\n<meta property=\"article:published_time\" content=\"2013-11-30T11:07:54+00:00\" \/>\n<meta property=\"og:image\" content=\"https:\/\/www.materdominivolley.it\/home\/wp-content\/uploads\/2019\/09\/sciarpata.jpg\" \/>\n\t<meta property=\"og:image:width\" content=\"980\" \/>\n\t<meta property=\"og:image:height\" content=\"400\" \/>\n\t<meta property=\"og:image:type\" content=\"image\/jpeg\" \/>\n<meta name=\"author\" content=\"admin-mater\" \/>\n<meta name=\"twitter:card\" content=\"summary_large_image\" \/>\n<meta name=\"twitter:label1\" content=\"Scritto da\" \/>\n\t<meta name=\"twitter:data1\" content=\"admin-mater\" \/>\n\t<meta name=\"twitter:label2\" content=\"Tempo di lettura stimato\" \/>\n\t<meta name=\"twitter:data2\" content=\"2 minuti\" \/>\n<script type=\"application\/ld+json\" class=\"yoast-schema-graph\">{\"@context\":\"https:\\\/\\\/schema.org\",\"@graph\":[{\"@type\":\"Article\",\"@id\":\"https:\\\/\\\/www.materdominivolley.it\\\/home\\\/2013\\\/11\\\/30\\\/con-cantu-arrivano-anche-le-telecamere-rai\\\/#article\",\"isPartOf\":{\"@id\":\"https:\\\/\\\/www.materdominivolley.it\\\/home\\\/2013\\\/11\\\/30\\\/con-cantu-arrivano-anche-le-telecamere-rai\\\/\"},\"author\":{\"name\":\"admin-mater\",\"@id\":\"https:\\\/\\\/www.materdominivolley.it\\\/home\\\/#\\\/schema\\\/person\\\/86961330b970aecf0b9729df84069339\"},\"headline\":\"Con Cant\u00f9 arrivano anche le telecamere Rai\",\"datePublished\":\"2013-11-30T11:07:54+00:00\",\"mainEntityOfPage\":{\"@id\":\"https:\\\/\\\/www.materdominivolley.it\\\/home\\\/2013\\\/11\\\/30\\\/con-cantu-arrivano-anche-le-telecamere-rai\\\/\"},\"wordCount\":358,\"commentCount\":0,\"publisher\":{\"@id\":\"https:\\\/\\\/www.materdominivolley.it\\\/home\\\/#organization\"},\"image\":{\"@id\":\"https:\\\/\\\/www.materdominivolley.it\\\/home\\\/2013\\\/11\\\/30\\\/con-cantu-arrivano-anche-le-telecamere-rai\\\/#primaryimage\"},\"thumbnailUrl\":\"https:\\\/\\\/www.materdominivolley.it\\\/home\\\/wp-content\\\/uploads\\\/2019\\\/09\\\/sciarpata.jpg\",\"articleSection\":[\"Serie A2\"],\"inLanguage\":\"it-IT\",\"potentialAction\":[{\"@type\":\"CommentAction\",\"name\":\"Comment\",\"target\":[\"https:\\\/\\\/www.materdominivolley.it\\\/home\\\/2013\\\/11\\\/30\\\/con-cantu-arrivano-anche-le-telecamere-rai\\\/#respond\"]}]},{\"@type\":\"WebPage\",\"@id\":\"https:\\\/\\\/www.materdominivolley.it\\\/home\\\/2013\\\/11\\\/30\\\/con-cantu-arrivano-anche-le-telecamere-rai\\\/\",\"url\":\"https:\\\/\\\/www.materdominivolley.it\\\/home\\\/2013\\\/11\\\/30\\\/con-cantu-arrivano-anche-le-telecamere-rai\\\/\",\"name\":\"Con Cant\u00f9 arrivano anche le telecamere Rai - materdominivolley\",\"isPartOf\":{\"@id\":\"https:\\\/\\\/www.materdominivolley.it\\\/home\\\/#website\"},\"primaryImageOfPage\":{\"@id\":\"https:\\\/\\\/www.materdominivolley.it\\\/home\\\/2013\\\/11\\\/30\\\/con-cantu-arrivano-anche-le-telecamere-rai\\\/#primaryimage\"},\"image\":{\"@id\":\"https:\\\/\\\/www.materdominivolley.it\\\/home\\\/2013\\\/11\\\/30\\\/con-cantu-arrivano-anche-le-telecamere-rai\\\/#primaryimage\"},\"thumbnailUrl\":\"https:\\\/\\\/www.materdominivolley.it\\\/home\\\/wp-content\\\/uploads\\\/2019\\\/09\\\/sciarpata.jpg\",\"datePublished\":\"2013-11-30T11:07:54+00:00\",\"breadcrumb\":{\"@id\":\"https:\\\/\\\/www.materdominivolley.it\\\/home\\\/2013\\\/11\\\/30\\\/con-cantu-arrivano-anche-le-telecamere-rai\\\/#breadcrumb\"},\"inLanguage\":\"it-IT\",\"potentialAction\":[{\"@type\":\"ReadAction\",\"target\":[\"https:\\\/\\\/www.materdominivolley.it\\\/home\\\/2013\\\/11\\\/30\\\/con-cantu-arrivano-anche-le-telecamere-rai\\\/\"]}]},{\"@type\":\"ImageObject\",\"inLanguage\":\"it-IT\",\"@id\":\"https:\\\/\\\/www.materdominivolley.it\\\/home\\\/2013\\\/11\\\/30\\\/con-cantu-arrivano-anche-le-telecamere-rai\\\/#primaryimage\",\"url\":\"https:\\\/\\\/www.materdominivolley.it\\\/home\\\/wp-content\\\/uploads\\\/2019\\\/09\\\/sciarpata.jpg\",\"contentUrl\":\"https:\\\/\\\/www.materdominivolley.it\\\/home\\\/wp-content\\\/uploads\\\/2019\\\/09\\\/sciarpata.jpg\",\"width\":980,\"height\":400},{\"@type\":\"BreadcrumbList\",\"@id\":\"https:\\\/\\\/www.materdominivolley.it\\\/home\\\/2013\\\/11\\\/30\\\/con-cantu-arrivano-anche-le-telecamere-rai\\\/#breadcrumb\",\"itemListElement\":[{\"@type\":\"ListItem\",\"position\":1,\"name\":\"Home\",\"item\":\"https:\\\/\\\/www.materdominivolley.it\\\/home\\\/\"},{\"@type\":\"ListItem\",\"position\":2,\"name\":\"Con Cant\u00f9 arrivano anche le telecamere Rai\"}]},{\"@type\":\"WebSite\",\"@id\":\"https:\\\/\\\/www.materdominivolley.it\\\/home\\\/#website\",\"url\":\"https:\\\/\\\/www.materdominivolley.it\\\/home\\\/\",\"name\":\"materdominivolley\",\"description\":\"\",\"publisher\":{\"@id\":\"https:\\\/\\\/www.materdominivolley.it\\\/home\\\/#organization\"},\"potentialAction\":[{\"@type\":\"SearchAction\",\"target\":{\"@type\":\"EntryPoint\",\"urlTemplate\":\"https:\\\/\\\/www.materdominivolley.it\\\/home\\\/?s={search_term_string}\"},\"query-input\":{\"@type\":\"PropertyValueSpecification\",\"valueRequired\":true,\"valueName\":\"search_term_string\"}}],\"inLanguage\":\"it-IT\"},{\"@type\":\"Organization\",\"@id\":\"https:\\\/\\\/www.materdominivolley.it\\\/home\\\/#organization\",\"name\":\"Materdominivolley.it\",\"url\":\"https:\\\/\\\/www.materdominivolley.it\\\/home\\\/\",\"logo\":{\"@type\":\"ImageObject\",\"inLanguage\":\"it-IT\",\"@id\":\"https:\\\/\\\/www.materdominivolley.it\\\/home\\\/#\\\/schema\\\/logo\\\/image\\\/\",\"url\":\"https:\\\/\\\/www.materdominivolley.it\\\/home\\\/wp-content\\\/uploads\\\/2019\\\/10\\\/Senza-titolo-1-2.png\",\"contentUrl\":\"https:\\\/\\\/www.materdominivolley.it\\\/home\\\/wp-content\\\/uploads\\\/2019\\\/10\\\/Senza-titolo-1-2.png\",\"width\":180,\"height\":250,\"caption\":\"Materdominivolley.it\"},\"image\":{\"@id\":\"https:\\\/\\\/www.materdominivolley.it\\\/home\\\/#\\\/schema\\\/logo\\\/image\\\/\"},\"sameAs\":[\"https:\\\/\\\/www.facebook.com\\\/materdominivolleyit\\\/\"]},{\"@type\":\"Person\",\"@id\":\"https:\\\/\\\/www.materdominivolley.it\\\/home\\\/#\\\/schema\\\/person\\\/86961330b970aecf0b9729df84069339\",\"name\":\"admin-mater\",\"image\":{\"@type\":\"ImageObject\",\"inLanguage\":\"it-IT\",\"@id\":\"https:\\\/\\\/secure.gravatar.com\\\/avatar\\\/71d088b9255aa52813637243630e63af9ffd99251cfb71c8536f2d3794cac08e?s=96&d=mm&r=g\",\"url\":\"https:\\\/\\\/secure.gravatar.com\\\/avatar\\\/71d088b9255aa52813637243630e63af9ffd99251cfb71c8536f2d3794cac08e?s=96&d=mm&r=g\",\"contentUrl\":\"https:\\\/\\\/secure.gravatar.com\\\/avatar\\\/71d088b9255aa52813637243630e63af9ffd99251cfb71c8536f2d3794cac08e?s=96&d=mm&r=g\",\"caption\":\"admin-mater\"},\"url\":\"https:\\\/\\\/www.materdominivolley.it\\\/home\\\/author\\\/admin-mater\\\/\"}]}<\/script>\n<!-- \/ Yoast SEO plugin. -->","yoast_head_json":{"title":"Con Cant\u00f9 arrivano anche le telecamere Rai - materdominivolley","robots":{"index":"index","follow":"follow","max-snippet":"max-snippet:-1","max-image-preview":"max-image-preview:large","max-video-preview":"max-video-preview:-1"},"canonical":"https:\/\/www.materdominivolley.it\/home\/2013\/11\/30\/con-cantu-arrivano-anche-le-telecamere-rai\/","og_locale":"it_IT","og_type":"article","og_title":"Con Cant\u00f9 arrivano anche le telecamere Rai - materdominivolley","og_description":"La gara, in programma domenica 17 novembre con prima battuta alle ore 18, sar\u00e0 cos\u00ec trasmessa in differita marted\u00ec 19 novembre a partire dalle ore 23,15 su Rai Sport 2.","og_url":"https:\/\/www.materdominivolley.it\/home\/2013\/11\/30\/con-cantu-arrivano-anche-le-telecamere-rai\/","og_site_name":"materdominivolley","article_publisher":"https:\/\/www.facebook.com\/materdominivolleyit\/","article_published_time":"2013-11-30T11:07:54+00:00","og_image":[{"width":980,"height":400,"url":"https:\/\/www.materdominivolley.it\/home\/wp-content\/uploads\/2019\/09\/sciarpata.jpg","type":"image\/jpeg"}],"author":"admin-mater","twitter_card":"summary_large_image","twitter_misc":{"Scritto da":"admin-mater","Tempo di lettura stimato":"2 minuti"},"schema":{"@context":"https:\/\/schema.org","@graph":[{"@type":"Article","@id":"https:\/\/www.materdominivolley.it\/home\/2013\/11\/30\/con-cantu-arrivano-anche-le-telecamere-rai\/#article","isPartOf":{"@id":"https:\/\/www.materdominivolley.it\/home\/2013\/11\/30\/con-cantu-arrivano-anche-le-telecamere-rai\/"},"author":{"name":"admin-mater","@id":"https:\/\/www.materdominivolley.it\/home\/#\/schema\/person\/86961330b970aecf0b9729df84069339"},"headline":"Con Cant\u00f9 arrivano anche le telecamere Rai","datePublished":"2013-11-30T11:07:54+00:00","mainEntityOfPage":{"@id":"https:\/\/www.materdominivolley.it\/home\/2013\/11\/30\/con-cantu-arrivano-anche-le-telecamere-rai\/"},"wordCount":358,"commentCount":0,"publisher":{"@id":"https:\/\/www.materdominivolley.it\/home\/#organization"},"image":{"@id":"https:\/\/www.materdominivolley.it\/home\/2013\/11\/30\/con-cantu-arrivano-anche-le-telecamere-rai\/#primaryimage"},"thumbnailUrl":"https:\/\/www.materdominivolley.it\/home\/wp-content\/uploads\/2019\/09\/sciarpata.jpg","articleSection":["Serie A2"],"inLanguage":"it-IT","potentialAction":[{"@type":"CommentAction","name":"Comment","target":["https:\/\/www.materdominivolley.it\/home\/2013\/11\/30\/con-cantu-arrivano-anche-le-telecamere-rai\/#respond"]}]},{"@type":"WebPage","@id":"https:\/\/www.materdominivolley.it\/home\/2013\/11\/30\/con-cantu-arrivano-anche-le-telecamere-rai\/","url":"https:\/\/www.materdominivolley.it\/home\/2013\/11\/30\/con-cantu-arrivano-anche-le-telecamere-rai\/","name":"Con Cant\u00f9 arrivano anche le telecamere Rai - materdominivolley","isPartOf":{"@id":"https:\/\/www.materdominivolley.it\/home\/#website"},"primaryImageOfPage":{"@id":"https:\/\/www.materdominivolley.it\/home\/2013\/11\/30\/con-cantu-arrivano-anche-le-telecamere-rai\/#primaryimage"},"image":{"@id":"https:\/\/www.materdominivolley.it\/home\/2013\/11\/30\/con-cantu-arrivano-anche-le-telecamere-rai\/#primaryimage"},"thumbnailUrl":"https:\/\/www.materdominivolley.it\/home\/wp-content\/uploads\/2019\/09\/sciarpata.jpg","datePublished":"2013-11-30T11:07:54+00:00","breadcrumb":{"@id":"https:\/\/www.materdominivolley.it\/home\/2013\/11\/30\/con-cantu-arrivano-anche-le-telecamere-rai\/#breadcrumb"},"inLanguage":"it-IT","potentialAction":[{"@type":"ReadAction","target":["https:\/\/www.materdominivolley.it\/home\/2013\/11\/30\/con-cantu-arrivano-anche-le-telecamere-rai\/"]}]},{"@type":"ImageObject","inLanguage":"it-IT","@id":"https:\/\/www.materdominivolley.it\/home\/2013\/11\/30\/con-cantu-arrivano-anche-le-telecamere-rai\/#primaryimage","url":"https:\/\/www.materdominivolley.it\/home\/wp-content\/uploads\/2019\/09\/sciarpata.jpg","contentUrl":"https:\/\/www.materdominivolley.it\/home\/wp-content\/uploads\/2019\/09\/sciarpata.jpg","width":980,"height":400},{"@type":"BreadcrumbList","@id":"https:\/\/www.materdominivolley.it\/home\/2013\/11\/30\/con-cantu-arrivano-anche-le-telecamere-rai\/#breadcrumb","itemListElement":[{"@type":"ListItem","position":1,"name":"Home","item":"https:\/\/www.materdominivolley.it\/home\/"},{"@type":"ListItem","position":2,"name":"Con Cant\u00f9 arrivano anche le telecamere Rai"}]},{"@type":"WebSite","@id":"https:\/\/www.materdominivolley.it\/home\/#website","url":"https:\/\/www.materdominivolley.it\/home\/","name":"materdominivolley","description":"","publisher":{"@id":"https:\/\/www.materdominivolley.it\/home\/#organization"},"potentialAction":[{"@type":"SearchAction","target":{"@type":"EntryPoint","urlTemplate":"https:\/\/www.materdominivolley.it\/home\/?s={search_term_string}"},"query-input":{"@type":"PropertyValueSpecification","valueRequired":true,"valueName":"search_term_string"}}],"inLanguage":"it-IT"},{"@type":"Organization","@id":"https:\/\/www.materdominivolley.it\/home\/#organization","name":"Materdominivolley.it","url":"https:\/\/www.materdominivolley.it\/home\/","logo":{"@type":"ImageObject","inLanguage":"it-IT","@id":"https:\/\/www.materdominivolley.it\/home\/#\/schema\/logo\/image\/","url":"https:\/\/www.materdominivolley.it\/home\/wp-content\/uploads\/2019\/10\/Senza-titolo-1-2.png","contentUrl":"https:\/\/www.materdominivolley.it\/home\/wp-content\/uploads\/2019\/10\/Senza-titolo-1-2.png","width":180,"height":250,"caption":"Materdominivolley.it"},"image":{"@id":"https:\/\/www.materdominivolley.it\/home\/#\/schema\/logo\/image\/"},"sameAs":["https:\/\/www.facebook.com\/materdominivolleyit\/"]},{"@type":"Person","@id":"https:\/\/www.materdominivolley.it\/home\/#\/schema\/person\/86961330b970aecf0b9729df84069339","name":"admin-mater","image":{"@type":"ImageObject","inLanguage":"it-IT","@id":"https:\/\/secure.gravatar.com\/avatar\/71d088b9255aa52813637243630e63af9ffd99251cfb71c8536f2d3794cac08e?s=96&d=mm&r=g","url":"https:\/\/secure.gravatar.com\/avatar\/71d088b9255aa52813637243630e63af9ffd99251cfb71c8536f2d3794cac08e?s=96&d=mm&r=g","contentUrl":"https:\/\/secure.gravatar.com\/avatar\/71d088b9255aa52813637243630e63af9ffd99251cfb71c8536f2d3794cac08e?s=96&d=mm&r=g","caption":"admin-mater"},"url":"https:\/\/www.materdominivolley.it\/home\/author\/admin-mater\/"}]}},"_links":{"self":[{"href":"https:\/\/www.materdominivolley.it\/home\/wp-json\/wp\/v2\/posts\/1490","targetHints":{"allow":["GET"]}}],"collection":[{"href":"https:\/\/www.materdominivolley.it\/home\/wp-json\/wp\/v2\/posts"}],"about":[{"href":"https:\/\/www.materdominivolley.it\/home\/wp-json\/wp\/v2\/types\/post"}],"author":[{"embeddable":true,"href":"https:\/\/www.materdominivolley.it\/home\/wp-json\/wp\/v2\/users\/1"}],"replies":[{"embeddable":true,"href":"https:\/\/www.materdominivolley.it\/home\/wp-json\/wp\/v2\/comments?post=1490"}],"version-history":[{"count":0,"href":"https:\/\/www.materdominivolley.it\/home\/wp-json\/wp\/v2\/posts\/1490\/revisions"}],"wp:featuredmedia":[{"embeddable":true,"href":"https:\/\/www.materdominivolley.it\/home\/wp-json\/wp\/v2\/media\/753"}],"wp:attachment":[{"href":"https:\/\/www.materdominivolley.it\/home\/wp-json\/wp\/v2\/media?parent=1490"}],"wp:term":[{"taxonomy":"category","embeddable":true,"href":"https:\/\/www.materdominivolley.it\/home\/wp-json\/wp\/v2\/categories?post=1490"},{"taxonomy":"post_tag","embeddable":true,"href":"https:\/\/www.materdominivolley.it\/home\/wp-json\/wp\/v2\/tags?post=1490"}],"curies":[{"name":"wp","href":"https:\/\/api.w.org\/{rel}","templated":true}]}}