{"id":1523,"date":"2013-08-29T10:43:33","date_gmt":"2013-08-29T08:43:33","guid":{"rendered":"https:\/\/www.materdominivolley.it\/home\/2013\/08\/29\/tesserato-ciavarella-provino-per-laccademia\/"},"modified":"2013-08-29T10:43:33","modified_gmt":"2013-08-29T08:43:33","slug":"tesserato-ciavarella-provino-per-laccademia","status":"publish","type":"post","link":"https:\/\/www.materdominivolley.it\/home\/2013\/08\/29\/tesserato-ciavarella-provino-per-laccademia\/","title":{"rendered":"Tesserato Ciavarella, &#8220;provino&#8221; per l&#8217;accademia"},"content":{"rendered":"\n        <p>\n\tIn vista del prossimo campionato nazionale serie A2 di pallavolo maschile (raduno fissato per domenica 1 settembre), la <strong>Materdominivolley.it Castellana Grotte<\/strong> aggiunge un altro giovane talento al roster: si tratta di <strong>Alessandro Ciavarella<\/strong>, schiacciatore foggiano classe 1995, da tempo inserito nel progetto dell&#39;accademia del volley giovanile di Puglia e lo scorso anno presente prima nell&#39;organico della serie B1 del Castellana che ha conquistato la promozione in A2 e poi della serie C della ZSL Foggia che ha conquistato la promozione in B2. Il club del presidente <strong>Michele Miccolis<\/strong> insiste cos\u00ec sulla linea verde che ha portato a costruire una squadra con 11 under 20 e addirittura 13 under 23, affidandola al responsabile del progetto giovani <strong>Vincenzo Fanizza<\/strong>.<\/p>\n<p>\n\tProprio in tema di accademia, si \u00e8 svolto ieri un provino per un gruppo di under provenienti da Lazio, Sicilia e Veneto, oltre che da societ\u00e0 di alcuni comuni limitrofi. Sede del collegiale la Palestra Angiulli alla presenza del presidente Miccolis, dello stesso Fanizza e di altri componenti dello staff tecnico della prima squadra e del settore giovanile, tra questi Domenico Guglielmi, Giuseppe Gasbarro e Isa Franco.<\/p>\n<p>\n\t\u201cCi accingiamo a vivere un anno molto impegnativo. Oltre alla partecipazione al secondo campionato nazionale faremo gareggiare le selezioni del nostro settore giovanile nei tornei regionali di serie C e D a cui iscriveremo rispettivamente la formazione U17 ed il gruppo U15 &#8211; ha commentato Fanizza -Inoltre posso ufficializzare anche l\u2019adesione al torneo di Junior League. La partecipazione a questa manifestazione nazionale under 20 che si terr\u00e0 dopo la conclusione del campionato di A2 \u00e8 per noi motivo di orgoglio perch\u00e9 coglieremo cos\u00ec un\u2019importante opportunit\u00e0 per offrire ai nostri ragazzi una vetrina di particolare prestigio\u201d. <\/p>\n        ","protected":false},"excerpt":{"rendered":"<p><!-- wp:paragraph --><br \/>\n        La Materdominivolley.it aggiunge un altro giovane talento al roster: si tratta di Alessandro Ciavarella, schiacciatore foggiano classe 1995, da tempo inserito nel progetto dell&#8217;accademia. Ufficiale la partecipazione alla Junior League.<br \/>\n        <!-- \/wp:paragraph --><\/p>\n","protected":false},"author":1,"featured_media":1524,"comment_status":"open","ping_status":"closed","sticky":false,"template":"","format":"standard","meta":{"footnotes":""},"categories":[13],"tags":[],"class_list":["post-1523","post","type-post","status-publish","format-standard","has-post-thumbnail","hentry","category-serie-a2"],"yoast_head":"<!-- This site is optimized with the Yoast SEO plugin v27.4 - https:\/\/yoast.com\/product\/yoast-seo-wordpress\/ -->\n<title>Tesserato Ciavarella, &quot;provino&quot; per l&#039;accademia - materdominivolley<\/title>\n<meta name=\"robots\" content=\"index, follow, max-snippet:-1, max-image-preview:large, max-video-preview:-1\" \/>\n<link rel=\"canonical\" href=\"https:\/\/www.materdominivolley.it\/home\/2013\/08\/29\/tesserato-ciavarella-provino-per-laccademia\/\" \/>\n<meta property=\"og:locale\" content=\"it_IT\" \/>\n<meta property=\"og:type\" content=\"article\" \/>\n<meta property=\"og:title\" content=\"Tesserato Ciavarella, &quot;provino&quot; per l&#039;accademia - materdominivolley\" \/>\n<meta property=\"og:description\" content=\"La Materdominivolley.it aggiunge un altro giovane talento al roster: si tratta di Alessandro Ciavarella, schiacciatore foggiano classe 1995, da tempo inserito nel progetto dell&#039;accademia. Ufficiale la partecipazione alla Junior League.\" \/>\n<meta property=\"og:url\" content=\"https:\/\/www.materdominivolley.it\/home\/2013\/08\/29\/tesserato-ciavarella-provino-per-laccademia\/\" \/>\n<meta property=\"og:site_name\" content=\"materdominivolley\" \/>\n<meta property=\"article:publisher\" content=\"https:\/\/www.facebook.com\/materdominivolleyit\/\" \/>\n<meta property=\"article:published_time\" content=\"2013-08-29T08:43:33+00:00\" \/>\n<meta property=\"og:image\" content=\"https:\/\/www.materdominivolley.it\/home\/wp-content\/uploads\/2019\/09\/ciavarella_alessandro.jpg\" \/>\n\t<meta property=\"og:image:width\" content=\"980\" \/>\n\t<meta property=\"og:image:height\" content=\"400\" \/>\n\t<meta property=\"og:image:type\" content=\"image\/jpeg\" \/>\n<meta name=\"author\" content=\"admin-mater\" \/>\n<meta name=\"twitter:card\" content=\"summary_large_image\" \/>\n<meta name=\"twitter:label1\" content=\"Scritto da\" \/>\n\t<meta name=\"twitter:data1\" content=\"admin-mater\" \/>\n\t<meta name=\"twitter:label2\" content=\"Tempo di lettura stimato\" \/>\n\t<meta name=\"twitter:data2\" content=\"1 minuto\" \/>\n<script type=\"application\/ld+json\" class=\"yoast-schema-graph\">{\"@context\":\"https:\\\/\\\/schema.org\",\"@graph\":[{\"@type\":\"Article\",\"@id\":\"https:\\\/\\\/www.materdominivolley.it\\\/home\\\/2013\\\/08\\\/29\\\/tesserato-ciavarella-provino-per-laccademia\\\/#article\",\"isPartOf\":{\"@id\":\"https:\\\/\\\/www.materdominivolley.it\\\/home\\\/2013\\\/08\\\/29\\\/tesserato-ciavarella-provino-per-laccademia\\\/\"},\"author\":{\"name\":\"admin-mater\",\"@id\":\"https:\\\/\\\/www.materdominivolley.it\\\/home\\\/#\\\/schema\\\/person\\\/86961330b970aecf0b9729df84069339\"},\"headline\":\"Tesserato Ciavarella, &#8220;provino&#8221; per l&#8217;accademia\",\"datePublished\":\"2013-08-29T08:43:33+00:00\",\"mainEntityOfPage\":{\"@id\":\"https:\\\/\\\/www.materdominivolley.it\\\/home\\\/2013\\\/08\\\/29\\\/tesserato-ciavarella-provino-per-laccademia\\\/\"},\"wordCount\":281,\"commentCount\":0,\"publisher\":{\"@id\":\"https:\\\/\\\/www.materdominivolley.it\\\/home\\\/#organization\"},\"image\":{\"@id\":\"https:\\\/\\\/www.materdominivolley.it\\\/home\\\/2013\\\/08\\\/29\\\/tesserato-ciavarella-provino-per-laccademia\\\/#primaryimage\"},\"thumbnailUrl\":\"https:\\\/\\\/www.materdominivolley.it\\\/home\\\/wp-content\\\/uploads\\\/2019\\\/09\\\/ciavarella_alessandro.jpg\",\"articleSection\":[\"Serie A2\"],\"inLanguage\":\"it-IT\",\"potentialAction\":[{\"@type\":\"CommentAction\",\"name\":\"Comment\",\"target\":[\"https:\\\/\\\/www.materdominivolley.it\\\/home\\\/2013\\\/08\\\/29\\\/tesserato-ciavarella-provino-per-laccademia\\\/#respond\"]}]},{\"@type\":\"WebPage\",\"@id\":\"https:\\\/\\\/www.materdominivolley.it\\\/home\\\/2013\\\/08\\\/29\\\/tesserato-ciavarella-provino-per-laccademia\\\/\",\"url\":\"https:\\\/\\\/www.materdominivolley.it\\\/home\\\/2013\\\/08\\\/29\\\/tesserato-ciavarella-provino-per-laccademia\\\/\",\"name\":\"Tesserato Ciavarella, \\\"provino\\\" per l'accademia - materdominivolley\",\"isPartOf\":{\"@id\":\"https:\\\/\\\/www.materdominivolley.it\\\/home\\\/#website\"},\"primaryImageOfPage\":{\"@id\":\"https:\\\/\\\/www.materdominivolley.it\\\/home\\\/2013\\\/08\\\/29\\\/tesserato-ciavarella-provino-per-laccademia\\\/#primaryimage\"},\"image\":{\"@id\":\"https:\\\/\\\/www.materdominivolley.it\\\/home\\\/2013\\\/08\\\/29\\\/tesserato-ciavarella-provino-per-laccademia\\\/#primaryimage\"},\"thumbnailUrl\":\"https:\\\/\\\/www.materdominivolley.it\\\/home\\\/wp-content\\\/uploads\\\/2019\\\/09\\\/ciavarella_alessandro.jpg\",\"datePublished\":\"2013-08-29T08:43:33+00:00\",\"breadcrumb\":{\"@id\":\"https:\\\/\\\/www.materdominivolley.it\\\/home\\\/2013\\\/08\\\/29\\\/tesserato-ciavarella-provino-per-laccademia\\\/#breadcrumb\"},\"inLanguage\":\"it-IT\",\"potentialAction\":[{\"@type\":\"ReadAction\",\"target\":[\"https:\\\/\\\/www.materdominivolley.it\\\/home\\\/2013\\\/08\\\/29\\\/tesserato-ciavarella-provino-per-laccademia\\\/\"]}]},{\"@type\":\"ImageObject\",\"inLanguage\":\"it-IT\",\"@id\":\"https:\\\/\\\/www.materdominivolley.it\\\/home\\\/2013\\\/08\\\/29\\\/tesserato-ciavarella-provino-per-laccademia\\\/#primaryimage\",\"url\":\"https:\\\/\\\/www.materdominivolley.it\\\/home\\\/wp-content\\\/uploads\\\/2019\\\/09\\\/ciavarella_alessandro.jpg\",\"contentUrl\":\"https:\\\/\\\/www.materdominivolley.it\\\/home\\\/wp-content\\\/uploads\\\/2019\\\/09\\\/ciavarella_alessandro.jpg\",\"width\":980,\"height\":400},{\"@type\":\"BreadcrumbList\",\"@id\":\"https:\\\/\\\/www.materdominivolley.it\\\/home\\\/2013\\\/08\\\/29\\\/tesserato-ciavarella-provino-per-laccademia\\\/#breadcrumb\",\"itemListElement\":[{\"@type\":\"ListItem\",\"position\":1,\"name\":\"Home\",\"item\":\"https:\\\/\\\/www.materdominivolley.it\\\/home\\\/\"},{\"@type\":\"ListItem\",\"position\":2,\"name\":\"Tesserato Ciavarella, &#8220;provino&#8221; per l&#8217;accademia\"}]},{\"@type\":\"WebSite\",\"@id\":\"https:\\\/\\\/www.materdominivolley.it\\\/home\\\/#website\",\"url\":\"https:\\\/\\\/www.materdominivolley.it\\\/home\\\/\",\"name\":\"materdominivolley\",\"description\":\"\",\"publisher\":{\"@id\":\"https:\\\/\\\/www.materdominivolley.it\\\/home\\\/#organization\"},\"potentialAction\":[{\"@type\":\"SearchAction\",\"target\":{\"@type\":\"EntryPoint\",\"urlTemplate\":\"https:\\\/\\\/www.materdominivolley.it\\\/home\\\/?s={search_term_string}\"},\"query-input\":{\"@type\":\"PropertyValueSpecification\",\"valueRequired\":true,\"valueName\":\"search_term_string\"}}],\"inLanguage\":\"it-IT\"},{\"@type\":\"Organization\",\"@id\":\"https:\\\/\\\/www.materdominivolley.it\\\/home\\\/#organization\",\"name\":\"Materdominivolley.it\",\"url\":\"https:\\\/\\\/www.materdominivolley.it\\\/home\\\/\",\"logo\":{\"@type\":\"ImageObject\",\"inLanguage\":\"it-IT\",\"@id\":\"https:\\\/\\\/www.materdominivolley.it\\\/home\\\/#\\\/schema\\\/logo\\\/image\\\/\",\"url\":\"https:\\\/\\\/www.materdominivolley.it\\\/home\\\/wp-content\\\/uploads\\\/2019\\\/10\\\/Senza-titolo-1-2.png\",\"contentUrl\":\"https:\\\/\\\/www.materdominivolley.it\\\/home\\\/wp-content\\\/uploads\\\/2019\\\/10\\\/Senza-titolo-1-2.png\",\"width\":180,\"height\":250,\"caption\":\"Materdominivolley.it\"},\"image\":{\"@id\":\"https:\\\/\\\/www.materdominivolley.it\\\/home\\\/#\\\/schema\\\/logo\\\/image\\\/\"},\"sameAs\":[\"https:\\\/\\\/www.facebook.com\\\/materdominivolleyit\\\/\"]},{\"@type\":\"Person\",\"@id\":\"https:\\\/\\\/www.materdominivolley.it\\\/home\\\/#\\\/schema\\\/person\\\/86961330b970aecf0b9729df84069339\",\"name\":\"admin-mater\",\"image\":{\"@type\":\"ImageObject\",\"inLanguage\":\"it-IT\",\"@id\":\"https:\\\/\\\/secure.gravatar.com\\\/avatar\\\/71d088b9255aa52813637243630e63af9ffd99251cfb71c8536f2d3794cac08e?s=96&d=mm&r=g\",\"url\":\"https:\\\/\\\/secure.gravatar.com\\\/avatar\\\/71d088b9255aa52813637243630e63af9ffd99251cfb71c8536f2d3794cac08e?s=96&d=mm&r=g\",\"contentUrl\":\"https:\\\/\\\/secure.gravatar.com\\\/avatar\\\/71d088b9255aa52813637243630e63af9ffd99251cfb71c8536f2d3794cac08e?s=96&d=mm&r=g\",\"caption\":\"admin-mater\"},\"url\":\"https:\\\/\\\/www.materdominivolley.it\\\/home\\\/author\\\/admin-mater\\\/\"}]}<\/script>\n<!-- \/ Yoast SEO plugin. -->","yoast_head_json":{"title":"Tesserato Ciavarella, \"provino\" per l'accademia - materdominivolley","robots":{"index":"index","follow":"follow","max-snippet":"max-snippet:-1","max-image-preview":"max-image-preview:large","max-video-preview":"max-video-preview:-1"},"canonical":"https:\/\/www.materdominivolley.it\/home\/2013\/08\/29\/tesserato-ciavarella-provino-per-laccademia\/","og_locale":"it_IT","og_type":"article","og_title":"Tesserato Ciavarella, \"provino\" per l'accademia - materdominivolley","og_description":"La Materdominivolley.it aggiunge un altro giovane talento al roster: si tratta di Alessandro Ciavarella, schiacciatore foggiano classe 1995, da tempo inserito nel progetto dell'accademia. Ufficiale la partecipazione alla Junior League.","og_url":"https:\/\/www.materdominivolley.it\/home\/2013\/08\/29\/tesserato-ciavarella-provino-per-laccademia\/","og_site_name":"materdominivolley","article_publisher":"https:\/\/www.facebook.com\/materdominivolleyit\/","article_published_time":"2013-08-29T08:43:33+00:00","og_image":[{"width":980,"height":400,"url":"https:\/\/www.materdominivolley.it\/home\/wp-content\/uploads\/2019\/09\/ciavarella_alessandro.jpg","type":"image\/jpeg"}],"author":"admin-mater","twitter_card":"summary_large_image","twitter_misc":{"Scritto da":"admin-mater","Tempo di lettura stimato":"1 minuto"},"schema":{"@context":"https:\/\/schema.org","@graph":[{"@type":"Article","@id":"https:\/\/www.materdominivolley.it\/home\/2013\/08\/29\/tesserato-ciavarella-provino-per-laccademia\/#article","isPartOf":{"@id":"https:\/\/www.materdominivolley.it\/home\/2013\/08\/29\/tesserato-ciavarella-provino-per-laccademia\/"},"author":{"name":"admin-mater","@id":"https:\/\/www.materdominivolley.it\/home\/#\/schema\/person\/86961330b970aecf0b9729df84069339"},"headline":"Tesserato Ciavarella, &#8220;provino&#8221; per l&#8217;accademia","datePublished":"2013-08-29T08:43:33+00:00","mainEntityOfPage":{"@id":"https:\/\/www.materdominivolley.it\/home\/2013\/08\/29\/tesserato-ciavarella-provino-per-laccademia\/"},"wordCount":281,"commentCount":0,"publisher":{"@id":"https:\/\/www.materdominivolley.it\/home\/#organization"},"image":{"@id":"https:\/\/www.materdominivolley.it\/home\/2013\/08\/29\/tesserato-ciavarella-provino-per-laccademia\/#primaryimage"},"thumbnailUrl":"https:\/\/www.materdominivolley.it\/home\/wp-content\/uploads\/2019\/09\/ciavarella_alessandro.jpg","articleSection":["Serie A2"],"inLanguage":"it-IT","potentialAction":[{"@type":"CommentAction","name":"Comment","target":["https:\/\/www.materdominivolley.it\/home\/2013\/08\/29\/tesserato-ciavarella-provino-per-laccademia\/#respond"]}]},{"@type":"WebPage","@id":"https:\/\/www.materdominivolley.it\/home\/2013\/08\/29\/tesserato-ciavarella-provino-per-laccademia\/","url":"https:\/\/www.materdominivolley.it\/home\/2013\/08\/29\/tesserato-ciavarella-provino-per-laccademia\/","name":"Tesserato Ciavarella, \"provino\" per l'accademia - materdominivolley","isPartOf":{"@id":"https:\/\/www.materdominivolley.it\/home\/#website"},"primaryImageOfPage":{"@id":"https:\/\/www.materdominivolley.it\/home\/2013\/08\/29\/tesserato-ciavarella-provino-per-laccademia\/#primaryimage"},"image":{"@id":"https:\/\/www.materdominivolley.it\/home\/2013\/08\/29\/tesserato-ciavarella-provino-per-laccademia\/#primaryimage"},"thumbnailUrl":"https:\/\/www.materdominivolley.it\/home\/wp-content\/uploads\/2019\/09\/ciavarella_alessandro.jpg","datePublished":"2013-08-29T08:43:33+00:00","breadcrumb":{"@id":"https:\/\/www.materdominivolley.it\/home\/2013\/08\/29\/tesserato-ciavarella-provino-per-laccademia\/#breadcrumb"},"inLanguage":"it-IT","potentialAction":[{"@type":"ReadAction","target":["https:\/\/www.materdominivolley.it\/home\/2013\/08\/29\/tesserato-ciavarella-provino-per-laccademia\/"]}]},{"@type":"ImageObject","inLanguage":"it-IT","@id":"https:\/\/www.materdominivolley.it\/home\/2013\/08\/29\/tesserato-ciavarella-provino-per-laccademia\/#primaryimage","url":"https:\/\/www.materdominivolley.it\/home\/wp-content\/uploads\/2019\/09\/ciavarella_alessandro.jpg","contentUrl":"https:\/\/www.materdominivolley.it\/home\/wp-content\/uploads\/2019\/09\/ciavarella_alessandro.jpg","width":980,"height":400},{"@type":"BreadcrumbList","@id":"https:\/\/www.materdominivolley.it\/home\/2013\/08\/29\/tesserato-ciavarella-provino-per-laccademia\/#breadcrumb","itemListElement":[{"@type":"ListItem","position":1,"name":"Home","item":"https:\/\/www.materdominivolley.it\/home\/"},{"@type":"ListItem","position":2,"name":"Tesserato Ciavarella, &#8220;provino&#8221; per l&#8217;accademia"}]},{"@type":"WebSite","@id":"https:\/\/www.materdominivolley.it\/home\/#website","url":"https:\/\/www.materdominivolley.it\/home\/","name":"materdominivolley","description":"","publisher":{"@id":"https:\/\/www.materdominivolley.it\/home\/#organization"},"potentialAction":[{"@type":"SearchAction","target":{"@type":"EntryPoint","urlTemplate":"https:\/\/www.materdominivolley.it\/home\/?s={search_term_string}"},"query-input":{"@type":"PropertyValueSpecification","valueRequired":true,"valueName":"search_term_string"}}],"inLanguage":"it-IT"},{"@type":"Organization","@id":"https:\/\/www.materdominivolley.it\/home\/#organization","name":"Materdominivolley.it","url":"https:\/\/www.materdominivolley.it\/home\/","logo":{"@type":"ImageObject","inLanguage":"it-IT","@id":"https:\/\/www.materdominivolley.it\/home\/#\/schema\/logo\/image\/","url":"https:\/\/www.materdominivolley.it\/home\/wp-content\/uploads\/2019\/10\/Senza-titolo-1-2.png","contentUrl":"https:\/\/www.materdominivolley.it\/home\/wp-content\/uploads\/2019\/10\/Senza-titolo-1-2.png","width":180,"height":250,"caption":"Materdominivolley.it"},"image":{"@id":"https:\/\/www.materdominivolley.it\/home\/#\/schema\/logo\/image\/"},"sameAs":["https:\/\/www.facebook.com\/materdominivolleyit\/"]},{"@type":"Person","@id":"https:\/\/www.materdominivolley.it\/home\/#\/schema\/person\/86961330b970aecf0b9729df84069339","name":"admin-mater","image":{"@type":"ImageObject","inLanguage":"it-IT","@id":"https:\/\/secure.gravatar.com\/avatar\/71d088b9255aa52813637243630e63af9ffd99251cfb71c8536f2d3794cac08e?s=96&d=mm&r=g","url":"https:\/\/secure.gravatar.com\/avatar\/71d088b9255aa52813637243630e63af9ffd99251cfb71c8536f2d3794cac08e?s=96&d=mm&r=g","contentUrl":"https:\/\/secure.gravatar.com\/avatar\/71d088b9255aa52813637243630e63af9ffd99251cfb71c8536f2d3794cac08e?s=96&d=mm&r=g","caption":"admin-mater"},"url":"https:\/\/www.materdominivolley.it\/home\/author\/admin-mater\/"}]}},"_links":{"self":[{"href":"https:\/\/www.materdominivolley.it\/home\/wp-json\/wp\/v2\/posts\/1523","targetHints":{"allow":["GET"]}}],"collection":[{"href":"https:\/\/www.materdominivolley.it\/home\/wp-json\/wp\/v2\/posts"}],"about":[{"href":"https:\/\/www.materdominivolley.it\/home\/wp-json\/wp\/v2\/types\/post"}],"author":[{"embeddable":true,"href":"https:\/\/www.materdominivolley.it\/home\/wp-json\/wp\/v2\/users\/1"}],"replies":[{"embeddable":true,"href":"https:\/\/www.materdominivolley.it\/home\/wp-json\/wp\/v2\/comments?post=1523"}],"version-history":[{"count":0,"href":"https:\/\/www.materdominivolley.it\/home\/wp-json\/wp\/v2\/posts\/1523\/revisions"}],"wp:featuredmedia":[{"embeddable":true,"href":"https:\/\/www.materdominivolley.it\/home\/wp-json\/wp\/v2\/media\/1524"}],"wp:attachment":[{"href":"https:\/\/www.materdominivolley.it\/home\/wp-json\/wp\/v2\/media?parent=1523"}],"wp:term":[{"taxonomy":"category","embeddable":true,"href":"https:\/\/www.materdominivolley.it\/home\/wp-json\/wp\/v2\/categories?post=1523"},{"taxonomy":"post_tag","embeddable":true,"href":"https:\/\/www.materdominivolley.it\/home\/wp-json\/wp\/v2\/tags?post=1523"}],"curies":[{"name":"wp","href":"https:\/\/api.w.org\/{rel}","templated":true}]}}