{"id":1538,"date":"2013-06-17T14:46:09","date_gmt":"2013-06-17T12:46:09","guid":{"rendered":"https:\/\/www.materdominivolley.it\/home\/2013\/06\/17\/lunder-13-alla-finale-regionale-6x6\/"},"modified":"2013-06-17T14:46:09","modified_gmt":"2013-06-17T12:46:09","slug":"lunder-13-alla-finale-regionale-6x6","status":"publish","type":"post","link":"https:\/\/www.materdominivolley.it\/home\/2013\/06\/17\/lunder-13-alla-finale-regionale-6x6\/","title":{"rendered":"L&#8217;under 13 alla finale regionale 6&#215;6"},"content":{"rendered":"\n        <p>\n\tLa <strong>Materdomini Castellana Grotte<\/strong> si accinge a vivere l&#39;ultimo evento di quest&#39;anno accademico del proprio settore giovanile. Spetta alla formazione pi\u00f9 giovane tagliare il nastro di quest&#39;intensa e gratificante annata sportiva. L&#39;<strong>under 13<\/strong>, infatti,domenica 16 giugno disputer\u00e0 l&#39;atto conclusivo del torneo regionale giovanile Fipav (formula 6&#215;6) giocando a Molfetta la Finale del torneo pugliese. Cos\u00ec dopo la fase finale nazionale U19, U17 e U15 ora tocca alla classe pi\u00f9 giovane concorrere per il titolo regionale, ultima tappa federale della categoria.<\/p>\n<p>\n\tImpegnativo il programma di giornata: quarti di finale in due fasce alle ore 10,30 e alle ore 12 mentre le semifinali si giocheranno alle ore 17 ed infine la finale si disputer\u00e0 alle ore 19,30. Seguir\u00e0 la cerimonia di premiazione. Tutte le otto gare si terranno presso il Palasport G. Poli di Molfetta. Cos\u00ec la formazione guidata in tandem dalle sorelle <strong>Patrizia e Maria Luisa Di Masi<\/strong> scender\u00e0 in campo alle ore 12 per sfidare la formazione salentina del <strong>Sava<\/strong>. Se i giovanissimi castellanesi dovessero andare avanti nel tabellone affronteranno in semifinale la vincente tra Ugento e New Volley Torre. L&#39;allenatrice Patrizia Di Masi commenta: \u201cC&#39;\u00e8 tanta emozione nel gruppo in vista di quest&#39;appuntamento che a quest&#39;et\u00e0 \u00e8 vissuto come una vera e propria gita. Conosciamo i nostri avversari e sappiamo che sono molto preparati. Per quanto ci riguarda ci\u00f2 che conta \u00e8 divertirsi ed in quest&#39;ottica siamo certi di trascorrere una piacevole giornata all&#39;insegna del volley\u201d.<\/p>\n        ","protected":false},"excerpt":{"rendered":"<p><!-- wp:paragraph --><br \/>\n        Dopo la fase finale nazionale U19, U17 e U15 ora tocca alla classe pi\u00f9 giovane concorrere per il titolo regionale, ultima tappa federale della categoria<br \/>\n        <!-- \/wp:paragraph --><\/p>\n","protected":false},"author":1,"featured_media":1539,"comment_status":"open","ping_status":"closed","sticky":false,"template":"","format":"standard","meta":{"footnotes":""},"categories":[27],"tags":[],"class_list":["post-1538","post","type-post","status-publish","format-standard","has-post-thumbnail","hentry","category-under-13"],"yoast_head":"<!-- This site is optimized with the Yoast SEO plugin v27.4 - https:\/\/yoast.com\/product\/yoast-seo-wordpress\/ -->\n<title>L&#039;under 13 alla finale regionale 6x6 - materdominivolley<\/title>\n<meta name=\"robots\" content=\"index, follow, max-snippet:-1, max-image-preview:large, max-video-preview:-1\" \/>\n<link rel=\"canonical\" href=\"https:\/\/www.materdominivolley.it\/home\/2013\/06\/17\/lunder-13-alla-finale-regionale-6x6\/\" \/>\n<meta property=\"og:locale\" content=\"it_IT\" \/>\n<meta property=\"og:type\" content=\"article\" \/>\n<meta property=\"og:title\" content=\"L&#039;under 13 alla finale regionale 6x6 - materdominivolley\" \/>\n<meta property=\"og:description\" content=\"Dopo la fase finale nazionale U19, U17 e U15 ora tocca alla classe pi\u00f9 giovane concorrere per il titolo regionale, ultima tappa federale della categoria\" \/>\n<meta property=\"og:url\" content=\"https:\/\/www.materdominivolley.it\/home\/2013\/06\/17\/lunder-13-alla-finale-regionale-6x6\/\" \/>\n<meta property=\"og:site_name\" content=\"materdominivolley\" \/>\n<meta property=\"article:publisher\" content=\"https:\/\/www.facebook.com\/materdominivolleyit\/\" \/>\n<meta property=\"article:published_time\" content=\"2013-06-17T12:46:09+00:00\" \/>\n<meta property=\"og:image\" content=\"https:\/\/www.materdominivolley.it\/home\/wp-content\/uploads\/2019\/09\/u15_vicecampioneprovinciale.jpg\" \/>\n\t<meta property=\"og:image:width\" content=\"980\" \/>\n\t<meta property=\"og:image:height\" content=\"400\" \/>\n\t<meta property=\"og:image:type\" content=\"image\/jpeg\" \/>\n<meta name=\"author\" content=\"admin-mater\" \/>\n<meta name=\"twitter:card\" content=\"summary_large_image\" \/>\n<meta name=\"twitter:label1\" content=\"Scritto da\" \/>\n\t<meta name=\"twitter:data1\" content=\"admin-mater\" \/>\n\t<meta name=\"twitter:label2\" content=\"Tempo di lettura stimato\" \/>\n\t<meta name=\"twitter:data2\" content=\"1 minuto\" \/>\n<script type=\"application\/ld+json\" class=\"yoast-schema-graph\">{\"@context\":\"https:\\\/\\\/schema.org\",\"@graph\":[{\"@type\":\"Article\",\"@id\":\"https:\\\/\\\/www.materdominivolley.it\\\/home\\\/2013\\\/06\\\/17\\\/lunder-13-alla-finale-regionale-6x6\\\/#article\",\"isPartOf\":{\"@id\":\"https:\\\/\\\/www.materdominivolley.it\\\/home\\\/2013\\\/06\\\/17\\\/lunder-13-alla-finale-regionale-6x6\\\/\"},\"author\":{\"name\":\"admin-mater\",\"@id\":\"https:\\\/\\\/www.materdominivolley.it\\\/home\\\/#\\\/schema\\\/person\\\/86961330b970aecf0b9729df84069339\"},\"headline\":\"L&#8217;under 13 alla finale regionale 6&#215;6\",\"datePublished\":\"2013-06-17T12:46:09+00:00\",\"mainEntityOfPage\":{\"@id\":\"https:\\\/\\\/www.materdominivolley.it\\\/home\\\/2013\\\/06\\\/17\\\/lunder-13-alla-finale-regionale-6x6\\\/\"},\"wordCount\":245,\"commentCount\":0,\"publisher\":{\"@id\":\"https:\\\/\\\/www.materdominivolley.it\\\/home\\\/#organization\"},\"image\":{\"@id\":\"https:\\\/\\\/www.materdominivolley.it\\\/home\\\/2013\\\/06\\\/17\\\/lunder-13-alla-finale-regionale-6x6\\\/#primaryimage\"},\"thumbnailUrl\":\"https:\\\/\\\/www.materdominivolley.it\\\/home\\\/wp-content\\\/uploads\\\/2019\\\/09\\\/u15_vicecampioneprovinciale.jpg\",\"articleSection\":[\"under 13\"],\"inLanguage\":\"it-IT\",\"potentialAction\":[{\"@type\":\"CommentAction\",\"name\":\"Comment\",\"target\":[\"https:\\\/\\\/www.materdominivolley.it\\\/home\\\/2013\\\/06\\\/17\\\/lunder-13-alla-finale-regionale-6x6\\\/#respond\"]}]},{\"@type\":\"WebPage\",\"@id\":\"https:\\\/\\\/www.materdominivolley.it\\\/home\\\/2013\\\/06\\\/17\\\/lunder-13-alla-finale-regionale-6x6\\\/\",\"url\":\"https:\\\/\\\/www.materdominivolley.it\\\/home\\\/2013\\\/06\\\/17\\\/lunder-13-alla-finale-regionale-6x6\\\/\",\"name\":\"L'under 13 alla finale regionale 6x6 - materdominivolley\",\"isPartOf\":{\"@id\":\"https:\\\/\\\/www.materdominivolley.it\\\/home\\\/#website\"},\"primaryImageOfPage\":{\"@id\":\"https:\\\/\\\/www.materdominivolley.it\\\/home\\\/2013\\\/06\\\/17\\\/lunder-13-alla-finale-regionale-6x6\\\/#primaryimage\"},\"image\":{\"@id\":\"https:\\\/\\\/www.materdominivolley.it\\\/home\\\/2013\\\/06\\\/17\\\/lunder-13-alla-finale-regionale-6x6\\\/#primaryimage\"},\"thumbnailUrl\":\"https:\\\/\\\/www.materdominivolley.it\\\/home\\\/wp-content\\\/uploads\\\/2019\\\/09\\\/u15_vicecampioneprovinciale.jpg\",\"datePublished\":\"2013-06-17T12:46:09+00:00\",\"breadcrumb\":{\"@id\":\"https:\\\/\\\/www.materdominivolley.it\\\/home\\\/2013\\\/06\\\/17\\\/lunder-13-alla-finale-regionale-6x6\\\/#breadcrumb\"},\"inLanguage\":\"it-IT\",\"potentialAction\":[{\"@type\":\"ReadAction\",\"target\":[\"https:\\\/\\\/www.materdominivolley.it\\\/home\\\/2013\\\/06\\\/17\\\/lunder-13-alla-finale-regionale-6x6\\\/\"]}]},{\"@type\":\"ImageObject\",\"inLanguage\":\"it-IT\",\"@id\":\"https:\\\/\\\/www.materdominivolley.it\\\/home\\\/2013\\\/06\\\/17\\\/lunder-13-alla-finale-regionale-6x6\\\/#primaryimage\",\"url\":\"https:\\\/\\\/www.materdominivolley.it\\\/home\\\/wp-content\\\/uploads\\\/2019\\\/09\\\/u15_vicecampioneprovinciale.jpg\",\"contentUrl\":\"https:\\\/\\\/www.materdominivolley.it\\\/home\\\/wp-content\\\/uploads\\\/2019\\\/09\\\/u15_vicecampioneprovinciale.jpg\",\"width\":980,\"height\":400},{\"@type\":\"BreadcrumbList\",\"@id\":\"https:\\\/\\\/www.materdominivolley.it\\\/home\\\/2013\\\/06\\\/17\\\/lunder-13-alla-finale-regionale-6x6\\\/#breadcrumb\",\"itemListElement\":[{\"@type\":\"ListItem\",\"position\":1,\"name\":\"Home\",\"item\":\"https:\\\/\\\/www.materdominivolley.it\\\/home\\\/\"},{\"@type\":\"ListItem\",\"position\":2,\"name\":\"L&#8217;under 13 alla finale regionale 6&#215;6\"}]},{\"@type\":\"WebSite\",\"@id\":\"https:\\\/\\\/www.materdominivolley.it\\\/home\\\/#website\",\"url\":\"https:\\\/\\\/www.materdominivolley.it\\\/home\\\/\",\"name\":\"materdominivolley\",\"description\":\"\",\"publisher\":{\"@id\":\"https:\\\/\\\/www.materdominivolley.it\\\/home\\\/#organization\"},\"potentialAction\":[{\"@type\":\"SearchAction\",\"target\":{\"@type\":\"EntryPoint\",\"urlTemplate\":\"https:\\\/\\\/www.materdominivolley.it\\\/home\\\/?s={search_term_string}\"},\"query-input\":{\"@type\":\"PropertyValueSpecification\",\"valueRequired\":true,\"valueName\":\"search_term_string\"}}],\"inLanguage\":\"it-IT\"},{\"@type\":\"Organization\",\"@id\":\"https:\\\/\\\/www.materdominivolley.it\\\/home\\\/#organization\",\"name\":\"Materdominivolley.it\",\"url\":\"https:\\\/\\\/www.materdominivolley.it\\\/home\\\/\",\"logo\":{\"@type\":\"ImageObject\",\"inLanguage\":\"it-IT\",\"@id\":\"https:\\\/\\\/www.materdominivolley.it\\\/home\\\/#\\\/schema\\\/logo\\\/image\\\/\",\"url\":\"https:\\\/\\\/www.materdominivolley.it\\\/home\\\/wp-content\\\/uploads\\\/2019\\\/10\\\/Senza-titolo-1-2.png\",\"contentUrl\":\"https:\\\/\\\/www.materdominivolley.it\\\/home\\\/wp-content\\\/uploads\\\/2019\\\/10\\\/Senza-titolo-1-2.png\",\"width\":180,\"height\":250,\"caption\":\"Materdominivolley.it\"},\"image\":{\"@id\":\"https:\\\/\\\/www.materdominivolley.it\\\/home\\\/#\\\/schema\\\/logo\\\/image\\\/\"},\"sameAs\":[\"https:\\\/\\\/www.facebook.com\\\/materdominivolleyit\\\/\"]},{\"@type\":\"Person\",\"@id\":\"https:\\\/\\\/www.materdominivolley.it\\\/home\\\/#\\\/schema\\\/person\\\/86961330b970aecf0b9729df84069339\",\"name\":\"admin-mater\",\"image\":{\"@type\":\"ImageObject\",\"inLanguage\":\"it-IT\",\"@id\":\"https:\\\/\\\/secure.gravatar.com\\\/avatar\\\/71d088b9255aa52813637243630e63af9ffd99251cfb71c8536f2d3794cac08e?s=96&d=mm&r=g\",\"url\":\"https:\\\/\\\/secure.gravatar.com\\\/avatar\\\/71d088b9255aa52813637243630e63af9ffd99251cfb71c8536f2d3794cac08e?s=96&d=mm&r=g\",\"contentUrl\":\"https:\\\/\\\/secure.gravatar.com\\\/avatar\\\/71d088b9255aa52813637243630e63af9ffd99251cfb71c8536f2d3794cac08e?s=96&d=mm&r=g\",\"caption\":\"admin-mater\"},\"url\":\"https:\\\/\\\/www.materdominivolley.it\\\/home\\\/author\\\/admin-mater\\\/\"}]}<\/script>\n<!-- \/ Yoast SEO plugin. -->","yoast_head_json":{"title":"L'under 13 alla finale regionale 6x6 - materdominivolley","robots":{"index":"index","follow":"follow","max-snippet":"max-snippet:-1","max-image-preview":"max-image-preview:large","max-video-preview":"max-video-preview:-1"},"canonical":"https:\/\/www.materdominivolley.it\/home\/2013\/06\/17\/lunder-13-alla-finale-regionale-6x6\/","og_locale":"it_IT","og_type":"article","og_title":"L'under 13 alla finale regionale 6x6 - materdominivolley","og_description":"Dopo la fase finale nazionale U19, U17 e U15 ora tocca alla classe pi\u00f9 giovane concorrere per il titolo regionale, ultima tappa federale della categoria","og_url":"https:\/\/www.materdominivolley.it\/home\/2013\/06\/17\/lunder-13-alla-finale-regionale-6x6\/","og_site_name":"materdominivolley","article_publisher":"https:\/\/www.facebook.com\/materdominivolleyit\/","article_published_time":"2013-06-17T12:46:09+00:00","og_image":[{"width":980,"height":400,"url":"https:\/\/www.materdominivolley.it\/home\/wp-content\/uploads\/2019\/09\/u15_vicecampioneprovinciale.jpg","type":"image\/jpeg"}],"author":"admin-mater","twitter_card":"summary_large_image","twitter_misc":{"Scritto da":"admin-mater","Tempo di lettura stimato":"1 minuto"},"schema":{"@context":"https:\/\/schema.org","@graph":[{"@type":"Article","@id":"https:\/\/www.materdominivolley.it\/home\/2013\/06\/17\/lunder-13-alla-finale-regionale-6x6\/#article","isPartOf":{"@id":"https:\/\/www.materdominivolley.it\/home\/2013\/06\/17\/lunder-13-alla-finale-regionale-6x6\/"},"author":{"name":"admin-mater","@id":"https:\/\/www.materdominivolley.it\/home\/#\/schema\/person\/86961330b970aecf0b9729df84069339"},"headline":"L&#8217;under 13 alla finale regionale 6&#215;6","datePublished":"2013-06-17T12:46:09+00:00","mainEntityOfPage":{"@id":"https:\/\/www.materdominivolley.it\/home\/2013\/06\/17\/lunder-13-alla-finale-regionale-6x6\/"},"wordCount":245,"commentCount":0,"publisher":{"@id":"https:\/\/www.materdominivolley.it\/home\/#organization"},"image":{"@id":"https:\/\/www.materdominivolley.it\/home\/2013\/06\/17\/lunder-13-alla-finale-regionale-6x6\/#primaryimage"},"thumbnailUrl":"https:\/\/www.materdominivolley.it\/home\/wp-content\/uploads\/2019\/09\/u15_vicecampioneprovinciale.jpg","articleSection":["under 13"],"inLanguage":"it-IT","potentialAction":[{"@type":"CommentAction","name":"Comment","target":["https:\/\/www.materdominivolley.it\/home\/2013\/06\/17\/lunder-13-alla-finale-regionale-6x6\/#respond"]}]},{"@type":"WebPage","@id":"https:\/\/www.materdominivolley.it\/home\/2013\/06\/17\/lunder-13-alla-finale-regionale-6x6\/","url":"https:\/\/www.materdominivolley.it\/home\/2013\/06\/17\/lunder-13-alla-finale-regionale-6x6\/","name":"L'under 13 alla finale regionale 6x6 - materdominivolley","isPartOf":{"@id":"https:\/\/www.materdominivolley.it\/home\/#website"},"primaryImageOfPage":{"@id":"https:\/\/www.materdominivolley.it\/home\/2013\/06\/17\/lunder-13-alla-finale-regionale-6x6\/#primaryimage"},"image":{"@id":"https:\/\/www.materdominivolley.it\/home\/2013\/06\/17\/lunder-13-alla-finale-regionale-6x6\/#primaryimage"},"thumbnailUrl":"https:\/\/www.materdominivolley.it\/home\/wp-content\/uploads\/2019\/09\/u15_vicecampioneprovinciale.jpg","datePublished":"2013-06-17T12:46:09+00:00","breadcrumb":{"@id":"https:\/\/www.materdominivolley.it\/home\/2013\/06\/17\/lunder-13-alla-finale-regionale-6x6\/#breadcrumb"},"inLanguage":"it-IT","potentialAction":[{"@type":"ReadAction","target":["https:\/\/www.materdominivolley.it\/home\/2013\/06\/17\/lunder-13-alla-finale-regionale-6x6\/"]}]},{"@type":"ImageObject","inLanguage":"it-IT","@id":"https:\/\/www.materdominivolley.it\/home\/2013\/06\/17\/lunder-13-alla-finale-regionale-6x6\/#primaryimage","url":"https:\/\/www.materdominivolley.it\/home\/wp-content\/uploads\/2019\/09\/u15_vicecampioneprovinciale.jpg","contentUrl":"https:\/\/www.materdominivolley.it\/home\/wp-content\/uploads\/2019\/09\/u15_vicecampioneprovinciale.jpg","width":980,"height":400},{"@type":"BreadcrumbList","@id":"https:\/\/www.materdominivolley.it\/home\/2013\/06\/17\/lunder-13-alla-finale-regionale-6x6\/#breadcrumb","itemListElement":[{"@type":"ListItem","position":1,"name":"Home","item":"https:\/\/www.materdominivolley.it\/home\/"},{"@type":"ListItem","position":2,"name":"L&#8217;under 13 alla finale regionale 6&#215;6"}]},{"@type":"WebSite","@id":"https:\/\/www.materdominivolley.it\/home\/#website","url":"https:\/\/www.materdominivolley.it\/home\/","name":"materdominivolley","description":"","publisher":{"@id":"https:\/\/www.materdominivolley.it\/home\/#organization"},"potentialAction":[{"@type":"SearchAction","target":{"@type":"EntryPoint","urlTemplate":"https:\/\/www.materdominivolley.it\/home\/?s={search_term_string}"},"query-input":{"@type":"PropertyValueSpecification","valueRequired":true,"valueName":"search_term_string"}}],"inLanguage":"it-IT"},{"@type":"Organization","@id":"https:\/\/www.materdominivolley.it\/home\/#organization","name":"Materdominivolley.it","url":"https:\/\/www.materdominivolley.it\/home\/","logo":{"@type":"ImageObject","inLanguage":"it-IT","@id":"https:\/\/www.materdominivolley.it\/home\/#\/schema\/logo\/image\/","url":"https:\/\/www.materdominivolley.it\/home\/wp-content\/uploads\/2019\/10\/Senza-titolo-1-2.png","contentUrl":"https:\/\/www.materdominivolley.it\/home\/wp-content\/uploads\/2019\/10\/Senza-titolo-1-2.png","width":180,"height":250,"caption":"Materdominivolley.it"},"image":{"@id":"https:\/\/www.materdominivolley.it\/home\/#\/schema\/logo\/image\/"},"sameAs":["https:\/\/www.facebook.com\/materdominivolleyit\/"]},{"@type":"Person","@id":"https:\/\/www.materdominivolley.it\/home\/#\/schema\/person\/86961330b970aecf0b9729df84069339","name":"admin-mater","image":{"@type":"ImageObject","inLanguage":"it-IT","@id":"https:\/\/secure.gravatar.com\/avatar\/71d088b9255aa52813637243630e63af9ffd99251cfb71c8536f2d3794cac08e?s=96&d=mm&r=g","url":"https:\/\/secure.gravatar.com\/avatar\/71d088b9255aa52813637243630e63af9ffd99251cfb71c8536f2d3794cac08e?s=96&d=mm&r=g","contentUrl":"https:\/\/secure.gravatar.com\/avatar\/71d088b9255aa52813637243630e63af9ffd99251cfb71c8536f2d3794cac08e?s=96&d=mm&r=g","caption":"admin-mater"},"url":"https:\/\/www.materdominivolley.it\/home\/author\/admin-mater\/"}]}},"_links":{"self":[{"href":"https:\/\/www.materdominivolley.it\/home\/wp-json\/wp\/v2\/posts\/1538","targetHints":{"allow":["GET"]}}],"collection":[{"href":"https:\/\/www.materdominivolley.it\/home\/wp-json\/wp\/v2\/posts"}],"about":[{"href":"https:\/\/www.materdominivolley.it\/home\/wp-json\/wp\/v2\/types\/post"}],"author":[{"embeddable":true,"href":"https:\/\/www.materdominivolley.it\/home\/wp-json\/wp\/v2\/users\/1"}],"replies":[{"embeddable":true,"href":"https:\/\/www.materdominivolley.it\/home\/wp-json\/wp\/v2\/comments?post=1538"}],"version-history":[{"count":0,"href":"https:\/\/www.materdominivolley.it\/home\/wp-json\/wp\/v2\/posts\/1538\/revisions"}],"wp:featuredmedia":[{"embeddable":true,"href":"https:\/\/www.materdominivolley.it\/home\/wp-json\/wp\/v2\/media\/1539"}],"wp:attachment":[{"href":"https:\/\/www.materdominivolley.it\/home\/wp-json\/wp\/v2\/media?parent=1538"}],"wp:term":[{"taxonomy":"category","embeddable":true,"href":"https:\/\/www.materdominivolley.it\/home\/wp-json\/wp\/v2\/categories?post=1538"},{"taxonomy":"post_tag","embeddable":true,"href":"https:\/\/www.materdominivolley.it\/home\/wp-json\/wp\/v2\/tags?post=1538"}],"curies":[{"name":"wp","href":"https:\/\/api.w.org\/{rel}","templated":true}]}}