{"id":1543,"date":"2013-06-11T10:31:15","date_gmt":"2013-06-11T08:31:15","guid":{"rendered":"https:\/\/www.materdominivolley.it\/home\/2013\/06\/11\/poche-ore-allinizio-della-finale-nazionale-u17\/"},"modified":"2013-06-11T10:31:15","modified_gmt":"2013-06-11T08:31:15","slug":"poche-ore-allinizio-della-finale-nazionale-u17","status":"publish","type":"post","link":"https:\/\/www.materdominivolley.it\/home\/2013\/06\/11\/poche-ore-allinizio-della-finale-nazionale-u17\/","title":{"rendered":"Poche ore all&#8217;inizio della Finale Nazionale U17"},"content":{"rendered":"\n        <p>\n\tL&#8217;accademia della pallavolo giovanile pugliese si rimette in viaggio per disputare la Finale Nazionale under 17 di pallavolo maschile. Destinazione Basilicata per la selezione giovanile della <strong>Materdomini Castellana Grotte<\/strong> che scender\u00e0 in campo, da oggi, gioved\u00ec 6 a domenica 9 giugno sui campi gara di Policoro e Scanzano Jonico (Mt). Cos\u00ec dopo le finali under 15 ed under 19, disputate nello scorso week end e giocate rispettivamente a Catania e Napoli, ora all&#8217;U17 diretta da <strong>Vincenzo Fanizza <\/strong>mancano poche ore ai quattro giorni pi\u00f9 importanti di un&#8217;intera stagione.<\/p>\n<p>\n\tSi inizia a giocare alle ore 17 di gioved\u00ec dopo la conferenza stampa di presentazione e il sorteggio dei gironi di qualificazione. A lottare per lo scudetto, altre quindici formazioni: ADP Carotenuto Sant&#8217;Agnello (NA), Piemonte Volley (CN), Lube Banca Marche Macerata (MC), M. Roma Volley (RM), Involley GS Rubor A. Costa (RA), Albisola Volley (SV), Pallavolo Padova (PD), Volley Bologna (BO), Polisportiva Partanna (TP), Ortona (CH), Lazio Pallavolo (RM), Trentino Volley (TN), Vero Volley (MB), Volley Segrate (MI) e Volley Treviso (TV).<\/p>\n<p>\n\tNella scorsa edizione (si gareggiava per il titolo under 16) il trofeo tricolore fu alzato dalla formazione dell&#8217;Itas Trentino Volley che, tra l&#8217;altro, si \u00e8 aggiudicata lo scudetto per due anni di seguito. Anche la Materdomini \u00e8 nell&#8217;albo d&#8217;oro, avendo vinto il titolo nell&#8217;edizione 2009. Fanizza, direttore tecnico del progetto, commenta: \u201cForti del buon risultato ottenuto nella scorsa settimana iniziamo quest&#8217;esperienza con tanta grinta e voglia di ben figurare. L&#8217;U17, che in questa stagione ha avuto modo di fare esperienza anche in serie C, \u00e8 sicuramente il gruppo pi\u00f9 giovane ai nastri di partenza essendo composta da ragazzi classe &#8217;97. Il nostro obiettivo \u00e8 arrivare tra le prime otto. Le formazioni pi\u00f9 accreditate allo scudetto tricolore sono Trentino, Roma, Treviso e Macerata che schierano ragazzi del &#8217;98 con parametri di altezza fisica considerevoli. Giungere dopo queste quattro sarebbe gi\u00e0 per noi un ottimo piazzamento\u201d.<\/p>\n<p>\n\tPer agevolare la possibilit\u00e0 di seguire l&#8217;evento la Materdomini ha allestito in evidenza sull&#8217;home page del proprio sito <strong>www.materdominivolley.it<\/strong> il link relativo al comitato organizzatore della finale nazionale.\u00a0\u00a0\u00a0\u00a0\u00a0<\/p>\n        ","protected":false},"excerpt":{"rendered":"<p><!-- wp:paragraph --><br \/>\n        In Basilicata, la selezione giovanile della Materdomini Castellana Grotte che scender\u00e0 in campo, da oggi, gioved\u00ec 6 a domenica 9 giugno sui campi gara di Policoro e Scanzano Jonico (Mt)<br \/>\n        <!-- \/wp:paragraph --><\/p>\n","protected":false},"author":1,"featured_media":1544,"comment_status":"open","ping_status":"closed","sticky":false,"template":"","format":"standard","meta":{"footnotes":""},"categories":[25],"tags":[],"class_list":["post-1543","post","type-post","status-publish","format-standard","has-post-thumbnail","hentry","category-under-17"],"yoast_head":"<!-- This site is optimized with the Yoast SEO plugin v27.4 - https:\/\/yoast.com\/product\/yoast-seo-wordpress\/ -->\n<title>Poche ore all&#039;inizio della Finale Nazionale U17 - materdominivolley<\/title>\n<meta name=\"robots\" content=\"index, follow, max-snippet:-1, max-image-preview:large, max-video-preview:-1\" \/>\n<link rel=\"canonical\" href=\"https:\/\/www.materdominivolley.it\/home\/2013\/06\/11\/poche-ore-allinizio-della-finale-nazionale-u17\/\" \/>\n<meta property=\"og:locale\" content=\"it_IT\" \/>\n<meta property=\"og:type\" content=\"article\" \/>\n<meta property=\"og:title\" content=\"Poche ore all&#039;inizio della Finale Nazionale U17 - materdominivolley\" \/>\n<meta property=\"og:description\" content=\"In Basilicata, la selezione giovanile della Materdomini Castellana Grotte che scender\u00e0 in campo, da oggi, gioved\u00ec 6 a domenica 9 giugno sui campi gara di Policoro e Scanzano Jonico (Mt)\" \/>\n<meta property=\"og:url\" content=\"https:\/\/www.materdominivolley.it\/home\/2013\/06\/11\/poche-ore-allinizio-della-finale-nazionale-u17\/\" \/>\n<meta property=\"og:site_name\" content=\"materdominivolley\" \/>\n<meta property=\"article:publisher\" content=\"https:\/\/www.facebook.com\/materdominivolleyit\/\" \/>\n<meta property=\"article:published_time\" content=\"2013-06-11T08:31:15+00:00\" \/>\n<meta property=\"og:image\" content=\"https:\/\/www.materdominivolley.it\/home\/wp-content\/uploads\/2019\/09\/under17regionale2013.jpg\" \/>\n\t<meta property=\"og:image:width\" content=\"980\" \/>\n\t<meta property=\"og:image:height\" content=\"400\" \/>\n\t<meta property=\"og:image:type\" content=\"image\/jpeg\" \/>\n<meta name=\"author\" content=\"admin-mater\" \/>\n<meta name=\"twitter:card\" content=\"summary_large_image\" \/>\n<meta name=\"twitter:label1\" content=\"Scritto da\" \/>\n\t<meta name=\"twitter:data1\" content=\"admin-mater\" \/>\n\t<meta name=\"twitter:label2\" content=\"Tempo di lettura stimato\" \/>\n\t<meta name=\"twitter:data2\" content=\"2 minuti\" \/>\n<script type=\"application\/ld+json\" class=\"yoast-schema-graph\">{\"@context\":\"https:\\\/\\\/schema.org\",\"@graph\":[{\"@type\":\"Article\",\"@id\":\"https:\\\/\\\/www.materdominivolley.it\\\/home\\\/2013\\\/06\\\/11\\\/poche-ore-allinizio-della-finale-nazionale-u17\\\/#article\",\"isPartOf\":{\"@id\":\"https:\\\/\\\/www.materdominivolley.it\\\/home\\\/2013\\\/06\\\/11\\\/poche-ore-allinizio-della-finale-nazionale-u17\\\/\"},\"author\":{\"name\":\"admin-mater\",\"@id\":\"https:\\\/\\\/www.materdominivolley.it\\\/home\\\/#\\\/schema\\\/person\\\/86961330b970aecf0b9729df84069339\"},\"headline\":\"Poche ore all&#8217;inizio della Finale Nazionale U17\",\"datePublished\":\"2013-06-11T08:31:15+00:00\",\"mainEntityOfPage\":{\"@id\":\"https:\\\/\\\/www.materdominivolley.it\\\/home\\\/2013\\\/06\\\/11\\\/poche-ore-allinizio-della-finale-nazionale-u17\\\/\"},\"wordCount\":351,\"commentCount\":0,\"publisher\":{\"@id\":\"https:\\\/\\\/www.materdominivolley.it\\\/home\\\/#organization\"},\"image\":{\"@id\":\"https:\\\/\\\/www.materdominivolley.it\\\/home\\\/2013\\\/06\\\/11\\\/poche-ore-allinizio-della-finale-nazionale-u17\\\/#primaryimage\"},\"thumbnailUrl\":\"https:\\\/\\\/www.materdominivolley.it\\\/home\\\/wp-content\\\/uploads\\\/2019\\\/09\\\/under17regionale2013.jpg\",\"articleSection\":[\"under 17\"],\"inLanguage\":\"it-IT\",\"potentialAction\":[{\"@type\":\"CommentAction\",\"name\":\"Comment\",\"target\":[\"https:\\\/\\\/www.materdominivolley.it\\\/home\\\/2013\\\/06\\\/11\\\/poche-ore-allinizio-della-finale-nazionale-u17\\\/#respond\"]}]},{\"@type\":\"WebPage\",\"@id\":\"https:\\\/\\\/www.materdominivolley.it\\\/home\\\/2013\\\/06\\\/11\\\/poche-ore-allinizio-della-finale-nazionale-u17\\\/\",\"url\":\"https:\\\/\\\/www.materdominivolley.it\\\/home\\\/2013\\\/06\\\/11\\\/poche-ore-allinizio-della-finale-nazionale-u17\\\/\",\"name\":\"Poche ore all'inizio della Finale Nazionale U17 - materdominivolley\",\"isPartOf\":{\"@id\":\"https:\\\/\\\/www.materdominivolley.it\\\/home\\\/#website\"},\"primaryImageOfPage\":{\"@id\":\"https:\\\/\\\/www.materdominivolley.it\\\/home\\\/2013\\\/06\\\/11\\\/poche-ore-allinizio-della-finale-nazionale-u17\\\/#primaryimage\"},\"image\":{\"@id\":\"https:\\\/\\\/www.materdominivolley.it\\\/home\\\/2013\\\/06\\\/11\\\/poche-ore-allinizio-della-finale-nazionale-u17\\\/#primaryimage\"},\"thumbnailUrl\":\"https:\\\/\\\/www.materdominivolley.it\\\/home\\\/wp-content\\\/uploads\\\/2019\\\/09\\\/under17regionale2013.jpg\",\"datePublished\":\"2013-06-11T08:31:15+00:00\",\"breadcrumb\":{\"@id\":\"https:\\\/\\\/www.materdominivolley.it\\\/home\\\/2013\\\/06\\\/11\\\/poche-ore-allinizio-della-finale-nazionale-u17\\\/#breadcrumb\"},\"inLanguage\":\"it-IT\",\"potentialAction\":[{\"@type\":\"ReadAction\",\"target\":[\"https:\\\/\\\/www.materdominivolley.it\\\/home\\\/2013\\\/06\\\/11\\\/poche-ore-allinizio-della-finale-nazionale-u17\\\/\"]}]},{\"@type\":\"ImageObject\",\"inLanguage\":\"it-IT\",\"@id\":\"https:\\\/\\\/www.materdominivolley.it\\\/home\\\/2013\\\/06\\\/11\\\/poche-ore-allinizio-della-finale-nazionale-u17\\\/#primaryimage\",\"url\":\"https:\\\/\\\/www.materdominivolley.it\\\/home\\\/wp-content\\\/uploads\\\/2019\\\/09\\\/under17regionale2013.jpg\",\"contentUrl\":\"https:\\\/\\\/www.materdominivolley.it\\\/home\\\/wp-content\\\/uploads\\\/2019\\\/09\\\/under17regionale2013.jpg\",\"width\":980,\"height\":400},{\"@type\":\"BreadcrumbList\",\"@id\":\"https:\\\/\\\/www.materdominivolley.it\\\/home\\\/2013\\\/06\\\/11\\\/poche-ore-allinizio-della-finale-nazionale-u17\\\/#breadcrumb\",\"itemListElement\":[{\"@type\":\"ListItem\",\"position\":1,\"name\":\"Home\",\"item\":\"https:\\\/\\\/www.materdominivolley.it\\\/home\\\/\"},{\"@type\":\"ListItem\",\"position\":2,\"name\":\"Poche ore all&#8217;inizio della Finale Nazionale U17\"}]},{\"@type\":\"WebSite\",\"@id\":\"https:\\\/\\\/www.materdominivolley.it\\\/home\\\/#website\",\"url\":\"https:\\\/\\\/www.materdominivolley.it\\\/home\\\/\",\"name\":\"materdominivolley\",\"description\":\"\",\"publisher\":{\"@id\":\"https:\\\/\\\/www.materdominivolley.it\\\/home\\\/#organization\"},\"potentialAction\":[{\"@type\":\"SearchAction\",\"target\":{\"@type\":\"EntryPoint\",\"urlTemplate\":\"https:\\\/\\\/www.materdominivolley.it\\\/home\\\/?s={search_term_string}\"},\"query-input\":{\"@type\":\"PropertyValueSpecification\",\"valueRequired\":true,\"valueName\":\"search_term_string\"}}],\"inLanguage\":\"it-IT\"},{\"@type\":\"Organization\",\"@id\":\"https:\\\/\\\/www.materdominivolley.it\\\/home\\\/#organization\",\"name\":\"Materdominivolley.it\",\"url\":\"https:\\\/\\\/www.materdominivolley.it\\\/home\\\/\",\"logo\":{\"@type\":\"ImageObject\",\"inLanguage\":\"it-IT\",\"@id\":\"https:\\\/\\\/www.materdominivolley.it\\\/home\\\/#\\\/schema\\\/logo\\\/image\\\/\",\"url\":\"https:\\\/\\\/www.materdominivolley.it\\\/home\\\/wp-content\\\/uploads\\\/2019\\\/10\\\/Senza-titolo-1-2.png\",\"contentUrl\":\"https:\\\/\\\/www.materdominivolley.it\\\/home\\\/wp-content\\\/uploads\\\/2019\\\/10\\\/Senza-titolo-1-2.png\",\"width\":180,\"height\":250,\"caption\":\"Materdominivolley.it\"},\"image\":{\"@id\":\"https:\\\/\\\/www.materdominivolley.it\\\/home\\\/#\\\/schema\\\/logo\\\/image\\\/\"},\"sameAs\":[\"https:\\\/\\\/www.facebook.com\\\/materdominivolleyit\\\/\"]},{\"@type\":\"Person\",\"@id\":\"https:\\\/\\\/www.materdominivolley.it\\\/home\\\/#\\\/schema\\\/person\\\/86961330b970aecf0b9729df84069339\",\"name\":\"admin-mater\",\"image\":{\"@type\":\"ImageObject\",\"inLanguage\":\"it-IT\",\"@id\":\"https:\\\/\\\/secure.gravatar.com\\\/avatar\\\/71d088b9255aa52813637243630e63af9ffd99251cfb71c8536f2d3794cac08e?s=96&d=mm&r=g\",\"url\":\"https:\\\/\\\/secure.gravatar.com\\\/avatar\\\/71d088b9255aa52813637243630e63af9ffd99251cfb71c8536f2d3794cac08e?s=96&d=mm&r=g\",\"contentUrl\":\"https:\\\/\\\/secure.gravatar.com\\\/avatar\\\/71d088b9255aa52813637243630e63af9ffd99251cfb71c8536f2d3794cac08e?s=96&d=mm&r=g\",\"caption\":\"admin-mater\"},\"url\":\"https:\\\/\\\/www.materdominivolley.it\\\/home\\\/author\\\/admin-mater\\\/\"}]}<\/script>\n<!-- \/ Yoast SEO plugin. -->","yoast_head_json":{"title":"Poche ore all'inizio della Finale Nazionale U17 - materdominivolley","robots":{"index":"index","follow":"follow","max-snippet":"max-snippet:-1","max-image-preview":"max-image-preview:large","max-video-preview":"max-video-preview:-1"},"canonical":"https:\/\/www.materdominivolley.it\/home\/2013\/06\/11\/poche-ore-allinizio-della-finale-nazionale-u17\/","og_locale":"it_IT","og_type":"article","og_title":"Poche ore all'inizio della Finale Nazionale U17 - materdominivolley","og_description":"In Basilicata, la selezione giovanile della Materdomini Castellana Grotte che scender\u00e0 in campo, da oggi, gioved\u00ec 6 a domenica 9 giugno sui campi gara di Policoro e Scanzano Jonico (Mt)","og_url":"https:\/\/www.materdominivolley.it\/home\/2013\/06\/11\/poche-ore-allinizio-della-finale-nazionale-u17\/","og_site_name":"materdominivolley","article_publisher":"https:\/\/www.facebook.com\/materdominivolleyit\/","article_published_time":"2013-06-11T08:31:15+00:00","og_image":[{"width":980,"height":400,"url":"https:\/\/www.materdominivolley.it\/home\/wp-content\/uploads\/2019\/09\/under17regionale2013.jpg","type":"image\/jpeg"}],"author":"admin-mater","twitter_card":"summary_large_image","twitter_misc":{"Scritto da":"admin-mater","Tempo di lettura stimato":"2 minuti"},"schema":{"@context":"https:\/\/schema.org","@graph":[{"@type":"Article","@id":"https:\/\/www.materdominivolley.it\/home\/2013\/06\/11\/poche-ore-allinizio-della-finale-nazionale-u17\/#article","isPartOf":{"@id":"https:\/\/www.materdominivolley.it\/home\/2013\/06\/11\/poche-ore-allinizio-della-finale-nazionale-u17\/"},"author":{"name":"admin-mater","@id":"https:\/\/www.materdominivolley.it\/home\/#\/schema\/person\/86961330b970aecf0b9729df84069339"},"headline":"Poche ore all&#8217;inizio della Finale Nazionale U17","datePublished":"2013-06-11T08:31:15+00:00","mainEntityOfPage":{"@id":"https:\/\/www.materdominivolley.it\/home\/2013\/06\/11\/poche-ore-allinizio-della-finale-nazionale-u17\/"},"wordCount":351,"commentCount":0,"publisher":{"@id":"https:\/\/www.materdominivolley.it\/home\/#organization"},"image":{"@id":"https:\/\/www.materdominivolley.it\/home\/2013\/06\/11\/poche-ore-allinizio-della-finale-nazionale-u17\/#primaryimage"},"thumbnailUrl":"https:\/\/www.materdominivolley.it\/home\/wp-content\/uploads\/2019\/09\/under17regionale2013.jpg","articleSection":["under 17"],"inLanguage":"it-IT","potentialAction":[{"@type":"CommentAction","name":"Comment","target":["https:\/\/www.materdominivolley.it\/home\/2013\/06\/11\/poche-ore-allinizio-della-finale-nazionale-u17\/#respond"]}]},{"@type":"WebPage","@id":"https:\/\/www.materdominivolley.it\/home\/2013\/06\/11\/poche-ore-allinizio-della-finale-nazionale-u17\/","url":"https:\/\/www.materdominivolley.it\/home\/2013\/06\/11\/poche-ore-allinizio-della-finale-nazionale-u17\/","name":"Poche ore all'inizio della Finale Nazionale U17 - materdominivolley","isPartOf":{"@id":"https:\/\/www.materdominivolley.it\/home\/#website"},"primaryImageOfPage":{"@id":"https:\/\/www.materdominivolley.it\/home\/2013\/06\/11\/poche-ore-allinizio-della-finale-nazionale-u17\/#primaryimage"},"image":{"@id":"https:\/\/www.materdominivolley.it\/home\/2013\/06\/11\/poche-ore-allinizio-della-finale-nazionale-u17\/#primaryimage"},"thumbnailUrl":"https:\/\/www.materdominivolley.it\/home\/wp-content\/uploads\/2019\/09\/under17regionale2013.jpg","datePublished":"2013-06-11T08:31:15+00:00","breadcrumb":{"@id":"https:\/\/www.materdominivolley.it\/home\/2013\/06\/11\/poche-ore-allinizio-della-finale-nazionale-u17\/#breadcrumb"},"inLanguage":"it-IT","potentialAction":[{"@type":"ReadAction","target":["https:\/\/www.materdominivolley.it\/home\/2013\/06\/11\/poche-ore-allinizio-della-finale-nazionale-u17\/"]}]},{"@type":"ImageObject","inLanguage":"it-IT","@id":"https:\/\/www.materdominivolley.it\/home\/2013\/06\/11\/poche-ore-allinizio-della-finale-nazionale-u17\/#primaryimage","url":"https:\/\/www.materdominivolley.it\/home\/wp-content\/uploads\/2019\/09\/under17regionale2013.jpg","contentUrl":"https:\/\/www.materdominivolley.it\/home\/wp-content\/uploads\/2019\/09\/under17regionale2013.jpg","width":980,"height":400},{"@type":"BreadcrumbList","@id":"https:\/\/www.materdominivolley.it\/home\/2013\/06\/11\/poche-ore-allinizio-della-finale-nazionale-u17\/#breadcrumb","itemListElement":[{"@type":"ListItem","position":1,"name":"Home","item":"https:\/\/www.materdominivolley.it\/home\/"},{"@type":"ListItem","position":2,"name":"Poche ore all&#8217;inizio della Finale Nazionale U17"}]},{"@type":"WebSite","@id":"https:\/\/www.materdominivolley.it\/home\/#website","url":"https:\/\/www.materdominivolley.it\/home\/","name":"materdominivolley","description":"","publisher":{"@id":"https:\/\/www.materdominivolley.it\/home\/#organization"},"potentialAction":[{"@type":"SearchAction","target":{"@type":"EntryPoint","urlTemplate":"https:\/\/www.materdominivolley.it\/home\/?s={search_term_string}"},"query-input":{"@type":"PropertyValueSpecification","valueRequired":true,"valueName":"search_term_string"}}],"inLanguage":"it-IT"},{"@type":"Organization","@id":"https:\/\/www.materdominivolley.it\/home\/#organization","name":"Materdominivolley.it","url":"https:\/\/www.materdominivolley.it\/home\/","logo":{"@type":"ImageObject","inLanguage":"it-IT","@id":"https:\/\/www.materdominivolley.it\/home\/#\/schema\/logo\/image\/","url":"https:\/\/www.materdominivolley.it\/home\/wp-content\/uploads\/2019\/10\/Senza-titolo-1-2.png","contentUrl":"https:\/\/www.materdominivolley.it\/home\/wp-content\/uploads\/2019\/10\/Senza-titolo-1-2.png","width":180,"height":250,"caption":"Materdominivolley.it"},"image":{"@id":"https:\/\/www.materdominivolley.it\/home\/#\/schema\/logo\/image\/"},"sameAs":["https:\/\/www.facebook.com\/materdominivolleyit\/"]},{"@type":"Person","@id":"https:\/\/www.materdominivolley.it\/home\/#\/schema\/person\/86961330b970aecf0b9729df84069339","name":"admin-mater","image":{"@type":"ImageObject","inLanguage":"it-IT","@id":"https:\/\/secure.gravatar.com\/avatar\/71d088b9255aa52813637243630e63af9ffd99251cfb71c8536f2d3794cac08e?s=96&d=mm&r=g","url":"https:\/\/secure.gravatar.com\/avatar\/71d088b9255aa52813637243630e63af9ffd99251cfb71c8536f2d3794cac08e?s=96&d=mm&r=g","contentUrl":"https:\/\/secure.gravatar.com\/avatar\/71d088b9255aa52813637243630e63af9ffd99251cfb71c8536f2d3794cac08e?s=96&d=mm&r=g","caption":"admin-mater"},"url":"https:\/\/www.materdominivolley.it\/home\/author\/admin-mater\/"}]}},"_links":{"self":[{"href":"https:\/\/www.materdominivolley.it\/home\/wp-json\/wp\/v2\/posts\/1543","targetHints":{"allow":["GET"]}}],"collection":[{"href":"https:\/\/www.materdominivolley.it\/home\/wp-json\/wp\/v2\/posts"}],"about":[{"href":"https:\/\/www.materdominivolley.it\/home\/wp-json\/wp\/v2\/types\/post"}],"author":[{"embeddable":true,"href":"https:\/\/www.materdominivolley.it\/home\/wp-json\/wp\/v2\/users\/1"}],"replies":[{"embeddable":true,"href":"https:\/\/www.materdominivolley.it\/home\/wp-json\/wp\/v2\/comments?post=1543"}],"version-history":[{"count":0,"href":"https:\/\/www.materdominivolley.it\/home\/wp-json\/wp\/v2\/posts\/1543\/revisions"}],"wp:featuredmedia":[{"embeddable":true,"href":"https:\/\/www.materdominivolley.it\/home\/wp-json\/wp\/v2\/media\/1544"}],"wp:attachment":[{"href":"https:\/\/www.materdominivolley.it\/home\/wp-json\/wp\/v2\/media?parent=1543"}],"wp:term":[{"taxonomy":"category","embeddable":true,"href":"https:\/\/www.materdominivolley.it\/home\/wp-json\/wp\/v2\/categories?post=1543"},{"taxonomy":"post_tag","embeddable":true,"href":"https:\/\/www.materdominivolley.it\/home\/wp-json\/wp\/v2\/tags?post=1543"}],"curies":[{"name":"wp","href":"https:\/\/api.w.org\/{rel}","templated":true}]}}