{"id":1545,"date":"2013-06-14T13:55:14","date_gmt":"2013-06-14T11:55:14","guid":{"rendered":"https:\/\/www.materdominivolley.it\/home\/2013\/06\/14\/quarto-e-settimo-posto-nelle-finali-u15-e-u19\/"},"modified":"2013-06-14T13:55:14","modified_gmt":"2013-06-14T11:55:14","slug":"quarto-e-settimo-posto-nelle-finali-u15-e-u19","status":"publish","type":"post","link":"https:\/\/www.materdominivolley.it\/home\/2013\/06\/14\/quarto-e-settimo-posto-nelle-finali-u15-e-u19\/","title":{"rendered":"Quarto e settimo posto nelle finali U15 e U19"},"content":{"rendered":"\n        <p>\n\tSi chiude con un quarto e un settimo posto il lungo weekend della <strong>Materdomini Castellana Grotte<\/strong> dedicato alle finali nazionali under 15 e under 19. Per le formazioni dell&#39;accademia del volley giovanile di Puglia presieduta da <strong>Michele Miccolis<\/strong> e diretta da <strong>Vincenzo Fanizza<\/strong> un altro grande risultato di prestigio: due squadre tra le prime otto d&#39;Italia, risultati in miglioramento rispetto alla passata stagione e un&#39;altra semifinale scudetto. &#8220;Eccellente frutto di un lavoro fatto in casa &#8211; ha commentato Fanizza &#8211; i risultati importanti ci premiano dopo un&#39;annata di sacrifici e lavoro. Non posso che ringraziare sia i ragazzi under 15 che i ragazzi under 19 per il fine settimana vissuto all&#39;insegna delle soddisfazioni. Non solo c&#39;\u00e8 da registrare il miglioramento rispetto allo scorso anno, ma anche una certa costanza che ormai contraddistingue l&#39;accademia e ci consente di ottenere riconoscimenti a livello nazionale&#8221;.<\/p>\n<p>\n\t<strong>UNDER 19 &#8211;<\/strong>Cinque vittorie e due sole sconfitte per l&#39;U19 che dopo aver battutto per 3-0 Olbia, Matera e Fano nel girone C di qualificazione e dopo aver sconfitto per 3-0 Albisola agli ottavi e per 3-1 Padova ai quarti, si \u00e8 fermata solo in semifinale quando \u00e8 andata ko con Modena (3-0). Per la compagine allenata da <strong>Diego Vannicola<\/strong>, quarto posto finale dopo lo stop nella finalina contro Cuneo (3-1 il risultato finale).<\/p>\n<p>\n\t<strong>UNDER 15 &#8211;<\/strong>Cammino pi\u00f9 altalenante ma non per questo meno significativo per i pi\u00f9 piccoli di casa Materdomini che chiudono la kermesse nazionale al settimo posto dopo aver battuto per 3-0 i Diavoli Rosa Brugherio nella finale di domenica mattina. Alla squadra allenata da Vincenzo Fanizza il merito di aver dato peso ad una finale nazionale dal cammino difficile sin da subito.<\/p>\n<p>\n\t<strong>UNDER 17 &#8211;<\/strong>Archiviate queste prime due finali nazionali, da gioved\u00ec \u00e8 gi\u00e0 tempo di dedicarsi alla terza, quella U17 in programma nel prossimo fine settimana in provincia di Matera. Fanizza: &#8220;Stiamo parlando di un progetto biennale che gi\u00e0 alla sua prima stagione ha centrato importanti risultati. Saremo sicuramente il gruppo pi\u00f9 giovane ai nastri di partenza&#8221;.<\/p>\n        ","protected":false},"excerpt":{"rendered":"<p><!-- wp:paragraph --><br \/>\n        Per le formazioni dell&#8217;accademia del volley giovanile di Puglia presieduta da Michele Miccolis e diretta da Vincenzo Fanizza un altro grande risultato di prestigio<br \/>\n        <!-- \/wp:paragraph --><\/p>\n","protected":false},"author":1,"featured_media":1485,"comment_status":"open","ping_status":"closed","sticky":false,"template":"","format":"standard","meta":{"footnotes":""},"categories":[12],"tags":[],"class_list":["post-1545","post","type-post","status-publish","format-standard","has-post-thumbnail","hentry","category-accademia"],"yoast_head":"<!-- This site is optimized with the Yoast SEO plugin v27.4 - https:\/\/yoast.com\/product\/yoast-seo-wordpress\/ -->\n<title>Quarto e settimo posto nelle finali U15 e U19 - materdominivolley<\/title>\n<meta name=\"robots\" content=\"index, follow, max-snippet:-1, max-image-preview:large, max-video-preview:-1\" \/>\n<link rel=\"canonical\" href=\"https:\/\/www.materdominivolley.it\/home\/2013\/06\/14\/quarto-e-settimo-posto-nelle-finali-u15-e-u19\/\" \/>\n<meta property=\"og:locale\" content=\"it_IT\" \/>\n<meta property=\"og:type\" content=\"article\" \/>\n<meta property=\"og:title\" content=\"Quarto e settimo posto nelle finali U15 e U19 - materdominivolley\" \/>\n<meta property=\"og:description\" content=\"Per le formazioni dell&#039;accademia del volley giovanile di Puglia presieduta da Michele Miccolis e diretta da Vincenzo Fanizza un altro grande risultato di prestigio\" \/>\n<meta property=\"og:url\" content=\"https:\/\/www.materdominivolley.it\/home\/2013\/06\/14\/quarto-e-settimo-posto-nelle-finali-u15-e-u19\/\" \/>\n<meta property=\"og:site_name\" content=\"materdominivolley\" \/>\n<meta property=\"article:publisher\" content=\"https:\/\/www.facebook.com\/materdominivolleyit\/\" \/>\n<meta property=\"article:published_time\" content=\"2013-06-14T11:55:14+00:00\" \/>\n<meta property=\"og:image\" content=\"https:\/\/www.materdominivolley.it\/home\/wp-content\/uploads\/2019\/09\/fanizza.jpg\" \/>\n\t<meta property=\"og:image:width\" content=\"980\" \/>\n\t<meta property=\"og:image:height\" content=\"400\" \/>\n\t<meta property=\"og:image:type\" content=\"image\/jpeg\" \/>\n<meta name=\"author\" content=\"admin-mater\" \/>\n<meta name=\"twitter:card\" content=\"summary_large_image\" \/>\n<meta name=\"twitter:label1\" content=\"Scritto da\" \/>\n\t<meta name=\"twitter:data1\" content=\"admin-mater\" \/>\n\t<meta name=\"twitter:label2\" content=\"Tempo di lettura stimato\" \/>\n\t<meta name=\"twitter:data2\" content=\"2 minuti\" \/>\n<script type=\"application\/ld+json\" class=\"yoast-schema-graph\">{\"@context\":\"https:\\\/\\\/schema.org\",\"@graph\":[{\"@type\":\"Article\",\"@id\":\"https:\\\/\\\/www.materdominivolley.it\\\/home\\\/2013\\\/06\\\/14\\\/quarto-e-settimo-posto-nelle-finali-u15-e-u19\\\/#article\",\"isPartOf\":{\"@id\":\"https:\\\/\\\/www.materdominivolley.it\\\/home\\\/2013\\\/06\\\/14\\\/quarto-e-settimo-posto-nelle-finali-u15-e-u19\\\/\"},\"author\":{\"name\":\"admin-mater\",\"@id\":\"https:\\\/\\\/www.materdominivolley.it\\\/home\\\/#\\\/schema\\\/person\\\/86961330b970aecf0b9729df84069339\"},\"headline\":\"Quarto e settimo posto nelle finali U15 e U19\",\"datePublished\":\"2013-06-14T11:55:14+00:00\",\"mainEntityOfPage\":{\"@id\":\"https:\\\/\\\/www.materdominivolley.it\\\/home\\\/2013\\\/06\\\/14\\\/quarto-e-settimo-posto-nelle-finali-u15-e-u19\\\/\"},\"wordCount\":340,\"commentCount\":0,\"publisher\":{\"@id\":\"https:\\\/\\\/www.materdominivolley.it\\\/home\\\/#organization\"},\"image\":{\"@id\":\"https:\\\/\\\/www.materdominivolley.it\\\/home\\\/2013\\\/06\\\/14\\\/quarto-e-settimo-posto-nelle-finali-u15-e-u19\\\/#primaryimage\"},\"thumbnailUrl\":\"https:\\\/\\\/www.materdominivolley.it\\\/home\\\/wp-content\\\/uploads\\\/2019\\\/09\\\/fanizza.jpg\",\"articleSection\":[\"Accademia\"],\"inLanguage\":\"it-IT\",\"potentialAction\":[{\"@type\":\"CommentAction\",\"name\":\"Comment\",\"target\":[\"https:\\\/\\\/www.materdominivolley.it\\\/home\\\/2013\\\/06\\\/14\\\/quarto-e-settimo-posto-nelle-finali-u15-e-u19\\\/#respond\"]}]},{\"@type\":\"WebPage\",\"@id\":\"https:\\\/\\\/www.materdominivolley.it\\\/home\\\/2013\\\/06\\\/14\\\/quarto-e-settimo-posto-nelle-finali-u15-e-u19\\\/\",\"url\":\"https:\\\/\\\/www.materdominivolley.it\\\/home\\\/2013\\\/06\\\/14\\\/quarto-e-settimo-posto-nelle-finali-u15-e-u19\\\/\",\"name\":\"Quarto e settimo posto nelle finali U15 e U19 - materdominivolley\",\"isPartOf\":{\"@id\":\"https:\\\/\\\/www.materdominivolley.it\\\/home\\\/#website\"},\"primaryImageOfPage\":{\"@id\":\"https:\\\/\\\/www.materdominivolley.it\\\/home\\\/2013\\\/06\\\/14\\\/quarto-e-settimo-posto-nelle-finali-u15-e-u19\\\/#primaryimage\"},\"image\":{\"@id\":\"https:\\\/\\\/www.materdominivolley.it\\\/home\\\/2013\\\/06\\\/14\\\/quarto-e-settimo-posto-nelle-finali-u15-e-u19\\\/#primaryimage\"},\"thumbnailUrl\":\"https:\\\/\\\/www.materdominivolley.it\\\/home\\\/wp-content\\\/uploads\\\/2019\\\/09\\\/fanizza.jpg\",\"datePublished\":\"2013-06-14T11:55:14+00:00\",\"breadcrumb\":{\"@id\":\"https:\\\/\\\/www.materdominivolley.it\\\/home\\\/2013\\\/06\\\/14\\\/quarto-e-settimo-posto-nelle-finali-u15-e-u19\\\/#breadcrumb\"},\"inLanguage\":\"it-IT\",\"potentialAction\":[{\"@type\":\"ReadAction\",\"target\":[\"https:\\\/\\\/www.materdominivolley.it\\\/home\\\/2013\\\/06\\\/14\\\/quarto-e-settimo-posto-nelle-finali-u15-e-u19\\\/\"]}]},{\"@type\":\"ImageObject\",\"inLanguage\":\"it-IT\",\"@id\":\"https:\\\/\\\/www.materdominivolley.it\\\/home\\\/2013\\\/06\\\/14\\\/quarto-e-settimo-posto-nelle-finali-u15-e-u19\\\/#primaryimage\",\"url\":\"https:\\\/\\\/www.materdominivolley.it\\\/home\\\/wp-content\\\/uploads\\\/2019\\\/09\\\/fanizza.jpg\",\"contentUrl\":\"https:\\\/\\\/www.materdominivolley.it\\\/home\\\/wp-content\\\/uploads\\\/2019\\\/09\\\/fanizza.jpg\",\"width\":980,\"height\":400},{\"@type\":\"BreadcrumbList\",\"@id\":\"https:\\\/\\\/www.materdominivolley.it\\\/home\\\/2013\\\/06\\\/14\\\/quarto-e-settimo-posto-nelle-finali-u15-e-u19\\\/#breadcrumb\",\"itemListElement\":[{\"@type\":\"ListItem\",\"position\":1,\"name\":\"Home\",\"item\":\"https:\\\/\\\/www.materdominivolley.it\\\/home\\\/\"},{\"@type\":\"ListItem\",\"position\":2,\"name\":\"Quarto e settimo posto nelle finali U15 e U19\"}]},{\"@type\":\"WebSite\",\"@id\":\"https:\\\/\\\/www.materdominivolley.it\\\/home\\\/#website\",\"url\":\"https:\\\/\\\/www.materdominivolley.it\\\/home\\\/\",\"name\":\"materdominivolley\",\"description\":\"\",\"publisher\":{\"@id\":\"https:\\\/\\\/www.materdominivolley.it\\\/home\\\/#organization\"},\"potentialAction\":[{\"@type\":\"SearchAction\",\"target\":{\"@type\":\"EntryPoint\",\"urlTemplate\":\"https:\\\/\\\/www.materdominivolley.it\\\/home\\\/?s={search_term_string}\"},\"query-input\":{\"@type\":\"PropertyValueSpecification\",\"valueRequired\":true,\"valueName\":\"search_term_string\"}}],\"inLanguage\":\"it-IT\"},{\"@type\":\"Organization\",\"@id\":\"https:\\\/\\\/www.materdominivolley.it\\\/home\\\/#organization\",\"name\":\"Materdominivolley.it\",\"url\":\"https:\\\/\\\/www.materdominivolley.it\\\/home\\\/\",\"logo\":{\"@type\":\"ImageObject\",\"inLanguage\":\"it-IT\",\"@id\":\"https:\\\/\\\/www.materdominivolley.it\\\/home\\\/#\\\/schema\\\/logo\\\/image\\\/\",\"url\":\"https:\\\/\\\/www.materdominivolley.it\\\/home\\\/wp-content\\\/uploads\\\/2019\\\/10\\\/Senza-titolo-1-2.png\",\"contentUrl\":\"https:\\\/\\\/www.materdominivolley.it\\\/home\\\/wp-content\\\/uploads\\\/2019\\\/10\\\/Senza-titolo-1-2.png\",\"width\":180,\"height\":250,\"caption\":\"Materdominivolley.it\"},\"image\":{\"@id\":\"https:\\\/\\\/www.materdominivolley.it\\\/home\\\/#\\\/schema\\\/logo\\\/image\\\/\"},\"sameAs\":[\"https:\\\/\\\/www.facebook.com\\\/materdominivolleyit\\\/\"]},{\"@type\":\"Person\",\"@id\":\"https:\\\/\\\/www.materdominivolley.it\\\/home\\\/#\\\/schema\\\/person\\\/86961330b970aecf0b9729df84069339\",\"name\":\"admin-mater\",\"image\":{\"@type\":\"ImageObject\",\"inLanguage\":\"it-IT\",\"@id\":\"https:\\\/\\\/secure.gravatar.com\\\/avatar\\\/71d088b9255aa52813637243630e63af9ffd99251cfb71c8536f2d3794cac08e?s=96&d=mm&r=g\",\"url\":\"https:\\\/\\\/secure.gravatar.com\\\/avatar\\\/71d088b9255aa52813637243630e63af9ffd99251cfb71c8536f2d3794cac08e?s=96&d=mm&r=g\",\"contentUrl\":\"https:\\\/\\\/secure.gravatar.com\\\/avatar\\\/71d088b9255aa52813637243630e63af9ffd99251cfb71c8536f2d3794cac08e?s=96&d=mm&r=g\",\"caption\":\"admin-mater\"},\"url\":\"https:\\\/\\\/www.materdominivolley.it\\\/home\\\/author\\\/admin-mater\\\/\"}]}<\/script>\n<!-- \/ Yoast SEO plugin. -->","yoast_head_json":{"title":"Quarto e settimo posto nelle finali U15 e U19 - materdominivolley","robots":{"index":"index","follow":"follow","max-snippet":"max-snippet:-1","max-image-preview":"max-image-preview:large","max-video-preview":"max-video-preview:-1"},"canonical":"https:\/\/www.materdominivolley.it\/home\/2013\/06\/14\/quarto-e-settimo-posto-nelle-finali-u15-e-u19\/","og_locale":"it_IT","og_type":"article","og_title":"Quarto e settimo posto nelle finali U15 e U19 - materdominivolley","og_description":"Per le formazioni dell'accademia del volley giovanile di Puglia presieduta da Michele Miccolis e diretta da Vincenzo Fanizza un altro grande risultato di prestigio","og_url":"https:\/\/www.materdominivolley.it\/home\/2013\/06\/14\/quarto-e-settimo-posto-nelle-finali-u15-e-u19\/","og_site_name":"materdominivolley","article_publisher":"https:\/\/www.facebook.com\/materdominivolleyit\/","article_published_time":"2013-06-14T11:55:14+00:00","og_image":[{"width":980,"height":400,"url":"https:\/\/www.materdominivolley.it\/home\/wp-content\/uploads\/2019\/09\/fanizza.jpg","type":"image\/jpeg"}],"author":"admin-mater","twitter_card":"summary_large_image","twitter_misc":{"Scritto da":"admin-mater","Tempo di lettura stimato":"2 minuti"},"schema":{"@context":"https:\/\/schema.org","@graph":[{"@type":"Article","@id":"https:\/\/www.materdominivolley.it\/home\/2013\/06\/14\/quarto-e-settimo-posto-nelle-finali-u15-e-u19\/#article","isPartOf":{"@id":"https:\/\/www.materdominivolley.it\/home\/2013\/06\/14\/quarto-e-settimo-posto-nelle-finali-u15-e-u19\/"},"author":{"name":"admin-mater","@id":"https:\/\/www.materdominivolley.it\/home\/#\/schema\/person\/86961330b970aecf0b9729df84069339"},"headline":"Quarto e settimo posto nelle finali U15 e U19","datePublished":"2013-06-14T11:55:14+00:00","mainEntityOfPage":{"@id":"https:\/\/www.materdominivolley.it\/home\/2013\/06\/14\/quarto-e-settimo-posto-nelle-finali-u15-e-u19\/"},"wordCount":340,"commentCount":0,"publisher":{"@id":"https:\/\/www.materdominivolley.it\/home\/#organization"},"image":{"@id":"https:\/\/www.materdominivolley.it\/home\/2013\/06\/14\/quarto-e-settimo-posto-nelle-finali-u15-e-u19\/#primaryimage"},"thumbnailUrl":"https:\/\/www.materdominivolley.it\/home\/wp-content\/uploads\/2019\/09\/fanizza.jpg","articleSection":["Accademia"],"inLanguage":"it-IT","potentialAction":[{"@type":"CommentAction","name":"Comment","target":["https:\/\/www.materdominivolley.it\/home\/2013\/06\/14\/quarto-e-settimo-posto-nelle-finali-u15-e-u19\/#respond"]}]},{"@type":"WebPage","@id":"https:\/\/www.materdominivolley.it\/home\/2013\/06\/14\/quarto-e-settimo-posto-nelle-finali-u15-e-u19\/","url":"https:\/\/www.materdominivolley.it\/home\/2013\/06\/14\/quarto-e-settimo-posto-nelle-finali-u15-e-u19\/","name":"Quarto e settimo posto nelle finali U15 e U19 - materdominivolley","isPartOf":{"@id":"https:\/\/www.materdominivolley.it\/home\/#website"},"primaryImageOfPage":{"@id":"https:\/\/www.materdominivolley.it\/home\/2013\/06\/14\/quarto-e-settimo-posto-nelle-finali-u15-e-u19\/#primaryimage"},"image":{"@id":"https:\/\/www.materdominivolley.it\/home\/2013\/06\/14\/quarto-e-settimo-posto-nelle-finali-u15-e-u19\/#primaryimage"},"thumbnailUrl":"https:\/\/www.materdominivolley.it\/home\/wp-content\/uploads\/2019\/09\/fanizza.jpg","datePublished":"2013-06-14T11:55:14+00:00","breadcrumb":{"@id":"https:\/\/www.materdominivolley.it\/home\/2013\/06\/14\/quarto-e-settimo-posto-nelle-finali-u15-e-u19\/#breadcrumb"},"inLanguage":"it-IT","potentialAction":[{"@type":"ReadAction","target":["https:\/\/www.materdominivolley.it\/home\/2013\/06\/14\/quarto-e-settimo-posto-nelle-finali-u15-e-u19\/"]}]},{"@type":"ImageObject","inLanguage":"it-IT","@id":"https:\/\/www.materdominivolley.it\/home\/2013\/06\/14\/quarto-e-settimo-posto-nelle-finali-u15-e-u19\/#primaryimage","url":"https:\/\/www.materdominivolley.it\/home\/wp-content\/uploads\/2019\/09\/fanizza.jpg","contentUrl":"https:\/\/www.materdominivolley.it\/home\/wp-content\/uploads\/2019\/09\/fanizza.jpg","width":980,"height":400},{"@type":"BreadcrumbList","@id":"https:\/\/www.materdominivolley.it\/home\/2013\/06\/14\/quarto-e-settimo-posto-nelle-finali-u15-e-u19\/#breadcrumb","itemListElement":[{"@type":"ListItem","position":1,"name":"Home","item":"https:\/\/www.materdominivolley.it\/home\/"},{"@type":"ListItem","position":2,"name":"Quarto e settimo posto nelle finali U15 e U19"}]},{"@type":"WebSite","@id":"https:\/\/www.materdominivolley.it\/home\/#website","url":"https:\/\/www.materdominivolley.it\/home\/","name":"materdominivolley","description":"","publisher":{"@id":"https:\/\/www.materdominivolley.it\/home\/#organization"},"potentialAction":[{"@type":"SearchAction","target":{"@type":"EntryPoint","urlTemplate":"https:\/\/www.materdominivolley.it\/home\/?s={search_term_string}"},"query-input":{"@type":"PropertyValueSpecification","valueRequired":true,"valueName":"search_term_string"}}],"inLanguage":"it-IT"},{"@type":"Organization","@id":"https:\/\/www.materdominivolley.it\/home\/#organization","name":"Materdominivolley.it","url":"https:\/\/www.materdominivolley.it\/home\/","logo":{"@type":"ImageObject","inLanguage":"it-IT","@id":"https:\/\/www.materdominivolley.it\/home\/#\/schema\/logo\/image\/","url":"https:\/\/www.materdominivolley.it\/home\/wp-content\/uploads\/2019\/10\/Senza-titolo-1-2.png","contentUrl":"https:\/\/www.materdominivolley.it\/home\/wp-content\/uploads\/2019\/10\/Senza-titolo-1-2.png","width":180,"height":250,"caption":"Materdominivolley.it"},"image":{"@id":"https:\/\/www.materdominivolley.it\/home\/#\/schema\/logo\/image\/"},"sameAs":["https:\/\/www.facebook.com\/materdominivolleyit\/"]},{"@type":"Person","@id":"https:\/\/www.materdominivolley.it\/home\/#\/schema\/person\/86961330b970aecf0b9729df84069339","name":"admin-mater","image":{"@type":"ImageObject","inLanguage":"it-IT","@id":"https:\/\/secure.gravatar.com\/avatar\/71d088b9255aa52813637243630e63af9ffd99251cfb71c8536f2d3794cac08e?s=96&d=mm&r=g","url":"https:\/\/secure.gravatar.com\/avatar\/71d088b9255aa52813637243630e63af9ffd99251cfb71c8536f2d3794cac08e?s=96&d=mm&r=g","contentUrl":"https:\/\/secure.gravatar.com\/avatar\/71d088b9255aa52813637243630e63af9ffd99251cfb71c8536f2d3794cac08e?s=96&d=mm&r=g","caption":"admin-mater"},"url":"https:\/\/www.materdominivolley.it\/home\/author\/admin-mater\/"}]}},"_links":{"self":[{"href":"https:\/\/www.materdominivolley.it\/home\/wp-json\/wp\/v2\/posts\/1545","targetHints":{"allow":["GET"]}}],"collection":[{"href":"https:\/\/www.materdominivolley.it\/home\/wp-json\/wp\/v2\/posts"}],"about":[{"href":"https:\/\/www.materdominivolley.it\/home\/wp-json\/wp\/v2\/types\/post"}],"author":[{"embeddable":true,"href":"https:\/\/www.materdominivolley.it\/home\/wp-json\/wp\/v2\/users\/1"}],"replies":[{"embeddable":true,"href":"https:\/\/www.materdominivolley.it\/home\/wp-json\/wp\/v2\/comments?post=1545"}],"version-history":[{"count":0,"href":"https:\/\/www.materdominivolley.it\/home\/wp-json\/wp\/v2\/posts\/1545\/revisions"}],"wp:featuredmedia":[{"embeddable":true,"href":"https:\/\/www.materdominivolley.it\/home\/wp-json\/wp\/v2\/media\/1485"}],"wp:attachment":[{"href":"https:\/\/www.materdominivolley.it\/home\/wp-json\/wp\/v2\/media?parent=1545"}],"wp:term":[{"taxonomy":"category","embeddable":true,"href":"https:\/\/www.materdominivolley.it\/home\/wp-json\/wp\/v2\/categories?post=1545"},{"taxonomy":"post_tag","embeddable":true,"href":"https:\/\/www.materdominivolley.it\/home\/wp-json\/wp\/v2\/tags?post=1545"}],"curies":[{"name":"wp","href":"https:\/\/api.w.org\/{rel}","templated":true}]}}