{"id":1551,"date":"2013-05-30T12:16:49","date_gmt":"2013-05-30T10:16:49","guid":{"rendered":"https:\/\/www.materdominivolley.it\/home\/2013\/05\/30\/inizia-lavventura-scudetto-dellu15-e-dellu19\/"},"modified":"2013-05-30T12:16:49","modified_gmt":"2013-05-30T10:16:49","slug":"inizia-lavventura-scudetto-dellu15-e-dellu19","status":"publish","type":"post","link":"https:\/\/www.materdominivolley.it\/home\/2013\/05\/30\/inizia-lavventura-scudetto-dellu15-e-dellu19\/","title":{"rendered":"Inizia l&#8217;avventura scudetto dell&#8217;U15 e dell&#8217;U19"},"content":{"rendered":"\n        <p>\n\tGiornata di partenze in casa <strong>Materdomini Castellana Grotte<\/strong>: inizia l&#39;avventura delle finali nazionali under 15 e under 19 che si giocheranno in contemporanea da gioved\u00ec 30 maggio a domenica 2 giugno. Cos\u00ec la formazione pi\u00f9 giovane dell&#39;accademia del volley pugliese oggi, 29 maggio, \u00e8 partita alla volta di Catania mentre per la selezione pi\u00f9 grande la meta \u00e8 Napoli.<\/p>\n<p>\n\t<strong>UNDER 19 &#8211;<\/strong>Gi\u00e0 noto il calendario per l&#39;U19 in Campania: girone C (campo di gara centro federale PalaVesuvio &#8211; palestra Ivan Meriggioli) con <strong>Virtus Volley Fano<\/strong>, <strong>Pallavolo Olbia<\/strong> e <strong>Pallavolo Matera<\/strong>. La prima gara della formazione guidata dal tecnico <strong>Diego Vannicola<\/strong> coadiuvato da Giuseppe Gasbarro si giocher\u00e0 alle ore 9 di domani, gioved\u00ec 30 maggio contro i pari et\u00e0 sardi dell&#39;Olbia. Nel pomeriggio, invece, alle ore 16, seconda partita del girone contro il Matera.<\/p>\n<p>\n\t<strong>UNDER 15 &#8211;<\/strong>Per l&#39;U15, allenata da <strong>Vincenzo Fanizza<\/strong> in collaborazione con Antonio Bruno, i gironi saranno estratti nella mattinata di gioved\u00ec alle ore 11. Fanizza, direttore tecnico del progetto, con entusiasmo commenta: \u201cSono molto fiducioso e comunque vada \u00e8 gi\u00e0 per noi un successo aver tagliato questo traguardo. In questi quindici giorni abbiamo lavorato bene in palestra con ritmi serrati di due allenamenti al giorno. L&#39;umore in entrambe le formazioni \u00e8 ottimo e sono certo che potremo toglierci delle belle soddisfazioni. Il girone dell&#39;U19 \u00e8 alla nostra portata e dovremmo far bene mentre spero che i sorteggi dell&#39;U15 ci siano favorevoli perch\u00e9 com&#39;\u00e8 ben noto nello sport anche la fortuna fa la sua parte. Il mio unico rammarico \u00e8 quello di non poter seguire la formazione pi\u00f9 grande ma ho piana fiducia nei miei collaboratori\u201d.<\/p>\n<p>\n\tPer agevolare la possibilit\u00e0 di seguire in contemporanea ed essere sempre aggiornati su entrambi gli eventi la Materdomini ha allestito in evidenza sull&#39;home page del proprio sito <strong>www.materdominivolley.it<\/strong> i link relativi ai comitati organizzatori delle finali nazionali.<\/p>\n        ","protected":false},"excerpt":{"rendered":"<p><!-- wp:paragraph --><br \/>\n        Giornata di partenze in casa Materdomini Castellana Grotte: inizia l&#8217;avventura delle finali nazionali under 15 e under 19 che si giocheranno in contemporanea da gioved\u00ec 30 maggio a domenica 2 giugno.<br \/>\n        <!-- \/wp:paragraph --><\/p>\n","protected":false},"author":1,"featured_media":1552,"comment_status":"open","ping_status":"closed","sticky":false,"template":"","format":"standard","meta":{"footnotes":""},"categories":[12],"tags":[],"class_list":["post-1551","post","type-post","status-publish","format-standard","has-post-thumbnail","hentry","category-accademia"],"yoast_head":"<!-- This site is optimized with the Yoast SEO plugin v27.4 - https:\/\/yoast.com\/product\/yoast-seo-wordpress\/ -->\n<title>Inizia l&#039;avventura scudetto dell&#039;U15 e dell&#039;U19 - materdominivolley<\/title>\n<meta name=\"robots\" content=\"index, follow, max-snippet:-1, max-image-preview:large, max-video-preview:-1\" \/>\n<link rel=\"canonical\" href=\"https:\/\/www.materdominivolley.it\/home\/2013\/05\/30\/inizia-lavventura-scudetto-dellu15-e-dellu19\/\" \/>\n<meta property=\"og:locale\" content=\"it_IT\" \/>\n<meta property=\"og:type\" content=\"article\" \/>\n<meta property=\"og:title\" content=\"Inizia l&#039;avventura scudetto dell&#039;U15 e dell&#039;U19 - materdominivolley\" \/>\n<meta property=\"og:description\" content=\"Giornata di partenze in casa Materdomini Castellana Grotte: inizia l&#039;avventura delle finali nazionali under 15 e under 19 che si giocheranno in contemporanea da gioved\u00ec 30 maggio a domenica 2 giugno.\" \/>\n<meta property=\"og:url\" content=\"https:\/\/www.materdominivolley.it\/home\/2013\/05\/30\/inizia-lavventura-scudetto-dellu15-e-dellu19\/\" \/>\n<meta property=\"og:site_name\" content=\"materdominivolley\" \/>\n<meta property=\"article:publisher\" content=\"https:\/\/www.facebook.com\/materdominivolleyit\/\" \/>\n<meta property=\"article:published_time\" content=\"2013-05-30T10:16:49+00:00\" \/>\n<meta property=\"og:image\" content=\"https:\/\/www.materdominivolley.it\/home\/wp-content\/uploads\/2019\/09\/u15.jpg\" \/>\n\t<meta property=\"og:image:width\" content=\"980\" \/>\n\t<meta property=\"og:image:height\" content=\"400\" \/>\n\t<meta property=\"og:image:type\" content=\"image\/jpeg\" \/>\n<meta name=\"author\" content=\"admin-mater\" \/>\n<meta name=\"twitter:card\" content=\"summary_large_image\" \/>\n<meta name=\"twitter:label1\" content=\"Scritto da\" \/>\n\t<meta name=\"twitter:data1\" content=\"admin-mater\" \/>\n\t<meta name=\"twitter:label2\" content=\"Tempo di lettura stimato\" \/>\n\t<meta name=\"twitter:data2\" content=\"1 minuto\" \/>\n<script type=\"application\/ld+json\" class=\"yoast-schema-graph\">{\"@context\":\"https:\\\/\\\/schema.org\",\"@graph\":[{\"@type\":\"Article\",\"@id\":\"https:\\\/\\\/www.materdominivolley.it\\\/home\\\/2013\\\/05\\\/30\\\/inizia-lavventura-scudetto-dellu15-e-dellu19\\\/#article\",\"isPartOf\":{\"@id\":\"https:\\\/\\\/www.materdominivolley.it\\\/home\\\/2013\\\/05\\\/30\\\/inizia-lavventura-scudetto-dellu15-e-dellu19\\\/\"},\"author\":{\"name\":\"admin-mater\",\"@id\":\"https:\\\/\\\/www.materdominivolley.it\\\/home\\\/#\\\/schema\\\/person\\\/86961330b970aecf0b9729df84069339\"},\"headline\":\"Inizia l&#8217;avventura scudetto dell&#8217;U15 e dell&#8217;U19\",\"datePublished\":\"2013-05-30T10:16:49+00:00\",\"mainEntityOfPage\":{\"@id\":\"https:\\\/\\\/www.materdominivolley.it\\\/home\\\/2013\\\/05\\\/30\\\/inizia-lavventura-scudetto-dellu15-e-dellu19\\\/\"},\"wordCount\":308,\"commentCount\":0,\"publisher\":{\"@id\":\"https:\\\/\\\/www.materdominivolley.it\\\/home\\\/#organization\"},\"image\":{\"@id\":\"https:\\\/\\\/www.materdominivolley.it\\\/home\\\/2013\\\/05\\\/30\\\/inizia-lavventura-scudetto-dellu15-e-dellu19\\\/#primaryimage\"},\"thumbnailUrl\":\"https:\\\/\\\/www.materdominivolley.it\\\/home\\\/wp-content\\\/uploads\\\/2019\\\/09\\\/u15.jpg\",\"articleSection\":[\"Accademia\"],\"inLanguage\":\"it-IT\",\"potentialAction\":[{\"@type\":\"CommentAction\",\"name\":\"Comment\",\"target\":[\"https:\\\/\\\/www.materdominivolley.it\\\/home\\\/2013\\\/05\\\/30\\\/inizia-lavventura-scudetto-dellu15-e-dellu19\\\/#respond\"]}]},{\"@type\":\"WebPage\",\"@id\":\"https:\\\/\\\/www.materdominivolley.it\\\/home\\\/2013\\\/05\\\/30\\\/inizia-lavventura-scudetto-dellu15-e-dellu19\\\/\",\"url\":\"https:\\\/\\\/www.materdominivolley.it\\\/home\\\/2013\\\/05\\\/30\\\/inizia-lavventura-scudetto-dellu15-e-dellu19\\\/\",\"name\":\"Inizia l'avventura scudetto dell'U15 e dell'U19 - materdominivolley\",\"isPartOf\":{\"@id\":\"https:\\\/\\\/www.materdominivolley.it\\\/home\\\/#website\"},\"primaryImageOfPage\":{\"@id\":\"https:\\\/\\\/www.materdominivolley.it\\\/home\\\/2013\\\/05\\\/30\\\/inizia-lavventura-scudetto-dellu15-e-dellu19\\\/#primaryimage\"},\"image\":{\"@id\":\"https:\\\/\\\/www.materdominivolley.it\\\/home\\\/2013\\\/05\\\/30\\\/inizia-lavventura-scudetto-dellu15-e-dellu19\\\/#primaryimage\"},\"thumbnailUrl\":\"https:\\\/\\\/www.materdominivolley.it\\\/home\\\/wp-content\\\/uploads\\\/2019\\\/09\\\/u15.jpg\",\"datePublished\":\"2013-05-30T10:16:49+00:00\",\"breadcrumb\":{\"@id\":\"https:\\\/\\\/www.materdominivolley.it\\\/home\\\/2013\\\/05\\\/30\\\/inizia-lavventura-scudetto-dellu15-e-dellu19\\\/#breadcrumb\"},\"inLanguage\":\"it-IT\",\"potentialAction\":[{\"@type\":\"ReadAction\",\"target\":[\"https:\\\/\\\/www.materdominivolley.it\\\/home\\\/2013\\\/05\\\/30\\\/inizia-lavventura-scudetto-dellu15-e-dellu19\\\/\"]}]},{\"@type\":\"ImageObject\",\"inLanguage\":\"it-IT\",\"@id\":\"https:\\\/\\\/www.materdominivolley.it\\\/home\\\/2013\\\/05\\\/30\\\/inizia-lavventura-scudetto-dellu15-e-dellu19\\\/#primaryimage\",\"url\":\"https:\\\/\\\/www.materdominivolley.it\\\/home\\\/wp-content\\\/uploads\\\/2019\\\/09\\\/u15.jpg\",\"contentUrl\":\"https:\\\/\\\/www.materdominivolley.it\\\/home\\\/wp-content\\\/uploads\\\/2019\\\/09\\\/u15.jpg\",\"width\":980,\"height\":400},{\"@type\":\"BreadcrumbList\",\"@id\":\"https:\\\/\\\/www.materdominivolley.it\\\/home\\\/2013\\\/05\\\/30\\\/inizia-lavventura-scudetto-dellu15-e-dellu19\\\/#breadcrumb\",\"itemListElement\":[{\"@type\":\"ListItem\",\"position\":1,\"name\":\"Home\",\"item\":\"https:\\\/\\\/www.materdominivolley.it\\\/home\\\/\"},{\"@type\":\"ListItem\",\"position\":2,\"name\":\"Inizia l&#8217;avventura scudetto dell&#8217;U15 e dell&#8217;U19\"}]},{\"@type\":\"WebSite\",\"@id\":\"https:\\\/\\\/www.materdominivolley.it\\\/home\\\/#website\",\"url\":\"https:\\\/\\\/www.materdominivolley.it\\\/home\\\/\",\"name\":\"materdominivolley\",\"description\":\"\",\"publisher\":{\"@id\":\"https:\\\/\\\/www.materdominivolley.it\\\/home\\\/#organization\"},\"potentialAction\":[{\"@type\":\"SearchAction\",\"target\":{\"@type\":\"EntryPoint\",\"urlTemplate\":\"https:\\\/\\\/www.materdominivolley.it\\\/home\\\/?s={search_term_string}\"},\"query-input\":{\"@type\":\"PropertyValueSpecification\",\"valueRequired\":true,\"valueName\":\"search_term_string\"}}],\"inLanguage\":\"it-IT\"},{\"@type\":\"Organization\",\"@id\":\"https:\\\/\\\/www.materdominivolley.it\\\/home\\\/#organization\",\"name\":\"Materdominivolley.it\",\"url\":\"https:\\\/\\\/www.materdominivolley.it\\\/home\\\/\",\"logo\":{\"@type\":\"ImageObject\",\"inLanguage\":\"it-IT\",\"@id\":\"https:\\\/\\\/www.materdominivolley.it\\\/home\\\/#\\\/schema\\\/logo\\\/image\\\/\",\"url\":\"https:\\\/\\\/www.materdominivolley.it\\\/home\\\/wp-content\\\/uploads\\\/2019\\\/10\\\/Senza-titolo-1-2.png\",\"contentUrl\":\"https:\\\/\\\/www.materdominivolley.it\\\/home\\\/wp-content\\\/uploads\\\/2019\\\/10\\\/Senza-titolo-1-2.png\",\"width\":180,\"height\":250,\"caption\":\"Materdominivolley.it\"},\"image\":{\"@id\":\"https:\\\/\\\/www.materdominivolley.it\\\/home\\\/#\\\/schema\\\/logo\\\/image\\\/\"},\"sameAs\":[\"https:\\\/\\\/www.facebook.com\\\/materdominivolleyit\\\/\"]},{\"@type\":\"Person\",\"@id\":\"https:\\\/\\\/www.materdominivolley.it\\\/home\\\/#\\\/schema\\\/person\\\/86961330b970aecf0b9729df84069339\",\"name\":\"admin-mater\",\"image\":{\"@type\":\"ImageObject\",\"inLanguage\":\"it-IT\",\"@id\":\"https:\\\/\\\/secure.gravatar.com\\\/avatar\\\/71d088b9255aa52813637243630e63af9ffd99251cfb71c8536f2d3794cac08e?s=96&d=mm&r=g\",\"url\":\"https:\\\/\\\/secure.gravatar.com\\\/avatar\\\/71d088b9255aa52813637243630e63af9ffd99251cfb71c8536f2d3794cac08e?s=96&d=mm&r=g\",\"contentUrl\":\"https:\\\/\\\/secure.gravatar.com\\\/avatar\\\/71d088b9255aa52813637243630e63af9ffd99251cfb71c8536f2d3794cac08e?s=96&d=mm&r=g\",\"caption\":\"admin-mater\"},\"url\":\"https:\\\/\\\/www.materdominivolley.it\\\/home\\\/author\\\/admin-mater\\\/\"}]}<\/script>\n<!-- \/ Yoast SEO plugin. -->","yoast_head_json":{"title":"Inizia l'avventura scudetto dell'U15 e dell'U19 - materdominivolley","robots":{"index":"index","follow":"follow","max-snippet":"max-snippet:-1","max-image-preview":"max-image-preview:large","max-video-preview":"max-video-preview:-1"},"canonical":"https:\/\/www.materdominivolley.it\/home\/2013\/05\/30\/inizia-lavventura-scudetto-dellu15-e-dellu19\/","og_locale":"it_IT","og_type":"article","og_title":"Inizia l'avventura scudetto dell'U15 e dell'U19 - materdominivolley","og_description":"Giornata di partenze in casa Materdomini Castellana Grotte: inizia l'avventura delle finali nazionali under 15 e under 19 che si giocheranno in contemporanea da gioved\u00ec 30 maggio a domenica 2 giugno.","og_url":"https:\/\/www.materdominivolley.it\/home\/2013\/05\/30\/inizia-lavventura-scudetto-dellu15-e-dellu19\/","og_site_name":"materdominivolley","article_publisher":"https:\/\/www.facebook.com\/materdominivolleyit\/","article_published_time":"2013-05-30T10:16:49+00:00","og_image":[{"width":980,"height":400,"url":"https:\/\/www.materdominivolley.it\/home\/wp-content\/uploads\/2019\/09\/u15.jpg","type":"image\/jpeg"}],"author":"admin-mater","twitter_card":"summary_large_image","twitter_misc":{"Scritto da":"admin-mater","Tempo di lettura stimato":"1 minuto"},"schema":{"@context":"https:\/\/schema.org","@graph":[{"@type":"Article","@id":"https:\/\/www.materdominivolley.it\/home\/2013\/05\/30\/inizia-lavventura-scudetto-dellu15-e-dellu19\/#article","isPartOf":{"@id":"https:\/\/www.materdominivolley.it\/home\/2013\/05\/30\/inizia-lavventura-scudetto-dellu15-e-dellu19\/"},"author":{"name":"admin-mater","@id":"https:\/\/www.materdominivolley.it\/home\/#\/schema\/person\/86961330b970aecf0b9729df84069339"},"headline":"Inizia l&#8217;avventura scudetto dell&#8217;U15 e dell&#8217;U19","datePublished":"2013-05-30T10:16:49+00:00","mainEntityOfPage":{"@id":"https:\/\/www.materdominivolley.it\/home\/2013\/05\/30\/inizia-lavventura-scudetto-dellu15-e-dellu19\/"},"wordCount":308,"commentCount":0,"publisher":{"@id":"https:\/\/www.materdominivolley.it\/home\/#organization"},"image":{"@id":"https:\/\/www.materdominivolley.it\/home\/2013\/05\/30\/inizia-lavventura-scudetto-dellu15-e-dellu19\/#primaryimage"},"thumbnailUrl":"https:\/\/www.materdominivolley.it\/home\/wp-content\/uploads\/2019\/09\/u15.jpg","articleSection":["Accademia"],"inLanguage":"it-IT","potentialAction":[{"@type":"CommentAction","name":"Comment","target":["https:\/\/www.materdominivolley.it\/home\/2013\/05\/30\/inizia-lavventura-scudetto-dellu15-e-dellu19\/#respond"]}]},{"@type":"WebPage","@id":"https:\/\/www.materdominivolley.it\/home\/2013\/05\/30\/inizia-lavventura-scudetto-dellu15-e-dellu19\/","url":"https:\/\/www.materdominivolley.it\/home\/2013\/05\/30\/inizia-lavventura-scudetto-dellu15-e-dellu19\/","name":"Inizia l'avventura scudetto dell'U15 e dell'U19 - materdominivolley","isPartOf":{"@id":"https:\/\/www.materdominivolley.it\/home\/#website"},"primaryImageOfPage":{"@id":"https:\/\/www.materdominivolley.it\/home\/2013\/05\/30\/inizia-lavventura-scudetto-dellu15-e-dellu19\/#primaryimage"},"image":{"@id":"https:\/\/www.materdominivolley.it\/home\/2013\/05\/30\/inizia-lavventura-scudetto-dellu15-e-dellu19\/#primaryimage"},"thumbnailUrl":"https:\/\/www.materdominivolley.it\/home\/wp-content\/uploads\/2019\/09\/u15.jpg","datePublished":"2013-05-30T10:16:49+00:00","breadcrumb":{"@id":"https:\/\/www.materdominivolley.it\/home\/2013\/05\/30\/inizia-lavventura-scudetto-dellu15-e-dellu19\/#breadcrumb"},"inLanguage":"it-IT","potentialAction":[{"@type":"ReadAction","target":["https:\/\/www.materdominivolley.it\/home\/2013\/05\/30\/inizia-lavventura-scudetto-dellu15-e-dellu19\/"]}]},{"@type":"ImageObject","inLanguage":"it-IT","@id":"https:\/\/www.materdominivolley.it\/home\/2013\/05\/30\/inizia-lavventura-scudetto-dellu15-e-dellu19\/#primaryimage","url":"https:\/\/www.materdominivolley.it\/home\/wp-content\/uploads\/2019\/09\/u15.jpg","contentUrl":"https:\/\/www.materdominivolley.it\/home\/wp-content\/uploads\/2019\/09\/u15.jpg","width":980,"height":400},{"@type":"BreadcrumbList","@id":"https:\/\/www.materdominivolley.it\/home\/2013\/05\/30\/inizia-lavventura-scudetto-dellu15-e-dellu19\/#breadcrumb","itemListElement":[{"@type":"ListItem","position":1,"name":"Home","item":"https:\/\/www.materdominivolley.it\/home\/"},{"@type":"ListItem","position":2,"name":"Inizia l&#8217;avventura scudetto dell&#8217;U15 e dell&#8217;U19"}]},{"@type":"WebSite","@id":"https:\/\/www.materdominivolley.it\/home\/#website","url":"https:\/\/www.materdominivolley.it\/home\/","name":"materdominivolley","description":"","publisher":{"@id":"https:\/\/www.materdominivolley.it\/home\/#organization"},"potentialAction":[{"@type":"SearchAction","target":{"@type":"EntryPoint","urlTemplate":"https:\/\/www.materdominivolley.it\/home\/?s={search_term_string}"},"query-input":{"@type":"PropertyValueSpecification","valueRequired":true,"valueName":"search_term_string"}}],"inLanguage":"it-IT"},{"@type":"Organization","@id":"https:\/\/www.materdominivolley.it\/home\/#organization","name":"Materdominivolley.it","url":"https:\/\/www.materdominivolley.it\/home\/","logo":{"@type":"ImageObject","inLanguage":"it-IT","@id":"https:\/\/www.materdominivolley.it\/home\/#\/schema\/logo\/image\/","url":"https:\/\/www.materdominivolley.it\/home\/wp-content\/uploads\/2019\/10\/Senza-titolo-1-2.png","contentUrl":"https:\/\/www.materdominivolley.it\/home\/wp-content\/uploads\/2019\/10\/Senza-titolo-1-2.png","width":180,"height":250,"caption":"Materdominivolley.it"},"image":{"@id":"https:\/\/www.materdominivolley.it\/home\/#\/schema\/logo\/image\/"},"sameAs":["https:\/\/www.facebook.com\/materdominivolleyit\/"]},{"@type":"Person","@id":"https:\/\/www.materdominivolley.it\/home\/#\/schema\/person\/86961330b970aecf0b9729df84069339","name":"admin-mater","image":{"@type":"ImageObject","inLanguage":"it-IT","@id":"https:\/\/secure.gravatar.com\/avatar\/71d088b9255aa52813637243630e63af9ffd99251cfb71c8536f2d3794cac08e?s=96&d=mm&r=g","url":"https:\/\/secure.gravatar.com\/avatar\/71d088b9255aa52813637243630e63af9ffd99251cfb71c8536f2d3794cac08e?s=96&d=mm&r=g","contentUrl":"https:\/\/secure.gravatar.com\/avatar\/71d088b9255aa52813637243630e63af9ffd99251cfb71c8536f2d3794cac08e?s=96&d=mm&r=g","caption":"admin-mater"},"url":"https:\/\/www.materdominivolley.it\/home\/author\/admin-mater\/"}]}},"_links":{"self":[{"href":"https:\/\/www.materdominivolley.it\/home\/wp-json\/wp\/v2\/posts\/1551","targetHints":{"allow":["GET"]}}],"collection":[{"href":"https:\/\/www.materdominivolley.it\/home\/wp-json\/wp\/v2\/posts"}],"about":[{"href":"https:\/\/www.materdominivolley.it\/home\/wp-json\/wp\/v2\/types\/post"}],"author":[{"embeddable":true,"href":"https:\/\/www.materdominivolley.it\/home\/wp-json\/wp\/v2\/users\/1"}],"replies":[{"embeddable":true,"href":"https:\/\/www.materdominivolley.it\/home\/wp-json\/wp\/v2\/comments?post=1551"}],"version-history":[{"count":0,"href":"https:\/\/www.materdominivolley.it\/home\/wp-json\/wp\/v2\/posts\/1551\/revisions"}],"wp:featuredmedia":[{"embeddable":true,"href":"https:\/\/www.materdominivolley.it\/home\/wp-json\/wp\/v2\/media\/1552"}],"wp:attachment":[{"href":"https:\/\/www.materdominivolley.it\/home\/wp-json\/wp\/v2\/media?parent=1551"}],"wp:term":[{"taxonomy":"category","embeddable":true,"href":"https:\/\/www.materdominivolley.it\/home\/wp-json\/wp\/v2\/categories?post=1551"},{"taxonomy":"post_tag","embeddable":true,"href":"https:\/\/www.materdominivolley.it\/home\/wp-json\/wp\/v2\/tags?post=1551"}],"curies":[{"name":"wp","href":"https:\/\/api.w.org\/{rel}","templated":true}]}}