{"id":1557,"date":"2013-05-22T15:02:36","date_gmt":"2013-05-22T13:02:36","guid":{"rendered":"https:\/\/www.materdominivolley.it\/home\/2013\/05\/22\/vannicola-nuovo-ingresso-nello-staff-tecnico\/"},"modified":"2013-05-22T15:02:36","modified_gmt":"2013-05-22T13:02:36","slug":"vannicola-nuovo-ingresso-nello-staff-tecnico","status":"publish","type":"post","link":"https:\/\/www.materdominivolley.it\/home\/2013\/05\/22\/vannicola-nuovo-ingresso-nello-staff-tecnico\/","title":{"rendered":"Vannicola nuovo ingresso nello staff tecnico"},"content":{"rendered":"\n        <p>\n\tNuovo ingresso nello staff tecnico dell&#39;accademia del volley giovanile della <strong>Materdomini Castellana Grotte<\/strong>: <strong>Diego Vannicola<\/strong>, 38enne di Squinzano, ex collaboratore tecnico nel Volley Squinzano in serie B2, entra cos\u00ec a far parte del gruppo degli allenatori della societ\u00e0 castellanese. Il tecnico salentino, che ha gi\u00e0 guidato i primi allenamenti nei giorni scorsi, assister\u00e0 <strong>Vincenzo Fanizza<\/strong> in vista delle finali nazionali under 15, under 17 e under 19. Vannicola entra, cos\u00ec, a far parte del team tecnico castellanese al servizio del responsabile del progetto giallobl\u00f9 affiancando <strong>Giuseppe Gasbarro<\/strong> e <strong>Isa Franco<\/strong>.<\/p>\n<p>\n\tIn particolare dal 30 maggio al 2 giugno Vannicola guider\u00e0 la formazione dell&#39;U19 a Napoli nell&#39;ultima fase del pi\u00f9 importante torneo giovanile italiano mentre nelle stesse identiche date Fanizza sar\u00e0 occupato con le matricole dell&#39;under 15 nella finale nazionale di categoria nella provincia di Catania. L&#39;U17, invece, giocher\u00e0 le proprie opportunit\u00e0 tricolori nella settimana seguente, dal 6 al 9 giugno, a Policoro (Mt).<\/p>\n<p>\n\tQueste le prime parole di Vannicola da tecnico della Materdomini: \u201cSono molto onorato di essere entrato a far parte di questa societ\u00e0 che ho sempre ammirato. Mi \u00e8 stata offerta un&#39;occasione di crescita professionale unica e imperdibile. Ringrazio, quindi, soprattutto il presidente Michele Miccolis ed in particolar modo Vincenzo Fanizza per la stima e la fiducia che ha riposto nella mia persona e spero di contraccambiare con professionalit\u00e0 e risultati sportivi all&#39;altezza del prestigio di questo club\u201d.\u00a0\u00a0\u00a0<\/p>\n        ","protected":false},"excerpt":{"rendered":"<p><!-- wp:paragraph --><br \/>\n        Nuovo ingresso nello staff tecnico dell&#8217;accademia del volley giovanile: Diego Vannicola, 38enne di Squinzano, ex collaboratore tecnico nel Volley Squinzano in serie B2, entra cos\u00ec a far parte del gruppo degli allenatori giallobl\u00f9<br \/>\n        <!-- \/wp:paragraph --><\/p>\n","protected":false},"author":1,"featured_media":1554,"comment_status":"open","ping_status":"closed","sticky":false,"template":"","format":"standard","meta":{"footnotes":""},"categories":[12],"tags":[],"class_list":["post-1557","post","type-post","status-publish","format-standard","has-post-thumbnail","hentry","category-accademia"],"yoast_head":"<!-- This site is optimized with the Yoast SEO plugin v27.4 - https:\/\/yoast.com\/product\/yoast-seo-wordpress\/ -->\n<title>Vannicola nuovo ingresso nello staff tecnico - materdominivolley<\/title>\n<meta name=\"robots\" content=\"index, follow, max-snippet:-1, max-image-preview:large, max-video-preview:-1\" \/>\n<link rel=\"canonical\" href=\"https:\/\/www.materdominivolley.it\/home\/2013\/05\/22\/vannicola-nuovo-ingresso-nello-staff-tecnico\/\" \/>\n<meta property=\"og:locale\" content=\"it_IT\" \/>\n<meta property=\"og:type\" content=\"article\" \/>\n<meta property=\"og:title\" content=\"Vannicola nuovo ingresso nello staff tecnico - materdominivolley\" \/>\n<meta property=\"og:description\" content=\"Nuovo ingresso nello staff tecnico dell&#039;accademia del volley giovanile: Diego Vannicola, 38enne di Squinzano, ex collaboratore tecnico nel Volley Squinzano in serie B2, entra cos\u00ec a far parte del gruppo degli allenatori giallobl\u00f9\" \/>\n<meta property=\"og:url\" content=\"https:\/\/www.materdominivolley.it\/home\/2013\/05\/22\/vannicola-nuovo-ingresso-nello-staff-tecnico\/\" \/>\n<meta property=\"og:site_name\" content=\"materdominivolley\" \/>\n<meta property=\"article:publisher\" content=\"https:\/\/www.facebook.com\/materdominivolleyit\/\" \/>\n<meta property=\"article:published_time\" content=\"2013-05-22T13:02:36+00:00\" \/>\n<meta property=\"og:image\" content=\"https:\/\/www.materdominivolley.it\/home\/wp-content\/uploads\/2019\/09\/stafftecnico.jpg\" \/>\n\t<meta property=\"og:image:width\" content=\"980\" \/>\n\t<meta property=\"og:image:height\" content=\"400\" \/>\n\t<meta property=\"og:image:type\" content=\"image\/jpeg\" \/>\n<meta name=\"author\" content=\"admin-mater\" \/>\n<meta name=\"twitter:card\" content=\"summary_large_image\" \/>\n<meta name=\"twitter:label1\" content=\"Scritto da\" \/>\n\t<meta name=\"twitter:data1\" content=\"admin-mater\" \/>\n\t<meta name=\"twitter:label2\" content=\"Tempo di lettura stimato\" \/>\n\t<meta name=\"twitter:data2\" content=\"1 minuto\" \/>\n<script type=\"application\/ld+json\" class=\"yoast-schema-graph\">{\"@context\":\"https:\\\/\\\/schema.org\",\"@graph\":[{\"@type\":\"Article\",\"@id\":\"https:\\\/\\\/www.materdominivolley.it\\\/home\\\/2013\\\/05\\\/22\\\/vannicola-nuovo-ingresso-nello-staff-tecnico\\\/#article\",\"isPartOf\":{\"@id\":\"https:\\\/\\\/www.materdominivolley.it\\\/home\\\/2013\\\/05\\\/22\\\/vannicola-nuovo-ingresso-nello-staff-tecnico\\\/\"},\"author\":{\"name\":\"admin-mater\",\"@id\":\"https:\\\/\\\/www.materdominivolley.it\\\/home\\\/#\\\/schema\\\/person\\\/86961330b970aecf0b9729df84069339\"},\"headline\":\"Vannicola nuovo ingresso nello staff tecnico\",\"datePublished\":\"2013-05-22T13:02:36+00:00\",\"mainEntityOfPage\":{\"@id\":\"https:\\\/\\\/www.materdominivolley.it\\\/home\\\/2013\\\/05\\\/22\\\/vannicola-nuovo-ingresso-nello-staff-tecnico\\\/\"},\"wordCount\":234,\"commentCount\":0,\"publisher\":{\"@id\":\"https:\\\/\\\/www.materdominivolley.it\\\/home\\\/#organization\"},\"image\":{\"@id\":\"https:\\\/\\\/www.materdominivolley.it\\\/home\\\/2013\\\/05\\\/22\\\/vannicola-nuovo-ingresso-nello-staff-tecnico\\\/#primaryimage\"},\"thumbnailUrl\":\"https:\\\/\\\/www.materdominivolley.it\\\/home\\\/wp-content\\\/uploads\\\/2019\\\/09\\\/stafftecnico.jpg\",\"articleSection\":[\"Accademia\"],\"inLanguage\":\"it-IT\",\"potentialAction\":[{\"@type\":\"CommentAction\",\"name\":\"Comment\",\"target\":[\"https:\\\/\\\/www.materdominivolley.it\\\/home\\\/2013\\\/05\\\/22\\\/vannicola-nuovo-ingresso-nello-staff-tecnico\\\/#respond\"]}]},{\"@type\":\"WebPage\",\"@id\":\"https:\\\/\\\/www.materdominivolley.it\\\/home\\\/2013\\\/05\\\/22\\\/vannicola-nuovo-ingresso-nello-staff-tecnico\\\/\",\"url\":\"https:\\\/\\\/www.materdominivolley.it\\\/home\\\/2013\\\/05\\\/22\\\/vannicola-nuovo-ingresso-nello-staff-tecnico\\\/\",\"name\":\"Vannicola nuovo ingresso nello staff tecnico - materdominivolley\",\"isPartOf\":{\"@id\":\"https:\\\/\\\/www.materdominivolley.it\\\/home\\\/#website\"},\"primaryImageOfPage\":{\"@id\":\"https:\\\/\\\/www.materdominivolley.it\\\/home\\\/2013\\\/05\\\/22\\\/vannicola-nuovo-ingresso-nello-staff-tecnico\\\/#primaryimage\"},\"image\":{\"@id\":\"https:\\\/\\\/www.materdominivolley.it\\\/home\\\/2013\\\/05\\\/22\\\/vannicola-nuovo-ingresso-nello-staff-tecnico\\\/#primaryimage\"},\"thumbnailUrl\":\"https:\\\/\\\/www.materdominivolley.it\\\/home\\\/wp-content\\\/uploads\\\/2019\\\/09\\\/stafftecnico.jpg\",\"datePublished\":\"2013-05-22T13:02:36+00:00\",\"breadcrumb\":{\"@id\":\"https:\\\/\\\/www.materdominivolley.it\\\/home\\\/2013\\\/05\\\/22\\\/vannicola-nuovo-ingresso-nello-staff-tecnico\\\/#breadcrumb\"},\"inLanguage\":\"it-IT\",\"potentialAction\":[{\"@type\":\"ReadAction\",\"target\":[\"https:\\\/\\\/www.materdominivolley.it\\\/home\\\/2013\\\/05\\\/22\\\/vannicola-nuovo-ingresso-nello-staff-tecnico\\\/\"]}]},{\"@type\":\"ImageObject\",\"inLanguage\":\"it-IT\",\"@id\":\"https:\\\/\\\/www.materdominivolley.it\\\/home\\\/2013\\\/05\\\/22\\\/vannicola-nuovo-ingresso-nello-staff-tecnico\\\/#primaryimage\",\"url\":\"https:\\\/\\\/www.materdominivolley.it\\\/home\\\/wp-content\\\/uploads\\\/2019\\\/09\\\/stafftecnico.jpg\",\"contentUrl\":\"https:\\\/\\\/www.materdominivolley.it\\\/home\\\/wp-content\\\/uploads\\\/2019\\\/09\\\/stafftecnico.jpg\",\"width\":980,\"height\":400},{\"@type\":\"BreadcrumbList\",\"@id\":\"https:\\\/\\\/www.materdominivolley.it\\\/home\\\/2013\\\/05\\\/22\\\/vannicola-nuovo-ingresso-nello-staff-tecnico\\\/#breadcrumb\",\"itemListElement\":[{\"@type\":\"ListItem\",\"position\":1,\"name\":\"Home\",\"item\":\"https:\\\/\\\/www.materdominivolley.it\\\/home\\\/\"},{\"@type\":\"ListItem\",\"position\":2,\"name\":\"Vannicola nuovo ingresso nello staff tecnico\"}]},{\"@type\":\"WebSite\",\"@id\":\"https:\\\/\\\/www.materdominivolley.it\\\/home\\\/#website\",\"url\":\"https:\\\/\\\/www.materdominivolley.it\\\/home\\\/\",\"name\":\"materdominivolley\",\"description\":\"\",\"publisher\":{\"@id\":\"https:\\\/\\\/www.materdominivolley.it\\\/home\\\/#organization\"},\"potentialAction\":[{\"@type\":\"SearchAction\",\"target\":{\"@type\":\"EntryPoint\",\"urlTemplate\":\"https:\\\/\\\/www.materdominivolley.it\\\/home\\\/?s={search_term_string}\"},\"query-input\":{\"@type\":\"PropertyValueSpecification\",\"valueRequired\":true,\"valueName\":\"search_term_string\"}}],\"inLanguage\":\"it-IT\"},{\"@type\":\"Organization\",\"@id\":\"https:\\\/\\\/www.materdominivolley.it\\\/home\\\/#organization\",\"name\":\"Materdominivolley.it\",\"url\":\"https:\\\/\\\/www.materdominivolley.it\\\/home\\\/\",\"logo\":{\"@type\":\"ImageObject\",\"inLanguage\":\"it-IT\",\"@id\":\"https:\\\/\\\/www.materdominivolley.it\\\/home\\\/#\\\/schema\\\/logo\\\/image\\\/\",\"url\":\"https:\\\/\\\/www.materdominivolley.it\\\/home\\\/wp-content\\\/uploads\\\/2019\\\/10\\\/Senza-titolo-1-2.png\",\"contentUrl\":\"https:\\\/\\\/www.materdominivolley.it\\\/home\\\/wp-content\\\/uploads\\\/2019\\\/10\\\/Senza-titolo-1-2.png\",\"width\":180,\"height\":250,\"caption\":\"Materdominivolley.it\"},\"image\":{\"@id\":\"https:\\\/\\\/www.materdominivolley.it\\\/home\\\/#\\\/schema\\\/logo\\\/image\\\/\"},\"sameAs\":[\"https:\\\/\\\/www.facebook.com\\\/materdominivolleyit\\\/\"]},{\"@type\":\"Person\",\"@id\":\"https:\\\/\\\/www.materdominivolley.it\\\/home\\\/#\\\/schema\\\/person\\\/86961330b970aecf0b9729df84069339\",\"name\":\"admin-mater\",\"image\":{\"@type\":\"ImageObject\",\"inLanguage\":\"it-IT\",\"@id\":\"https:\\\/\\\/secure.gravatar.com\\\/avatar\\\/71d088b9255aa52813637243630e63af9ffd99251cfb71c8536f2d3794cac08e?s=96&d=mm&r=g\",\"url\":\"https:\\\/\\\/secure.gravatar.com\\\/avatar\\\/71d088b9255aa52813637243630e63af9ffd99251cfb71c8536f2d3794cac08e?s=96&d=mm&r=g\",\"contentUrl\":\"https:\\\/\\\/secure.gravatar.com\\\/avatar\\\/71d088b9255aa52813637243630e63af9ffd99251cfb71c8536f2d3794cac08e?s=96&d=mm&r=g\",\"caption\":\"admin-mater\"},\"url\":\"https:\\\/\\\/www.materdominivolley.it\\\/home\\\/author\\\/admin-mater\\\/\"}]}<\/script>\n<!-- \/ Yoast SEO plugin. -->","yoast_head_json":{"title":"Vannicola nuovo ingresso nello staff tecnico - materdominivolley","robots":{"index":"index","follow":"follow","max-snippet":"max-snippet:-1","max-image-preview":"max-image-preview:large","max-video-preview":"max-video-preview:-1"},"canonical":"https:\/\/www.materdominivolley.it\/home\/2013\/05\/22\/vannicola-nuovo-ingresso-nello-staff-tecnico\/","og_locale":"it_IT","og_type":"article","og_title":"Vannicola nuovo ingresso nello staff tecnico - materdominivolley","og_description":"Nuovo ingresso nello staff tecnico dell'accademia del volley giovanile: Diego Vannicola, 38enne di Squinzano, ex collaboratore tecnico nel Volley Squinzano in serie B2, entra cos\u00ec a far parte del gruppo degli allenatori giallobl\u00f9","og_url":"https:\/\/www.materdominivolley.it\/home\/2013\/05\/22\/vannicola-nuovo-ingresso-nello-staff-tecnico\/","og_site_name":"materdominivolley","article_publisher":"https:\/\/www.facebook.com\/materdominivolleyit\/","article_published_time":"2013-05-22T13:02:36+00:00","og_image":[{"width":980,"height":400,"url":"https:\/\/www.materdominivolley.it\/home\/wp-content\/uploads\/2019\/09\/stafftecnico.jpg","type":"image\/jpeg"}],"author":"admin-mater","twitter_card":"summary_large_image","twitter_misc":{"Scritto da":"admin-mater","Tempo di lettura stimato":"1 minuto"},"schema":{"@context":"https:\/\/schema.org","@graph":[{"@type":"Article","@id":"https:\/\/www.materdominivolley.it\/home\/2013\/05\/22\/vannicola-nuovo-ingresso-nello-staff-tecnico\/#article","isPartOf":{"@id":"https:\/\/www.materdominivolley.it\/home\/2013\/05\/22\/vannicola-nuovo-ingresso-nello-staff-tecnico\/"},"author":{"name":"admin-mater","@id":"https:\/\/www.materdominivolley.it\/home\/#\/schema\/person\/86961330b970aecf0b9729df84069339"},"headline":"Vannicola nuovo ingresso nello staff tecnico","datePublished":"2013-05-22T13:02:36+00:00","mainEntityOfPage":{"@id":"https:\/\/www.materdominivolley.it\/home\/2013\/05\/22\/vannicola-nuovo-ingresso-nello-staff-tecnico\/"},"wordCount":234,"commentCount":0,"publisher":{"@id":"https:\/\/www.materdominivolley.it\/home\/#organization"},"image":{"@id":"https:\/\/www.materdominivolley.it\/home\/2013\/05\/22\/vannicola-nuovo-ingresso-nello-staff-tecnico\/#primaryimage"},"thumbnailUrl":"https:\/\/www.materdominivolley.it\/home\/wp-content\/uploads\/2019\/09\/stafftecnico.jpg","articleSection":["Accademia"],"inLanguage":"it-IT","potentialAction":[{"@type":"CommentAction","name":"Comment","target":["https:\/\/www.materdominivolley.it\/home\/2013\/05\/22\/vannicola-nuovo-ingresso-nello-staff-tecnico\/#respond"]}]},{"@type":"WebPage","@id":"https:\/\/www.materdominivolley.it\/home\/2013\/05\/22\/vannicola-nuovo-ingresso-nello-staff-tecnico\/","url":"https:\/\/www.materdominivolley.it\/home\/2013\/05\/22\/vannicola-nuovo-ingresso-nello-staff-tecnico\/","name":"Vannicola nuovo ingresso nello staff tecnico - materdominivolley","isPartOf":{"@id":"https:\/\/www.materdominivolley.it\/home\/#website"},"primaryImageOfPage":{"@id":"https:\/\/www.materdominivolley.it\/home\/2013\/05\/22\/vannicola-nuovo-ingresso-nello-staff-tecnico\/#primaryimage"},"image":{"@id":"https:\/\/www.materdominivolley.it\/home\/2013\/05\/22\/vannicola-nuovo-ingresso-nello-staff-tecnico\/#primaryimage"},"thumbnailUrl":"https:\/\/www.materdominivolley.it\/home\/wp-content\/uploads\/2019\/09\/stafftecnico.jpg","datePublished":"2013-05-22T13:02:36+00:00","breadcrumb":{"@id":"https:\/\/www.materdominivolley.it\/home\/2013\/05\/22\/vannicola-nuovo-ingresso-nello-staff-tecnico\/#breadcrumb"},"inLanguage":"it-IT","potentialAction":[{"@type":"ReadAction","target":["https:\/\/www.materdominivolley.it\/home\/2013\/05\/22\/vannicola-nuovo-ingresso-nello-staff-tecnico\/"]}]},{"@type":"ImageObject","inLanguage":"it-IT","@id":"https:\/\/www.materdominivolley.it\/home\/2013\/05\/22\/vannicola-nuovo-ingresso-nello-staff-tecnico\/#primaryimage","url":"https:\/\/www.materdominivolley.it\/home\/wp-content\/uploads\/2019\/09\/stafftecnico.jpg","contentUrl":"https:\/\/www.materdominivolley.it\/home\/wp-content\/uploads\/2019\/09\/stafftecnico.jpg","width":980,"height":400},{"@type":"BreadcrumbList","@id":"https:\/\/www.materdominivolley.it\/home\/2013\/05\/22\/vannicola-nuovo-ingresso-nello-staff-tecnico\/#breadcrumb","itemListElement":[{"@type":"ListItem","position":1,"name":"Home","item":"https:\/\/www.materdominivolley.it\/home\/"},{"@type":"ListItem","position":2,"name":"Vannicola nuovo ingresso nello staff tecnico"}]},{"@type":"WebSite","@id":"https:\/\/www.materdominivolley.it\/home\/#website","url":"https:\/\/www.materdominivolley.it\/home\/","name":"materdominivolley","description":"","publisher":{"@id":"https:\/\/www.materdominivolley.it\/home\/#organization"},"potentialAction":[{"@type":"SearchAction","target":{"@type":"EntryPoint","urlTemplate":"https:\/\/www.materdominivolley.it\/home\/?s={search_term_string}"},"query-input":{"@type":"PropertyValueSpecification","valueRequired":true,"valueName":"search_term_string"}}],"inLanguage":"it-IT"},{"@type":"Organization","@id":"https:\/\/www.materdominivolley.it\/home\/#organization","name":"Materdominivolley.it","url":"https:\/\/www.materdominivolley.it\/home\/","logo":{"@type":"ImageObject","inLanguage":"it-IT","@id":"https:\/\/www.materdominivolley.it\/home\/#\/schema\/logo\/image\/","url":"https:\/\/www.materdominivolley.it\/home\/wp-content\/uploads\/2019\/10\/Senza-titolo-1-2.png","contentUrl":"https:\/\/www.materdominivolley.it\/home\/wp-content\/uploads\/2019\/10\/Senza-titolo-1-2.png","width":180,"height":250,"caption":"Materdominivolley.it"},"image":{"@id":"https:\/\/www.materdominivolley.it\/home\/#\/schema\/logo\/image\/"},"sameAs":["https:\/\/www.facebook.com\/materdominivolleyit\/"]},{"@type":"Person","@id":"https:\/\/www.materdominivolley.it\/home\/#\/schema\/person\/86961330b970aecf0b9729df84069339","name":"admin-mater","image":{"@type":"ImageObject","inLanguage":"it-IT","@id":"https:\/\/secure.gravatar.com\/avatar\/71d088b9255aa52813637243630e63af9ffd99251cfb71c8536f2d3794cac08e?s=96&d=mm&r=g","url":"https:\/\/secure.gravatar.com\/avatar\/71d088b9255aa52813637243630e63af9ffd99251cfb71c8536f2d3794cac08e?s=96&d=mm&r=g","contentUrl":"https:\/\/secure.gravatar.com\/avatar\/71d088b9255aa52813637243630e63af9ffd99251cfb71c8536f2d3794cac08e?s=96&d=mm&r=g","caption":"admin-mater"},"url":"https:\/\/www.materdominivolley.it\/home\/author\/admin-mater\/"}]}},"_links":{"self":[{"href":"https:\/\/www.materdominivolley.it\/home\/wp-json\/wp\/v2\/posts\/1557","targetHints":{"allow":["GET"]}}],"collection":[{"href":"https:\/\/www.materdominivolley.it\/home\/wp-json\/wp\/v2\/posts"}],"about":[{"href":"https:\/\/www.materdominivolley.it\/home\/wp-json\/wp\/v2\/types\/post"}],"author":[{"embeddable":true,"href":"https:\/\/www.materdominivolley.it\/home\/wp-json\/wp\/v2\/users\/1"}],"replies":[{"embeddable":true,"href":"https:\/\/www.materdominivolley.it\/home\/wp-json\/wp\/v2\/comments?post=1557"}],"version-history":[{"count":0,"href":"https:\/\/www.materdominivolley.it\/home\/wp-json\/wp\/v2\/posts\/1557\/revisions"}],"wp:featuredmedia":[{"embeddable":true,"href":"https:\/\/www.materdominivolley.it\/home\/wp-json\/wp\/v2\/media\/1554"}],"wp:attachment":[{"href":"https:\/\/www.materdominivolley.it\/home\/wp-json\/wp\/v2\/media?parent=1557"}],"wp:term":[{"taxonomy":"category","embeddable":true,"href":"https:\/\/www.materdominivolley.it\/home\/wp-json\/wp\/v2\/categories?post=1557"},{"taxonomy":"post_tag","embeddable":true,"href":"https:\/\/www.materdominivolley.it\/home\/wp-json\/wp\/v2\/tags?post=1557"}],"curies":[{"name":"wp","href":"https:\/\/api.w.org\/{rel}","templated":true}]}}