{"id":1558,"date":"2013-05-22T15:02:44","date_gmt":"2013-05-22T13:02:44","guid":{"rendered":"https:\/\/www.materdominivolley.it\/home\/2013\/05\/22\/mater-sempre-festa-u17-campione-regionale\/"},"modified":"2013-05-22T15:02:44","modified_gmt":"2013-05-22T13:02:44","slug":"mater-sempre-festa-u17-campione-regionale","status":"publish","type":"post","link":"https:\/\/www.materdominivolley.it\/home\/2013\/05\/22\/mater-sempre-festa-u17-campione-regionale\/","title":{"rendered":"Mater, sempre festa: U17 campione regionale"},"content":{"rendered":"\n        <p>\n\tLa <strong>Materdomini Castellana Grotte<\/strong> completa il tris di titoli regionali. Dopo l&#39;under 19 e l&#39;under 15 a salire sul gradino pi\u00f9 alto del podio pugliese, la formazione <strong>under 17<\/strong> che in gara due della finale regionale, giocata marted\u00ec 7 maggio, contro l&#39;<strong>Ostuni<\/strong>, si \u00e8 affermata per 3-0 (25-17, 26-24, 25-19). Vittoria gialloblu anche nella gara esterna di andata dello scorso 5 maggio, per 1-3.<\/p>\n<p>\n\tIl terzo trofeo regionale stagionale, conquistato in casa sul gommato della Palestra Comunale Angiulli, giunge immediatamente dopo la storica promozione in A2 della prima squadra ed accredita ancor di pi\u00f9 il progetto Materdomini. Il team castellanese allenato da <strong>Vincenzo Fanizza<\/strong>, affiancato da <strong>Giuseppe Gasbarro<\/strong> e <strong>Isa Franco<\/strong> stacca anche il pass per disputare le finali nazionali che si terranno dal 6 al 9 giugno a Policoro (Mt). Nota di particolare merito sportivo per il tecnico Fanizza che in questa stagione sar\u00e0 l&#39;unico allenatore italiano a portare ben quattro formazioni alle fasi nazionali (oltre alla tre squadre giallobl\u00f9 il tecnico brindisino allener\u00e0 nelle finali nazionali anche la formazione maschile del Francavilla under 13 formula 3&#215;3).<\/p>\n<p>\n\tGrande soddisfazione per il presidente Miccolis che commenta: \u201cQuesto trofeo va a coronare una settimana di particolari gratificazioni. Infatti, dopo il titolo regionale vinto con l&#39;U15 lo scorso 2 maggio e la promozione in A2, ora ci godiamo un&#39;altra coppa regionale. Per quanto riguarda la nostra massima categoria assicuro che disputeremo il campionato di A2 sempre puntando sui giovani. Eventuali innesti di giocatori importanti si valuteranno in seguito in base alla situazione economica. Attualmente, quindi, abbiamo tutto il nostro settore giovanile qualificato per le finali nazionali. Si tratta di un traguardo esclusivo che riusciamo a conseguire oramai da diversi anni. Ricordo che per un societ\u00e0 essere rappresentata, nell&#39;ultimo atto nazionale dei campionati giovanili, da ben tre formazioni \u00e8 indiscutibilmente un risultato di assoluto prestigio\u201d.<\/p>\n<p>\n\tSul sito ufficiale <strong>www.materdominivolley.it<\/strong> e sulla pagina <strong>facebook Materdomini Volley.it<\/strong> le immagini della festa per il titolo regionale U17.<\/p>\n        ","protected":false},"excerpt":{"rendered":"<p><!-- wp:paragraph --><br \/>\n        Dopo l&#8217;under 15 e l&#8217;under 19, la Materdomini Castellana Grotte completa il tris di titoli regionali. Per il terzo anno di fila, tre squadre di settore giovanile alle nazionali.<br \/>\n        <!-- \/wp:paragraph --><\/p>\n","protected":false},"author":1,"featured_media":1544,"comment_status":"open","ping_status":"closed","sticky":false,"template":"","format":"standard","meta":{"footnotes":""},"categories":[25],"tags":[],"class_list":["post-1558","post","type-post","status-publish","format-standard","has-post-thumbnail","hentry","category-under-17"],"yoast_head":"<!-- This site is optimized with the Yoast SEO plugin v27.4 - https:\/\/yoast.com\/product\/yoast-seo-wordpress\/ -->\n<title>Mater, sempre festa: U17 campione regionale - materdominivolley<\/title>\n<meta name=\"robots\" content=\"index, follow, max-snippet:-1, max-image-preview:large, max-video-preview:-1\" \/>\n<link rel=\"canonical\" href=\"https:\/\/www.materdominivolley.it\/home\/2013\/05\/22\/mater-sempre-festa-u17-campione-regionale\/\" \/>\n<meta property=\"og:locale\" content=\"it_IT\" \/>\n<meta property=\"og:type\" content=\"article\" \/>\n<meta property=\"og:title\" content=\"Mater, sempre festa: U17 campione regionale - materdominivolley\" \/>\n<meta property=\"og:description\" content=\"Dopo l&#039;under 15 e l&#039;under 19, la Materdomini Castellana Grotte completa il tris di titoli regionali. Per il terzo anno di fila, tre squadre di settore giovanile alle nazionali.\" \/>\n<meta property=\"og:url\" content=\"https:\/\/www.materdominivolley.it\/home\/2013\/05\/22\/mater-sempre-festa-u17-campione-regionale\/\" \/>\n<meta property=\"og:site_name\" content=\"materdominivolley\" \/>\n<meta property=\"article:publisher\" content=\"https:\/\/www.facebook.com\/materdominivolleyit\/\" \/>\n<meta property=\"article:published_time\" content=\"2013-05-22T13:02:44+00:00\" \/>\n<meta property=\"og:image\" content=\"https:\/\/www.materdominivolley.it\/home\/wp-content\/uploads\/2019\/09\/under17regionale2013.jpg\" \/>\n\t<meta property=\"og:image:width\" content=\"980\" \/>\n\t<meta property=\"og:image:height\" content=\"400\" \/>\n\t<meta property=\"og:image:type\" content=\"image\/jpeg\" \/>\n<meta name=\"author\" content=\"admin-mater\" \/>\n<meta name=\"twitter:card\" content=\"summary_large_image\" \/>\n<meta name=\"twitter:label1\" content=\"Scritto da\" \/>\n\t<meta name=\"twitter:data1\" content=\"admin-mater\" \/>\n\t<meta name=\"twitter:label2\" content=\"Tempo di lettura stimato\" \/>\n\t<meta name=\"twitter:data2\" content=\"2 minuti\" \/>\n<script type=\"application\/ld+json\" class=\"yoast-schema-graph\">{\"@context\":\"https:\\\/\\\/schema.org\",\"@graph\":[{\"@type\":\"Article\",\"@id\":\"https:\\\/\\\/www.materdominivolley.it\\\/home\\\/2013\\\/05\\\/22\\\/mater-sempre-festa-u17-campione-regionale\\\/#article\",\"isPartOf\":{\"@id\":\"https:\\\/\\\/www.materdominivolley.it\\\/home\\\/2013\\\/05\\\/22\\\/mater-sempre-festa-u17-campione-regionale\\\/\"},\"author\":{\"name\":\"admin-mater\",\"@id\":\"https:\\\/\\\/www.materdominivolley.it\\\/home\\\/#\\\/schema\\\/person\\\/86961330b970aecf0b9729df84069339\"},\"headline\":\"Mater, sempre festa: U17 campione regionale\",\"datePublished\":\"2013-05-22T13:02:44+00:00\",\"mainEntityOfPage\":{\"@id\":\"https:\\\/\\\/www.materdominivolley.it\\\/home\\\/2013\\\/05\\\/22\\\/mater-sempre-festa-u17-campione-regionale\\\/\"},\"wordCount\":326,\"commentCount\":0,\"publisher\":{\"@id\":\"https:\\\/\\\/www.materdominivolley.it\\\/home\\\/#organization\"},\"image\":{\"@id\":\"https:\\\/\\\/www.materdominivolley.it\\\/home\\\/2013\\\/05\\\/22\\\/mater-sempre-festa-u17-campione-regionale\\\/#primaryimage\"},\"thumbnailUrl\":\"https:\\\/\\\/www.materdominivolley.it\\\/home\\\/wp-content\\\/uploads\\\/2019\\\/09\\\/under17regionale2013.jpg\",\"articleSection\":[\"under 17\"],\"inLanguage\":\"it-IT\",\"potentialAction\":[{\"@type\":\"CommentAction\",\"name\":\"Comment\",\"target\":[\"https:\\\/\\\/www.materdominivolley.it\\\/home\\\/2013\\\/05\\\/22\\\/mater-sempre-festa-u17-campione-regionale\\\/#respond\"]}]},{\"@type\":\"WebPage\",\"@id\":\"https:\\\/\\\/www.materdominivolley.it\\\/home\\\/2013\\\/05\\\/22\\\/mater-sempre-festa-u17-campione-regionale\\\/\",\"url\":\"https:\\\/\\\/www.materdominivolley.it\\\/home\\\/2013\\\/05\\\/22\\\/mater-sempre-festa-u17-campione-regionale\\\/\",\"name\":\"Mater, sempre festa: U17 campione regionale - materdominivolley\",\"isPartOf\":{\"@id\":\"https:\\\/\\\/www.materdominivolley.it\\\/home\\\/#website\"},\"primaryImageOfPage\":{\"@id\":\"https:\\\/\\\/www.materdominivolley.it\\\/home\\\/2013\\\/05\\\/22\\\/mater-sempre-festa-u17-campione-regionale\\\/#primaryimage\"},\"image\":{\"@id\":\"https:\\\/\\\/www.materdominivolley.it\\\/home\\\/2013\\\/05\\\/22\\\/mater-sempre-festa-u17-campione-regionale\\\/#primaryimage\"},\"thumbnailUrl\":\"https:\\\/\\\/www.materdominivolley.it\\\/home\\\/wp-content\\\/uploads\\\/2019\\\/09\\\/under17regionale2013.jpg\",\"datePublished\":\"2013-05-22T13:02:44+00:00\",\"breadcrumb\":{\"@id\":\"https:\\\/\\\/www.materdominivolley.it\\\/home\\\/2013\\\/05\\\/22\\\/mater-sempre-festa-u17-campione-regionale\\\/#breadcrumb\"},\"inLanguage\":\"it-IT\",\"potentialAction\":[{\"@type\":\"ReadAction\",\"target\":[\"https:\\\/\\\/www.materdominivolley.it\\\/home\\\/2013\\\/05\\\/22\\\/mater-sempre-festa-u17-campione-regionale\\\/\"]}]},{\"@type\":\"ImageObject\",\"inLanguage\":\"it-IT\",\"@id\":\"https:\\\/\\\/www.materdominivolley.it\\\/home\\\/2013\\\/05\\\/22\\\/mater-sempre-festa-u17-campione-regionale\\\/#primaryimage\",\"url\":\"https:\\\/\\\/www.materdominivolley.it\\\/home\\\/wp-content\\\/uploads\\\/2019\\\/09\\\/under17regionale2013.jpg\",\"contentUrl\":\"https:\\\/\\\/www.materdominivolley.it\\\/home\\\/wp-content\\\/uploads\\\/2019\\\/09\\\/under17regionale2013.jpg\",\"width\":980,\"height\":400},{\"@type\":\"BreadcrumbList\",\"@id\":\"https:\\\/\\\/www.materdominivolley.it\\\/home\\\/2013\\\/05\\\/22\\\/mater-sempre-festa-u17-campione-regionale\\\/#breadcrumb\",\"itemListElement\":[{\"@type\":\"ListItem\",\"position\":1,\"name\":\"Home\",\"item\":\"https:\\\/\\\/www.materdominivolley.it\\\/home\\\/\"},{\"@type\":\"ListItem\",\"position\":2,\"name\":\"Mater, sempre festa: U17 campione regionale\"}]},{\"@type\":\"WebSite\",\"@id\":\"https:\\\/\\\/www.materdominivolley.it\\\/home\\\/#website\",\"url\":\"https:\\\/\\\/www.materdominivolley.it\\\/home\\\/\",\"name\":\"materdominivolley\",\"description\":\"\",\"publisher\":{\"@id\":\"https:\\\/\\\/www.materdominivolley.it\\\/home\\\/#organization\"},\"potentialAction\":[{\"@type\":\"SearchAction\",\"target\":{\"@type\":\"EntryPoint\",\"urlTemplate\":\"https:\\\/\\\/www.materdominivolley.it\\\/home\\\/?s={search_term_string}\"},\"query-input\":{\"@type\":\"PropertyValueSpecification\",\"valueRequired\":true,\"valueName\":\"search_term_string\"}}],\"inLanguage\":\"it-IT\"},{\"@type\":\"Organization\",\"@id\":\"https:\\\/\\\/www.materdominivolley.it\\\/home\\\/#organization\",\"name\":\"Materdominivolley.it\",\"url\":\"https:\\\/\\\/www.materdominivolley.it\\\/home\\\/\",\"logo\":{\"@type\":\"ImageObject\",\"inLanguage\":\"it-IT\",\"@id\":\"https:\\\/\\\/www.materdominivolley.it\\\/home\\\/#\\\/schema\\\/logo\\\/image\\\/\",\"url\":\"https:\\\/\\\/www.materdominivolley.it\\\/home\\\/wp-content\\\/uploads\\\/2019\\\/10\\\/Senza-titolo-1-2.png\",\"contentUrl\":\"https:\\\/\\\/www.materdominivolley.it\\\/home\\\/wp-content\\\/uploads\\\/2019\\\/10\\\/Senza-titolo-1-2.png\",\"width\":180,\"height\":250,\"caption\":\"Materdominivolley.it\"},\"image\":{\"@id\":\"https:\\\/\\\/www.materdominivolley.it\\\/home\\\/#\\\/schema\\\/logo\\\/image\\\/\"},\"sameAs\":[\"https:\\\/\\\/www.facebook.com\\\/materdominivolleyit\\\/\"]},{\"@type\":\"Person\",\"@id\":\"https:\\\/\\\/www.materdominivolley.it\\\/home\\\/#\\\/schema\\\/person\\\/86961330b970aecf0b9729df84069339\",\"name\":\"admin-mater\",\"image\":{\"@type\":\"ImageObject\",\"inLanguage\":\"it-IT\",\"@id\":\"https:\\\/\\\/secure.gravatar.com\\\/avatar\\\/71d088b9255aa52813637243630e63af9ffd99251cfb71c8536f2d3794cac08e?s=96&d=mm&r=g\",\"url\":\"https:\\\/\\\/secure.gravatar.com\\\/avatar\\\/71d088b9255aa52813637243630e63af9ffd99251cfb71c8536f2d3794cac08e?s=96&d=mm&r=g\",\"contentUrl\":\"https:\\\/\\\/secure.gravatar.com\\\/avatar\\\/71d088b9255aa52813637243630e63af9ffd99251cfb71c8536f2d3794cac08e?s=96&d=mm&r=g\",\"caption\":\"admin-mater\"},\"url\":\"https:\\\/\\\/www.materdominivolley.it\\\/home\\\/author\\\/admin-mater\\\/\"}]}<\/script>\n<!-- \/ Yoast SEO plugin. -->","yoast_head_json":{"title":"Mater, sempre festa: U17 campione regionale - materdominivolley","robots":{"index":"index","follow":"follow","max-snippet":"max-snippet:-1","max-image-preview":"max-image-preview:large","max-video-preview":"max-video-preview:-1"},"canonical":"https:\/\/www.materdominivolley.it\/home\/2013\/05\/22\/mater-sempre-festa-u17-campione-regionale\/","og_locale":"it_IT","og_type":"article","og_title":"Mater, sempre festa: U17 campione regionale - materdominivolley","og_description":"Dopo l'under 15 e l'under 19, la Materdomini Castellana Grotte completa il tris di titoli regionali. Per il terzo anno di fila, tre squadre di settore giovanile alle nazionali.","og_url":"https:\/\/www.materdominivolley.it\/home\/2013\/05\/22\/mater-sempre-festa-u17-campione-regionale\/","og_site_name":"materdominivolley","article_publisher":"https:\/\/www.facebook.com\/materdominivolleyit\/","article_published_time":"2013-05-22T13:02:44+00:00","og_image":[{"width":980,"height":400,"url":"https:\/\/www.materdominivolley.it\/home\/wp-content\/uploads\/2019\/09\/under17regionale2013.jpg","type":"image\/jpeg"}],"author":"admin-mater","twitter_card":"summary_large_image","twitter_misc":{"Scritto da":"admin-mater","Tempo di lettura stimato":"2 minuti"},"schema":{"@context":"https:\/\/schema.org","@graph":[{"@type":"Article","@id":"https:\/\/www.materdominivolley.it\/home\/2013\/05\/22\/mater-sempre-festa-u17-campione-regionale\/#article","isPartOf":{"@id":"https:\/\/www.materdominivolley.it\/home\/2013\/05\/22\/mater-sempre-festa-u17-campione-regionale\/"},"author":{"name":"admin-mater","@id":"https:\/\/www.materdominivolley.it\/home\/#\/schema\/person\/86961330b970aecf0b9729df84069339"},"headline":"Mater, sempre festa: U17 campione regionale","datePublished":"2013-05-22T13:02:44+00:00","mainEntityOfPage":{"@id":"https:\/\/www.materdominivolley.it\/home\/2013\/05\/22\/mater-sempre-festa-u17-campione-regionale\/"},"wordCount":326,"commentCount":0,"publisher":{"@id":"https:\/\/www.materdominivolley.it\/home\/#organization"},"image":{"@id":"https:\/\/www.materdominivolley.it\/home\/2013\/05\/22\/mater-sempre-festa-u17-campione-regionale\/#primaryimage"},"thumbnailUrl":"https:\/\/www.materdominivolley.it\/home\/wp-content\/uploads\/2019\/09\/under17regionale2013.jpg","articleSection":["under 17"],"inLanguage":"it-IT","potentialAction":[{"@type":"CommentAction","name":"Comment","target":["https:\/\/www.materdominivolley.it\/home\/2013\/05\/22\/mater-sempre-festa-u17-campione-regionale\/#respond"]}]},{"@type":"WebPage","@id":"https:\/\/www.materdominivolley.it\/home\/2013\/05\/22\/mater-sempre-festa-u17-campione-regionale\/","url":"https:\/\/www.materdominivolley.it\/home\/2013\/05\/22\/mater-sempre-festa-u17-campione-regionale\/","name":"Mater, sempre festa: U17 campione regionale - materdominivolley","isPartOf":{"@id":"https:\/\/www.materdominivolley.it\/home\/#website"},"primaryImageOfPage":{"@id":"https:\/\/www.materdominivolley.it\/home\/2013\/05\/22\/mater-sempre-festa-u17-campione-regionale\/#primaryimage"},"image":{"@id":"https:\/\/www.materdominivolley.it\/home\/2013\/05\/22\/mater-sempre-festa-u17-campione-regionale\/#primaryimage"},"thumbnailUrl":"https:\/\/www.materdominivolley.it\/home\/wp-content\/uploads\/2019\/09\/under17regionale2013.jpg","datePublished":"2013-05-22T13:02:44+00:00","breadcrumb":{"@id":"https:\/\/www.materdominivolley.it\/home\/2013\/05\/22\/mater-sempre-festa-u17-campione-regionale\/#breadcrumb"},"inLanguage":"it-IT","potentialAction":[{"@type":"ReadAction","target":["https:\/\/www.materdominivolley.it\/home\/2013\/05\/22\/mater-sempre-festa-u17-campione-regionale\/"]}]},{"@type":"ImageObject","inLanguage":"it-IT","@id":"https:\/\/www.materdominivolley.it\/home\/2013\/05\/22\/mater-sempre-festa-u17-campione-regionale\/#primaryimage","url":"https:\/\/www.materdominivolley.it\/home\/wp-content\/uploads\/2019\/09\/under17regionale2013.jpg","contentUrl":"https:\/\/www.materdominivolley.it\/home\/wp-content\/uploads\/2019\/09\/under17regionale2013.jpg","width":980,"height":400},{"@type":"BreadcrumbList","@id":"https:\/\/www.materdominivolley.it\/home\/2013\/05\/22\/mater-sempre-festa-u17-campione-regionale\/#breadcrumb","itemListElement":[{"@type":"ListItem","position":1,"name":"Home","item":"https:\/\/www.materdominivolley.it\/home\/"},{"@type":"ListItem","position":2,"name":"Mater, sempre festa: U17 campione regionale"}]},{"@type":"WebSite","@id":"https:\/\/www.materdominivolley.it\/home\/#website","url":"https:\/\/www.materdominivolley.it\/home\/","name":"materdominivolley","description":"","publisher":{"@id":"https:\/\/www.materdominivolley.it\/home\/#organization"},"potentialAction":[{"@type":"SearchAction","target":{"@type":"EntryPoint","urlTemplate":"https:\/\/www.materdominivolley.it\/home\/?s={search_term_string}"},"query-input":{"@type":"PropertyValueSpecification","valueRequired":true,"valueName":"search_term_string"}}],"inLanguage":"it-IT"},{"@type":"Organization","@id":"https:\/\/www.materdominivolley.it\/home\/#organization","name":"Materdominivolley.it","url":"https:\/\/www.materdominivolley.it\/home\/","logo":{"@type":"ImageObject","inLanguage":"it-IT","@id":"https:\/\/www.materdominivolley.it\/home\/#\/schema\/logo\/image\/","url":"https:\/\/www.materdominivolley.it\/home\/wp-content\/uploads\/2019\/10\/Senza-titolo-1-2.png","contentUrl":"https:\/\/www.materdominivolley.it\/home\/wp-content\/uploads\/2019\/10\/Senza-titolo-1-2.png","width":180,"height":250,"caption":"Materdominivolley.it"},"image":{"@id":"https:\/\/www.materdominivolley.it\/home\/#\/schema\/logo\/image\/"},"sameAs":["https:\/\/www.facebook.com\/materdominivolleyit\/"]},{"@type":"Person","@id":"https:\/\/www.materdominivolley.it\/home\/#\/schema\/person\/86961330b970aecf0b9729df84069339","name":"admin-mater","image":{"@type":"ImageObject","inLanguage":"it-IT","@id":"https:\/\/secure.gravatar.com\/avatar\/71d088b9255aa52813637243630e63af9ffd99251cfb71c8536f2d3794cac08e?s=96&d=mm&r=g","url":"https:\/\/secure.gravatar.com\/avatar\/71d088b9255aa52813637243630e63af9ffd99251cfb71c8536f2d3794cac08e?s=96&d=mm&r=g","contentUrl":"https:\/\/secure.gravatar.com\/avatar\/71d088b9255aa52813637243630e63af9ffd99251cfb71c8536f2d3794cac08e?s=96&d=mm&r=g","caption":"admin-mater"},"url":"https:\/\/www.materdominivolley.it\/home\/author\/admin-mater\/"}]}},"_links":{"self":[{"href":"https:\/\/www.materdominivolley.it\/home\/wp-json\/wp\/v2\/posts\/1558","targetHints":{"allow":["GET"]}}],"collection":[{"href":"https:\/\/www.materdominivolley.it\/home\/wp-json\/wp\/v2\/posts"}],"about":[{"href":"https:\/\/www.materdominivolley.it\/home\/wp-json\/wp\/v2\/types\/post"}],"author":[{"embeddable":true,"href":"https:\/\/www.materdominivolley.it\/home\/wp-json\/wp\/v2\/users\/1"}],"replies":[{"embeddable":true,"href":"https:\/\/www.materdominivolley.it\/home\/wp-json\/wp\/v2\/comments?post=1558"}],"version-history":[{"count":0,"href":"https:\/\/www.materdominivolley.it\/home\/wp-json\/wp\/v2\/posts\/1558\/revisions"}],"wp:featuredmedia":[{"embeddable":true,"href":"https:\/\/www.materdominivolley.it\/home\/wp-json\/wp\/v2\/media\/1544"}],"wp:attachment":[{"href":"https:\/\/www.materdominivolley.it\/home\/wp-json\/wp\/v2\/media?parent=1558"}],"wp:term":[{"taxonomy":"category","embeddable":true,"href":"https:\/\/www.materdominivolley.it\/home\/wp-json\/wp\/v2\/categories?post=1558"},{"taxonomy":"post_tag","embeddable":true,"href":"https:\/\/www.materdominivolley.it\/home\/wp-json\/wp\/v2\/tags?post=1558"}],"curies":[{"name":"wp","href":"https:\/\/api.w.org\/{rel}","templated":true}]}}