{"id":1586,"date":"2013-04-02T15:34:02","date_gmt":"2013-04-02T13:34:02","guid":{"rendered":"https:\/\/www.materdominivolley.it\/home\/2013\/04\/02\/u17-verso-una-finale-regionale-tutta-mater\/"},"modified":"2013-04-02T15:34:02","modified_gmt":"2013-04-02T13:34:02","slug":"u17-verso-una-finale-regionale-tutta-mater","status":"publish","type":"post","link":"https:\/\/www.materdominivolley.it\/home\/2013\/04\/02\/u17-verso-una-finale-regionale-tutta-mater\/","title":{"rendered":"U17, verso una finale regionale tutta Mater!"},"content":{"rendered":"\n        <p>\n\tProsegue con successo il cammino delle formazioni giovanili della <strong>Materdomini Castellana Grotte<\/strong>, accademia del volley giovanile pugliese gi\u00e0 vincitore dei tre titoli provinciali 2013 e di un titolo regionale con l&#39;under 19.<\/p>\n<p>\n\t<strong>UNDER 17 &#8211;<\/strong>Gran partenza nella fase semifinale del torneo regionale. La Materdomini sta, infatti, dominando entrambi i raggruppamenti di semifinale. La Materdomini A (detentrice del titolo provinciale) del tecnico <strong>Vincenzo Fanizza<\/strong>, dopo tre giornate del girone A, \u00e8 al vertice della classifica con punteggio pieno. Stessa collocazione in graduatoria per la Materdomini B (vice campionessa provinciale), guidata in campo dall&#39;allenatrice <strong>Isa Franco<\/strong>, che inclusa nel girone B conduce a 7 punti avendo perso al tie-break nella seconda giornata contro Ostuni. A questo punto \u00e8 lecito sognare uno spettacolare derby giallobl\u00f9 e, se ci\u00f2 accadesse, cos\u00ec com&#39;\u00e8 gi\u00e0 accaduto per la finale provinciale 2013, il club della Citt\u00e0 delle Grotte centrerebbe un risultato a suo modo storico. Grande soddisfazione per Fanizza, che nel suo doppio ruolo di allenatore e direttore tecnico del progetto giallobl\u00f9, afferma: \u201cStiamo ottenendo ottimi risultati e tutto questo gratifica il nostro lavoro, un impegno che a quanto pare \u00e8 percepito anche al di fuori delle stesse mura cittadine. A proposito di questo mi preme ricordare con piacere quanto \u00e8 accaduto ieri, marted\u00ec 25 marzo in trasferta contro la Pallavolo Salve, dove, al di l\u00e0 del risultato sportivo (vittoria per 3-0 della Materdomini A contro la formazione di casa, ndr)in campo abbiamo ricevuto un&#39;ospitalit\u00e0 unica e squisita. A fine gara siamo stati applauditi dal numeroso pubblico e la societ\u00e0 salentina del presidente Roberto Negro e del direttore tecnico Vanessa De Sangro ci ha intrattenuti con un ricco buffet. Con piacere posso affermare che in questa festa ha trionfato lo sport e per noi \u00e8 stato un onore ricevere tanta considerazione, stima ed affetto, sentimenti e valori sicuramente reciproci\u201d.<\/p>\n        ","protected":false},"excerpt":{"rendered":"<p><!-- wp:paragraph --><br \/>\n        Gran partenza nella fase semifinale del torneo regionale. La Materdomini sta, infatti, dominando entrambi i raggruppamenti di semifinale. La finale tutta giallobl\u00f9 sarebbe un altro risultato storico per il club<br \/>\n        <!-- \/wp:paragraph --><\/p>\n","protected":false},"author":1,"featured_media":1485,"comment_status":"open","ping_status":"closed","sticky":false,"template":"","format":"standard","meta":{"footnotes":""},"categories":[25],"tags":[],"class_list":["post-1586","post","type-post","status-publish","format-standard","has-post-thumbnail","hentry","category-under-17"],"yoast_head":"<!-- This site is optimized with the Yoast SEO plugin v27.4 - https:\/\/yoast.com\/product\/yoast-seo-wordpress\/ -->\n<title>U17, verso una finale regionale tutta Mater! - materdominivolley<\/title>\n<meta name=\"robots\" content=\"index, follow, max-snippet:-1, max-image-preview:large, max-video-preview:-1\" \/>\n<link rel=\"canonical\" href=\"https:\/\/www.materdominivolley.it\/home\/2013\/04\/02\/u17-verso-una-finale-regionale-tutta-mater\/\" \/>\n<meta property=\"og:locale\" content=\"it_IT\" \/>\n<meta property=\"og:type\" content=\"article\" \/>\n<meta property=\"og:title\" content=\"U17, verso una finale regionale tutta Mater! - materdominivolley\" \/>\n<meta property=\"og:description\" content=\"Gran partenza nella fase semifinale del torneo regionale. La Materdomini sta, infatti, dominando entrambi i raggruppamenti di semifinale. La finale tutta giallobl\u00f9 sarebbe un altro risultato storico per il club\" \/>\n<meta property=\"og:url\" content=\"https:\/\/www.materdominivolley.it\/home\/2013\/04\/02\/u17-verso-una-finale-regionale-tutta-mater\/\" \/>\n<meta property=\"og:site_name\" content=\"materdominivolley\" \/>\n<meta property=\"article:publisher\" content=\"https:\/\/www.facebook.com\/materdominivolleyit\/\" \/>\n<meta property=\"article:published_time\" content=\"2013-04-02T13:34:02+00:00\" \/>\n<meta property=\"og:image\" content=\"https:\/\/www.materdominivolley.it\/home\/wp-content\/uploads\/2019\/09\/fanizza.jpg\" \/>\n\t<meta property=\"og:image:width\" content=\"980\" \/>\n\t<meta property=\"og:image:height\" content=\"400\" \/>\n\t<meta property=\"og:image:type\" content=\"image\/jpeg\" \/>\n<meta name=\"author\" content=\"admin-mater\" \/>\n<meta name=\"twitter:card\" content=\"summary_large_image\" \/>\n<meta name=\"twitter:label1\" content=\"Scritto da\" \/>\n\t<meta name=\"twitter:data1\" content=\"admin-mater\" \/>\n\t<meta name=\"twitter:label2\" content=\"Tempo di lettura stimato\" \/>\n\t<meta name=\"twitter:data2\" content=\"1 minuto\" \/>\n<script type=\"application\/ld+json\" class=\"yoast-schema-graph\">{\"@context\":\"https:\\\/\\\/schema.org\",\"@graph\":[{\"@type\":\"Article\",\"@id\":\"https:\\\/\\\/www.materdominivolley.it\\\/home\\\/2013\\\/04\\\/02\\\/u17-verso-una-finale-regionale-tutta-mater\\\/#article\",\"isPartOf\":{\"@id\":\"https:\\\/\\\/www.materdominivolley.it\\\/home\\\/2013\\\/04\\\/02\\\/u17-verso-una-finale-regionale-tutta-mater\\\/\"},\"author\":{\"name\":\"admin-mater\",\"@id\":\"https:\\\/\\\/www.materdominivolley.it\\\/home\\\/#\\\/schema\\\/person\\\/86961330b970aecf0b9729df84069339\"},\"headline\":\"U17, verso una finale regionale tutta Mater!\",\"datePublished\":\"2013-04-02T13:34:02+00:00\",\"mainEntityOfPage\":{\"@id\":\"https:\\\/\\\/www.materdominivolley.it\\\/home\\\/2013\\\/04\\\/02\\\/u17-verso-una-finale-regionale-tutta-mater\\\/\"},\"wordCount\":302,\"commentCount\":0,\"publisher\":{\"@id\":\"https:\\\/\\\/www.materdominivolley.it\\\/home\\\/#organization\"},\"image\":{\"@id\":\"https:\\\/\\\/www.materdominivolley.it\\\/home\\\/2013\\\/04\\\/02\\\/u17-verso-una-finale-regionale-tutta-mater\\\/#primaryimage\"},\"thumbnailUrl\":\"https:\\\/\\\/www.materdominivolley.it\\\/home\\\/wp-content\\\/uploads\\\/2019\\\/09\\\/fanizza.jpg\",\"articleSection\":[\"under 17\"],\"inLanguage\":\"it-IT\",\"potentialAction\":[{\"@type\":\"CommentAction\",\"name\":\"Comment\",\"target\":[\"https:\\\/\\\/www.materdominivolley.it\\\/home\\\/2013\\\/04\\\/02\\\/u17-verso-una-finale-regionale-tutta-mater\\\/#respond\"]}]},{\"@type\":\"WebPage\",\"@id\":\"https:\\\/\\\/www.materdominivolley.it\\\/home\\\/2013\\\/04\\\/02\\\/u17-verso-una-finale-regionale-tutta-mater\\\/\",\"url\":\"https:\\\/\\\/www.materdominivolley.it\\\/home\\\/2013\\\/04\\\/02\\\/u17-verso-una-finale-regionale-tutta-mater\\\/\",\"name\":\"U17, verso una finale regionale tutta Mater! - materdominivolley\",\"isPartOf\":{\"@id\":\"https:\\\/\\\/www.materdominivolley.it\\\/home\\\/#website\"},\"primaryImageOfPage\":{\"@id\":\"https:\\\/\\\/www.materdominivolley.it\\\/home\\\/2013\\\/04\\\/02\\\/u17-verso-una-finale-regionale-tutta-mater\\\/#primaryimage\"},\"image\":{\"@id\":\"https:\\\/\\\/www.materdominivolley.it\\\/home\\\/2013\\\/04\\\/02\\\/u17-verso-una-finale-regionale-tutta-mater\\\/#primaryimage\"},\"thumbnailUrl\":\"https:\\\/\\\/www.materdominivolley.it\\\/home\\\/wp-content\\\/uploads\\\/2019\\\/09\\\/fanizza.jpg\",\"datePublished\":\"2013-04-02T13:34:02+00:00\",\"breadcrumb\":{\"@id\":\"https:\\\/\\\/www.materdominivolley.it\\\/home\\\/2013\\\/04\\\/02\\\/u17-verso-una-finale-regionale-tutta-mater\\\/#breadcrumb\"},\"inLanguage\":\"it-IT\",\"potentialAction\":[{\"@type\":\"ReadAction\",\"target\":[\"https:\\\/\\\/www.materdominivolley.it\\\/home\\\/2013\\\/04\\\/02\\\/u17-verso-una-finale-regionale-tutta-mater\\\/\"]}]},{\"@type\":\"ImageObject\",\"inLanguage\":\"it-IT\",\"@id\":\"https:\\\/\\\/www.materdominivolley.it\\\/home\\\/2013\\\/04\\\/02\\\/u17-verso-una-finale-regionale-tutta-mater\\\/#primaryimage\",\"url\":\"https:\\\/\\\/www.materdominivolley.it\\\/home\\\/wp-content\\\/uploads\\\/2019\\\/09\\\/fanizza.jpg\",\"contentUrl\":\"https:\\\/\\\/www.materdominivolley.it\\\/home\\\/wp-content\\\/uploads\\\/2019\\\/09\\\/fanizza.jpg\",\"width\":980,\"height\":400},{\"@type\":\"BreadcrumbList\",\"@id\":\"https:\\\/\\\/www.materdominivolley.it\\\/home\\\/2013\\\/04\\\/02\\\/u17-verso-una-finale-regionale-tutta-mater\\\/#breadcrumb\",\"itemListElement\":[{\"@type\":\"ListItem\",\"position\":1,\"name\":\"Home\",\"item\":\"https:\\\/\\\/www.materdominivolley.it\\\/home\\\/\"},{\"@type\":\"ListItem\",\"position\":2,\"name\":\"U17, verso una finale regionale tutta Mater!\"}]},{\"@type\":\"WebSite\",\"@id\":\"https:\\\/\\\/www.materdominivolley.it\\\/home\\\/#website\",\"url\":\"https:\\\/\\\/www.materdominivolley.it\\\/home\\\/\",\"name\":\"materdominivolley\",\"description\":\"\",\"publisher\":{\"@id\":\"https:\\\/\\\/www.materdominivolley.it\\\/home\\\/#organization\"},\"potentialAction\":[{\"@type\":\"SearchAction\",\"target\":{\"@type\":\"EntryPoint\",\"urlTemplate\":\"https:\\\/\\\/www.materdominivolley.it\\\/home\\\/?s={search_term_string}\"},\"query-input\":{\"@type\":\"PropertyValueSpecification\",\"valueRequired\":true,\"valueName\":\"search_term_string\"}}],\"inLanguage\":\"it-IT\"},{\"@type\":\"Organization\",\"@id\":\"https:\\\/\\\/www.materdominivolley.it\\\/home\\\/#organization\",\"name\":\"Materdominivolley.it\",\"url\":\"https:\\\/\\\/www.materdominivolley.it\\\/home\\\/\",\"logo\":{\"@type\":\"ImageObject\",\"inLanguage\":\"it-IT\",\"@id\":\"https:\\\/\\\/www.materdominivolley.it\\\/home\\\/#\\\/schema\\\/logo\\\/image\\\/\",\"url\":\"https:\\\/\\\/www.materdominivolley.it\\\/home\\\/wp-content\\\/uploads\\\/2019\\\/10\\\/Senza-titolo-1-2.png\",\"contentUrl\":\"https:\\\/\\\/www.materdominivolley.it\\\/home\\\/wp-content\\\/uploads\\\/2019\\\/10\\\/Senza-titolo-1-2.png\",\"width\":180,\"height\":250,\"caption\":\"Materdominivolley.it\"},\"image\":{\"@id\":\"https:\\\/\\\/www.materdominivolley.it\\\/home\\\/#\\\/schema\\\/logo\\\/image\\\/\"},\"sameAs\":[\"https:\\\/\\\/www.facebook.com\\\/materdominivolleyit\\\/\"]},{\"@type\":\"Person\",\"@id\":\"https:\\\/\\\/www.materdominivolley.it\\\/home\\\/#\\\/schema\\\/person\\\/86961330b970aecf0b9729df84069339\",\"name\":\"admin-mater\",\"image\":{\"@type\":\"ImageObject\",\"inLanguage\":\"it-IT\",\"@id\":\"https:\\\/\\\/secure.gravatar.com\\\/avatar\\\/71d088b9255aa52813637243630e63af9ffd99251cfb71c8536f2d3794cac08e?s=96&d=mm&r=g\",\"url\":\"https:\\\/\\\/secure.gravatar.com\\\/avatar\\\/71d088b9255aa52813637243630e63af9ffd99251cfb71c8536f2d3794cac08e?s=96&d=mm&r=g\",\"contentUrl\":\"https:\\\/\\\/secure.gravatar.com\\\/avatar\\\/71d088b9255aa52813637243630e63af9ffd99251cfb71c8536f2d3794cac08e?s=96&d=mm&r=g\",\"caption\":\"admin-mater\"},\"url\":\"https:\\\/\\\/www.materdominivolley.it\\\/home\\\/author\\\/admin-mater\\\/\"}]}<\/script>\n<!-- \/ Yoast SEO plugin. -->","yoast_head_json":{"title":"U17, verso una finale regionale tutta Mater! - materdominivolley","robots":{"index":"index","follow":"follow","max-snippet":"max-snippet:-1","max-image-preview":"max-image-preview:large","max-video-preview":"max-video-preview:-1"},"canonical":"https:\/\/www.materdominivolley.it\/home\/2013\/04\/02\/u17-verso-una-finale-regionale-tutta-mater\/","og_locale":"it_IT","og_type":"article","og_title":"U17, verso una finale regionale tutta Mater! - materdominivolley","og_description":"Gran partenza nella fase semifinale del torneo regionale. La Materdomini sta, infatti, dominando entrambi i raggruppamenti di semifinale. La finale tutta giallobl\u00f9 sarebbe un altro risultato storico per il club","og_url":"https:\/\/www.materdominivolley.it\/home\/2013\/04\/02\/u17-verso-una-finale-regionale-tutta-mater\/","og_site_name":"materdominivolley","article_publisher":"https:\/\/www.facebook.com\/materdominivolleyit\/","article_published_time":"2013-04-02T13:34:02+00:00","og_image":[{"width":980,"height":400,"url":"https:\/\/www.materdominivolley.it\/home\/wp-content\/uploads\/2019\/09\/fanizza.jpg","type":"image\/jpeg"}],"author":"admin-mater","twitter_card":"summary_large_image","twitter_misc":{"Scritto da":"admin-mater","Tempo di lettura stimato":"1 minuto"},"schema":{"@context":"https:\/\/schema.org","@graph":[{"@type":"Article","@id":"https:\/\/www.materdominivolley.it\/home\/2013\/04\/02\/u17-verso-una-finale-regionale-tutta-mater\/#article","isPartOf":{"@id":"https:\/\/www.materdominivolley.it\/home\/2013\/04\/02\/u17-verso-una-finale-regionale-tutta-mater\/"},"author":{"name":"admin-mater","@id":"https:\/\/www.materdominivolley.it\/home\/#\/schema\/person\/86961330b970aecf0b9729df84069339"},"headline":"U17, verso una finale regionale tutta Mater!","datePublished":"2013-04-02T13:34:02+00:00","mainEntityOfPage":{"@id":"https:\/\/www.materdominivolley.it\/home\/2013\/04\/02\/u17-verso-una-finale-regionale-tutta-mater\/"},"wordCount":302,"commentCount":0,"publisher":{"@id":"https:\/\/www.materdominivolley.it\/home\/#organization"},"image":{"@id":"https:\/\/www.materdominivolley.it\/home\/2013\/04\/02\/u17-verso-una-finale-regionale-tutta-mater\/#primaryimage"},"thumbnailUrl":"https:\/\/www.materdominivolley.it\/home\/wp-content\/uploads\/2019\/09\/fanizza.jpg","articleSection":["under 17"],"inLanguage":"it-IT","potentialAction":[{"@type":"CommentAction","name":"Comment","target":["https:\/\/www.materdominivolley.it\/home\/2013\/04\/02\/u17-verso-una-finale-regionale-tutta-mater\/#respond"]}]},{"@type":"WebPage","@id":"https:\/\/www.materdominivolley.it\/home\/2013\/04\/02\/u17-verso-una-finale-regionale-tutta-mater\/","url":"https:\/\/www.materdominivolley.it\/home\/2013\/04\/02\/u17-verso-una-finale-regionale-tutta-mater\/","name":"U17, verso una finale regionale tutta Mater! - materdominivolley","isPartOf":{"@id":"https:\/\/www.materdominivolley.it\/home\/#website"},"primaryImageOfPage":{"@id":"https:\/\/www.materdominivolley.it\/home\/2013\/04\/02\/u17-verso-una-finale-regionale-tutta-mater\/#primaryimage"},"image":{"@id":"https:\/\/www.materdominivolley.it\/home\/2013\/04\/02\/u17-verso-una-finale-regionale-tutta-mater\/#primaryimage"},"thumbnailUrl":"https:\/\/www.materdominivolley.it\/home\/wp-content\/uploads\/2019\/09\/fanizza.jpg","datePublished":"2013-04-02T13:34:02+00:00","breadcrumb":{"@id":"https:\/\/www.materdominivolley.it\/home\/2013\/04\/02\/u17-verso-una-finale-regionale-tutta-mater\/#breadcrumb"},"inLanguage":"it-IT","potentialAction":[{"@type":"ReadAction","target":["https:\/\/www.materdominivolley.it\/home\/2013\/04\/02\/u17-verso-una-finale-regionale-tutta-mater\/"]}]},{"@type":"ImageObject","inLanguage":"it-IT","@id":"https:\/\/www.materdominivolley.it\/home\/2013\/04\/02\/u17-verso-una-finale-regionale-tutta-mater\/#primaryimage","url":"https:\/\/www.materdominivolley.it\/home\/wp-content\/uploads\/2019\/09\/fanizza.jpg","contentUrl":"https:\/\/www.materdominivolley.it\/home\/wp-content\/uploads\/2019\/09\/fanizza.jpg","width":980,"height":400},{"@type":"BreadcrumbList","@id":"https:\/\/www.materdominivolley.it\/home\/2013\/04\/02\/u17-verso-una-finale-regionale-tutta-mater\/#breadcrumb","itemListElement":[{"@type":"ListItem","position":1,"name":"Home","item":"https:\/\/www.materdominivolley.it\/home\/"},{"@type":"ListItem","position":2,"name":"U17, verso una finale regionale tutta Mater!"}]},{"@type":"WebSite","@id":"https:\/\/www.materdominivolley.it\/home\/#website","url":"https:\/\/www.materdominivolley.it\/home\/","name":"materdominivolley","description":"","publisher":{"@id":"https:\/\/www.materdominivolley.it\/home\/#organization"},"potentialAction":[{"@type":"SearchAction","target":{"@type":"EntryPoint","urlTemplate":"https:\/\/www.materdominivolley.it\/home\/?s={search_term_string}"},"query-input":{"@type":"PropertyValueSpecification","valueRequired":true,"valueName":"search_term_string"}}],"inLanguage":"it-IT"},{"@type":"Organization","@id":"https:\/\/www.materdominivolley.it\/home\/#organization","name":"Materdominivolley.it","url":"https:\/\/www.materdominivolley.it\/home\/","logo":{"@type":"ImageObject","inLanguage":"it-IT","@id":"https:\/\/www.materdominivolley.it\/home\/#\/schema\/logo\/image\/","url":"https:\/\/www.materdominivolley.it\/home\/wp-content\/uploads\/2019\/10\/Senza-titolo-1-2.png","contentUrl":"https:\/\/www.materdominivolley.it\/home\/wp-content\/uploads\/2019\/10\/Senza-titolo-1-2.png","width":180,"height":250,"caption":"Materdominivolley.it"},"image":{"@id":"https:\/\/www.materdominivolley.it\/home\/#\/schema\/logo\/image\/"},"sameAs":["https:\/\/www.facebook.com\/materdominivolleyit\/"]},{"@type":"Person","@id":"https:\/\/www.materdominivolley.it\/home\/#\/schema\/person\/86961330b970aecf0b9729df84069339","name":"admin-mater","image":{"@type":"ImageObject","inLanguage":"it-IT","@id":"https:\/\/secure.gravatar.com\/avatar\/71d088b9255aa52813637243630e63af9ffd99251cfb71c8536f2d3794cac08e?s=96&d=mm&r=g","url":"https:\/\/secure.gravatar.com\/avatar\/71d088b9255aa52813637243630e63af9ffd99251cfb71c8536f2d3794cac08e?s=96&d=mm&r=g","contentUrl":"https:\/\/secure.gravatar.com\/avatar\/71d088b9255aa52813637243630e63af9ffd99251cfb71c8536f2d3794cac08e?s=96&d=mm&r=g","caption":"admin-mater"},"url":"https:\/\/www.materdominivolley.it\/home\/author\/admin-mater\/"}]}},"_links":{"self":[{"href":"https:\/\/www.materdominivolley.it\/home\/wp-json\/wp\/v2\/posts\/1586","targetHints":{"allow":["GET"]}}],"collection":[{"href":"https:\/\/www.materdominivolley.it\/home\/wp-json\/wp\/v2\/posts"}],"about":[{"href":"https:\/\/www.materdominivolley.it\/home\/wp-json\/wp\/v2\/types\/post"}],"author":[{"embeddable":true,"href":"https:\/\/www.materdominivolley.it\/home\/wp-json\/wp\/v2\/users\/1"}],"replies":[{"embeddable":true,"href":"https:\/\/www.materdominivolley.it\/home\/wp-json\/wp\/v2\/comments?post=1586"}],"version-history":[{"count":0,"href":"https:\/\/www.materdominivolley.it\/home\/wp-json\/wp\/v2\/posts\/1586\/revisions"}],"wp:featuredmedia":[{"embeddable":true,"href":"https:\/\/www.materdominivolley.it\/home\/wp-json\/wp\/v2\/media\/1485"}],"wp:attachment":[{"href":"https:\/\/www.materdominivolley.it\/home\/wp-json\/wp\/v2\/media?parent=1586"}],"wp:term":[{"taxonomy":"category","embeddable":true,"href":"https:\/\/www.materdominivolley.it\/home\/wp-json\/wp\/v2\/categories?post=1586"},{"taxonomy":"post_tag","embeddable":true,"href":"https:\/\/www.materdominivolley.it\/home\/wp-json\/wp\/v2\/tags?post=1586"}],"curies":[{"name":"wp","href":"https:\/\/api.w.org\/{rel}","templated":true}]}}